{"id":12675,"date":"2019-11-20T16:48:42","date_gmt":"2019-11-20T15:48:42","guid":{"rendered":"https:\/\/fobizz.com\/?p=12675"},"modified":"2020-01-18T18:47:35","modified_gmt":"2020-01-18T17:47:35","slug":"teamarbeit-in-schulen","status":"publish","type":"post","link":"https:\/\/fobizz.com\/de\/teamarbeit-in-schulen\/","title":{"rendered":"Teamarbeit in Schulen"},"content":{"rendered":"<div id='av_section_1'  class='avia-section av-jwuh4lyl-a42786000f16c57186a165e4d905a4f1 alternate_color avia-section-no-padding avia-no-border-styling  avia-builder-el-0  el_before_av_section  avia-builder-el-first  avia-bg-style-scroll container_wrap sidebar_right'  ><div class='container av-section-cont-open' ><main  role=\"main\" itemprop=\"mainContentOfPage\"  class='template-page content  av-content-small alpha units'><div class='post-entry post-entry-type-page post-entry-12675'><div class='entry-content-wrapper clearfix'>\n\n<style type=\"text\/css\" data-created_by=\"avia_inline_auto\" id=\"style-css-av-8g18vid-d8b0cb63445631a1714c33fdbfe40a41\">\n.flex_column.av-8g18vid-d8b0cb63445631a1714c33fdbfe40a41{\nborder-radius:0px 0px 0px 0px;\npadding:0px 0px 0px 0px;\n}\n<\/style>\n<div  class='flex_column av-8g18vid-d8b0cb63445631a1714c33fdbfe40a41 av_one_fifth  avia-builder-el-1  el_before_av_three_fifth  avia-builder-el-first  first flex_column_div av-zero-column-padding  '     ><\/div>\n<style type=\"text\/css\" data-created_by=\"avia_inline_auto\" id=\"style-css-av-tl6v1h-af98d185a4ed9fa46e655bce94337947\">\n.flex_column.av-tl6v1h-af98d185a4ed9fa46e655bce94337947{\nborder-radius:0px 0px 0px 0px;\npadding:0px 0px 0px 0px;\n}\n<\/style>\n<div  class='flex_column av-tl6v1h-af98d185a4ed9fa46e655bce94337947 av_three_fifth  avia-builder-el-2  el_after_av_one_fifth  el_before_av_one_fifth  flex_column_div av-zero-column-padding  '     ><style type=\"text\/css\" data-created_by=\"avia_inline_auto\" id=\"style-css-av-7o3ygkl-a39f8bf580d4c928bdc9864deb6a17ee\">\n.avia-image-container.av-7o3ygkl-a39f8bf580d4c928bdc9864deb6a17ee img.avia_image{\nbox-shadow:none;\n}\n.avia-image-container.av-7o3ygkl-a39f8bf580d4c928bdc9864deb6a17ee .av-image-caption-overlay-center{\ncolor:#ffffff;\n}\n<\/style>\n<div  class='avia-image-container av-7o3ygkl-a39f8bf580d4c928bdc9864deb6a17ee av-styling- avia-align-center  avia-builder-el-3  avia-builder-el-no-sibling '   itemprop=\"image\" itemscope=\"itemscope\" itemtype=\"https:\/\/schema.org\/ImageObject\" ><div class=\"avia-image-container-inner\"><div class=\"avia-image-overlay-wrap\"><img fetchpriority=\"high\" class='wp-image-12699 avia-img-lazy-loading-not-12699 avia_image ' src='https:\/\/fobizz.com\/wp-content\/uploads\/2019\/11\/Zusammenarbeit-Schule.png' alt='Teamwork: Lehrer Arbeiten zusammen. Bild: Manfred Steger.' title='Zusammenarbeit in der Schule'  height=\"640\" width=\"1280\"  itemprop=\"thumbnailUrl\"  \/><\/div><\/div><\/div><\/div>\n<style type=\"text\/css\" data-created_by=\"avia_inline_auto\" id=\"style-css-av-6y6gx6t-dc46b42187fc754625e3848b2d7345dc\">\n.flex_column.av-6y6gx6t-dc46b42187fc754625e3848b2d7345dc{\nborder-radius:0px 0px 0px 0px;\npadding:0px 0px 0px 0px;\n}\n<\/style>\n<div  class='flex_column av-6y6gx6t-dc46b42187fc754625e3848b2d7345dc av_one_fifth  avia-builder-el-4  el_after_av_three_fifth  avia-builder-el-last  flex_column_div av-zero-column-padding  '     ><\/div>\n\n<\/div><\/div><\/main><!-- close content main element --><\/div><\/div><div id='av_section_2'  class='avia-section av-jwuh4lyl-8ee8834c9849d2f7b160e0db6aadca04 alternate_color avia-section-default avia-no-border-styling  avia-builder-el-5  el_after_av_section  el_before_av_section  avia-bg-style-scroll container_wrap sidebar_right'  ><div class='container av-section-cont-open' ><div class='template-page content  av-content-small alpha units'><div class='post-entry post-entry-type-page post-entry-12675'><div class='entry-content-wrapper clearfix'>\n\n<style type=\"text\/css\" data-created_by=\"avia_inline_auto\" id=\"style-css-av-8g18vid-d8b0cb63445631a1714c33fdbfe40a41\">\n.flex_column.av-8g18vid-d8b0cb63445631a1714c33fdbfe40a41{\nborder-radius:0px 0px 0px 0px;\npadding:0px 0px 0px 0px;\n}\n<\/style>\n<div  class='flex_column av-8g18vid-d8b0cb63445631a1714c33fdbfe40a41 av_one_fifth  avia-builder-el-6  el_before_av_three_fifth  avia-builder-el-first  first flex_column_div av-zero-column-padding  '     ><\/div>\n<style type=\"text\/css\" data-created_by=\"avia_inline_auto\" id=\"style-css-av-tl6v1h-af98d185a4ed9fa46e655bce94337947\">\n.flex_column.av-tl6v1h-af98d185a4ed9fa46e655bce94337947{\nborder-radius:0px 0px 0px 0px;\npadding:0px 0px 0px 0px;\n}\n<\/style>\n<div  class='flex_column av-tl6v1h-af98d185a4ed9fa46e655bce94337947 av_three_fifth  avia-builder-el-7  el_after_av_one_fifth  el_before_av_one_fifth  flex_column_div av-zero-column-padding  '     ><p>\n<style type=\"text\/css\" data-created_by=\"avia_inline_auto\" id=\"style-css-av-ug7ksj-0ff04f72078ef3908d7f60cfb71db2fc\">\n#top .av-special-heading.av-ug7ksj-0ff04f72078ef3908d7f60cfb71db2fc{\npadding-bottom:10px;\ncolor:#22b5b7;\n}\nbody .av-special-heading.av-ug7ksj-0ff04f72078ef3908d7f60cfb71db2fc .av-special-heading-tag .heading-char{\nfont-size:25px;\n}\n.av-special-heading.av-ug7ksj-0ff04f72078ef3908d7f60cfb71db2fc .special-heading-inner-border{\nborder-color:#22b5b7;\n}\n.av-special-heading.av-ug7ksj-0ff04f72078ef3908d7f60cfb71db2fc .av-subheading{\nfont-size:15px;\n}\n<\/style>\n<div  class='av-special-heading av-ug7ksj-0ff04f72078ef3908d7f60cfb71db2fc av-special-heading-h1 custom-color-heading blockquote modern-quote  avia-builder-el-8  el_before_av_textblock  avia-builder-el-first '><h1 class='av-special-heading-tag '  itemprop=\"headline\"  >Teamwork: Lehrende profitieren von Zusammenarbeit<\/h1><div class=\"special-heading-border\"><div class=\"special-heading-inner-border\"><\/div><\/div><\/div><br \/>\n\n<style type=\"text\/css\" data-created_by=\"avia_inline_auto\" id=\"style-css-av-jwugwcnx-4ae89b0d99e02f2ff8024a127e613806\">\n#top .av_textblock_section.av-jwugwcnx-4ae89b0d99e02f2ff8024a127e613806 .avia_textblock{\ncolor:#686868;\n}\n<\/style>\n<section  class='av_textblock_section av-jwugwcnx-4ae89b0d99e02f2ff8024a127e613806 '   itemscope=\"itemscope\" itemtype=\"https:\/\/schema.org\/BlogPosting\" itemprop=\"blogPost\" ><div class='avia_textblock av_inherit_color'  itemprop=\"text\" ><p><strong>In fast jedem Vorstellungsgespr\u00e4ch wird Teamf\u00e4higkeit gefordert. Denn Unternehmen wissen, dass man gemeinsam die besten Ergebnisse erzielt. An Schulen fehlt f\u00fcr Teamarbeit oft der Raum &#8211; im Schulgeb\u00e4ude und im Stundenplan. Wie kann Teamarbeit unter Lehrkr\u00e4ften gelingen und gef\u00f6rdert werden?<br \/>\n<\/strong><\/p>\n<h4><strong>\u00a0<\/strong><\/h4>\n<\/div><\/section><\/p><\/div>\n<style type=\"text\/css\" data-created_by=\"avia_inline_auto\" id=\"style-css-av-6y6gx6t-dc46b42187fc754625e3848b2d7345dc\">\n.flex_column.av-6y6gx6t-dc46b42187fc754625e3848b2d7345dc{\nborder-radius:0px 0px 0px 0px;\npadding:0px 0px 0px 0px;\n}\n<\/style>\n<div  class='flex_column av-6y6gx6t-dc46b42187fc754625e3848b2d7345dc av_one_fifth  avia-builder-el-10  el_after_av_three_fifth  avia-builder-el-last  flex_column_div av-zero-column-padding  '     ><\/div>\n\n<\/div><\/div><\/div><!-- close content main div --><\/div><\/div><div id='av_section_3'  class='avia-section av-6nimrhh-44fb15b66d23d5413ed29272e2c497ac main_color avia-section-default avia-no-border-styling  avia-builder-el-11  el_after_av_section  el_before_av_section  avia-bg-style-scroll container_wrap sidebar_right'  ><div class='container av-section-cont-open' ><div class='template-page content  av-content-small alpha units'><div class='post-entry post-entry-type-page post-entry-12675'><div class='entry-content-wrapper clearfix'>\n\n<style type=\"text\/css\" data-created_by=\"avia_inline_auto\" id=\"style-css-av-6fhztet-932518b697e6c4596826708a5bc48114\">\n.flex_column.av-6fhztet-932518b697e6c4596826708a5bc48114{\nborder-radius:0px 0px 0px 0px;\npadding:0px 0px 0px 0px;\n}\n<\/style>\n<div  class='flex_column av-6fhztet-932518b697e6c4596826708a5bc48114 av_one_fifth  avia-builder-el-12  el_before_av_three_fifth  avia-builder-el-first  first flex_column_div av-zero-column-padding  '     ><\/div>\n<style type=\"text\/css\" data-created_by=\"avia_inline_auto\" id=\"style-css-av-5kd7b45-181487c4b6ce9476cd947b3fd16949cc\">\n.flex_column.av-5kd7b45-181487c4b6ce9476cd947b3fd16949cc{\nborder-radius:0px 0px 0px 0px;\npadding:0px 0px 0px 0px;\n}\n<\/style>\n<div  class='flex_column av-5kd7b45-181487c4b6ce9476cd947b3fd16949cc av_three_fifth  avia-builder-el-13  el_after_av_one_fifth  el_before_av_one_fifth  flex_column_div av-zero-column-padding  '     ><p><section  class='av_textblock_section av-jwugwcnx-4df305482f03eb5cb0edeb7bbc42c26f '   itemscope=\"itemscope\" itemtype=\"https:\/\/schema.org\/BlogPosting\" itemprop=\"blogPost\" ><div class='avia_textblock'  itemprop=\"text\" ><p>Zusammenarbeit an Schulen kann sehr vielf\u00e4ltig sein. Lehrkr\u00e4fte k\u00f6nnen sich fachspezifisch austauschen, es kann Teamgespr\u00e4che pro Jahrgangstufe geben oder man kann gegenseitig den Unterricht besuchen, um sich Feedback zu geben.<\/p>\n<p>An einigen Schulen geh\u00f6ren Formen der Zusammenarbeit im Kollegium zum Schulalltag &#8211; aber das sind bisher immer noch Ausnahmen.<\/p>\n<\/div><\/section><br \/>\n\n<style type=\"text\/css\" data-created_by=\"avia_inline_auto\" id=\"style-css-av-av_heading-489f852b103185de9da87aba4b39a2f5\">\n#top .av-special-heading.av-av_heading-489f852b103185de9da87aba4b39a2f5{\npadding-bottom:10px;\ncolor:#22b5b7;\n}\nbody .av-special-heading.av-av_heading-489f852b103185de9da87aba4b39a2f5 .av-special-heading-tag .heading-char{\nfont-size:25px;\n}\n.av-special-heading.av-av_heading-489f852b103185de9da87aba4b39a2f5 .special-heading-inner-border{\nborder-color:#22b5b7;\n}\n.av-special-heading.av-av_heading-489f852b103185de9da87aba4b39a2f5 .av-subheading{\nfont-size:15px;\n}\n<\/style>\n<div  class='av-special-heading av-av_heading-489f852b103185de9da87aba4b39a2f5 av-special-heading-h2 custom-color-heading blockquote modern-quote  avia-builder-el-15  el_after_av_textblock  el_before_av_textblock '><h2 class='av-special-heading-tag '  itemprop=\"headline\"  >Lehrkr\u00e4fte, die im Team arbeiten, wissen Vorteile zu sch\u00e4tzen<\/h2><div class=\"special-heading-border\"><div class=\"special-heading-inner-border\"><\/div><\/div><\/div><br \/>\n<section  class='av_textblock_section av-k373ni19-bb991841bc81aaba979d57fc2fad412d '   itemscope=\"itemscope\" itemtype=\"https:\/\/schema.org\/BlogPosting\" itemprop=\"blogPost\" ><div class='avia_textblock'  itemprop=\"text\" ><p>Studien belegen: Intensive Zusammenarbeit unter Lehrkr\u00e4ften im Schulalltag geht in der Regel mit h\u00f6herer Berufszufriedenheit, h\u00f6herem Kompetenzempfinden, h\u00f6herem Enthusiasmus f\u00fcrs Unterrichten und geringerer emotionaler Ersch\u00f6pfung einher.<\/p>\n<p>Viele Lehrkr\u00e4fte, die sich regelm\u00e4\u00dfig mit Kolleg*innen austauschen sch\u00e4tzen die praktische Vorteile der Zusammenarbeit: Arbeitsentlastung bzw. Zeitersparnis und Austausch von Unterrichtsmaterial und Ideen. Erfahrungsaustausch, sowie Steigerung der Unterrichtsqualit\u00e4t durch Reflexion der eigenen Arbeit und Unterst\u00fctzung durch Kollegen. Auch soziale Aspekte k\u00f6nnen sich aus Teamarbeit ergeben, wie etwa ein gr\u00f6\u00dferes Zusammengeh\u00f6rigkeitsgef\u00fchl und Steigerung der Arbeitsmotivation.<\/p>\n<\/div><\/section><br \/>\n<section  class='av_textblock_section av-jwugwcnx-4df305482f03eb5cb0edeb7bbc42c26f '   itemscope=\"itemscope\" itemtype=\"https:\/\/schema.org\/BlogPosting\" itemprop=\"blogPost\" ><div class='avia_textblock'  itemprop=\"text\" ><p>Gegenseitige Hospitationen und schulinterne Fortbildungen k\u00f6nnen helfen, um den Unterricht zu verbessern und von den St\u00e4rken anderer zu lernen.<\/p>\n<\/div><\/section><br \/>\n\n<style type=\"text\/css\" data-created_by=\"avia_inline_auto\" id=\"style-css-av-k1amponr-54fcc5dfdbe1f0699af7e8644d82adf2\">\n#top .hr.hr-invisible.av-k1amponr-54fcc5dfdbe1f0699af7e8644d82adf2{\nheight:10px;\n}\n<\/style>\n<div  class='hr av-k1amponr-54fcc5dfdbe1f0699af7e8644d82adf2 hr-invisible  avia-builder-el-18  el_after_av_textblock  el_before_av_textblock '><span class='hr-inner '><span class=\"hr-inner-style\"><\/span><\/span><\/div><br \/>\n<section  class='av_textblock_section av-jwugwcnx-4df305482f03eb5cb0edeb7bbc42c26f '   itemscope=\"itemscope\" itemtype=\"https:\/\/schema.org\/BlogPosting\" itemprop=\"blogPost\" ><div class='avia_textblock'  itemprop=\"text\" ><p><img loading=\"lazy\" decoding=\"async\" class=\"size-large wp-image-12729\" src=\"https:\/\/fobizz.com\/wp-content\/uploads\/2019\/11\/Teamarbeit-768x315.jpg\" alt=\"Teamwork unter Lehrern.\" width=\"1030\" height=\"423\" \/><\/p>\n<\/div><\/section><br \/>\n\n<style type=\"text\/css\" data-created_by=\"avia_inline_auto\" id=\"style-css-av-av_heading-6e3920018a8c7c5981d7aa653170de1c\">\n#top .av-special-heading.av-av_heading-6e3920018a8c7c5981d7aa653170de1c{\npadding-bottom:10px;\ncolor:#22b5b7;\n}\nbody .av-special-heading.av-av_heading-6e3920018a8c7c5981d7aa653170de1c .av-special-heading-tag .heading-char{\nfont-size:25px;\n}\n.av-special-heading.av-av_heading-6e3920018a8c7c5981d7aa653170de1c .special-heading-inner-border{\nborder-color:#22b5b7;\n}\n.av-special-heading.av-av_heading-6e3920018a8c7c5981d7aa653170de1c .av-subheading{\nfont-size:15px;\n}\n<\/style>\n<div  class='av-special-heading av-av_heading-6e3920018a8c7c5981d7aa653170de1c av-special-heading-h2 custom-color-heading blockquote modern-quote  avia-builder-el-20  el_after_av_textblock  el_before_av_textblock '><h2 class='av-special-heading-tag '  itemprop=\"headline\"  >Teamarbeit leider immer noch die Ausnahme<\/h2><div class=\"special-heading-border\"><div class=\"special-heading-inner-border\"><\/div><\/div><\/div><br \/>\n<section  class='av_textblock_section av-jwugwcnx-4df305482f03eb5cb0edeb7bbc42c26f '   itemscope=\"itemscope\" itemtype=\"https:\/\/schema.org\/BlogPosting\" itemprop=\"blogPost\" ><div class='avia_textblock'  itemprop=\"text\" ><p>Dennoch sind viele Formen der Lehrerkooperation hierzulande noch eher die Ausnahme. Meist beschr\u00e4nkt sich das tats\u00e4chliche Teamwork auf den Austausch von Unterrichtsmaterialien oder Informationen zu Sch\u00fclerleistungen oder Vertretungsstunden. Je mehr Aufwand, Struktur und Verbindlichkeit hingegen eine Kooperation erfordert, desto seltener ist sie bislang an deutschen Schulen zu beobachten. Die Studie \u00abLehrerkooperation in Deutschland\u00bb zeigt auf: Nur jeder vierte Lehrkraft macht gemeinschaftlichen Unterricht mit Kollegen. Nicht einmal jeder Zehnte hospitiert h\u00e4ufiger im Unterricht anderer Lehrer*innen.<\/p>\n<p>Die Feedback-Kultur innerhalb des Kollegiums sei \u201ebesonders schwach ausgepr\u00e4gt\u201c, sagen die Bildungsforscher Dirk Richter (Bergische Universit\u00e4t Wuppertal) und Hans Anand Pant (HU Berlin), <a href=\"https:\/\/www.tagesspiegel.de\/wissen\/studie-zu-lehrkaeften-lehrer-sind-teamplayer-aber-nicht-im-klassenraum\/13016068.html\" target=\"_blank\" rel=\"noopener noreferrer\">dem Tagesspiegel<\/a>: \u201eEin Gro\u00dfteil der Lehrkr\u00e4fte in Deutschland erh\u00e4lt keine oder nur sehr wenige Einblicke in den Unterricht anderer Kollegen.\u201c<\/p>\n<p>Auch im internationalen Vergleich schneiden deutsche Lehrkr\u00e4fte in puncto Kooperation und Teamarbeit laut der aktuellen<a href=\"https:\/\/kw.uni-paderborn.de\/fileadmin\/fakultaet\/Institute\/erziehungswissenschaft\/Schulpaedagogik\/ICILS_2018__Deutschland_Berichtsband.pdf\" target=\"_blank\" rel=\"noopener noreferrer\"> ICILS Studie<\/a> leider schlecht ab:<\/p>\n<\/div><\/section><br \/>\n<div  class='avia-slideshow av-k376qp38-29ce261b1509cc03a5211a8fc42b4c95 avia-slideshow-large av_slideshow avia-slide-slider  avia-builder-el-22  el_after_av_textblock  el_before_av_textblock  av-slideshow-ui av-control-default av-slideshow-autoplay av-loop-endless av-loop-manual-endless av-default-height-applied avia-slideshow-1' data-slideshow-options=\"{&quot;animation&quot;:&quot;slide&quot;,&quot;autoplay&quot;:true,&quot;loop_autoplay&quot;:&quot;endless&quot;,&quot;interval&quot;:7,&quot;loop_manual&quot;:&quot;manual-endless&quot;,&quot;autoplay_stopper&quot;:false,&quot;noNavigation&quot;:false,&quot;bg_slider&quot;:false,&quot;keep_padding&quot;:false,&quot;hoverpause&quot;:false,&quot;show_slide_delay&quot;:0}\"  itemprop=\"image\" itemscope=\"itemscope\" itemtype=\"https:\/\/schema.org\/ImageObject\" ><ul class='avia-slideshow-inner ' style='padding-bottom: 65.4066437572%;'><li  class='avia-slideshow-slide av-k376qp38-29ce261b1509cc03a5211a8fc42b4c95__0  slide-1 slide-odd'><div data-rel='slideshow-1' class='avia-slide-wrap '   ><img fetchpriority=\"high\" class=\"wp-image-12727 avia-img-lazy-loading-not-12727\"  src='https:\/\/fobizz.com\/wp-content\/uploads\/2019\/11\/ICILS_Teamarbeit_Studienergebnisse_.png' width='873' height='571' title='ICILS_Teamarbeit_Studienergebnisse_' alt=''  itemprop=\"thumbnailUrl\"   \/><\/div><\/li><li  class='avia-slideshow-slide av-k376qp38-29ce261b1509cc03a5211a8fc42b4c95__1  slide-2 slide-even'><div data-rel='slideshow-1' class='avia-slide-wrap '   ><img fetchpriority=\"high\" class=\"wp-image-12728 avia-img-lazy-loading-not-12728\"  src='https:\/\/fobizz.com\/wp-content\/uploads\/2019\/11\/ICILS_Teamarbeit_Studienergebnisse.png' width='871' height='611' title='ICILS_Teamarbeit_Studienergebnisse' alt=''  itemprop=\"thumbnailUrl\"   \/><\/div><\/li><\/ul><div class='avia-slideshow-arrows avia-slideshow-controls' ><a href='#prev' class='prev-slide  avia-svg-icon avia-font-svg_entypo-fontello' data-av_svg_icon='left-open-big' data-av_iconset='svg_entypo-fontello' tabindex='-1' title=\"Zur\u00fcck\"><svg version=\"1.1\" xmlns=\"http:\/\/www.w3.org\/2000\/svg\" width=\"15\" height=\"32\" viewBox=\"0 0 15 32\" preserveAspectRatio=\"xMidYMid meet\" aria-labelledby='av-svg-title-1' aria-describedby='av-svg-desc-1' role=\"graphics-symbol\" aria-hidden=\"true\">\n<title id='av-svg-title-1'>Zur\u00fcck<\/title>\n<desc id='av-svg-desc-1'>Zur\u00fcck<\/desc>\n<path d=\"M14.464 27.84q0.832 0.832 0 1.536-0.832 0.832-1.536 0l-12.544-12.608q-0.768-0.768 0-1.6l12.544-12.608q0.704-0.832 1.536 0 0.832 0.704 0 1.536l-11.456 11.904z\"><\/path>\n<\/svg><span class='avia_hidden_link_text'>Zur\u00fcck<\/span><\/a><a href='#next' class='next-slide  avia-svg-icon avia-font-svg_entypo-fontello' data-av_svg_icon='right-open-big' data-av_iconset='svg_entypo-fontello' tabindex='-1' title=\"Weiter\"><svg version=\"1.1\" xmlns=\"http:\/\/www.w3.org\/2000\/svg\" width=\"15\" height=\"32\" viewBox=\"0 0 15 32\" preserveAspectRatio=\"xMidYMid meet\" aria-labelledby='av-svg-title-2' aria-describedby='av-svg-desc-2' role=\"graphics-symbol\" aria-hidden=\"true\">\n<title id='av-svg-title-2'>Weiter<\/title>\n<desc id='av-svg-desc-2'>Weiter<\/desc>\n<path d=\"M0.416 27.84l11.456-11.84-11.456-11.904q-0.832-0.832 0-1.536 0.832-0.832 1.536 0l12.544 12.608q0.768 0.832 0 1.6l-12.544 12.608q-0.704 0.832-1.536 0-0.832-0.704 0-1.536z\"><\/path>\n<\/svg><span class='avia_hidden_link_text'>Weiter<\/span><\/a><\/div><div class='avia-slideshow-dots avia-slideshow-controls'><a href='#1' class='goto-slide active' >1<\/a><a href='#2' class='goto-slide ' >2<\/a><\/div><\/div><br \/>\n<section  class='av_textblock_section av-k3761n31-e86def5d016b38369ea5a8de49b76423 '   itemscope=\"itemscope\" itemtype=\"https:\/\/schema.org\/BlogPosting\" itemprop=\"blogPost\" ><div class='avia_textblock'  itemprop=\"text\" ><p>So kommt die Studie zum Fazit: &#8222;Auch im Hinblick auf die schulischen Kooperationsaktivit\u00e4ten der Lehrpersonen wird deutlich, dass Lehrpersonen in Deutschland den Wert von schulischen Kooperationen einerseits erkannt haben und sie beispielsweise im Rahmen von Arbeitsgruppen und gegenseitigen Unterrichtshospitationen bereits nutzen. Andererseits wird im internationalen Vergleich sehr deutlich, dass die Potenziale von Kooperationen zur innerschulischen Professionalisierung und Qualifizierung in Deutschland weiterhin nur unterdurchschnittlich ausgesch\u00f6pft werden. &#8220;<\/p>\n<\/div><\/section><br \/>\n\n<style type=\"text\/css\" data-created_by=\"avia_inline_auto\" id=\"style-css-av-av_heading-2882d8cd7420a8b32628db2c676c23d7\">\n#top .av-special-heading.av-av_heading-2882d8cd7420a8b32628db2c676c23d7{\npadding-bottom:10px;\ncolor:#22b5b7;\n}\nbody .av-special-heading.av-av_heading-2882d8cd7420a8b32628db2c676c23d7 .av-special-heading-tag .heading-char{\nfont-size:25px;\n}\n.av-special-heading.av-av_heading-2882d8cd7420a8b32628db2c676c23d7 .special-heading-inner-border{\nborder-color:#22b5b7;\n}\n.av-special-heading.av-av_heading-2882d8cd7420a8b32628db2c676c23d7 .av-subheading{\nfont-size:15px;\n}\n<\/style>\n<div  class='av-special-heading av-av_heading-2882d8cd7420a8b32628db2c676c23d7 av-special-heading-h2 custom-color-heading blockquote modern-quote  avia-builder-el-24  el_after_av_textblock  el_before_av_textblock '><h2 class='av-special-heading-tag '  itemprop=\"headline\"  >Alle wollen &#8211; keiner macht\u2019s<\/h2><div class=\"special-heading-border\"><div class=\"special-heading-inner-border\"><\/div><\/div><\/div><br \/>\n<section  class='av_textblock_section av-k3761n31-e86def5d016b38369ea5a8de49b76423 '   itemscope=\"itemscope\" itemtype=\"https:\/\/schema.org\/BlogPosting\" itemprop=\"blogPost\" ><div class='avia_textblock'  itemprop=\"text\" ><p>Das liegt nicht daran, dass Lehrer*innen ungern zusammenarbeiten.<span style=\"font-weight: 400;\">\u00a0<\/span>Eine <a href=\"https:\/\/www.tagesspiegel.de\/wissen\/studie-zu-lehrkaeften-lehrer-sind-teamplayer-aber-nicht-im-klassenraum\/13016068.html\" target=\"_blank\" rel=\"noopener noreferrer\">Umfrage<\/a> im Auftrag der Bertelsmann-Stiftung, der Robert Bosch Stiftung, der Stiftung Mercator und der Telekom Stiftung hat ergeben, dass fast alle Teamarbeit begr\u00fc\u00dfen. 97 Prozent der Befragten erachten Zusammenarbeit als wichtig und f\u00fcr 87 Prozent lohnt sich der damit verbundene Aufwand.<\/p>\n<p>Wichtig bei dieser Umfrage ist auch die Definition von Zusammenarbeit. Werden Unterrichtsmaterialien ausgetauscht oder wird Unterricht gemeinsam gestaltet? Das l\u00e4sst die Studie unbeantwortet.<\/p>\n<p>Der Wille scheint da zu sein, Lehrer*innnen wollen im Team arbeiten, aber die Rahmenbedingungen erschweren dies. Zum einen fehlt es in den Geb\u00e4uden an geeigneten R\u00e4umen f\u00fcr Teamgespr\u00e4che und Projekte. Und zum anderen fehlt es an Zeit. Nina Toller, Lehrerin am Gymnasium, schreibt auf ihrem Blog <a href=\"https:\/\/tollerunterricht.com\/2016\/08\/19\/professionelle-teamarbeit-in-der-schule-geschenkt\/\" target=\"_blank\" rel=\"noopener noreferrer\">&#8222;Toller Unterricht&#8220;:\u00a0<\/a><\/p>\n<blockquote>\n<p>&#8222;Aber Moment mal: Wie soll das Ganze denn nun praktisch aussehen? Sollen diese internen Fortbildungen untereinander etwa auch \u201eon top\u201c und geschenkt angeboten werden? &#8222;<\/p>\n<\/blockquote>\n<\/div><\/section><br \/>\n\n<style type=\"text\/css\" data-created_by=\"avia_inline_auto\" id=\"style-css-av-k1amponr-54fcc5dfdbe1f0699af7e8644d82adf2\">\n#top .hr.hr-invisible.av-k1amponr-54fcc5dfdbe1f0699af7e8644d82adf2{\nheight:10px;\n}\n<\/style>\n<div  class='hr av-k1amponr-54fcc5dfdbe1f0699af7e8644d82adf2 hr-invisible  avia-builder-el-26  el_after_av_textblock  avia-builder-el-last '><span class='hr-inner '><span class=\"hr-inner-style\"><\/span><\/span><\/div><\/p><\/div>\n<style type=\"text\/css\" data-created_by=\"avia_inline_auto\" id=\"style-css-av-5b0ktol-e3c86171cd6c945cfc34b297a25b93c4\">\n.flex_column.av-5b0ktol-e3c86171cd6c945cfc34b297a25b93c4{\nborder-radius:0px 0px 0px 0px;\npadding:0px 0px 0px 0px;\n}\n<\/style>\n<div  class='flex_column av-5b0ktol-e3c86171cd6c945cfc34b297a25b93c4 av_one_fifth  avia-builder-el-27  el_after_av_three_fifth  avia-builder-el-last  flex_column_div av-zero-column-padding  '     ><\/div><\/div><\/div><\/div><!-- close content main div --><\/div><\/div><div id='av_section_4'  class='avia-section av-39xogmd-fa6183d741ac9d2eb5fc3fe4e946bb8c main_color avia-section-small avia-no-border-styling  avia-builder-el-28  el_after_av_section  el_before_av_section  avia-bg-style-scroll container_wrap sidebar_right'  ><div class='container av-section-cont-open' ><div class='template-page content  av-content-small alpha units'><div class='post-entry post-entry-type-page post-entry-12675'><div class='entry-content-wrapper clearfix'>\n\n<style type=\"text\/css\" data-created_by=\"avia_inline_auto\" id=\"style-css-av-3429fph-342b720b6c0fe1859bcb8c7894c10e3b\">\n.flex_column.av-3429fph-342b720b6c0fe1859bcb8c7894c10e3b{\nborder-radius:0px 0px 0px 0px;\npadding:0px 0px 0px 0px;\n}\n<\/style>\n<div  class='flex_column av-3429fph-342b720b6c0fe1859bcb8c7894c10e3b av_one_fifth  avia-builder-el-29  el_before_av_three_fifth  avia-builder-el-first  first flex_column_div av-zero-column-padding  '     ><\/div>\n<style type=\"text\/css\" data-created_by=\"avia_inline_auto\" id=\"style-css-av-2oox62t-3908a91f78804ca3b614c2433e78edca\">\n.flex_column.av-2oox62t-3908a91f78804ca3b614c2433e78edca{\nborder-radius:0px 0px 0px 0px;\npadding:0px 0px 0px 0px;\n}\n<\/style>\n<div  class='flex_column av-2oox62t-3908a91f78804ca3b614c2433e78edca av_three_fifth  avia-builder-el-30  el_after_av_one_fifth  el_before_av_one_fifth  flex_column_div av-zero-column-padding  '     ><p>\n<style type=\"text\/css\" data-created_by=\"avia_inline_auto\" id=\"style-css-av-av_heading-669775cb279d24619cc2165c4afc17ab\">\n#top .av-special-heading.av-av_heading-669775cb279d24619cc2165c4afc17ab{\npadding-bottom:10px;\ncolor:#22b5b7;\n}\nbody .av-special-heading.av-av_heading-669775cb279d24619cc2165c4afc17ab .av-special-heading-tag .heading-char{\nfont-size:25px;\n}\n.av-special-heading.av-av_heading-669775cb279d24619cc2165c4afc17ab .special-heading-inner-border{\nborder-color:#22b5b7;\n}\n.av-special-heading.av-av_heading-669775cb279d24619cc2165c4afc17ab .av-subheading{\nfont-size:15px;\n}\n<\/style>\n<div  class='av-special-heading av-av_heading-669775cb279d24619cc2165c4afc17ab av-special-heading-h2 custom-color-heading blockquote modern-quote  avia-builder-el-31  el_before_av_textblock  avia-builder-el-first '><h2 class='av-special-heading-tag '  itemprop=\"headline\"  >Wie kann Teamwork gelingen? Eine Frage der Rahmenbedingungen<\/h2><div class=\"special-heading-border\"><div class=\"special-heading-inner-border\"><\/div><\/div><\/div><br \/>\n<section  class='av_textblock_section av-jwugwcnx-4df305482f03eb5cb0edeb7bbc42c26f '   itemscope=\"itemscope\" itemtype=\"https:\/\/schema.org\/BlogPosting\" itemprop=\"blogPost\" ><div class='avia_textblock'  itemprop=\"text\" ><p>Wenn die Vorteile der Zusammenarbeit von so Vielen gesch\u00e4tzt wird &#8211; Warum gibt es dann so wenig Teamwork an Schulen?<\/p>\n<\/div><\/section><br \/>\n<section  class='av_textblock_section av-k373ni19-bb991841bc81aaba979d57fc2fad412d '   itemscope=\"itemscope\" itemtype=\"https:\/\/schema.org\/BlogPosting\" itemprop=\"blogPost\" ><div class='avia_textblock'  itemprop=\"text\" ><p>Betrachtet man das ganze Bild, so erkennt man, dass Kooperation in erster Linie eine Frage der Rahmenbedingungen sind. Um professionell zusammenarbeiten zu k\u00f6nnen, ben\u00f6tigen Lehrkr\u00e4fte vor allem Freiraum. Und der ist an deutschen Schulen h\u00e4ufig kaum gegeben. Professionelle Teamarbeit wird erschwert, wenn Lehrkr\u00e4fte daf\u00fcr Stunden \u201eopfern\u201c m\u00fcssen: nach dem Unterricht, am Wochenende oder in der unterrichtsfreien Zeit. Teamwork kostet Zeit, die im Schulalltag integriert werden muss und passiert nicht \u201cnebenbei\u201d. Teamwork und Austausch braucht auch physische R\u00e4ume, die dazu einladen sich auszutauschen und wo Teams sich zur\u00fcckziehen k\u00f6nnen, um sich in Ruhe zu besprechen.<\/p>\n<\/div><\/section><br \/>\n\n<style type=\"text\/css\" data-created_by=\"avia_inline_auto\" id=\"style-css-av-av_heading-3ef9c3a57bd4dc29eee1d26e8994da19\">\n#top .av-special-heading.av-av_heading-3ef9c3a57bd4dc29eee1d26e8994da19{\npadding-bottom:10px;\ncolor:#22b5b7;\n}\nbody .av-special-heading.av-av_heading-3ef9c3a57bd4dc29eee1d26e8994da19 .av-special-heading-tag .heading-char{\nfont-size:25px;\n}\n.av-special-heading.av-av_heading-3ef9c3a57bd4dc29eee1d26e8994da19 .special-heading-inner-border{\nborder-color:#22b5b7;\n}\n.av-special-heading.av-av_heading-3ef9c3a57bd4dc29eee1d26e8994da19 .av-subheading{\nfont-size:15px;\n}\n<\/style>\n<div  class='av-special-heading av-av_heading-3ef9c3a57bd4dc29eee1d26e8994da19 av-special-heading-h2 custom-color-heading blockquote modern-quote  avia-builder-el-34  el_after_av_textblock  el_before_av_textblock '><h2 class='av-special-heading-tag '  itemprop=\"headline\"  >Lehrer*innen fordern feste Teamzeiten<\/h2><div class=\"special-heading-border\"><div class=\"special-heading-inner-border\"><\/div><\/div><\/div><br \/>\n<section  class='av_textblock_section av-jwugwcnx-4df305482f03eb5cb0edeb7bbc42c26f '   itemscope=\"itemscope\" itemtype=\"https:\/\/schema.org\/BlogPosting\" itemprop=\"blogPost\" ><div class='avia_textblock'  itemprop=\"text\" ><p>Damit Lehrkr\u00e4fte mehr zusammenarbeiten, m\u00fcssen sich die Rahmenbedingungen an Schulen ver\u00e4ndern. Es braucht feste Zeiten f\u00fcr Gespr\u00e4che und Strukturen f\u00fcr gemeinsame Projekte. Teamwork entsteht nicht nebenbei, sondern nur wenn man sich daf\u00fcr Raum schafft.<\/p>\n<blockquote class=\"twitter-tweet\" data-lang=\"de\">\n<p dir=\"ltr\" lang=\"de\">Wenn Lehrer im Team arbeiten, sind sie laut Studien zufriedener, seltener krank und ihre Sch\u00fcler lernen besser. Wenn ich mich aber mit Kollegen treffen will, um Unterricht vorzubereiten, geht das oft nur in Pausen oder am Wochenende. Team-Zeiten geh\u00f6ren in den Lehrer-Stundenplan!<\/p>\n<p>\u2014 Bildungsl\u00fccken (@lueckenbildung) <a href=\"https:\/\/twitter.com\/lueckenbildung\/status\/1088530143533064195?ref_src=twsrc%5Etfw\">24. Januar 2019<\/a><\/p>\n<\/blockquote>\n<p><script async src=\"https:\/\/platform.twitter.com\/widgets.js\" charset=\"utf-8\"><\/script><\/p>\n<\/div><\/section><br \/>\n\n<style type=\"text\/css\" data-created_by=\"avia_inline_auto\" id=\"style-css-av-av_heading-8f3d804bfbe0cdd1a6cd1c568b51f5d8\">\n#top .av-special-heading.av-av_heading-8f3d804bfbe0cdd1a6cd1c568b51f5d8{\npadding-bottom:10px;\ncolor:#22b5b7;\n}\nbody .av-special-heading.av-av_heading-8f3d804bfbe0cdd1a6cd1c568b51f5d8 .av-special-heading-tag .heading-char{\nfont-size:25px;\n}\n.av-special-heading.av-av_heading-8f3d804bfbe0cdd1a6cd1c568b51f5d8 .special-heading-inner-border{\nborder-color:#22b5b7;\n}\n.av-special-heading.av-av_heading-8f3d804bfbe0cdd1a6cd1c568b51f5d8 .av-subheading{\nfont-size:15px;\n}\n<\/style>\n<div  class='av-special-heading av-av_heading-8f3d804bfbe0cdd1a6cd1c568b51f5d8 av-special-heading-h2 custom-color-heading blockquote modern-quote  avia-builder-el-36  el_after_av_textblock  el_before_av_textblock '><h2 class='av-special-heading-tag '  itemprop=\"headline\"  >So geht Teamwork<\/h2><div class=\"special-heading-border\"><div class=\"special-heading-inner-border\"><\/div><\/div><\/div><br \/>\n<section  class='av_textblock_section av-jwugwcnx-4df305482f03eb5cb0edeb7bbc42c26f '   itemscope=\"itemscope\" itemtype=\"https:\/\/schema.org\/BlogPosting\" itemprop=\"blogPost\" ><div class='avia_textblock'  itemprop=\"text\" ><p>Die M\u00f6glichkeiten f\u00fcr Zusammenarbeit unter Lehrer*innen sind vielf\u00e4ltig. Kooperation sollte an Schulen gef\u00f6rdert werden, aber auch dar\u00fcber hinaus ist der Austausch hilfreich. Ein Beispiel f\u00fcr \u00fcberregionale und vielf\u00e4ltigen Austausch ist das <a href=\"https:\/\/twitter.com\/search?q=%23twitterlehrerzimmer&amp;src=typd\" target=\"_blank\" rel=\"noopener noreferrer\">#twitterlehrerzimmer<\/a>. Hier stellen Lehrer*innen Fragen, teilen Ideen und tauschen sich aus.<\/p>\n<blockquote class=\"twitter-tweet\" data-lang=\"de\">\n<p dir=\"ltr\" lang=\"de\">Vom Einzelk\u00e4mpfer zum Teamplayer. Zwei angehende Lehrerinnen aus meinem Seminar erkl\u00e4ren wie es geht. <a href=\"https:\/\/twitter.com\/hashtag\/PLN?src=hash&amp;ref_src=twsrc%5Etfw\">#PLN<\/a> <a href=\"https:\/\/twitter.com\/hashtag\/DiBiS?src=hash&amp;ref_src=twsrc%5Etfw\">#DiBiS<\/a> <a href=\"https:\/\/twitter.com\/hashtag\/fl_seminar?src=hash&amp;ref_src=twsrc%5Etfw\">#fl_seminar<\/a> <a href=\"https:\/\/twitter.com\/hashtag\/referendariat?src=hash&amp;ref_src=twsrc%5Etfw\">#referendariat<\/a> <a href=\"https:\/\/twitter.com\/hashtag\/twitterlehrerzimmer?src=hash&amp;ref_src=twsrc%5Etfw\">#twitterlehrerzimmer<\/a> <a href=\"https:\/\/t.co\/oUN1Urw1pH\">pic.twitter.com\/oUN1Urw1pH<\/a><\/p>\n<p>\u2014 Jan Vedder (@vedducation) <a href=\"https:\/\/twitter.com\/vedducation\/status\/1117121017527328770?ref_src=twsrc%5Etfw\">13. April 2019<\/a><\/p>\n<\/blockquote>\n<p><script async src=\"https:\/\/platform.twitter.com\/widgets.js\" charset=\"utf-8\"><\/script><\/p>\n<\/div><\/section><br \/>\n\n<style type=\"text\/css\" data-created_by=\"avia_inline_auto\" id=\"style-css-av-av_heading-c03e30381a39c7dd88ff701c4bc2c81f\">\n#top .av-special-heading.av-av_heading-c03e30381a39c7dd88ff701c4bc2c81f{\npadding-bottom:10px;\ncolor:#22b5b7;\n}\nbody .av-special-heading.av-av_heading-c03e30381a39c7dd88ff701c4bc2c81f .av-special-heading-tag .heading-char{\nfont-size:25px;\n}\n.av-special-heading.av-av_heading-c03e30381a39c7dd88ff701c4bc2c81f .special-heading-inner-border{\nborder-color:#22b5b7;\n}\n.av-special-heading.av-av_heading-c03e30381a39c7dd88ff701c4bc2c81f .av-subheading{\nfont-size:15px;\n}\n<\/style>\n<div  class='av-special-heading av-av_heading-c03e30381a39c7dd88ff701c4bc2c81f av-special-heading-h2 custom-color-heading blockquote modern-quote  avia-builder-el-38  el_after_av_textblock  el_before_av_textblock '><h2 class='av-special-heading-tag '  itemprop=\"headline\"  >Kooperation wird f\u00fcr Gesellschaft und Arbeitswelt immer wichtiger<\/h2><div class=\"special-heading-border\"><div class=\"special-heading-inner-border\"><\/div><\/div><\/div><br \/>\n<section  class='av_textblock_section av-jwugwcnx-4df305482f03eb5cb0edeb7bbc42c26f '   itemscope=\"itemscope\" itemtype=\"https:\/\/schema.org\/BlogPosting\" itemprop=\"blogPost\" ><div class='avia_textblock'  itemprop=\"text\" ><p>Es ist auch wichtig, dass wir Sch\u00fcler*innen bef\u00e4higen, gemeinschaftlich in Teams zu arbeiten. Denn Kooperation wird auch in unserer Gesellschaft und Arbeitswelt immer wichtiger. In fast jedem Vorstellungsgespr\u00e4ch wird Teamf\u00e4higkeit gefordert. Denn Unternehmen wissen, dass man gemeinsam die besten Ergebnisse erzielt.<\/p>\n<p>Das zeigt sich sogar, wenn man die Nobelpreistr\u00e4ger der letzten Jahrhunderte anschaut. In einer Analyse <a href=\"https:\/\/www.joeran.de\/nobelpreis-kooperation\/\" target=\"_blank\" rel=\"noopener noreferrer\">zeigt J\u00f6ran Muu\u00df-Merholz anschaulich in einer Analyse<\/a>: Koooperation ist im 21. Jahrhundert der Standard bei Nobelpreistr\u00e4gern. Waren die Akteure in Wissenschaft und Politik in der ersten H\u00e4lfte des 20. Jahrhunderts noch Einzelk\u00e4mpfer, so sind es heute mehrheitlich Teamarbeiter*innen. Doch w\u00e4hrend in der Gesellschaft Teamwork immer wichtiger wird, wird Teamwork bei Sch\u00fcler*innen in der Schule wie z.B. in Tests und Klausuren oftmals immer noch bestraft.<\/p>\n<p>Nur Lehrkr\u00e4fte, die selbst auch im Team arbeiten, k\u00f6nnen solches Sch\u00fcler*innen auch vermitteln. Schulen, die ihren Unterricht weiterentwickeln wollen, m\u00fcssen also selbst Teamarbeit im Kollegium praktizieren. Dabei k\u00f6nnen auch digitale Arbeitsformen helfen und die Zusammenarbeit erleichtern. Wie so eine digitale Zusammenarbeit unter Lehrer*innen aussehen kann, zeigt z.B. das aktuelle Buch\u00a0 \u201cRoutenplaner #digitale Bildung: Auf dem Weg zu zeitgem\u00e4\u00dfer Bildung\u201d, ein tolles Beispiel f\u00fcr Zusammenarbeiten im digitalen Wandel. Die Autoren Axel Krommer, Philippe Wampfler, Dejan Mihajlovi\u0107, J\u00f6ran Muu\u00df-Merholz und Martin Lindner haben das Buch komplett in digitaler Kollaboration und Koordination geschrieben. Der Entstehungsprozess kann auf der <a href=\"https:\/\/routenplaner-digitale-bildung.de\/hinter-dem-vorhang-wie-dieses-buch-entstanden-ist\/\" target=\"_blank\" rel=\"noopener noreferrer\">Webseite zum Buch<\/a> nachgelesen werden.<\/p>\n<\/div><\/section><br \/>\n\n<style type=\"text\/css\" data-created_by=\"avia_inline_auto\" id=\"style-css-av-av_heading-a622ad1d5c2f105027320aef6fe3a69b\">\n#top .av-special-heading.av-av_heading-a622ad1d5c2f105027320aef6fe3a69b{\npadding-bottom:10px;\ncolor:#22b5b7;\n}\nbody .av-special-heading.av-av_heading-a622ad1d5c2f105027320aef6fe3a69b .av-special-heading-tag .heading-char{\nfont-size:25px;\n}\n.av-special-heading.av-av_heading-a622ad1d5c2f105027320aef6fe3a69b .special-heading-inner-border{\nborder-color:#22b5b7;\n}\n.av-special-heading.av-av_heading-a622ad1d5c2f105027320aef6fe3a69b .av-subheading{\nfont-size:15px;\n}\n<\/style>\n<div  class='av-special-heading av-av_heading-a622ad1d5c2f105027320aef6fe3a69b av-special-heading-h2 custom-color-heading blockquote modern-quote  avia-builder-el-40  el_after_av_textblock  el_before_av_textblock '><h2 class='av-special-heading-tag '  itemprop=\"headline\"  >Multiprofessionelle Teams in Schulen<\/h2><div class=\"special-heading-border\"><div class=\"special-heading-inner-border\"><\/div><\/div><\/div><br \/>\n<section  class='av_textblock_section av-jwugwcnx-4df305482f03eb5cb0edeb7bbc42c26f '   itemscope=\"itemscope\" itemtype=\"https:\/\/schema.org\/BlogPosting\" itemprop=\"blogPost\" ><div class='avia_textblock'  itemprop=\"text\" ><p>Die <a href=\"https:\/\/www.zeit.de\/gesellschaft\/2018-05\/multiprofessionelle-teams-bildung-schule-austausch\/komplettansicht\" target=\"_blank\" rel=\"noopener noreferrer\">Zeit berichtet<\/a> \u00fcber multiprofessionelle Teams an der er Heinz-Brandt-Schule in Berlin. Dort kommen Klassenlehrer*innen, Fachlehrer*innen, Referendar*innen und Schulsozialarbeiter*innen w\u00f6chentlich zusammen. Es wird die vergangene Woche besprochen: Wer war auff\u00e4llig? Was lief gut? Und es werden gemeinsam L\u00f6sungen f\u00fcr Probleme gesucht.<\/p>\n<p>Multiprofessionelle Teams an Schulen sind keine neue Erfindung. Sie werden seit Jahren von den Schulministerien der L\u00e4nder gef\u00f6rdert. Zum Beispiel wurden Stellen f\u00fcr sozialp\u00e4dagogische Fachkr\u00e4fte geschaffen. Das die zahlreichen Herausforderungen an Schulen nicht allein von Lehrer*innen getragen werden k\u00f6nnen, ist mittlerweile klar.<\/p>\n<p>Inklusion, Integration, Digitalisierung &#8211; um die Kinder auf die Zukunft vorzubereiten braucht es verschiedene Professionen in Schulen.<\/p>\n<p>Und genau das ist das Ziel von multiprofessionellen Teams. Es sollen Lehrkr\u00e4fte, Sozialarbeiter*innen, Schulpsycholog*innen und Integrationshelfende zusammenkommen und voneinander profitieren.<\/p>\n<\/div><\/section><br \/>\n<section  class='av_textblock_section av-k373ni19-bb991841bc81aaba979d57fc2fad412d '   itemscope=\"itemscope\" itemtype=\"https:\/\/schema.org\/BlogPosting\" itemprop=\"blogPost\" ><div class='avia_textblock'  itemprop=\"text\" ><p><strong>Fest steht: Kooperation und Teamarbeit ist ein starker Erfolgsfaktor f\u00fcr gute Schule. Um dies besser zu unterst\u00fctzen brauchen wir verbesserte Rahmenbedingungen. Kooperation muss als fester Bestandteil der Arbeitszeit in den Schulalltag eingebunden werden. Es erfordert aber auch einen Wandel im Berufsverst\u00e4ndnis von Lehrkr\u00e4ften: Weg von der Einzelk\u00e4mpfer hin zum Teamplayer.<\/strong><\/p>\n<\/div><\/section><\/p><\/div>\n<style type=\"text\/css\" data-created_by=\"avia_inline_auto\" id=\"style-css-av-1ifssmd-16021f3551c50e024b36b34359608604\">\n.flex_column.av-1ifssmd-16021f3551c50e024b36b34359608604{\nborder-radius:0px 0px 0px 0px;\npadding:0px 0px 0px 0px;\n}\n<\/style>\n<div  class='flex_column av-1ifssmd-16021f3551c50e024b36b34359608604 av_one_fifth  avia-builder-el-43  el_after_av_three_fifth  avia-builder-el-last  flex_column_div av-zero-column-padding  '     ><\/div><\/div><\/div><\/div><!-- close content main div --><\/div><\/div><div id='av_section_5'  class='avia-section av-ju11gpo3-440f5ae2309dab6e57beb2d1623f2b35 alternate_color avia-section-default avia-no-border-styling  avia-builder-el-44  el_after_av_section  avia-builder-el-last  avia-bg-style-scroll container_wrap sidebar_right'  ><div class='container av-section-cont-open' ><div class='template-page content  av-content-small alpha units'><div class='post-entry post-entry-type-page post-entry-12675'><div class='entry-content-wrapper clearfix'>\n\n<style type=\"text\/css\" data-created_by=\"avia_inline_auto\" id=\"style-css-av-ju11ha2p-15c8dfd0812db5b4b8b60f7a8559db15\">\n#top .av-special-heading.av-ju11ha2p-15c8dfd0812db5b4b8b60f7a8559db15{\npadding-bottom:20px;\n}\nbody .av-special-heading.av-ju11ha2p-15c8dfd0812db5b4b8b60f7a8559db15 .av-special-heading-tag .heading-char{\nfont-size:25px;\n}\n#top #wrap_all .av-special-heading.av-ju11ha2p-15c8dfd0812db5b4b8b60f7a8559db15 .av-special-heading-tag{\nfont-size:25px;\n}\n.av-special-heading.av-ju11ha2p-15c8dfd0812db5b4b8b60f7a8559db15 .av-subheading{\nfont-size:15px;\n}\n<\/style>\n<div  class='av-special-heading av-ju11ha2p-15c8dfd0812db5b4b8b60f7a8559db15 av-special-heading-h2 custom-color-heading  avia-builder-el-45  el_before_av_postslider  avia-builder-el-first '><h2 class='av-special-heading-tag '  itemprop=\"headline\"  >Weitere Blogartikel<\/h2><div class=\"special-heading-border\"><div class=\"special-heading-inner-border\"><\/div><\/div><\/div>\n<div  data-slideshow-options=\"{&quot;animation&quot;:&quot;fade&quot;,&quot;autoplay&quot;:false,&quot;loop_autoplay&quot;:&quot;once&quot;,&quot;interval&quot;:&quot;5&quot;,&quot;loop_manual&quot;:&quot;manual-endless&quot;,&quot;autoplay_stopper&quot;:false,&quot;noNavigation&quot;:false,&quot;show_slide_delay&quot;:90}\" class='avia-content-slider avia-content-slider-active avia-content-slider1 avia-content-slider-odd  avia-builder-el-46  el_after_av_heading  avia-builder-el-last  av-slideshow-ui av-control-default   av-no-slider-navigation av-slideshow-manual av-loop-once av-loop-manual-endless '  itemscope=\"itemscope\" itemtype=\"https:\/\/schema.org\/Blog\" ><div class=\"avia-content-slider-inner\"><div class=\"slide-entry-wrap\"><article class='slide-entry flex_column  post-entry post-entry-59437 slide-entry-overview slide-loop-1 slide-parity-odd  av_one_third first real-thumbnail posttype-post post-format-standard'  itemscope=\"itemscope\" itemtype=\"https:\/\/schema.org\/BlogPosting\" itemprop=\"blogPost\" ><a href='https:\/\/fobizz.com\/de\/kinder-mit-traumaerfahrung-verstehen-und-begleiten\/' data-rel='slide-1' class='slide-image' title='Kinder mit Traumaerfahrung verstehen und begleiten'><img decoding=\"async\" fetchpriority=\"high\" width=\"495\" height=\"400\" src=\"https:\/\/fobizz.com\/wp-content\/uploads\/2026\/04\/Kinder-mit-Traumaerfahrung-verstehen-und-begleiten-495x400.jpg\" class=\"wp-image-59441 avia-img-lazy-loading-not-59441 attachment-portfolio size-portfolio wp-post-image\" alt=\"\" \/><\/a><div class=\"slide-content\"><header class=\"entry-content-header\"><h3 class='slide-entry-title entry-title '  itemprop=\"headline\" ><a href='https:\/\/fobizz.com\/de\/kinder-mit-traumaerfahrung-verstehen-und-begleiten\/' title='Kinder mit Traumaerfahrung verstehen und begleiten'>Kinder mit Traumaerfahrung verstehen und begleiten<\/a><\/h3><span class=\"blog-categories minor-meta\"><a href=\"https:\/\/fobizz.com\/de\/category\/interview\/\" rel=\"tag\">Interview<\/a>, <a href=\"https:\/\/fobizz.com\/de\/category\/lehrerbildung\/\" rel=\"tag\">Lehrerbildung<\/a>, <a href=\"https:\/\/fobizz.com\/de\/category\/nachhaltige-entwicklung\/\" rel=\"tag\">Nachhaltige Entwicklung<\/a> <\/span><span class=\"av-vertical-delimiter\"><\/span><\/header><div class='slide-entry-excerpt entry-content'  itemprop=\"text\" ><div class=\"excerpt-text\">Erfahre im Interview mit Feline Lunge, wie du deinen Unterricht traumasensibel gestalten kannst.<\/div><\/div><\/div><span class='hidden'>\n\t\t\t\t<span class='av-structured-data'  itemprop=\"image\" itemscope=\"itemscope\" itemtype=\"https:\/\/schema.org\/ImageObject\" >\n\t\t\t\t\t\t<span itemprop='url'>https:\/\/fobizz.com\/wp-content\/uploads\/2026\/04\/Kinder-mit-Traumaerfahrung-verstehen-und-begleiten.jpg<\/span>\n\t\t\t\t\t\t<span itemprop='height'>500<\/span>\n\t\t\t\t\t\t<span itemprop='width'>800<\/span>\n\t\t\t\t<\/span>\n\t\t\t\t<span class='av-structured-data'  itemprop=\"publisher\" itemtype=\"https:\/\/schema.org\/Organization\" itemscope=\"itemscope\" >\n\t\t\t\t\t\t<span itemprop='name'>Tanja Schneider<\/span>\n\t\t\t\t\t\t<span itemprop='logo' itemscope itemtype='https:\/\/schema.org\/ImageObject'>\n\t\t\t\t\t\t\t<span itemprop='url'>https:\/\/fobizz.com\/wp-content\/uploads\/2024\/01\/fobizz_logo-min-495x244.png<\/span>\n\t\t\t\t\t\t<\/span>\n\t\t\t\t<\/span><span class='av-structured-data'  itemprop=\"author\" itemscope=\"itemscope\" itemtype=\"https:\/\/schema.org\/Person\" ><span itemprop='name'>Tanja Schneider<\/span><\/span><span class='av-structured-data'  itemprop=\"datePublished\" datetime=\"2019-11-20T16:48:42+01:00\" >2026-04-09 10:47:47<\/span><span class='av-structured-data'  itemprop=\"dateModified\" itemtype=\"https:\/\/schema.org\/dateModified\" >2026-04-09 11:19:32<\/span><span class='av-structured-data'  itemprop=\"mainEntityOfPage\" itemtype=\"https:\/\/schema.org\/mainEntityOfPage\" ><span itemprop='name'>Kinder mit Traumaerfahrung verstehen und begleiten<\/span><\/span><\/span><\/article><article class='slide-entry flex_column  post-entry post-entry-59456 slide-entry-overview slide-loop-2 slide-parity-even  av_one_third  real-thumbnail posttype-post post-format-standard'  itemscope=\"itemscope\" itemtype=\"https:\/\/schema.org\/BlogPosting\" itemprop=\"blogPost\" ><a href='https:\/\/fobizz.com\/de\/grundschulalltag-diskriminierungskritisch-gestalten\/' data-rel='slide-1' class='slide-image' title='Grundschulalltag diskriminierungskritisch gestalten'><img decoding=\"async\" fetchpriority=\"high\" width=\"495\" height=\"400\" src=\"https:\/\/fobizz.com\/wp-content\/uploads\/2026\/04\/Grundschulalltag-diskriminierungskritisch-gestalten-495x400.jpg\" class=\"wp-image-59457 avia-img-lazy-loading-not-59457 attachment-portfolio size-portfolio wp-post-image\" alt=\"\" \/><\/a><div class=\"slide-content\"><header class=\"entry-content-header\"><h3 class='slide-entry-title entry-title '  itemprop=\"headline\" ><a href='https:\/\/fobizz.com\/de\/grundschulalltag-diskriminierungskritisch-gestalten\/' title='Grundschulalltag diskriminierungskritisch gestalten'>Grundschulalltag diskriminierungskritisch gestalten<\/a><\/h3><span class=\"blog-categories minor-meta\"><a href=\"https:\/\/fobizz.com\/de\/category\/interview\/\" rel=\"tag\">Interview<\/a>, <a href=\"https:\/\/fobizz.com\/de\/category\/lehrerbildung\/\" rel=\"tag\">Lehrerbildung<\/a>, <a href=\"https:\/\/fobizz.com\/de\/category\/nachhaltige-entwicklung\/\" rel=\"tag\">Nachhaltige Entwicklung<\/a> <\/span><span class=\"av-vertical-delimiter\"><\/span><\/header><div class='slide-entry-excerpt entry-content'  itemprop=\"text\" ><div class=\"excerpt-text\">Erfahre im Interview mit Anna Lena Lutz, warum du deinen Schulalltag diskriminierungskritisch gestalten solltest.<\/div><\/div><\/div><span class='hidden'>\n\t\t\t\t<span class='av-structured-data'  itemprop=\"image\" itemscope=\"itemscope\" itemtype=\"https:\/\/schema.org\/ImageObject\" >\n\t\t\t\t\t\t<span itemprop='url'>https:\/\/fobizz.com\/wp-content\/uploads\/2026\/04\/Grundschulalltag-diskriminierungskritisch-gestalten.jpg<\/span>\n\t\t\t\t\t\t<span itemprop='height'>500<\/span>\n\t\t\t\t\t\t<span itemprop='width'>800<\/span>\n\t\t\t\t<\/span>\n\t\t\t\t<span class='av-structured-data'  itemprop=\"publisher\" itemtype=\"https:\/\/schema.org\/Organization\" itemscope=\"itemscope\" >\n\t\t\t\t\t\t<span itemprop='name'>Tanja Schneider<\/span>\n\t\t\t\t\t\t<span itemprop='logo' itemscope itemtype='https:\/\/schema.org\/ImageObject'>\n\t\t\t\t\t\t\t<span itemprop='url'>https:\/\/fobizz.com\/wp-content\/uploads\/2024\/01\/fobizz_logo-min-495x244.png<\/span>\n\t\t\t\t\t\t<\/span>\n\t\t\t\t<\/span><span class='av-structured-data'  itemprop=\"author\" itemscope=\"itemscope\" itemtype=\"https:\/\/schema.org\/Person\" ><span itemprop='name'>Tanja Schneider<\/span><\/span><span class='av-structured-data'  itemprop=\"datePublished\" datetime=\"2019-11-20T16:48:42+01:00\" >2026-04-09 10:45:31<\/span><span class='av-structured-data'  itemprop=\"dateModified\" itemtype=\"https:\/\/schema.org\/dateModified\" >2026-04-09 11:18:42<\/span><span class='av-structured-data'  itemprop=\"mainEntityOfPage\" itemtype=\"https:\/\/schema.org\/mainEntityOfPage\" ><span itemprop='name'>Grundschulalltag diskriminierungskritisch gestalten<\/span><\/span><\/span><\/article><article class='slide-entry flex_column  post-entry post-entry-59367 slide-entry-overview slide-loop-3 slide-parity-odd  av_one_third  real-thumbnail posttype-post post-format-standard'  itemscope=\"itemscope\" itemtype=\"https:\/\/schema.org\/BlogPosting\" itemprop=\"blogPost\" ><a href='https:\/\/fobizz.com\/de\/demokratie-lernen-interview-poitzmann-ahl\/' data-rel='slide-1' class='slide-image' title='Demokratie lernen  \u2013 Interview mit Nikola Poitzmann &#038; Kati Ahl'><img decoding=\"async\" fetchpriority=\"high\" width=\"495\" height=\"400\" src=\"https:\/\/fobizz.com\/wp-content\/uploads\/2023\/07\/Schulkalender-23-24-classroom-management-495x400.jpg\" class=\"wp-image-41470 avia-img-lazy-loading-not-41470 attachment-portfolio size-portfolio wp-post-image\" alt=\"Vorschaubild der Fortbildung Classroom Management\" \/><\/a><div class=\"slide-content\"><header class=\"entry-content-header\"><h3 class='slide-entry-title entry-title '  itemprop=\"headline\" ><a href='https:\/\/fobizz.com\/de\/demokratie-lernen-interview-poitzmann-ahl\/' title='Demokratie lernen  \u2013 Interview mit Nikola Poitzmann &#038; Kati Ahl'>Demokratie lernen  \u2013 Interview mit Nikola Poitzmann &#038; Kati Ahl<\/a><\/h3><span class=\"blog-categories minor-meta\"><a href=\"https:\/\/fobizz.com\/de\/category\/digitale-bildung\/\" rel=\"tag\">Digitale Bildung<\/a>, <a href=\"https:\/\/fobizz.com\/de\/category\/interview\/\" rel=\"tag\">Interview<\/a>, <a href=\"https:\/\/fobizz.com\/de\/category\/lehrerbildung\/\" rel=\"tag\">Lehrerbildung<\/a> <\/span><span class=\"av-vertical-delimiter\"><\/span><\/header><div class='slide-entry-excerpt entry-content'  itemprop=\"text\" ><div class=\"excerpt-text\">Trotz wachsender gesellschaftlicher Spannungen bleibt die Schule ein besonderer Ort: Hier treffen Menschen mit unterschiedlichen Hintergr\u00fcnden, Meinungen und Erfahrungen aufeinander. Gerade deshalb bietet Schule gro\u00dfes Potenzial als Raum des Wandels \u2013 ein Ort, an dem Gemeinschaft gelebt und demokratische Werte im Alltag erfahrbar werden.\r\nDoch wie gelingt es, Sch\u00fcler:innen so zu st\u00e4rken, dass sie sich aktiv, selbstbestimmt und kritisch in gesellschaftliche Prozesse einbringen k\u00f6nnen?<\/div><\/div><\/div><span class='hidden'>\n\t\t\t\t<span class='av-structured-data'  itemprop=\"image\" itemscope=\"itemscope\" itemtype=\"https:\/\/schema.org\/ImageObject\" >\n\t\t\t\t\t\t<span itemprop='url'>https:\/\/fobizz.com\/wp-content\/uploads\/2023\/07\/Schulkalender-23-24-classroom-management.jpg<\/span>\n\t\t\t\t\t\t<span itemprop='height'>628<\/span>\n\t\t\t\t\t\t<span itemprop='width'>1200<\/span>\n\t\t\t\t<\/span>\n\t\t\t\t<span class='av-structured-data'  itemprop=\"publisher\" itemtype=\"https:\/\/schema.org\/Organization\" itemscope=\"itemscope\" >\n\t\t\t\t\t\t<span itemprop='name'>Michelle<\/span>\n\t\t\t\t\t\t<span itemprop='logo' itemscope itemtype='https:\/\/schema.org\/ImageObject'>\n\t\t\t\t\t\t\t<span itemprop='url'>https:\/\/fobizz.com\/wp-content\/uploads\/2024\/01\/fobizz_logo-min-495x244.png<\/span>\n\t\t\t\t\t\t<\/span>\n\t\t\t\t<\/span><span class='av-structured-data'  itemprop=\"author\" itemscope=\"itemscope\" itemtype=\"https:\/\/schema.org\/Person\" ><span itemprop='name'>Michelle<\/span><\/span><span class='av-structured-data'  itemprop=\"datePublished\" datetime=\"2019-11-20T16:48:42+01:00\" >2026-04-02 06:25:32<\/span><span class='av-structured-data'  itemprop=\"dateModified\" itemtype=\"https:\/\/schema.org\/dateModified\" >2026-04-13 17:48:54<\/span><span class='av-structured-data'  itemprop=\"mainEntityOfPage\" itemtype=\"https:\/\/schema.org\/mainEntityOfPage\" ><span itemprop='name'>Demokratie lernen  \u2013 Interview mit Nikola Poitzmann &#038; Kati Ahl<\/span><\/span><\/span><\/article><\/div><div class=\"slide-entry-wrap\"><article class='slide-entry flex_column  post-entry post-entry-59354 slide-entry-overview slide-loop-4 slide-parity-odd  av_one_third first real-thumbnail posttype-post post-format-standard'  itemscope=\"itemscope\" itemtype=\"https:\/\/schema.org\/BlogPosting\" itemprop=\"blogPost\" ><a href='https:\/\/fobizz.com\/de\/kinder-die-durchs-raster-fallen-interview-mit-corina-elfe\/' data-rel='slide-1' class='slide-image' title='Kinder, die durchs Raster fallen  \u2013 Interview mit Corina Elfe'><img decoding=\"async\" fetchpriority=\"high\" width=\"495\" height=\"400\" src=\"https:\/\/fobizz.com\/wp-content\/uploads\/2026\/04\/Kinder_Neurodivergenz-495x400.jpg\" class=\"wp-image-59361 avia-img-lazy-loading-not-59361 attachment-portfolio size-portfolio wp-post-image\" alt=\"\" \/><\/a><div class=\"slide-content\"><header class=\"entry-content-header\"><h3 class='slide-entry-title entry-title '  itemprop=\"headline\" ><a href='https:\/\/fobizz.com\/de\/kinder-die-durchs-raster-fallen-interview-mit-corina-elfe\/' title='Kinder, die durchs Raster fallen  \u2013 Interview mit Corina Elfe'>Kinder, die durchs Raster fallen  \u2013 Interview mit Corina Elfe<\/a><\/h3><span class=\"blog-categories minor-meta\"><a href=\"https:\/\/fobizz.com\/de\/category\/digitale-bildung\/\" rel=\"tag\">Digitale Bildung<\/a>, <a href=\"https:\/\/fobizz.com\/de\/category\/interview\/\" rel=\"tag\">Interview<\/a>, <a href=\"https:\/\/fobizz.com\/de\/category\/lehrerbildung\/\" rel=\"tag\">Lehrerbildung<\/a> <\/span><span class=\"av-vertical-delimiter\"><\/span><\/header><div class='slide-entry-excerpt entry-content'  itemprop=\"text\" ><div class=\"excerpt-text\">Digitales Arbeiten und Unterrichten \u2013 der Einsatz von K\u00fcnstlicher Intelligenz wird f\u00fcr Lehrkr\u00e4fte immer relevanter. Wie textgenerierende KI-Systeme wie ChatGPT sinnvoll in den Schulalltag integriert werden k\u00f6nnen und welche Potenziale und Grenzen sie haben, zeigen Micha Busch und Christian K\u00f6hler in 33 praxisnahen Ideen f\u00fcr Unterricht und Organisation.<\/div><\/div><\/div><span class='hidden'>\n\t\t\t\t<span class='av-structured-data'  itemprop=\"image\" itemscope=\"itemscope\" itemtype=\"https:\/\/schema.org\/ImageObject\" >\n\t\t\t\t\t\t<span itemprop='url'>https:\/\/fobizz.com\/wp-content\/uploads\/2026\/04\/Kinder_Neurodivergenz.jpg<\/span>\n\t\t\t\t\t\t<span itemprop='height'>768<\/span>\n\t\t\t\t\t\t<span itemprop='width'>1408<\/span>\n\t\t\t\t<\/span>\n\t\t\t\t<span class='av-structured-data'  itemprop=\"publisher\" itemtype=\"https:\/\/schema.org\/Organization\" itemscope=\"itemscope\" >\n\t\t\t\t\t\t<span itemprop='name'>Michelle<\/span>\n\t\t\t\t\t\t<span itemprop='logo' itemscope itemtype='https:\/\/schema.org\/ImageObject'>\n\t\t\t\t\t\t\t<span itemprop='url'>https:\/\/fobizz.com\/wp-content\/uploads\/2024\/01\/fobizz_logo-min-495x244.png<\/span>\n\t\t\t\t\t\t<\/span>\n\t\t\t\t<\/span><span class='av-structured-data'  itemprop=\"author\" itemscope=\"itemscope\" itemtype=\"https:\/\/schema.org\/Person\" ><span itemprop='name'>Michelle<\/span><\/span><span class='av-structured-data'  itemprop=\"datePublished\" datetime=\"2019-11-20T16:48:42+01:00\" >2026-04-01 17:20:21<\/span><span class='av-structured-data'  itemprop=\"dateModified\" itemtype=\"https:\/\/schema.org\/dateModified\" >2026-04-13 17:49:10<\/span><span class='av-structured-data'  itemprop=\"mainEntityOfPage\" itemtype=\"https:\/\/schema.org\/mainEntityOfPage\" ><span itemprop='name'>Kinder, die durchs Raster fallen  \u2013 Interview mit Corina Elfe<\/span><\/span><\/span><\/article><article class='slide-entry flex_column  post-entry post-entry-58864 slide-entry-overview slide-loop-5 slide-parity-even  av_one_third  real-thumbnail posttype-post post-format-standard'  itemscope=\"itemscope\" itemtype=\"https:\/\/schema.org\/BlogPosting\" itemprop=\"blogPost\" ><a href='https:\/\/fobizz.com\/de\/scratch-einstieg-ins-visuelle-programmieren\/' data-rel='slide-1' class='slide-image' title='Scratch: Einstieg ins visuelle Programmieren'><img decoding=\"async\" fetchpriority=\"high\" width=\"495\" height=\"400\" src=\"https:\/\/fobizz.com\/wp-content\/uploads\/2026\/03\/Scratch-Einstieg-ins-visuelle-Programmieren-495x400.jpg\" class=\"wp-image-58867 avia-img-lazy-loading-not-58867 attachment-portfolio size-portfolio wp-post-image\" alt=\"\" \/><\/a><div class=\"slide-content\"><header class=\"entry-content-header\"><h3 class='slide-entry-title entry-title '  itemprop=\"headline\" ><a href='https:\/\/fobizz.com\/de\/scratch-einstieg-ins-visuelle-programmieren\/' title='Scratch: Einstieg ins visuelle Programmieren'>Scratch: Einstieg ins visuelle Programmieren<\/a><\/h3><span class=\"blog-categories minor-meta\"><a href=\"https:\/\/fobizz.com\/de\/category\/digitale-bildung\/\" rel=\"tag\">Digitale Bildung<\/a>, <a href=\"https:\/\/fobizz.com\/de\/category\/digitale-medien\/\" rel=\"tag\">Digitale Medien<\/a>, <a href=\"https:\/\/fobizz.com\/de\/category\/interview\/\" rel=\"tag\">Interview<\/a>, <a href=\"https:\/\/fobizz.com\/de\/category\/lehrerbildung\/\" rel=\"tag\">Lehrerbildung<\/a> <\/span><span class=\"av-vertical-delimiter\"><\/span><\/header><div class='slide-entry-excerpt entry-content'  itemprop=\"text\" ><div class=\"excerpt-text\">Erfahre im Interview mit Tom Wiedemann, wie du Scratch sinnvoll in deinen Unterricht einbringen kannst.<\/div><\/div><\/div><span class='hidden'>\n\t\t\t\t<span class='av-structured-data'  itemprop=\"image\" itemscope=\"itemscope\" itemtype=\"https:\/\/schema.org\/ImageObject\" >\n\t\t\t\t\t\t<span itemprop='url'>https:\/\/fobizz.com\/wp-content\/uploads\/2026\/03\/Scratch-Einstieg-ins-visuelle-Programmieren.jpg<\/span>\n\t\t\t\t\t\t<span itemprop='height'>500<\/span>\n\t\t\t\t\t\t<span itemprop='width'>800<\/span>\n\t\t\t\t<\/span>\n\t\t\t\t<span class='av-structured-data'  itemprop=\"publisher\" itemtype=\"https:\/\/schema.org\/Organization\" itemscope=\"itemscope\" >\n\t\t\t\t\t\t<span itemprop='name'>Tanja Schneider<\/span>\n\t\t\t\t\t\t<span itemprop='logo' itemscope itemtype='https:\/\/schema.org\/ImageObject'>\n\t\t\t\t\t\t\t<span itemprop='url'>https:\/\/fobizz.com\/wp-content\/uploads\/2024\/01\/fobizz_logo-min-495x244.png<\/span>\n\t\t\t\t\t\t<\/span>\n\t\t\t\t<\/span><span class='av-structured-data'  itemprop=\"author\" itemscope=\"itemscope\" itemtype=\"https:\/\/schema.org\/Person\" ><span itemprop='name'>Tanja Schneider<\/span><\/span><span class='av-structured-data'  itemprop=\"datePublished\" datetime=\"2019-11-20T16:48:42+01:00\" >2026-03-12 11:07:22<\/span><span class='av-structured-data'  itemprop=\"dateModified\" itemtype=\"https:\/\/schema.org\/dateModified\" >2026-03-12 11:34:55<\/span><span class='av-structured-data'  itemprop=\"mainEntityOfPage\" itemtype=\"https:\/\/schema.org\/mainEntityOfPage\" ><span itemprop='name'>Scratch: Einstieg ins visuelle Programmieren<\/span><\/span><\/span><\/article><article class='slide-entry flex_column  post-entry post-entry-58852 slide-entry-overview slide-loop-6 slide-parity-odd  av_one_third  real-thumbnail posttype-post post-format-standard'  itemscope=\"itemscope\" itemtype=\"https:\/\/schema.org\/BlogPosting\" itemprop=\"blogPost\" ><a href='https:\/\/fobizz.com\/de\/goodnotes-grundlagen-organisation-von-unterrichtsnotizen\/' data-rel='slide-1' class='slide-image' title='Goodnotes Grundlagen: Organisation von Unterrichtsnotizen'><img decoding=\"async\" fetchpriority=\"high\" width=\"495\" height=\"400\" src=\"https:\/\/fobizz.com\/wp-content\/uploads\/2026\/03\/Goodnotes-Grundlagen-Organisation-von-Unterrichtsnotizen-495x400.jpg\" class=\"wp-image-58853 avia-img-lazy-loading-not-58853 attachment-portfolio size-portfolio wp-post-image\" alt=\"\" \/><\/a><div class=\"slide-content\"><header class=\"entry-content-header\"><h3 class='slide-entry-title entry-title '  itemprop=\"headline\" ><a href='https:\/\/fobizz.com\/de\/goodnotes-grundlagen-organisation-von-unterrichtsnotizen\/' title='Goodnotes Grundlagen: Organisation von Unterrichtsnotizen'>Goodnotes Grundlagen: Organisation von Unterrichtsnotizen<\/a><\/h3><span class=\"blog-categories minor-meta\"><a href=\"https:\/\/fobizz.com\/de\/category\/digitale-bildung\/\" rel=\"tag\">Digitale Bildung<\/a>, <a href=\"https:\/\/fobizz.com\/de\/category\/digitale-medien\/\" rel=\"tag\">Digitale Medien<\/a>, <a href=\"https:\/\/fobizz.com\/de\/category\/interview\/\" rel=\"tag\">Interview<\/a>, <a href=\"https:\/\/fobizz.com\/de\/category\/lehrerbildung\/\" rel=\"tag\">Lehrerbildung<\/a> <\/span><span class=\"av-vertical-delimiter\"><\/span><\/header><div class='slide-entry-excerpt entry-content'  itemprop=\"text\" ><div class=\"excerpt-text\">Im Interview mit Dr. Ulla Hauptmann erf\u00e4hrst du, wie du mit Goodnotes 7 den Unterricht kreativ gestalten und deine Unterrichtsmaterialien ordnen kannst.<\/div><\/div><\/div><span class='hidden'>\n\t\t\t\t<span class='av-structured-data'  itemprop=\"image\" itemscope=\"itemscope\" itemtype=\"https:\/\/schema.org\/ImageObject\" >\n\t\t\t\t\t\t<span itemprop='url'>https:\/\/fobizz.com\/wp-content\/uploads\/2026\/03\/Goodnotes-Grundlagen-Organisation-von-Unterrichtsnotizen.jpg<\/span>\n\t\t\t\t\t\t<span itemprop='height'>500<\/span>\n\t\t\t\t\t\t<span itemprop='width'>800<\/span>\n\t\t\t\t<\/span>\n\t\t\t\t<span class='av-structured-data'  itemprop=\"publisher\" itemtype=\"https:\/\/schema.org\/Organization\" itemscope=\"itemscope\" >\n\t\t\t\t\t\t<span itemprop='name'>Tanja Schneider<\/span>\n\t\t\t\t\t\t<span itemprop='logo' itemscope itemtype='https:\/\/schema.org\/ImageObject'>\n\t\t\t\t\t\t\t<span itemprop='url'>https:\/\/fobizz.com\/wp-content\/uploads\/2024\/01\/fobizz_logo-min-495x244.png<\/span>\n\t\t\t\t\t\t<\/span>\n\t\t\t\t<\/span><span class='av-structured-data'  itemprop=\"author\" itemscope=\"itemscope\" itemtype=\"https:\/\/schema.org\/Person\" ><span itemprop='name'>Tanja Schneider<\/span><\/span><span class='av-structured-data'  itemprop=\"datePublished\" datetime=\"2019-11-20T16:48:42+01:00\" >2026-03-12 11:06:50<\/span><span class='av-structured-data'  itemprop=\"dateModified\" itemtype=\"https:\/\/schema.org\/dateModified\" >2026-03-12 11:35:36<\/span><span class='av-structured-data'  itemprop=\"mainEntityOfPage\" itemtype=\"https:\/\/schema.org\/mainEntityOfPage\" ><span itemprop='name'>Goodnotes Grundlagen: Organisation von Unterrichtsnotizen<\/span><\/span><\/span><\/article><\/div><div class=\"slide-entry-wrap\"><article class='slide-entry flex_column  post-entry post-entry-58357 slide-entry-overview slide-loop-7 slide-parity-odd  av_one_third first real-thumbnail posttype-post post-format-standard'  itemscope=\"itemscope\" itemtype=\"https:\/\/schema.org\/BlogPosting\" itemprop=\"blogPost\" ><a href='https:\/\/fobizz.com\/de\/einsatz-von-schulhunden-im-unterrichtsalltag\/' data-rel='slide-1' class='slide-image' title='Einsatz von Schulhunden im Unterrichtsalltag'><img decoding=\"async\" fetchpriority=\"high\" width=\"495\" height=\"400\" src=\"https:\/\/fobizz.com\/wp-content\/uploads\/2026\/02\/Blogbeitrag-Einsatz-von-Schulhunden-im-Unterrichtsalltag-1-495x400.jpg\" class=\"wp-image-58503 avia-img-lazy-loading-not-58503 attachment-portfolio size-portfolio wp-post-image\" alt=\"\" \/><\/a><div class=\"slide-content\"><header class=\"entry-content-header\"><h3 class='slide-entry-title entry-title '  itemprop=\"headline\" ><a href='https:\/\/fobizz.com\/de\/einsatz-von-schulhunden-im-unterrichtsalltag\/' title='Einsatz von Schulhunden im Unterrichtsalltag'>Einsatz von Schulhunden im Unterrichtsalltag<\/a><\/h3><span class=\"blog-categories minor-meta\"><a href=\"https:\/\/fobizz.com\/de\/category\/interview\/\" rel=\"tag\">Interview<\/a>, <a href=\"https:\/\/fobizz.com\/de\/category\/lehrerbildung\/\" rel=\"tag\">Lehrerbildung<\/a>, <a href=\"https:\/\/fobizz.com\/de\/category\/nachhaltige-entwicklung\/\" rel=\"tag\">Nachhaltige Entwicklung<\/a>, <a href=\"https:\/\/fobizz.com\/de\/category\/neue-lernkultur\/\" rel=\"tag\">Neue Lernkultur<\/a> <\/span><span class=\"av-vertical-delimiter\"><\/span><\/header><div class='slide-entry-excerpt entry-content'  itemprop=\"text\" ><div class=\"excerpt-text\">Im Interview mit Judith Bohlmann erf\u00e4hrst du, wie Schulhunde den Unterricht bereichern k\u00f6nnen.<\/div><\/div><\/div><span class='hidden'>\n\t\t\t\t<span class='av-structured-data'  itemprop=\"image\" itemscope=\"itemscope\" itemtype=\"https:\/\/schema.org\/ImageObject\" >\n\t\t\t\t\t\t<span itemprop='url'>https:\/\/fobizz.com\/wp-content\/uploads\/2026\/02\/Blogbeitrag-Einsatz-von-Schulhunden-im-Unterrichtsalltag-1.jpg<\/span>\n\t\t\t\t\t\t<span itemprop='height'>1080<\/span>\n\t\t\t\t\t\t<span itemprop='width'>1920<\/span>\n\t\t\t\t<\/span>\n\t\t\t\t<span class='av-structured-data'  itemprop=\"publisher\" itemtype=\"https:\/\/schema.org\/Organization\" itemscope=\"itemscope\" >\n\t\t\t\t\t\t<span itemprop='name'>Tanja Schneider<\/span>\n\t\t\t\t\t\t<span itemprop='logo' itemscope itemtype='https:\/\/schema.org\/ImageObject'>\n\t\t\t\t\t\t\t<span itemprop='url'>https:\/\/fobizz.com\/wp-content\/uploads\/2024\/01\/fobizz_logo-min-495x244.png<\/span>\n\t\t\t\t\t\t<\/span>\n\t\t\t\t<\/span><span class='av-structured-data'  itemprop=\"author\" itemscope=\"itemscope\" itemtype=\"https:\/\/schema.org\/Person\" ><span itemprop='name'>Tanja Schneider<\/span><\/span><span class='av-structured-data'  itemprop=\"datePublished\" datetime=\"2019-11-20T16:48:42+01:00\" >2026-02-12 10:00:28<\/span><span class='av-structured-data'  itemprop=\"dateModified\" itemtype=\"https:\/\/schema.org\/dateModified\" >2026-02-11 14:23:03<\/span><span class='av-structured-data'  itemprop=\"mainEntityOfPage\" itemtype=\"https:\/\/schema.org\/mainEntityOfPage\" ><span itemprop='name'>Einsatz von Schulhunden im Unterrichtsalltag<\/span><\/span><\/span><\/article><article class='slide-entry flex_column  post-entry post-entry-58425 slide-entry-overview slide-loop-8 slide-parity-even  av_one_third  real-thumbnail posttype-post post-format-standard'  itemscope=\"itemscope\" itemtype=\"https:\/\/schema.org\/BlogPosting\" itemprop=\"blogPost\" ><a href='https:\/\/fobizz.com\/de\/einsatz-von-ki-im-lateinunterricht\/' data-rel='slide-1' class='slide-image' title='Einsatz von KI im Lateinunterricht'><img decoding=\"async\" fetchpriority=\"high\" width=\"495\" height=\"400\" src=\"https:\/\/fobizz.com\/wp-content\/uploads\/2026\/02\/Einsatz-von-KI-im-Lateinunterricht-1-495x400.jpg\" class=\"wp-image-58369 avia-img-lazy-loading-not-58369 attachment-portfolio size-portfolio wp-post-image\" alt=\"\" \/><\/a><div class=\"slide-content\"><header class=\"entry-content-header\"><h3 class='slide-entry-title entry-title '  itemprop=\"headline\" ><a href='https:\/\/fobizz.com\/de\/einsatz-von-ki-im-lateinunterricht\/' title='Einsatz von KI im Lateinunterricht'>Einsatz von KI im Lateinunterricht<\/a><\/h3><span class=\"blog-categories minor-meta\"><a href=\"https:\/\/fobizz.com\/de\/category\/interview\/\" rel=\"tag\">Interview<\/a>, <a href=\"https:\/\/fobizz.com\/de\/category\/kunstliche-intelligenz\/\" rel=\"tag\">K\u00fcnstliche Intelligenz<\/a>, <a href=\"https:\/\/fobizz.com\/de\/category\/lehrerbildung\/\" rel=\"tag\">Lehrerbildung<\/a>, <a href=\"https:\/\/fobizz.com\/de\/category\/neue-lernkultur\/\" rel=\"tag\">Neue Lernkultur<\/a> <\/span><span class=\"av-vertical-delimiter\"><\/span><\/header><div class='slide-entry-excerpt entry-content'  itemprop=\"text\" ><div class=\"excerpt-text\">Im Interview mit Daniel Conley erf\u00e4hrst du, wie du KI im Lateinunterricht gewinnbringend einsetzen kannst.<\/div><\/div><\/div><span class='hidden'>\n\t\t\t\t<span class='av-structured-data'  itemprop=\"image\" itemscope=\"itemscope\" itemtype=\"https:\/\/schema.org\/ImageObject\" >\n\t\t\t\t\t\t<span itemprop='url'>https:\/\/fobizz.com\/wp-content\/uploads\/2026\/02\/Einsatz-von-KI-im-Lateinunterricht-1.jpg<\/span>\n\t\t\t\t\t\t<span itemprop='height'>1080<\/span>\n\t\t\t\t\t\t<span itemprop='width'>1920<\/span>\n\t\t\t\t<\/span>\n\t\t\t\t<span class='av-structured-data'  itemprop=\"publisher\" itemtype=\"https:\/\/schema.org\/Organization\" itemscope=\"itemscope\" >\n\t\t\t\t\t\t<span itemprop='name'>Tanja Schneider<\/span>\n\t\t\t\t\t\t<span itemprop='logo' itemscope itemtype='https:\/\/schema.org\/ImageObject'>\n\t\t\t\t\t\t\t<span itemprop='url'>https:\/\/fobizz.com\/wp-content\/uploads\/2024\/01\/fobizz_logo-min-495x244.png<\/span>\n\t\t\t\t\t\t<\/span>\n\t\t\t\t<\/span><span class='av-structured-data'  itemprop=\"author\" itemscope=\"itemscope\" itemtype=\"https:\/\/schema.org\/Person\" ><span itemprop='name'>Tanja Schneider<\/span><\/span><span class='av-structured-data'  itemprop=\"datePublished\" datetime=\"2019-11-20T16:48:42+01:00\" >2026-02-12 10:00:21<\/span><span class='av-structured-data'  itemprop=\"dateModified\" itemtype=\"https:\/\/schema.org\/dateModified\" >2026-03-12 12:18:21<\/span><span class='av-structured-data'  itemprop=\"mainEntityOfPage\" itemtype=\"https:\/\/schema.org\/mainEntityOfPage\" ><span itemprop='name'>Einsatz von KI im Lateinunterricht<\/span><\/span><\/span><\/article><article class='slide-entry flex_column  post-entry post-entry-58055 slide-entry-overview slide-loop-9 slide-parity-odd  post-entry-last  av_one_third  real-thumbnail posttype-post post-format-standard'  itemscope=\"itemscope\" itemtype=\"https:\/\/schema.org\/BlogPosting\" itemprop=\"blogPost\" ><a href='https:\/\/fobizz.com\/de\/der-prozess-hat-uns-als-schule-richtig-gutgetan\/' data-rel='slide-1' class='slide-image' title='\u201eDer Prozess hat uns als Schule richtig gutgetan\u201c'><img decoding=\"async\" fetchpriority=\"high\" width=\"495\" height=\"283\" src=\"https:\/\/fobizz.com\/wp-content\/uploads\/2026\/01\/Ansicht-von-Quartiersplatz-495x283.jpg\" class=\"wp-image-58057 avia-img-lazy-loading-not-58057 attachment-portfolio size-portfolio wp-post-image\" alt=\"\" \/><\/a><div class=\"slide-content\"><header class=\"entry-content-header\"><h3 class='slide-entry-title entry-title '  itemprop=\"headline\" ><a href='https:\/\/fobizz.com\/de\/der-prozess-hat-uns-als-schule-richtig-gutgetan\/' title='\u201eDer Prozess hat uns als Schule richtig gutgetan\u201c'>\u201eDer Prozess hat uns als Schule richtig gutgetan\u201c<\/a><\/h3><span class=\"blog-categories minor-meta\"><a href=\"https:\/\/fobizz.com\/de\/category\/interview\/\" rel=\"tag\">Interview<\/a>, <a href=\"https:\/\/fobizz.com\/de\/category\/lehrerbildung\/\" rel=\"tag\">Lehrerbildung<\/a> <\/span><span class=\"av-vertical-delimiter\"><\/span><\/header><div class='slide-entry-excerpt entry-content'  itemprop=\"text\" ><div class=\"excerpt-text\">Lerncoaches statt Frontalunterricht, Cluster statt Klassenzimmer: Die Gemeinschaftsschule Gebhard aus Konstanz stand im Finale des Deutschen Schulpreises. Schulleiterin Charlotte Dre\u00dfen erkl\u00e4rt das innovative Konzept.<\/div><\/div><\/div><span class='hidden'>\n\t\t\t\t<span class='av-structured-data'  itemprop=\"image\" itemscope=\"itemscope\" itemtype=\"https:\/\/schema.org\/ImageObject\" >\n\t\t\t\t\t\t<span itemprop='url'>https:\/\/fobizz.com\/wp-content\/uploads\/2026\/01\/Ansicht-von-Quartiersplatz.jpg<\/span>\n\t\t\t\t\t\t<span itemprop='height'>283<\/span>\n\t\t\t\t\t\t<span itemprop='width'>614<\/span>\n\t\t\t\t<\/span>\n\t\t\t\t<span class='av-structured-data'  itemprop=\"publisher\" itemtype=\"https:\/\/schema.org\/Organization\" itemscope=\"itemscope\" >\n\t\t\t\t\t\t<span itemprop='name'>Michelle<\/span>\n\t\t\t\t\t\t<span itemprop='logo' itemscope itemtype='https:\/\/schema.org\/ImageObject'>\n\t\t\t\t\t\t\t<span itemprop='url'>https:\/\/fobizz.com\/wp-content\/uploads\/2024\/01\/fobizz_logo-min-495x244.png<\/span>\n\t\t\t\t\t\t<\/span>\n\t\t\t\t<\/span><span class='av-structured-data'  itemprop=\"author\" itemscope=\"itemscope\" itemtype=\"https:\/\/schema.org\/Person\" ><span itemprop='name'>Michelle<\/span><\/span><span class='av-structured-data'  itemprop=\"datePublished\" datetime=\"2019-11-20T16:48:42+01:00\" >2026-01-08 11:25:34<\/span><span class='av-structured-data'  itemprop=\"dateModified\" itemtype=\"https:\/\/schema.org\/dateModified\" >2026-01-08 11:28:11<\/span><span class='av-structured-data'  itemprop=\"mainEntityOfPage\" itemtype=\"https:\/\/schema.org\/mainEntityOfPage\" ><span itemprop='name'>\u201eDer Prozess hat uns als Schule richtig gutgetan\u201c<\/span><\/span><\/span><\/article><\/div><\/div><div class='avia-slideshow-arrows avia-slideshow-controls' ><a href='#prev' class='prev-slide ' data-av_icon='\ue87c' data-av_iconfont='entypo-fontello' aria-hidden=\"true\" title=\"Zur\u00fcck\" desc=\"Zur\u00fcck\" tabindex='-1' ><span class='avia_hidden_link_text'>Zur\u00fcck<\/span><\/a><a href='#next' class='next-slide ' data-av_icon='\ue87d' data-av_iconfont='entypo-fontello' aria-hidden=\"true\" title=\"Weiter\" desc=\"Weiter\" tabindex='-1' ><span class='avia_hidden_link_text'>Weiter<\/span><\/a><\/div><\/div>\n<\/div><\/div><\/div><!-- close content main div --><\/div><\/div><div id='after_section_5'  class='main_color av_default_container_wrap container_wrap sidebar_right'  ><div class='container av-section-cont-open' ><div class='template-page content  av-content-small alpha units'><div class='post-entry post-entry-type-page post-entry-12675'><div class='entry-content-wrapper clearfix'><\/p>\n","protected":false},"excerpt":{"rendered":"<p>Studien zeigen Vorteile von Teamarbeit in Schulen, trotzdem arbeiten Lehrkr\u00e4fte kaum zusammen. Es fehlt der Raum &#8211; im Schulgeb\u00e4ude und im Studenplan. Wie kann Teamarbeit unter Lehrkr\u00e4ften gelingen und gef\u00f6rdert werden?<\/p>\n","protected":false},"author":1,"featured_media":13131,"comment_status":"closed","ping_status":"open","sticky":false,"template":"","format":"standard","meta":{"_monsterinsights_skip_tracking":false,"_monsterinsights_sitenote_active":false,"_monsterinsights_sitenote_note":"","_monsterinsights_sitenote_category":0,"_uf_show_specific_survey":0,"_uf_disable_surveys":false,"footnotes":""},"categories":[166,168,165],"tags":[192,338,337,336],"class_list":["post-12675","post","type-post","status-publish","format-standard","has-post-thumbnail","hentry","category-digitale-bildung","category-lehrerbildung","category-neue-lernkultur","tag-digitales-lernen","tag-interne-fortbildungen","tag-multiprofessionelle-teams","tag-teamwork"],"acf":[],"yoast_head":"<!-- This site is optimized with the Yoast SEO Premium plugin v26.2 (Yoast SEO v27.4) - https:\/\/yoast.com\/product\/yoast-seo-premium-wordpress\/ -->\n<title>Teamarbeit in Schulen - fobizz<\/title>\n<meta name=\"description\" content=\"Studien zeigen Vorteile von Teamarbeit in Schulen, trotzdem arbeiten Lehrkr\u00e4fte kaum zusammen. Es fehlt der Raum - im Schulgeb\u00e4ude und im Studenplan.\" \/>\n<meta name=\"robots\" content=\"index, follow, max-snippet:-1, max-image-preview:large, max-video-preview:-1\" \/>\n<link rel=\"canonical\" href=\"https:\/\/fobizz.com\/de\/teamarbeit-in-schulen\/\" \/>\n<meta name=\"twitter:card\" content=\"summary_large_image\" \/>\n<meta name=\"twitter:title\" content=\"Teamarbeit in Schulen - fobizz\" \/>\n<meta name=\"twitter:description\" content=\"Studien zeigen Vorteile von Teamarbeit in Schulen, trotzdem arbeiten Lehrkr\u00e4fte kaum zusammen. Es fehlt der Raum - im Schulgeb\u00e4ude und im Studenplan.\" \/>\n<meta name=\"twitter:image\" content=\"https:\/\/fobizz.com\/wp-content\/uploads\/2019\/11\/Zusammenarbeit-Schule.jpg\" \/>\n<meta name=\"twitter:creator\" content=\"@fobizz\" \/>\n<meta name=\"twitter:site\" content=\"@fobizz\" \/>\n<meta name=\"twitter:label1\" content=\"Verfasst von\" \/>\n\t<meta name=\"twitter:data1\" content=\"fbz_admin\" \/>\n\t<meta name=\"twitter:label2\" content=\"Gesch\u00e4tzte Lesezeit\" \/>\n\t<meta name=\"twitter:data2\" content=\"24\u00a0Minuten\" \/>\n<script type=\"application\/ld+json\" class=\"yoast-schema-graph\">{\"@context\":\"https:\\\/\\\/schema.org\",\"@graph\":[{\"@type\":\"Article\",\"@id\":\"https:\\\/\\\/fobizz.com\\\/de\\\/teamarbeit-in-schulen\\\/#article\",\"isPartOf\":{\"@id\":\"https:\\\/\\\/fobizz.com\\\/de\\\/teamarbeit-in-schulen\\\/\"},\"author\":{\"name\":\"fbz_admin\",\"@id\":\"https:\\\/\\\/fobizz.com\\\/de\\\/#\\\/schema\\\/person\\\/340b990135fc3488757ef67719abba47\"},\"headline\":\"Teamarbeit in Schulen\",\"datePublished\":\"2019-11-20T15:48:42+00:00\",\"dateModified\":\"2020-01-18T17:47:35+00:00\",\"mainEntityOfPage\":{\"@id\":\"https:\\\/\\\/fobizz.com\\\/de\\\/teamarbeit-in-schulen\\\/\"},\"wordCount\":3858,\"publisher\":{\"@id\":\"https:\\\/\\\/fobizz.com\\\/de\\\/#organization\"},\"image\":{\"@id\":\"https:\\\/\\\/fobizz.com\\\/de\\\/teamarbeit-in-schulen\\\/#primaryimage\"},\"thumbnailUrl\":\"https:\\\/\\\/fobizz.com\\\/wp-content\\\/uploads\\\/2019\\\/11\\\/Zusammenarbeit-Schule.jpg\",\"keywords\":[\"Digitales Lernen\",\"Interne Fortbildungen\",\"Multiprofessionelle Teams\",\"Teamwork\"],\"articleSection\":[\"Digitale Bildung\",\"Lehrerbildung\",\"Neue Lernkultur\"],\"inLanguage\":\"de\"},{\"@type\":\"WebPage\",\"@id\":\"https:\\\/\\\/fobizz.com\\\/de\\\/teamarbeit-in-schulen\\\/\",\"url\":\"https:\\\/\\\/fobizz.com\\\/de\\\/teamarbeit-in-schulen\\\/\",\"name\":\"Teamarbeit in Schulen - fobizz\",\"isPartOf\":{\"@id\":\"https:\\\/\\\/fobizz.com\\\/de\\\/#website\"},\"primaryImageOfPage\":{\"@id\":\"https:\\\/\\\/fobizz.com\\\/de\\\/teamarbeit-in-schulen\\\/#primaryimage\"},\"image\":{\"@id\":\"https:\\\/\\\/fobizz.com\\\/de\\\/teamarbeit-in-schulen\\\/#primaryimage\"},\"thumbnailUrl\":\"https:\\\/\\\/fobizz.com\\\/wp-content\\\/uploads\\\/2019\\\/11\\\/Zusammenarbeit-Schule.jpg\",\"datePublished\":\"2019-11-20T15:48:42+00:00\",\"dateModified\":\"2020-01-18T17:47:35+00:00\",\"description\":\"Studien zeigen Vorteile von Teamarbeit in Schulen, trotzdem arbeiten Lehrkr\u00e4fte kaum zusammen. Es fehlt der Raum - im Schulgeb\u00e4ude und im Studenplan.\",\"breadcrumb\":{\"@id\":\"https:\\\/\\\/fobizz.com\\\/de\\\/teamarbeit-in-schulen\\\/#breadcrumb\"},\"inLanguage\":\"de\",\"potentialAction\":[{\"@type\":\"ReadAction\",\"target\":[\"https:\\\/\\\/fobizz.com\\\/de\\\/teamarbeit-in-schulen\\\/\"]}]},{\"@type\":\"ImageObject\",\"inLanguage\":\"de\",\"@id\":\"https:\\\/\\\/fobizz.com\\\/de\\\/teamarbeit-in-schulen\\\/#primaryimage\",\"url\":\"https:\\\/\\\/fobizz.com\\\/wp-content\\\/uploads\\\/2019\\\/11\\\/Zusammenarbeit-Schule.jpg\",\"contentUrl\":\"https:\\\/\\\/fobizz.com\\\/wp-content\\\/uploads\\\/2019\\\/11\\\/Zusammenarbeit-Schule.jpg\",\"width\":1361,\"height\":709,\"caption\":\"Zusammenarbeit in der Schule\"},{\"@type\":\"BreadcrumbList\",\"@id\":\"https:\\\/\\\/fobizz.com\\\/de\\\/teamarbeit-in-schulen\\\/#breadcrumb\",\"itemListElement\":[{\"@type\":\"ListItem\",\"position\":1,\"name\":\"Startseite\",\"item\":\"https:\\\/\\\/fobizz.com\\\/de\\\/startpage\\\/\"},{\"@type\":\"ListItem\",\"position\":2,\"name\":\"Teamarbeit in Schulen\"}]},{\"@type\":\"WebSite\",\"@id\":\"https:\\\/\\\/fobizz.com\\\/de\\\/#website\",\"url\":\"https:\\\/\\\/fobizz.com\\\/de\\\/\",\"name\":\"fobizz\",\"description\":\"AI &amp; digital Tools for Teachers\",\"publisher\":{\"@id\":\"https:\\\/\\\/fobizz.com\\\/de\\\/#organization\"},\"potentialAction\":[{\"@type\":\"SearchAction\",\"target\":{\"@type\":\"EntryPoint\",\"urlTemplate\":\"https:\\\/\\\/fobizz.com\\\/de\\\/?s={search_term_string}\"},\"query-input\":{\"@type\":\"PropertyValueSpecification\",\"valueRequired\":true,\"valueName\":\"search_term_string\"}}],\"inLanguage\":\"de\"},{\"@type\":\"Organization\",\"@id\":\"https:\\\/\\\/fobizz.com\\\/de\\\/#organization\",\"name\":\"fobizz\",\"url\":\"https:\\\/\\\/fobizz.com\\\/de\\\/\",\"logo\":{\"@type\":\"ImageObject\",\"inLanguage\":\"de\",\"@id\":\"https:\\\/\\\/fobizz.com\\\/de\\\/#\\\/schema\\\/logo\\\/image\\\/\",\"url\":\"https:\\\/\\\/fobizz.com\\\/wp-content\\\/uploads\\\/2023\\\/07\\\/fobi_autor_fobizz.png\",\"contentUrl\":\"https:\\\/\\\/fobizz.com\\\/wp-content\\\/uploads\\\/2023\\\/07\\\/fobi_autor_fobizz.png\",\"width\":200,\"height\":200,\"caption\":\"fobizz\"},\"image\":{\"@id\":\"https:\\\/\\\/fobizz.com\\\/de\\\/#\\\/schema\\\/logo\\\/image\\\/\"},\"sameAs\":[\"https:\\\/\\\/www.facebook.com\\\/fobizz\\\/\",\"https:\\\/\\\/x.com\\\/fobizz\",\"https:\\\/\\\/www.instagram.com\\\/fobizz_com\\\/\",\"https:\\\/\\\/www.youtube.com\\\/@fobizz702\",\"https:\\\/\\\/www.pinterest.de\\\/fobizz_com\"]},{\"@type\":\"Person\",\"@id\":\"https:\\\/\\\/fobizz.com\\\/de\\\/#\\\/schema\\\/person\\\/340b990135fc3488757ef67719abba47\",\"name\":\"fbz_admin\",\"image\":{\"@type\":\"ImageObject\",\"inLanguage\":\"de\",\"@id\":\"https:\\\/\\\/secure.gravatar.com\\\/avatar\\\/20857ca64dd31ac1e81d8ce145dd4a2cdf16df4197fd8d1b48b45d8d64a130d8?s=96&d=mm&r=g\",\"url\":\"https:\\\/\\\/secure.gravatar.com\\\/avatar\\\/20857ca64dd31ac1e81d8ce145dd4a2cdf16df4197fd8d1b48b45d8d64a130d8?s=96&d=mm&r=g\",\"contentUrl\":\"https:\\\/\\\/secure.gravatar.com\\\/avatar\\\/20857ca64dd31ac1e81d8ce145dd4a2cdf16df4197fd8d1b48b45d8d64a130d8?s=96&d=mm&r=g\",\"caption\":\"fbz_admin\"},\"url\":\"https:\\\/\\\/fobizz.com\\\/de\\\/author\\\/fbz_admin\\\/\"}]}<\/script>\n<!-- \/ Yoast SEO Premium plugin. -->","yoast_head_json":{"title":"Teamarbeit in Schulen - fobizz","description":"Studien zeigen Vorteile von Teamarbeit in Schulen, trotzdem arbeiten Lehrkr\u00e4fte kaum zusammen. Es fehlt der Raum - im Schulgeb\u00e4ude und im Studenplan.","robots":{"index":"index","follow":"follow","max-snippet":"max-snippet:-1","max-image-preview":"max-image-preview:large","max-video-preview":"max-video-preview:-1"},"canonical":"https:\/\/fobizz.com\/de\/teamarbeit-in-schulen\/","twitter_card":"summary_large_image","twitter_title":"Teamarbeit in Schulen - fobizz","twitter_description":"Studien zeigen Vorteile von Teamarbeit in Schulen, trotzdem arbeiten Lehrkr\u00e4fte kaum zusammen. Es fehlt der Raum - im Schulgeb\u00e4ude und im Studenplan.","twitter_image":"https:\/\/fobizz.com\/wp-content\/uploads\/2019\/11\/Zusammenarbeit-Schule.jpg","twitter_creator":"@fobizz","twitter_site":"@fobizz","twitter_misc":{"Verfasst von":"fbz_admin","Gesch\u00e4tzte Lesezeit":"24\u00a0Minuten"},"schema":{"@context":"https:\/\/schema.org","@graph":[{"@type":"Article","@id":"https:\/\/fobizz.com\/de\/teamarbeit-in-schulen\/#article","isPartOf":{"@id":"https:\/\/fobizz.com\/de\/teamarbeit-in-schulen\/"},"author":{"name":"fbz_admin","@id":"https:\/\/fobizz.com\/de\/#\/schema\/person\/340b990135fc3488757ef67719abba47"},"headline":"Teamarbeit in Schulen","datePublished":"2019-11-20T15:48:42+00:00","dateModified":"2020-01-18T17:47:35+00:00","mainEntityOfPage":{"@id":"https:\/\/fobizz.com\/de\/teamarbeit-in-schulen\/"},"wordCount":3858,"publisher":{"@id":"https:\/\/fobizz.com\/de\/#organization"},"image":{"@id":"https:\/\/fobizz.com\/de\/teamarbeit-in-schulen\/#primaryimage"},"thumbnailUrl":"https:\/\/fobizz.com\/wp-content\/uploads\/2019\/11\/Zusammenarbeit-Schule.jpg","keywords":["Digitales Lernen","Interne Fortbildungen","Multiprofessionelle Teams","Teamwork"],"articleSection":["Digitale Bildung","Lehrerbildung","Neue Lernkultur"],"inLanguage":"de"},{"@type":"WebPage","@id":"https:\/\/fobizz.com\/de\/teamarbeit-in-schulen\/","url":"https:\/\/fobizz.com\/de\/teamarbeit-in-schulen\/","name":"Teamarbeit in Schulen - fobizz","isPartOf":{"@id":"https:\/\/fobizz.com\/de\/#website"},"primaryImageOfPage":{"@id":"https:\/\/fobizz.com\/de\/teamarbeit-in-schulen\/#primaryimage"},"image":{"@id":"https:\/\/fobizz.com\/de\/teamarbeit-in-schulen\/#primaryimage"},"thumbnailUrl":"https:\/\/fobizz.com\/wp-content\/uploads\/2019\/11\/Zusammenarbeit-Schule.jpg","datePublished":"2019-11-20T15:48:42+00:00","dateModified":"2020-01-18T17:47:35+00:00","description":"Studien zeigen Vorteile von Teamarbeit in Schulen, trotzdem arbeiten Lehrkr\u00e4fte kaum zusammen. Es fehlt der Raum - im Schulgeb\u00e4ude und im Studenplan.","breadcrumb":{"@id":"https:\/\/fobizz.com\/de\/teamarbeit-in-schulen\/#breadcrumb"},"inLanguage":"de","potentialAction":[{"@type":"ReadAction","target":["https:\/\/fobizz.com\/de\/teamarbeit-in-schulen\/"]}]},{"@type":"ImageObject","inLanguage":"de","@id":"https:\/\/fobizz.com\/de\/teamarbeit-in-schulen\/#primaryimage","url":"https:\/\/fobizz.com\/wp-content\/uploads\/2019\/11\/Zusammenarbeit-Schule.jpg","contentUrl":"https:\/\/fobizz.com\/wp-content\/uploads\/2019\/11\/Zusammenarbeit-Schule.jpg","width":1361,"height":709,"caption":"Zusammenarbeit in der Schule"},{"@type":"BreadcrumbList","@id":"https:\/\/fobizz.com\/de\/teamarbeit-in-schulen\/#breadcrumb","itemListElement":[{"@type":"ListItem","position":1,"name":"Startseite","item":"https:\/\/fobizz.com\/de\/startpage\/"},{"@type":"ListItem","position":2,"name":"Teamarbeit in Schulen"}]},{"@type":"WebSite","@id":"https:\/\/fobizz.com\/de\/#website","url":"https:\/\/fobizz.com\/de\/","name":"fobizz","description":"AI &amp; digital Tools for Teachers","publisher":{"@id":"https:\/\/fobizz.com\/de\/#organization"},"potentialAction":[{"@type":"SearchAction","target":{"@type":"EntryPoint","urlTemplate":"https:\/\/fobizz.com\/de\/?s={search_term_string}"},"query-input":{"@type":"PropertyValueSpecification","valueRequired":true,"valueName":"search_term_string"}}],"inLanguage":"de"},{"@type":"Organization","@id":"https:\/\/fobizz.com\/de\/#organization","name":"fobizz","url":"https:\/\/fobizz.com\/de\/","logo":{"@type":"ImageObject","inLanguage":"de","@id":"https:\/\/fobizz.com\/de\/#\/schema\/logo\/image\/","url":"https:\/\/fobizz.com\/wp-content\/uploads\/2023\/07\/fobi_autor_fobizz.png","contentUrl":"https:\/\/fobizz.com\/wp-content\/uploads\/2023\/07\/fobi_autor_fobizz.png","width":200,"height":200,"caption":"fobizz"},"image":{"@id":"https:\/\/fobizz.com\/de\/#\/schema\/logo\/image\/"},"sameAs":["https:\/\/www.facebook.com\/fobizz\/","https:\/\/x.com\/fobizz","https:\/\/www.instagram.com\/fobizz_com\/","https:\/\/www.youtube.com\/@fobizz702","https:\/\/www.pinterest.de\/fobizz_com"]},{"@type":"Person","@id":"https:\/\/fobizz.com\/de\/#\/schema\/person\/340b990135fc3488757ef67719abba47","name":"fbz_admin","image":{"@type":"ImageObject","inLanguage":"de","@id":"https:\/\/secure.gravatar.com\/avatar\/20857ca64dd31ac1e81d8ce145dd4a2cdf16df4197fd8d1b48b45d8d64a130d8?s=96&d=mm&r=g","url":"https:\/\/secure.gravatar.com\/avatar\/20857ca64dd31ac1e81d8ce145dd4a2cdf16df4197fd8d1b48b45d8d64a130d8?s=96&d=mm&r=g","contentUrl":"https:\/\/secure.gravatar.com\/avatar\/20857ca64dd31ac1e81d8ce145dd4a2cdf16df4197fd8d1b48b45d8d64a130d8?s=96&d=mm&r=g","caption":"fbz_admin"},"url":"https:\/\/fobizz.com\/de\/author\/fbz_admin\/"}]}},"_links":{"self":[{"href":"https:\/\/fobizz.com\/de\/wp-json\/wp\/v2\/posts\/12675","targetHints":{"allow":["GET"]}}],"collection":[{"href":"https:\/\/fobizz.com\/de\/wp-json\/wp\/v2\/posts"}],"about":[{"href":"https:\/\/fobizz.com\/de\/wp-json\/wp\/v2\/types\/post"}],"author":[{"embeddable":true,"href":"https:\/\/fobizz.com\/de\/wp-json\/wp\/v2\/users\/1"}],"replies":[{"embeddable":true,"href":"https:\/\/fobizz.com\/de\/wp-json\/wp\/v2\/comments?post=12675"}],"version-history":[{"count":0,"href":"https:\/\/fobizz.com\/de\/wp-json\/wp\/v2\/posts\/12675\/revisions"}],"wp:featuredmedia":[{"embeddable":true,"href":"https:\/\/fobizz.com\/de\/wp-json\/wp\/v2\/media\/13131"}],"wp:attachment":[{"href":"https:\/\/fobizz.com\/de\/wp-json\/wp\/v2\/media?parent=12675"}],"wp:term":[{"taxonomy":"category","embeddable":true,"href":"https:\/\/fobizz.com\/de\/wp-json\/wp\/v2\/categories?post=12675"},{"taxonomy":"post_tag","embeddable":true,"href":"https:\/\/fobizz.com\/de\/wp-json\/wp\/v2\/tags?post=12675"}],"curies":[{"name":"wp","href":"https:\/\/api.w.org\/{rel}","templated":true}]}}