{"id":19524,"date":"2021-10-16T18:32:17","date_gmt":"2021-10-16T16:32:17","guid":{"rendered":"https:\/\/fobizz.com\/?p=19524"},"modified":"2021-10-18T12:29:49","modified_gmt":"2021-10-18T10:29:49","slug":"podcasts-von-lehrerinnen-rund-um-den-schulalltag","status":"publish","type":"post","link":"https:\/\/fobizz.com\/de\/podcasts-von-lehrerinnen-rund-um-den-schulalltag\/","title":{"rendered":"Podcasts von Lehrer*innen rund um den Schulalltag"},"content":{"rendered":"<div id='av_section_1'  class='avia-section av-jwuh4lyl-71a07174db848878b1861d57ff48dc5f main_color avia-section-no-padding avia-no-border-styling  avia-builder-el-0  el_before_av_section  avia-builder-el-first  avia-bg-style-scroll container_wrap sidebar_right'  ><div class='container av-section-cont-open' ><main  role=\"main\" itemprop=\"mainContentOfPage\"  class='template-page content  av-content-small alpha units'><div class='post-entry post-entry-type-page post-entry-19524'><div class='entry-content-wrapper clearfix'>\n\n<style type=\"text\/css\" data-created_by=\"avia_inline_auto\" id=\"style-css-av-8g18vid-d8b0cb63445631a1714c33fdbfe40a41\">\n.flex_column.av-8g18vid-d8b0cb63445631a1714c33fdbfe40a41{\nborder-radius:0px 0px 0px 0px;\npadding:0px 0px 0px 0px;\n}\n<\/style>\n<div  class='flex_column av-8g18vid-d8b0cb63445631a1714c33fdbfe40a41 av_one_fifth  avia-builder-el-1  el_before_av_three_fifth  avia-builder-el-first  first flex_column_div av-zero-column-padding  '     ><\/div>\n<style type=\"text\/css\" data-created_by=\"avia_inline_auto\" id=\"style-css-av-tl6v1h-af98d185a4ed9fa46e655bce94337947\">\n.flex_column.av-tl6v1h-af98d185a4ed9fa46e655bce94337947{\nborder-radius:0px 0px 0px 0px;\npadding:0px 0px 0px 0px;\n}\n<\/style>\n<div  class='flex_column av-tl6v1h-af98d185a4ed9fa46e655bce94337947 av_three_fifth  avia-builder-el-2  el_after_av_one_fifth  el_before_av_one_fifth  flex_column_div av-zero-column-padding  '     ><style type=\"text\/css\" data-created_by=\"avia_inline_auto\" id=\"style-css-av-7o3ygkl-1e22fae2904719bc1f26ea2d972dbac3\">\n.avia-image-container.av-7o3ygkl-1e22fae2904719bc1f26ea2d972dbac3 img.avia_image{\nbox-shadow:none;\n}\n.avia-image-container.av-7o3ygkl-1e22fae2904719bc1f26ea2d972dbac3 .av-image-caption-overlay-center{\ncolor:#ffffff;\n}\n<\/style>\n<div  class='avia-image-container av-7o3ygkl-1e22fae2904719bc1f26ea2d972dbac3 av-styling- avia-align-center  avia-builder-el-3  avia-builder-el-no-sibling '   itemprop=\"image\" itemscope=\"itemscope\" itemtype=\"https:\/\/schema.org\/ImageObject\" ><div class=\"avia-image-container-inner\"><div class=\"avia-image-overlay-wrap\"><img fetchpriority=\"high\" class='wp-image-19527 avia-img-lazy-loading-not-19527 avia_image ' src='https:\/\/fobizz.com\/wp-content\/uploads\/2021\/07\/Lehrerinnen-go-Podcast.jpg' alt='' title='Lehrerinnen go Podcast'  height=\"540\" width=\"960\"  itemprop=\"thumbnailUrl\"  \/><\/div><\/div><\/div><\/div>\n<style type=\"text\/css\" data-created_by=\"avia_inline_auto\" id=\"style-css-av-6y6gx6t-dc46b42187fc754625e3848b2d7345dc\">\n.flex_column.av-6y6gx6t-dc46b42187fc754625e3848b2d7345dc{\nborder-radius:0px 0px 0px 0px;\npadding:0px 0px 0px 0px;\n}\n<\/style>\n<div  class='flex_column av-6y6gx6t-dc46b42187fc754625e3848b2d7345dc av_one_fifth  avia-builder-el-4  el_after_av_three_fifth  avia-builder-el-last  flex_column_div av-zero-column-padding  '     ><\/div>\n\n<\/div><\/div><\/main><!-- close content main element --><\/div><\/div><div id='av_section_2'  class='avia-section av-jwuh4lyl-8ee8834c9849d2f7b160e0db6aadca04 alternate_color avia-section-default avia-no-border-styling  avia-builder-el-5  el_after_av_section  el_before_av_section  avia-bg-style-scroll container_wrap sidebar_right'  ><div class='container av-section-cont-open' ><div class='template-page content  av-content-small alpha units'><div class='post-entry post-entry-type-page post-entry-19524'><div class='entry-content-wrapper clearfix'>\n\n<style type=\"text\/css\" data-created_by=\"avia_inline_auto\" id=\"style-css-av-8g18vid-d8b0cb63445631a1714c33fdbfe40a41\">\n.flex_column.av-8g18vid-d8b0cb63445631a1714c33fdbfe40a41{\nborder-radius:0px 0px 0px 0px;\npadding:0px 0px 0px 0px;\n}\n<\/style>\n<div  class='flex_column av-8g18vid-d8b0cb63445631a1714c33fdbfe40a41 av_one_fifth  avia-builder-el-6  el_before_av_three_fifth  avia-builder-el-first  first flex_column_div av-zero-column-padding  '     ><\/div>\n<style type=\"text\/css\" data-created_by=\"avia_inline_auto\" id=\"style-css-av-tl6v1h-af98d185a4ed9fa46e655bce94337947\">\n.flex_column.av-tl6v1h-af98d185a4ed9fa46e655bce94337947{\nborder-radius:0px 0px 0px 0px;\npadding:0px 0px 0px 0px;\n}\n<\/style>\n<div  class='flex_column av-tl6v1h-af98d185a4ed9fa46e655bce94337947 av_three_fifth  avia-builder-el-7  el_after_av_one_fifth  el_before_av_one_fifth  flex_column_div av-zero-column-padding  '     ><p>\n<style type=\"text\/css\" data-created_by=\"avia_inline_auto\" id=\"style-css-av-kjd2fyvq-b1512b6f304e5b33eb31b90524dab785\">\n#top .av-special-heading.av-kjd2fyvq-b1512b6f304e5b33eb31b90524dab785{\npadding-bottom:10px;\ncolor:#22b5b7;\n}\nbody .av-special-heading.av-kjd2fyvq-b1512b6f304e5b33eb31b90524dab785 .av-special-heading-tag .heading-char{\nfont-size:25px;\n}\n.av-special-heading.av-kjd2fyvq-b1512b6f304e5b33eb31b90524dab785 .special-heading-inner-border{\nborder-color:#22b5b7;\n}\n.av-special-heading.av-kjd2fyvq-b1512b6f304e5b33eb31b90524dab785 .av-subheading{\nfont-size:15px;\n}\n<\/style>\n<div  class='av-special-heading av-kjd2fyvq-b1512b6f304e5b33eb31b90524dab785 av-special-heading-h1 custom-color-heading blockquote modern-quote  avia-builder-el-8  el_before_av_textblock  avia-builder-el-first  av-thin-font av-linked-heading'><h1 class='av-special-heading-tag '  itemprop=\"headline\"  ><strong>Podcasts von Lehrer*innen rund um den Schulalltag<\/strong><\/h1><div class=\"special-heading-border\"><div class=\"special-heading-inner-border\"><\/div><\/div><\/div><br \/>\n\n<style type=\"text\/css\" data-created_by=\"avia_inline_auto\" id=\"style-css-av-jwugwcnx-0820889843d1e287ec6c64da3a8c2356\">\n#top .av_textblock_section.av-jwugwcnx-0820889843d1e287ec6c64da3a8c2356 .avia_textblock{\ncolor:#686868;\n}\n<\/style>\n<section  class='av_textblock_section av-jwugwcnx-0820889843d1e287ec6c64da3a8c2356 '   itemscope=\"itemscope\" itemtype=\"https:\/\/schema.org\/BlogPosting\" itemprop=\"blogPost\" ><div class='avia_textblock av_inherit_color'  itemprop=\"text\" ><p><b>Podcasts sind <\/b><strong>einzigartige Ratgeber und <\/strong><b>treue Begleiter unseres Alltags. Die &#8222;Radios auf Abruf&#8220;, k\u00f6nnen zwischendurch pausiert und zu jeder Zeit weitergeh\u00f6rt werden und diese Flexibilit\u00e4t macht sie besonders beliebt. Der Vielfalt an Themengebieten sind keine Grenzen gesetzt und so gibt es mittlerweile auch einige spannende Podcasts aus der Welt der Schule. In diesem Artikel stellen wir euch verschiedene Podcasts von Lehrkr\u00e4ften vor, die \u00fcber ihren Berufsalltag berichten, witzige Anekdoten aus dem Unterricht erz\u00e4hlen oder neue Tools und zeitgem\u00e4\u00dfe Lehrformate vorstellen. Viel Spa\u00df beim Kennenlernen und Zuh\u00f6ren!<\/b><\/p>\n<\/div><\/section><\/p><\/div>\n<style type=\"text\/css\" data-created_by=\"avia_inline_auto\" id=\"style-css-av-6y6gx6t-dc46b42187fc754625e3848b2d7345dc\">\n.flex_column.av-6y6gx6t-dc46b42187fc754625e3848b2d7345dc{\nborder-radius:0px 0px 0px 0px;\npadding:0px 0px 0px 0px;\n}\n<\/style>\n<div  class='flex_column av-6y6gx6t-dc46b42187fc754625e3848b2d7345dc av_one_fifth  avia-builder-el-10  el_after_av_three_fifth  avia-builder-el-last  flex_column_div av-zero-column-padding  '     ><\/div>\n\n<\/div><\/div><\/div><!-- close content main div --><\/div><\/div><div id='av_section_3'  class='avia-section av-20n4sgj-59063060c97cfb265d02fc7785bfb92d main_color avia-section-default avia-no-border-styling  avia-builder-el-11  el_after_av_section  el_before_av_section  avia-bg-style-scroll container_wrap sidebar_right'  ><div class='container av-section-cont-open' ><div class='template-page content  av-content-small alpha units'><div class='post-entry post-entry-type-page post-entry-19524'><div class='entry-content-wrapper clearfix'>\n\n<style type=\"text\/css\" data-created_by=\"avia_inline_auto\" id=\"style-css-av-1gp8b83-699b25215428dd097bbae879094b9021\">\n.flex_column.av-1gp8b83-699b25215428dd097bbae879094b9021{\nborder-radius:0px 0px 0px 0px;\npadding:0px 0px 0px 0px;\n}\n<\/style>\n<div  class='flex_column av-1gp8b83-699b25215428dd097bbae879094b9021 av_two_fifth  avia-builder-el-12  el_before_av_three_fifth  avia-builder-el-first  first flex_column_div av-zero-column-padding  '     ><p>\n<style type=\"text\/css\" data-created_by=\"avia_inline_auto\" id=\"style-css-av-eaey31v-3e38924f6acd8f3215a797235b24132e\">\n.avia-image-container.av-eaey31v-3e38924f6acd8f3215a797235b24132e img.avia_image{\nbox-shadow:none;\n}\n.avia-image-container.av-eaey31v-3e38924f6acd8f3215a797235b24132e .av-image-caption-overlay-center{\ncolor:#ffffff;\n}\n<\/style>\n<div  class='avia-image-container av-eaey31v-3e38924f6acd8f3215a797235b24132e av-styling- av-img-linked avia-align-center  avia-builder-el-13  el_before_av_textblock  avia-builder-el-first '   itemprop=\"image\" itemscope=\"itemscope\" itemtype=\"https:\/\/schema.org\/ImageObject\" ><div class=\"avia-image-container-inner\"><div class=\"avia-image-overlay-wrap\"><a href=\"https:\/\/www.sebastian-nuesse.de\/podcast\" class='avia_image '  target=\"_blank\"  rel=\"noopener noreferrer\" aria-label='teacher talk'><img fetchpriority=\"high\" class='wp-image-20686 avia-img-lazy-loading-not-20686 avia_image ' src='https:\/\/fobizz.com\/wp-content\/uploads\/2021\/09\/teacher-talk-1-300x300.jpg' alt='' title='teacher talk'  height=\"300\" width=\"300\"  itemprop=\"thumbnailUrl\"  \/><\/a><\/div><\/div><\/div><br \/>\n<section  class='av_textblock_section av-ksykzekj-4cecab4a6ea9205048badedc50b99781 '   itemscope=\"itemscope\" itemtype=\"https:\/\/schema.org\/BlogPosting\" itemprop=\"blogPost\" ><div class='avia_textblock'  itemprop=\"text\" ><p style=\"text-align: center;\">Bildquelle: <a href=\"https:\/\/www.sebastian-nuesse.de\/podcast\">sebastian-nuesse.de<\/a><\/p>\n<\/div><\/section><\/p><\/div>\n<style type=\"text\/css\" data-created_by=\"avia_inline_auto\" id=\"style-css-av-154agab-7d0d8044541d8f4c04ac8870d11e0e8e\">\n.flex_column.av-154agab-7d0d8044541d8f4c04ac8870d11e0e8e{\nborder-radius:0px 0px 0px 0px;\npadding:0px 0px 0px 0px;\n}\n<\/style>\n<div  class='flex_column av-154agab-7d0d8044541d8f4c04ac8870d11e0e8e av_three_fifth  avia-builder-el-15  el_after_av_two_fifth  avia-builder-el-last  flex_column_div av-zero-column-padding  '     ><section  class='av_textblock_section av-e1y8fn7-6b466e93258a375649de23e7641d8cce '   itemscope=\"itemscope\" itemtype=\"https:\/\/schema.org\/BlogPosting\" itemprop=\"blogPost\" ><div class='avia_textblock'  itemprop=\"text\" ><h2><span style=\"color: #22b5b7;\"><strong>Teacher Talk<\/strong><\/span><\/h2>\n<p>In seinem Podcast &#8222;Teacher Talk&#8220; spricht Sebastian N\u00fcsse \u00fcber Digitalisierung im Unterricht, dar\u00fcber wie zeitgem\u00e4\u00dfes Lernen aussieht und stellt spannende digitale Tools vor. Jeden Montag gibt es eine neue Folge zu Themen rund um die &#8222;Schule der Zukunft&#8220;.<\/p>\n<p><span style=\"color: #22b5b7;\">Wo?\u00a0<\/span><a href=\"https:\/\/open.spotify.com\/show\/2bQZke0d6Qmeq7eIBkIvIe\" target=\"_blank\" rel=\"noopener\">Spotify<\/a>, <a href=\"https:\/\/podcasts.apple.com\/de\/podcast\/teacher-talk-podcast-erfolgreiches-lernen-und-gelungene\/id1517668181\" target=\"_blank\" rel=\"noopener\">Apple Podcast<\/a><\/p>\n<p><span style=\"color: #22b5b7;\">Wann?\u00a0<\/span>w\u00f6chentlich<\/p>\n<p><span style=\"color: #22b5b7;\">Wie lang?\u00a0<\/span>30-60 Minuten<\/p>\n<\/div><\/section><\/div><\/div><\/div><\/div><!-- close content main div --><\/div><\/div><div id='av_section_4'  class='avia-section av-4k99nb8-d4ad8f188db2e76920192133c9d1a16d main_color avia-section-default avia-no-border-styling  avia-builder-el-17  el_after_av_section  el_before_av_section  avia-bg-style-scroll container_wrap sidebar_right'  ><div class='container av-section-cont-open' ><div class='template-page content  av-content-small alpha units'><div class='post-entry post-entry-type-page post-entry-19524'><div class='entry-content-wrapper clearfix'>\n\n<style type=\"text\/css\" data-created_by=\"avia_inline_auto\" id=\"style-css-av-3zqckf8-1598ebe28e70ef491046d7dc343d75cb\">\n.flex_column.av-3zqckf8-1598ebe28e70ef491046d7dc343d75cb{\nborder-radius:0px 0px 0px 0px;\npadding:0px 0px 0px 0px;\n}\n<\/style>\n<div  class='flex_column av-3zqckf8-1598ebe28e70ef491046d7dc343d75cb av_two_fifth  avia-builder-el-18  el_before_av_three_fifth  avia-builder-el-first  first flex_column_div av-zero-column-padding  '     ><p>\n<style type=\"text\/css\" data-created_by=\"avia_inline_auto\" id=\"style-css-av-kt47fawr-ccb70293ed5a9dbf0fa5744c91c6da5c\">\n.avia-image-container.av-kt47fawr-ccb70293ed5a9dbf0fa5744c91c6da5c img.avia_image{\nbox-shadow:none;\n}\n.avia-image-container.av-kt47fawr-ccb70293ed5a9dbf0fa5744c91c6da5c .av-image-caption-overlay-center{\ncolor:#ffffff;\n}\n<\/style>\n<div  class='avia-image-container av-kt47fawr-ccb70293ed5a9dbf0fa5744c91c6da5c av-styling- av-img-linked avia-align-center  avia-builder-el-19  el_before_av_textblock  avia-builder-el-first '   itemprop=\"image\" itemscope=\"itemscope\" itemtype=\"https:\/\/schema.org\/ImageObject\" ><div class=\"avia-image-container-inner\"><div class=\"avia-image-overlay-wrap\"><a href=\"https:\/\/podcasts.apple.com\/de\/podcast\/der-vorbild-schule-podcast\/id1473871822\" class='avia_image '  target=\"_blank\"  rel=\"noopener noreferrer\" aria-label='Vorbild Schule Podcast'><img fetchpriority=\"high\" class='wp-image-20653 avia-img-lazy-loading-not-20653 avia_image ' src='https:\/\/fobizz.com\/wp-content\/uploads\/2021\/09\/Vorbild-Schule-Podcast-298x300.jpg' alt='' title='Vorbild Schule Podcast'  height=\"300\" width=\"298\"  itemprop=\"thumbnailUrl\"  \/><\/a><\/div><\/div><\/div><br \/>\n<section  class='av_textblock_section av-kt47i5hy-446531c8934a9404a30043df040c1731 '   itemscope=\"itemscope\" itemtype=\"https:\/\/schema.org\/BlogPosting\" itemprop=\"blogPost\" ><div class='avia_textblock'  itemprop=\"text\" ><p style=\"text-align: center;\">Bildquelle: <a href=\"https:\/\/podcasts.apple.com\/de\/podcast\/der-vorbild-schule-podcast\/id1473871822\">apple podcasts<\/a><\/p>\n<\/div><\/section><\/p><\/div>\n<style type=\"text\/css\" data-created_by=\"avia_inline_auto\" id=\"style-css-av-3hwyaf8-efa54f3902eab7314f2614a6bc6df5c6\">\n.flex_column.av-3hwyaf8-efa54f3902eab7314f2614a6bc6df5c6{\nborder-radius:0px 0px 0px 0px;\npadding:0px 0px 0px 0px;\n}\n<\/style>\n<div  class='flex_column av-3hwyaf8-efa54f3902eab7314f2614a6bc6df5c6 av_three_fifth  avia-builder-el-21  el_after_av_two_fifth  avia-builder-el-last  flex_column_div av-zero-column-padding  '     ><section  class='av_textblock_section av-kt47b0ah-1c1cb079d5cf2b270390b90d710b557c '   itemscope=\"itemscope\" itemtype=\"https:\/\/schema.org\/BlogPosting\" itemprop=\"blogPost\" ><div class='avia_textblock'  itemprop=\"text\" ><h2><span style=\"color: #22b5b7;\"><strong>Der Vorbild-Schule Podcast<\/strong><\/span><\/h2>\n<p>Anne Tomiuk ist Lehrerin und reflektiert in ihrem Podcast verschiedene Themen rund um ihren Berufsalltag. Dabei geht es h\u00e4ufig um Anforderungen an die heutige und zuk\u00fcnftige Schule und au\u00dferdem diskutiert sie Methoden der Lehrstoffvermittlung im Unterricht.<\/p>\n<p><span style=\"color: #22b5b7;\">Wo?\u00a0<\/span><a href=\"https:\/\/podcasts.apple.com\/de\/podcast\/der-vorbild-schule-podcast\/id1473871822\" target=\"_blank\" rel=\"noopener\">Apple Podcast<\/a><\/p>\n<p><span style=\"color: #22b5b7;\">Wann?\u00a0<\/span>unregelm\u00e4\u00dfig<\/p>\n<p><span style=\"color: #22b5b7;\">Wie lang?\u00a0<\/span>20-40 Minuten<\/p>\n<\/div><\/section><\/div><\/div><\/div><\/div><!-- close content main div --><\/div><\/div><div id='av_section_5'  class='avia-section av-471svgz-6735e4a885d9bbf49bb6bcdfce4f14f5 main_color avia-section-default avia-no-border-styling  avia-builder-el-23  el_after_av_section  el_before_av_section  avia-bg-style-scroll container_wrap sidebar_right'  ><div class='container av-section-cont-open' ><div class='template-page content  av-content-small alpha units'><div class='post-entry post-entry-type-page post-entry-19524'><div class='entry-content-wrapper clearfix'>\n\n<style type=\"text\/css\" data-created_by=\"avia_inline_auto\" id=\"style-css-av-l4d3lf-9af41dea4d9f1977f5f5871f7a0d206c\">\n.flex_column.av-l4d3lf-9af41dea4d9f1977f5f5871f7a0d206c{\nborder-radius:0px 0px 0px 0px;\npadding:0px 0px 0px 0px;\n}\n<\/style>\n<div  class='flex_column av-l4d3lf-9af41dea4d9f1977f5f5871f7a0d206c av_two_fifth  avia-builder-el-24  el_before_av_three_fifth  avia-builder-el-first  first flex_column_div av-zero-column-padding  '     ><p>\n<style type=\"text\/css\" data-created_by=\"avia_inline_auto\" id=\"style-css-av-gcknwr7-9f86a5db912652f4bbf6e35a1c2addaa\">\n.avia-image-container.av-gcknwr7-9f86a5db912652f4bbf6e35a1c2addaa img.avia_image{\nbox-shadow:none;\n}\n.avia-image-container.av-gcknwr7-9f86a5db912652f4bbf6e35a1c2addaa .av-image-caption-overlay-center{\ncolor:#ffffff;\n}\n<\/style>\n<div  class='avia-image-container av-gcknwr7-9f86a5db912652f4bbf6e35a1c2addaa av-styling- av-img-linked avia-align-center  avia-builder-el-25  el_before_av_textblock  avia-builder-el-first '   itemprop=\"image\" itemscope=\"itemscope\" itemtype=\"https:\/\/schema.org\/ImageObject\" ><div class=\"avia-image-container-inner\"><div class=\"avia-image-overlay-wrap\"><a href=\"https:\/\/www.lockerlehrer.de\/\" class='avia_image '  target=\"_blank\"  rel=\"noopener noreferrer\" aria-label='locker lehrer'><img fetchpriority=\"high\" class='wp-image-19533 avia-img-lazy-loading-not-19533 avia_image ' src='https:\/\/fobizz.com\/wp-content\/uploads\/2021\/07\/locker-lehrer-300x300.jpg' alt='' title='locker lehrer'  height=\"300\" width=\"300\"  itemprop=\"thumbnailUrl\"  \/><\/a><\/div><\/div><\/div><br \/>\n<section  class='av_textblock_section av-ksyl1auw-470c4b63b6999da624387c19cc41d4d6 '   itemscope=\"itemscope\" itemtype=\"https:\/\/schema.org\/BlogPosting\" itemprop=\"blogPost\" ><div class='avia_textblock'  itemprop=\"text\" ><p style=\"text-align: center;\">Bildquelle: <a href=\"https:\/\/www.lockerlehrer.de\/\">lockerlehrer.de<\/a><\/p>\n<\/div><\/section><\/p><\/div>\n<style type=\"text\/css\" data-created_by=\"avia_inline_auto\" id=\"style-css-av-2it165v-57d0827ff0ff5a6496d5fee8961b6184\">\n.flex_column.av-2it165v-57d0827ff0ff5a6496d5fee8961b6184{\nborder-radius:0px 0px 0px 0px;\npadding:0px 0px 0px 0px;\n}\n<\/style>\n<div  class='flex_column av-2it165v-57d0827ff0ff5a6496d5fee8961b6184 av_three_fifth  avia-builder-el-27  el_after_av_two_fifth  avia-builder-el-last  flex_column_div av-zero-column-padding  '     ><section  class='av_textblock_section av-fsyo3mb-37afba3c327aa1bd5332075fdfeb91f5 '   itemscope=\"itemscope\" itemtype=\"https:\/\/schema.org\/BlogPosting\" itemprop=\"blogPost\" ><div class='avia_textblock'  itemprop=\"text\" ><h2><span style=\"color: #22b5b7;\"><strong>Locker Lehrer<\/strong><\/span><\/h2>\n<p>Lydia thematisiert in ihrem Podcast die Pers\u00f6nlichkeitsentwicklung von Lehrer*innen und vor allem M\u00f6glichkeiten, um dem Schulalltag locker und positiv zu begegnen. Ihr Motto ist &#8222;gemeckert wird \u00fcberall schon genug&#8220;, deshalb gibt sie lieber praktische Tipps und m\u00f6chte positive Energie verspr\u00fchen.<\/p>\n<p><span style=\"color: #22b5b7;\">Wo?\u00a0<\/span><a href=\"https:\/\/open.spotify.com\/show\/2SHhoC79qeXjiE85D3q2yF\" target=\"_blank\" rel=\"noopener\">Spotify<\/a>, <a href=\"https:\/\/podcasts.apple.com\/de\/podcast\/locker-lehrer-der-positive-lehrerpodcast\/id1262392211\" target=\"_blank\" rel=\"noopener\">Apple Podcast<\/a><\/p>\n<p><span style=\"color: #22b5b7;\">Wann?\u00a0<\/span>unregelm\u00e4\u00dfig<\/p>\n<p><span style=\"color: #22b5b7;\">Wie lang?\u00a0<\/span>15-60 Minuten<\/p>\n<\/div><\/section><\/div><\/div><\/div><\/div><!-- close content main div --><\/div><\/div><div id='av_section_6'  class='avia-section av-bc0rsj-bc10b4c887935916a1e37e329efda120 main_color avia-section-default avia-no-border-styling  avia-builder-el-29  el_after_av_section  el_before_av_section  avia-bg-style-scroll container_wrap sidebar_right'  ><div class='container av-section-cont-open' ><div class='template-page content  av-content-small alpha units'><div class='post-entry post-entry-type-page post-entry-19524'><div class='entry-content-wrapper clearfix'>\n\n<style type=\"text\/css\" data-created_by=\"avia_inline_auto\" id=\"style-css-av-u2xrac-27c26f018de359a028efa77da140508e\">\n.flex_column.av-u2xrac-27c26f018de359a028efa77da140508e{\nborder-radius:0px 0px 0px 0px;\npadding:0px 0px 0px 0px;\n}\n<\/style>\n<div  class='flex_column av-u2xrac-27c26f018de359a028efa77da140508e av_two_fifth  avia-builder-el-30  el_before_av_three_fifth  avia-builder-el-first  first flex_column_div av-zero-column-padding  '     ><p>\n<style type=\"text\/css\" data-created_by=\"avia_inline_auto\" id=\"style-css-av-kqrr4qqi-3845766f2d25cbbbabae426ce14a6109\">\n.avia-image-container.av-kqrr4qqi-3845766f2d25cbbbabae426ce14a6109 img.avia_image{\nbox-shadow:none;\n}\n.avia-image-container.av-kqrr4qqi-3845766f2d25cbbbabae426ce14a6109 .av-image-caption-overlay-center{\ncolor:#ffffff;\n}\n<\/style>\n<div  class='avia-image-container av-kqrr4qqi-3845766f2d25cbbbabae426ce14a6109 av-styling- av-img-linked avia-align-center  avia-builder-el-31  el_before_av_textblock  avia-builder-el-first '   itemprop=\"image\" itemscope=\"itemscope\" itemtype=\"https:\/\/schema.org\/ImageObject\" ><div class=\"avia-image-container-inner\"><div class=\"avia-image-overlay-wrap\"><a href=\"https:\/\/www.podcast.de\/podcast\/822593\/lehrergefluester\" class='avia_image '  target=\"_blank\"  rel=\"noopener noreferrer\" aria-label='lehrergefluester'><img fetchpriority=\"high\" class='wp-image-19530 avia-img-lazy-loading-not-19530 avia_image ' src='https:\/\/fobizz.com\/wp-content\/uploads\/2021\/07\/lehrergefluester-300x300.jpg' alt='' title='lehrergefluester'  height=\"300\" width=\"300\"  itemprop=\"thumbnailUrl\"  \/><\/a><\/div><\/div><\/div><br \/>\n<section  class='av_textblock_section av-ksyl2cch-79cf2a4db92d75c0f7759d1605245ad0 '   itemscope=\"itemscope\" itemtype=\"https:\/\/schema.org\/BlogPosting\" itemprop=\"blogPost\" ><div class='avia_textblock'  itemprop=\"text\" ><p style=\"text-align: center;\">Bildquelle: <a href=\"https:\/\/www.podcast.de\/podcast\/822593\/lehrergefluester\">podcast.de<\/a><\/p>\n<\/div><\/section><\/p><\/div>\n<style type=\"text\/css\" data-created_by=\"avia_inline_auto\" id=\"style-css-av-1nu0kfn-758feb1c052345e278de83362ca762f4\">\n.flex_column.av-1nu0kfn-758feb1c052345e278de83362ca762f4{\nborder-radius:0px 0px 0px 0px;\npadding:0px 0px 0px 0px;\n}\n<\/style>\n<div  class='flex_column av-1nu0kfn-758feb1c052345e278de83362ca762f4 av_three_fifth  avia-builder-el-33  el_after_av_two_fifth  avia-builder-el-last  flex_column_div av-zero-column-padding  '     ><section  class='av_textblock_section av-19hvw43-7587f19e7ca3c3cd1307bb22259bb0a0 '   itemscope=\"itemscope\" itemtype=\"https:\/\/schema.org\/BlogPosting\" itemprop=\"blogPost\" ><div class='avia_textblock'  itemprop=\"text\" ><h2><span style=\"color: #22b5b7;\"><strong>Lehrergefl\u00fcster<\/strong><\/span><\/h2>\n<p>Pssst&#8230; Saskia mag Schule, vor allem Grundschule! In ihrem Podcast r\u00e4umt sie mit Klischees\u00a0 auf, die Grundschulleher*innen anlasten. Sie berichtet \u00fcber das Studium, das Referendariat und ihren Alltag als Lehrerin.<\/p>\n<p><span style=\"color: #22b5b7;\">Wo?\u00a0<\/span><a href=\"https:\/\/open.spotify.com\/show\/7ML4Z454IFQRkxnsORT7Ua\" target=\"_blank\" rel=\"noopener\">Spotify<\/a>, <a href=\"https:\/\/podcasts.apple.com\/ua\/podcast\/lehrergefl%C3%BCster\/id1518393725\" target=\"_blank\" rel=\"noopener\">Apple Podcast<\/a><\/p>\n<p><span style=\"color: #22b5b7;\">Wann?\u00a0<\/span>unregelm\u00e4\u00dfig<\/p>\n<p><span style=\"color: #22b5b7;\">Wie lang?\u00a0<\/span>5-10 Minuten<\/p>\n<\/div><\/section><\/div><\/div><\/div><\/div><!-- close content main div --><\/div><\/div><div id='av_section_7'  class='avia-section av-6kfndw-a959746cb625e0394c2a3543559ae37e main_color avia-section-default avia-no-border-styling  avia-builder-el-35  el_after_av_section  el_before_av_section  avia-bg-style-scroll container_wrap sidebar_right'  ><div class='container av-section-cont-open' ><div class='template-page content  av-content-small alpha units'><div class='post-entry post-entry-type-page post-entry-19524'><div class='entry-content-wrapper clearfix'>\n\n<style type=\"text\/css\" data-created_by=\"avia_inline_auto\" id=\"style-css-av-13nd0qs-f5d17763deab9cf132e69ed78a2b7f41\">\n.flex_column.av-13nd0qs-f5d17763deab9cf132e69ed78a2b7f41{\nborder-radius:0px 0px 0px 0px;\npadding:0px 0px 0px 0px;\n}\n<\/style>\n<div  class='flex_column av-13nd0qs-f5d17763deab9cf132e69ed78a2b7f41 av_two_fifth  avia-builder-el-36  el_before_av_three_fifth  avia-builder-el-first  first flex_column_div av-zero-column-padding  '     ><p>\n<style type=\"text\/css\" data-created_by=\"avia_inline_auto\" id=\"style-css-av-kt47w960-b6dac719abf62fde91fede339c7d7a0c\">\n.avia-image-container.av-kt47w960-b6dac719abf62fde91fede339c7d7a0c img.avia_image{\nbox-shadow:none;\n}\n.avia-image-container.av-kt47w960-b6dac719abf62fde91fede339c7d7a0c .av-image-caption-overlay-center{\ncolor:#ffffff;\n}\n<\/style>\n<div  class='avia-image-container av-kt47w960-b6dac719abf62fde91fede339c7d7a0c av-styling- av-img-linked avia-align-center  avia-builder-el-37  el_before_av_textblock  avia-builder-el-first '   itemprop=\"image\" itemscope=\"itemscope\" itemtype=\"https:\/\/schema.org\/ImageObject\" ><div class=\"avia-image-container-inner\"><div class=\"avia-image-overlay-wrap\"><a href=\"https:\/\/herrka.jimdofree.com\/podcast\/\" class='avia_image '  target=\"_blank\"  rel=\"noopener noreferrer\" aria-label='Lauschcaf\u00e9'><img fetchpriority=\"high\" class='wp-image-20655 avia-img-lazy-loading-not-20655 avia_image ' src='https:\/\/fobizz.com\/wp-content\/uploads\/2021\/09\/Lauschcafe-300x300.jpg' alt='' title='Lauschcaf\u00e9'  height=\"300\" width=\"300\"  itemprop=\"thumbnailUrl\"  \/><\/a><\/div><\/div><\/div><br \/>\n<section  class='av_textblock_section av-kt47x1pm-f1131e25fcf4fec54bc49bef5e546795 '   itemscope=\"itemscope\" itemtype=\"https:\/\/schema.org\/BlogPosting\" itemprop=\"blogPost\" ><div class='avia_textblock'  itemprop=\"text\" ><p style=\"text-align: center;\">Bildquelle: <a href=\"https:\/\/herrka.jimdofree.com\/podcast\/\">herrka.jimdofree.com<\/a><\/p>\n<\/div><\/section><\/p><\/div>\n<style type=\"text\/css\" data-created_by=\"avia_inline_auto\" id=\"style-css-av-paxmmc-33bea83c0fdb8658f6fe122d2c9560bb\">\n.flex_column.av-paxmmc-33bea83c0fdb8658f6fe122d2c9560bb{\nborder-radius:0px 0px 0px 0px;\npadding:0px 0px 0px 0px;\n}\n<\/style>\n<div  class='flex_column av-paxmmc-33bea83c0fdb8658f6fe122d2c9560bb av_three_fifth  avia-builder-el-39  el_after_av_two_fifth  avia-builder-el-last  flex_column_div av-zero-column-padding  '     ><section  class='av_textblock_section av-kt47dcu8-66c057fe1322b23ab3da8e588f0dfd49 '   itemscope=\"itemscope\" itemtype=\"https:\/\/schema.org\/BlogPosting\" itemprop=\"blogPost\" ><div class='avia_textblock'  itemprop=\"text\" ><h2><span style=\"color: #22b5b7;\"><strong>Lauschcaf\u00e9<\/strong><\/span><\/h2>\n<p>In diesem Podcast l\u00e4dt Tim Kantereit verschiedene G\u00e4ste zum Gespr\u00e4ch ein. Er unterh\u00e4lt sich mit ihnen zu relevanten und sehr abwechslungsreichen Themen rund um die Welt der digitalen Bildung.<\/p>\n<p><span style=\"color: #22b5b7;\">Wo?\u00a0<\/span><a href=\"https:\/\/open.spotify.com\/show\/6BqOjnwLE0pofzAfQAt8eT\" target=\"_blank\" rel=\"noopener\">Spotify<\/a>, <a href=\"https:\/\/podcasts.apple.com\/de\/podcast\/lauschcaf%C3%A9\/id1476315603\" target=\"_blank\" rel=\"noopener\">Apple Podcast<\/a>, <a href=\"https:\/\/podcasts.google.com\/feed\/aHR0cHM6Ly9hbmNob3IuZm0vcy9kM2UxMWQwL3BvZGNhc3QvcnNz\">Google Podcasts<\/a>, <a href=\"https:\/\/anchor.fm\/Lauschcafe\">Anchor<\/a>, <a href=\"https:\/\/pca.st\/6875\">PocketCasts<\/a><\/p>\n<p><span style=\"color: #22b5b7;\">Wann?\u00a0<\/span>monatlich<\/p>\n<p><span style=\"color: #22b5b7;\">Wie lang?\u00a0<\/span>20-60 Minuten<\/p>\n<\/div><\/section><\/div><\/div><\/div><\/div><!-- close content main div --><\/div><\/div><div id='av_section_8'  class='avia-section av-1mq08pw-04d7cc74f5f653e20c68094613d78a7e main_color avia-section-default avia-no-border-styling  avia-builder-el-41  el_after_av_section  el_before_av_section  avia-bg-style-scroll container_wrap sidebar_right'  ><div class='container av-section-cont-open' ><div class='template-page content  av-content-small alpha units'><div class='post-entry post-entry-type-page post-entry-19524'><div class='entry-content-wrapper clearfix'>\n\n<style type=\"text\/css\" data-created_by=\"avia_inline_auto\" id=\"style-css-av-15ks5vo-61d59baf4d1d2bc4856adc6480fd2304\">\n.flex_column.av-15ks5vo-61d59baf4d1d2bc4856adc6480fd2304{\nborder-radius:0px 0px 0px 0px;\npadding:0px 0px 0px 0px;\n}\n<\/style>\n<div  class='flex_column av-15ks5vo-61d59baf4d1d2bc4856adc6480fd2304 av_two_fifth  avia-builder-el-42  el_before_av_three_fifth  avia-builder-el-first  first flex_column_div av-zero-column-padding  '     ><p>\n<style type=\"text\/css\" data-created_by=\"avia_inline_auto\" id=\"style-css-av-kqru1cr0-77244a5eebde86b13fd6c3341154c37a\">\n.avia-image-container.av-kqru1cr0-77244a5eebde86b13fd6c3341154c37a img.avia_image{\nbox-shadow:none;\n}\n.avia-image-container.av-kqru1cr0-77244a5eebde86b13fd6c3341154c37a .av-image-caption-overlay-center{\ncolor:#ffffff;\n}\n<\/style>\n<div  class='avia-image-container av-kqru1cr0-77244a5eebde86b13fd6c3341154c37a av-styling- av-img-linked avia-align-center  avia-builder-el-43  el_before_av_textblock  avia-builder-el-first '   itemprop=\"image\" itemscope=\"itemscope\" itemtype=\"https:\/\/schema.org\/ImageObject\" ><div class=\"avia-image-container-inner\"><div class=\"avia-image-overlay-wrap\"><a href=\"https:\/\/www.instagram.com\/halloherrbecker\/?hl=de\" class='avia_image '  target=\"_blank\"  rel=\"noopener noreferrer\" aria-label='Hallo Herr Becker'><img fetchpriority=\"high\" class='wp-image-19543 avia-img-lazy-loading-not-19543 avia_image ' src='https:\/\/fobizz.com\/wp-content\/uploads\/2021\/07\/Hallo-Herr-Becker-300x300.jpeg' alt='' title='Hallo Herr Becker'  height=\"300\" width=\"300\"  itemprop=\"thumbnailUrl\"  \/><\/a><\/div><\/div><\/div><br \/>\n<section  class='av_textblock_section av-ksyl3p1s-71292f6d2bcd9fcd6620ed873b1751a7 '   itemscope=\"itemscope\" itemtype=\"https:\/\/schema.org\/BlogPosting\" itemprop=\"blogPost\" ><div class='avia_textblock'  itemprop=\"text\" ><p style=\"text-align: center;\">Bildquelle: <a href=\"https:\/\/www.instagram.com\/halloherrbecker\/?hl=de\">instagram.de<\/a><\/p>\n<\/div><\/section><\/p><\/div>\n<style type=\"text\/css\" data-created_by=\"avia_inline_auto\" id=\"style-css-av-ux8pz8-e9bdf9ef635f0a213746c44d24fc4d91\">\n.flex_column.av-ux8pz8-e9bdf9ef635f0a213746c44d24fc4d91{\nborder-radius:0px 0px 0px 0px;\npadding:0px 0px 0px 0px;\n}\n<\/style>\n<div  class='flex_column av-ux8pz8-e9bdf9ef635f0a213746c44d24fc4d91 av_three_fifth  avia-builder-el-45  el_after_av_two_fifth  avia-builder-el-last  flex_column_div av-zero-column-padding  '     ><section  class='av_textblock_section av-kqrtz51s-504578145395892fec6d681dc6a298ae '   itemscope=\"itemscope\" itemtype=\"https:\/\/schema.org\/BlogPosting\" itemprop=\"blogPost\" ><div class='avia_textblock'  itemprop=\"text\" ><h2><span style=\"color: #22b5b7;\"><strong>Hallo, Herr Becker!<\/strong><\/span><\/h2>\n<p>Christian alias &#8222;Herr Becker&#8220; erz\u00e4hlt in seinem Podcast von kuriosen, lustigen, nachdenklichen und unvorhersehbaren Ereignissen seines Schulalltags. Die Geschichten beweisen einmal mehr, dass der Schulalltag vielf\u00e4ltiger ist als blo\u00dfe Wissensvermittlung. Dieser Podcast l\u00e4dt zum Schmunzeln ein!<\/p>\n<p><span style=\"color: #22b5b7;\">Wo?\u00a0<\/span><a href=\"https:\/\/open.spotify.com\/show\/3U27cP6XTbXmBSRDhgBIQQ\" target=\"_blank\" rel=\"noopener\">Spotify<\/a>, <a href=\"https:\/\/podcasts.apple.com\/us\/podcast\/hallo-herr-becker-wahrhaftiges-zwischen-lehrerpult\/id1511710726\" target=\"_blank\" rel=\"noopener\">Apple Podcast<\/a><\/p>\n<p><span style=\"color: #22b5b7;\">Wann?\u00a0<\/span>unregelm\u00e4\u00dfig<\/p>\n<p><span style=\"color: #22b5b7;\">Wie lang?\u00a0<\/span>5-10 Minuten<\/p>\n<\/div><\/section><\/div><\/div><\/div><\/div><!-- close content main div --><\/div><\/div><div id='av_section_9'  class='avia-section av-1mh0lhg-db4e280a6d20be157d67208f6eabaf1f main_color avia-section-default avia-no-border-styling  avia-builder-el-47  el_after_av_section  el_before_av_section  avia-bg-style-scroll container_wrap sidebar_right'  ><div class='container av-section-cont-open' ><div class='template-page content  av-content-small alpha units'><div class='post-entry post-entry-type-page post-entry-19524'><div class='entry-content-wrapper clearfix'>\n\n<style type=\"text\/css\" data-created_by=\"avia_inline_auto\" id=\"style-css-av-1aro4o4-5a846a7bd0c35364da694717d8709de5\">\n.flex_column.av-1aro4o4-5a846a7bd0c35364da694717d8709de5{\nborder-radius:0px 0px 0px 0px;\npadding:0px 0px 0px 0px;\n}\n<\/style>\n<div  class='flex_column av-1aro4o4-5a846a7bd0c35364da694717d8709de5 av_two_fifth  avia-builder-el-48  el_before_av_three_fifth  avia-builder-el-first  first flex_column_div av-zero-column-padding  '     ><p>\n<style type=\"text\/css\" data-created_by=\"avia_inline_auto\" id=\"style-css-av-kqrtmynw-e9a990767247f80bc33604de1973a204\">\n.avia-image-container.av-kqrtmynw-e9a990767247f80bc33604de1973a204 img.avia_image{\nbox-shadow:none;\n}\n.avia-image-container.av-kqrtmynw-e9a990767247f80bc33604de1973a204 .av-image-caption-overlay-center{\ncolor:#ffffff;\n}\n<\/style>\n<div  class='avia-image-container av-kqrtmynw-e9a990767247f80bc33604de1973a204 av-styling- av-img-linked avia-align-center  avia-builder-el-49  el_before_av_textblock  avia-builder-el-first '   itemprop=\"image\" itemscope=\"itemscope\" itemtype=\"https:\/\/schema.org\/ImageObject\" ><div class=\"avia-image-container-inner\"><div class=\"avia-image-overlay-wrap\"><a href=\"https:\/\/lehrermomente.wordpress.com\/mein-podcast-2\/\" class='avia_image '  target=\"_blank\"  rel=\"noopener noreferrer\" aria-label='lehrer momente podcast'><img fetchpriority=\"high\" class='wp-image-19541 avia-img-lazy-loading-not-19541 avia_image ' src='https:\/\/fobizz.com\/wp-content\/uploads\/2021\/07\/lehrer-momente-podcast-300x300.jpg' alt='' title='lehrer momente podcast'  height=\"300\" width=\"300\"  itemprop=\"thumbnailUrl\"  \/><\/a><\/div><\/div><\/div><br \/>\n<section  class='av_textblock_section av-ksyl309d-e1e5508ec7bf5a6770bddb299db2b146 '   itemscope=\"itemscope\" itemtype=\"https:\/\/schema.org\/BlogPosting\" itemprop=\"blogPost\" ><div class='avia_textblock'  itemprop=\"text\" ><p style=\"text-align: center;\">Bildquelle: <a href=\"https:\/\/lehrermomente.wordpress.com\/mein-podcast-2\/\">lehrermomente.de<\/a><\/p>\n<\/div><\/section><\/p><\/div>\n<style type=\"text\/css\" data-created_by=\"avia_inline_auto\" id=\"style-css-av-j30i04-7723c64f9ff0b2bddea4dbe0c6813668\">\n.flex_column.av-j30i04-7723c64f9ff0b2bddea4dbe0c6813668{\nborder-radius:0px 0px 0px 0px;\npadding:0px 0px 0px 0px;\n}\n<\/style>\n<div  class='flex_column av-j30i04-7723c64f9ff0b2bddea4dbe0c6813668 av_three_fifth  avia-builder-el-51  el_after_av_two_fifth  avia-builder-el-last  flex_column_div av-zero-column-padding  '     ><section  class='av_textblock_section av-kqrtrhwl-930a29103d9571483090fcecf3f8600b '   itemscope=\"itemscope\" itemtype=\"https:\/\/schema.org\/BlogPosting\" itemprop=\"blogPost\" ><div class='avia_textblock'  itemprop=\"text\" ><h2><span style=\"color: #22b5b7;\"><strong>Lehrer-Momente<\/strong><\/span><\/h2>\n<p>Daniela ist seit 2014 Grundschullehrerin und liebt den Austausch zwischen Kolleg*innen. Ihr Podcast ist vor allem f\u00fcr Referendare interessant, die noch auf dem Weg ins Lehrer*innenleben sind, denn f\u00fcr diese hat sie wertvolle praktische Tipps.<\/p>\n<p><span style=\"color: #22b5b7;\">Wo?\u00a0<\/span><a href=\"https:\/\/open.spotify.com\/show\/1eXDuqJenDSjAOKnzsfcR3\" target=\"_blank\" rel=\"noopener\">Spotify<\/a>, <a href=\"https:\/\/podcasts.apple.com\/de\/podcast\/lehrer-momente-der-podcast\/id1389985298\" target=\"_blank\" rel=\"noopener\">Apple Podcast<\/a><\/p>\n<p><span style=\"color: #22b5b7;\">Wann?\u00a0<\/span>unregelm\u00e4\u00dfig<\/p>\n<p><span style=\"color: #22b5b7;\">Wie lang?\u00a0<\/span>15-60 Minuten<\/p>\n<\/div><\/section><\/div><\/div><\/div><\/div><!-- close content main div --><\/div><\/div><div id='av_section_10'  class='avia-section av-613284-47f34685bb0266142e21d572e0816549 main_color avia-section-default avia-no-border-styling  avia-builder-el-53  el_after_av_section  el_before_av_section  avia-bg-style-scroll container_wrap sidebar_right'  ><div class='container av-section-cont-open' ><div class='template-page content  av-content-small alpha units'><div class='post-entry post-entry-type-page post-entry-19524'><div class='entry-content-wrapper clearfix'>\n\n<style type=\"text\/css\" data-created_by=\"avia_inline_auto\" id=\"style-css-av-1a3fsck-b6bc4b0e37e843a55a49a300ad472d13\">\n.flex_column.av-1a3fsck-b6bc4b0e37e843a55a49a300ad472d13{\nborder-radius:0px 0px 0px 0px;\npadding:0px 0px 0px 0px;\n}\n<\/style>\n<div  class='flex_column av-1a3fsck-b6bc4b0e37e843a55a49a300ad472d13 av_two_fifth  avia-builder-el-54  el_before_av_three_fifth  avia-builder-el-first  first flex_column_div av-zero-column-padding  '     ><p>\n<style type=\"text\/css\" data-created_by=\"avia_inline_auto\" id=\"style-css-av-kqru8js8-b867cef71e91f94f6163b11feae0e229\">\n.avia-image-container.av-kqru8js8-b867cef71e91f94f6163b11feae0e229 img.avia_image{\nbox-shadow:none;\n}\n.avia-image-container.av-kqru8js8-b867cef71e91f94f6163b11feae0e229 .av-image-caption-overlay-center{\ncolor:#ffffff;\n}\n<\/style>\n<div  class='avia-image-container av-kqru8js8-b867cef71e91f94f6163b11feae0e229 av-styling- av-img-linked avia-align-center  avia-builder-el-55  el_before_av_textblock  avia-builder-el-first '   itemprop=\"image\" itemscope=\"itemscope\" itemtype=\"https:\/\/schema.org\/ImageObject\" ><div class=\"avia-image-container-inner\"><div class=\"avia-image-overlay-wrap\"><a href=\"https:\/\/www.podcast.de\/podcast\/633093\/frau-bachmayer-packt-aus\" class='avia_image '  target=\"_blank\"  rel=\"noopener noreferrer\" aria-label='frau Bachmayer packt aus'><img fetchpriority=\"high\" class='wp-image-19545 avia-img-lazy-loading-not-19545 avia_image ' src='https:\/\/fobizz.com\/wp-content\/uploads\/2021\/07\/frau-Bachmayer-packt-aus-300x300.jpg' alt='' title='frau Bachmayer packt aus'  height=\"300\" width=\"300\"  itemprop=\"thumbnailUrl\"  \/><\/a><\/div><\/div><\/div><br \/>\n<section  class='av_textblock_section av-ksyl612a-d2824e1e4b381da9f1a57a6b75091348 '   itemscope=\"itemscope\" itemtype=\"https:\/\/schema.org\/BlogPosting\" itemprop=\"blogPost\" ><div class='avia_textblock'  itemprop=\"text\" ><p style=\"text-align: center;\">Bildquelle: <a href=\"https:\/\/www.podcast.de\/podcast\/633093\/frau-bachmayer-packt-aus\">podcast.de<\/a><\/p>\n<\/div><\/section><\/p><\/div>\n<style type=\"text\/css\" data-created_by=\"avia_inline_auto\" id=\"style-css-av-n9tlj8-5c9471024e8979db42440d04c11295e5\">\n.flex_column.av-n9tlj8-5c9471024e8979db42440d04c11295e5{\nborder-radius:0px 0px 0px 0px;\npadding:0px 0px 0px 0px;\n}\n<\/style>\n<div  class='flex_column av-n9tlj8-5c9471024e8979db42440d04c11295e5 av_three_fifth  avia-builder-el-57  el_after_av_two_fifth  avia-builder-el-last  flex_column_div av-zero-column-padding  '     ><section  class='av_textblock_section av-kqru77pc-0f9d9f17c1fc5c5dfa2976f225834cac '   itemscope=\"itemscope\" itemtype=\"https:\/\/schema.org\/BlogPosting\" itemprop=\"blogPost\" ><div class='avia_textblock'  itemprop=\"text\" ><h2><span style=\"color: #22b5b7;\"><strong>Frau Bachmayer packt aus!<\/strong><\/span><\/h2>\n<p>&#8222;Frau Bachmayer&#8220; ist das Pseudonym einer Lehrerin aus Niedersachsen, die hinter diesem Podcast steckt und h\u00e4ufig von einem Kollegen unterst\u00fctzt wird. Sie berichten aus ihrem Schulalltag und nehmen dabei kein Blatt vor den Mund.<\/p>\n<p><span style=\"color: #22b5b7;\">Wo?\u00a0<\/span><a href=\"https:\/\/open.spotify.com\/show\/01nEutzRnPkLtHwLGrWC9Z\" target=\"_blank\" rel=\"noopener\">Spotify<\/a>, <a href=\"https:\/\/podcasts.apple.com\/de\/podcast\/frau-bachmayer-packt-aus\/id1225189275\" target=\"_blank\" rel=\"noopener\">Apple Podcast<\/a>, <a href=\"https:\/\/audionow.de\/podcast\/9441c6d8-801b-422b-85cd-4183b7abba4d\" target=\"_blank\" rel=\"noopener\">AudioNow<\/a><\/p>\n<p><span style=\"color: #22b5b7;\">Wann?\u00a0<\/span>alle 2 Wochen<\/p>\n<p><span style=\"color: #22b5b7;\">Wie lang?\u00a0<\/span>10-60 Minuten<\/p>\n<\/div><\/section><\/div><\/div><\/div><\/div><!-- close content main div --><\/div><\/div><div id='av_section_11'  class='avia-section av-1pcdg3o-b0e82f1d867b6b338e127dc96dacf958 main_color avia-section-default avia-no-border-styling  avia-builder-el-59  el_after_av_section  el_before_av_section  avia-bg-style-scroll container_wrap sidebar_right'  ><div class='container av-section-cont-open' ><div class='template-page content  av-content-small alpha units'><div class='post-entry post-entry-type-page post-entry-19524'><div class='entry-content-wrapper clearfix'>\n\n<style type=\"text\/css\" data-created_by=\"avia_inline_auto\" id=\"style-css-av-11cwhgk-5545ea11fb1ff1438b58b3bb04f3393d\">\n.flex_column.av-11cwhgk-5545ea11fb1ff1438b58b3bb04f3393d{\nborder-radius:0px 0px 0px 0px;\npadding:0px 0px 0px 0px;\n}\n<\/style>\n<div  class='flex_column av-11cwhgk-5545ea11fb1ff1438b58b3bb04f3393d av_two_fifth  avia-builder-el-60  el_before_av_three_fifth  avia-builder-el-first  first flex_column_div av-zero-column-padding  '     ><p>\n<style type=\"text\/css\" data-created_by=\"avia_inline_auto\" id=\"style-css-av-ksym5uy1-c841cf6a83ef89be74eab0eb31bd32e3\">\n.avia-image-container.av-ksym5uy1-c841cf6a83ef89be74eab0eb31bd32e3 img.avia_image{\nbox-shadow:none;\n}\n.avia-image-container.av-ksym5uy1-c841cf6a83ef89be74eab0eb31bd32e3 .av-image-caption-overlay-center{\ncolor:#ffffff;\n}\n<\/style>\n<div  class='avia-image-container av-ksym5uy1-c841cf6a83ef89be74eab0eb31bd32e3 av-styling- av-img-linked avia-align-center  avia-builder-el-61  el_before_av_textblock  avia-builder-el-first '   itemprop=\"image\" itemscope=\"itemscope\" itemtype=\"https:\/\/schema.org\/ImageObject\" ><div class=\"avia-image-container-inner\"><div class=\"avia-image-overlay-wrap\"><a href=\"https:\/\/www.lehrerbuero.de\/lehrerbuero-podcast.html\" class='avia_image '  target=\"_blank\"  rel=\"noopener noreferrer\" aria-label='Lehrerb\u00fcro podcast'><img fetchpriority=\"high\" class='wp-image-20525 avia-img-lazy-loading-not-20525 avia_image ' src='https:\/\/fobizz.com\/wp-content\/uploads\/2021\/08\/Lehrerburo-podcast-300x300.jpg' alt='' title='Lehrerb\u00fcro podcast'  height=\"300\" width=\"300\"  itemprop=\"thumbnailUrl\"  \/><\/a><\/div><\/div><\/div><br \/>\n<section  class='av_textblock_section av-ksym69rl-f4765378fbaa646cb807dc2486fdf323 '   itemscope=\"itemscope\" itemtype=\"https:\/\/schema.org\/BlogPosting\" itemprop=\"blogPost\" ><div class='avia_textblock'  itemprop=\"text\" ><p style=\"text-align: center;\">Bildquelle: <a href=\"https:\/\/www.lehrerbuero.de\/lehrerbuero-podcast.html\">lehrerbuero.de<\/a><\/p>\n<\/div><\/section><\/p><\/div>\n<style type=\"text\/css\" data-created_by=\"avia_inline_auto\" id=\"style-css-av-m84uxw-63f1b04573baf40e455450e7221f3d16\">\n.flex_column.av-m84uxw-63f1b04573baf40e455450e7221f3d16{\nborder-radius:0px 0px 0px 0px;\npadding:0px 0px 0px 0px;\n}\n<\/style>\n<div  class='flex_column av-m84uxw-63f1b04573baf40e455450e7221f3d16 av_three_fifth  avia-builder-el-63  el_after_av_two_fifth  avia-builder-el-last  flex_column_div av-zero-column-padding  '     ><section  class='av_textblock_section av-ksym4w7q-2f6a10140a6d3b72463c63bf94819122 '   itemscope=\"itemscope\" itemtype=\"https:\/\/schema.org\/BlogPosting\" itemprop=\"blogPost\" ><div class='avia_textblock'  itemprop=\"text\" ><h2><span style=\"color: #22b5b7;\"><strong>lehrerb\u00fcro Podcast<\/strong><\/span><\/h2>\n<p>Der Podcast &#8222;lehrerb\u00fcro&#8220; mit wechselnden Sprecher*innen, ist kurz und knackig und gibt wertvolle, praktische Tipps zu verschiedenen relevanten Themen rund um den Berufsalltag als Lehrer. Hier erfahrt ihr zum Beispiel wie ihr eure Unterrichtsplanung effektiv und flexibel gestalten k\u00f6nnt, oder bekommt Tipps zur Gestaltung einer digitalen Unterrichtsstunde.<\/p>\n<p><span style=\"color: #22b5b7;\">Wo?\u00a0<\/span><a href=\"https:\/\/open.spotify.com\/show\/0d5tjxV3fHJsMU2HrMBxNk\" target=\"_blank\" rel=\"noopener\">Spotify<\/a>, <a href=\"https:\/\/podcasts.apple.com\/us\/podcast\/lehrerb%C3%BCro-podcast\/id1499085008\" target=\"_blank\" rel=\"noopener\">Apple Podcast<\/a>, <a href=\"https:\/\/soundcloud.com\/user-736505766\">SoundCloud<\/a><\/p>\n<p><span style=\"color: #22b5b7;\">Wann?\u00a0<\/span>alle 2 Wochen<\/p>\n<p><span style=\"color: #22b5b7;\">Wie lang?\u00a0<\/span>ca. 10 Minuten<\/p>\n<\/div><\/section><\/div><\/div><\/div><\/div><!-- close content main div --><\/div><\/div><div id='av_section_12'  class='avia-section av-1qjnns4-0afc9c7f2210020d4da934f3842a79db main_color avia-section-default avia-no-border-styling  avia-builder-el-65  el_after_av_section  el_before_av_section  avia-bg-style-scroll container_wrap sidebar_right'  ><div class='container av-section-cont-open' ><div class='template-page content  av-content-small alpha units'><div class='post-entry post-entry-type-page post-entry-19524'><div class='entry-content-wrapper clearfix'>\n\n<style type=\"text\/css\" data-created_by=\"avia_inline_auto\" id=\"style-css-av-zivih0-88ebf491ee31a3b556dfac5fb32e4e23\">\n.flex_column.av-zivih0-88ebf491ee31a3b556dfac5fb32e4e23{\nborder-radius:0px 0px 0px 0px;\npadding:0px 0px 0px 0px;\n}\n<\/style>\n<div  class='flex_column av-zivih0-88ebf491ee31a3b556dfac5fb32e4e23 av_two_fifth  avia-builder-el-66  el_before_av_three_fifth  avia-builder-el-first  first flex_column_div av-zero-column-padding  '     ><p>\n<style type=\"text\/css\" data-created_by=\"avia_inline_auto\" id=\"style-css-av-ksympeqk-805fef41320b951ab4c82177e22cf42d\">\n.avia-image-container.av-ksympeqk-805fef41320b951ab4c82177e22cf42d img.avia_image{\nbox-shadow:none;\n}\n.avia-image-container.av-ksympeqk-805fef41320b951ab4c82177e22cf42d .av-image-caption-overlay-center{\ncolor:#ffffff;\n}\n<\/style>\n<div  class='avia-image-container av-ksympeqk-805fef41320b951ab4c82177e22cf42d av-styling- av-img-linked avia-align-center  avia-builder-el-67  el_before_av_textblock  avia-builder-el-first '   itemprop=\"image\" itemscope=\"itemscope\" itemtype=\"https:\/\/schema.org\/ImageObject\" ><div class=\"avia-image-container-inner\"><div class=\"avia-image-overlay-wrap\"><a href=\"https:\/\/schulsprecher-podcast.de\/\" class='avia_image '  target=\"_blank\"  rel=\"noopener noreferrer\" aria-label='Schulsprecher'><img fetchpriority=\"high\" class='wp-image-20528 avia-img-lazy-loading-not-20528 avia_image ' src='https:\/\/fobizz.com\/wp-content\/uploads\/2021\/08\/Schulsprecher.jpg' alt='' title='Schulsprecher'  height=\"225\" width=\"225\"  itemprop=\"thumbnailUrl\"  \/><\/a><\/div><\/div><\/div><br \/>\n<section  class='av_textblock_section av-ksymo4x7-1704793898a78bac3209f0bbd27d471f '   itemscope=\"itemscope\" itemtype=\"https:\/\/schema.org\/BlogPosting\" itemprop=\"blogPost\" ><div class='avia_textblock'  itemprop=\"text\" ><p style=\"text-align: center;\">Bildquelle: <a href=\"https:\/\/schulsprecher-podcast.de\/\">schulsprecher-podcast.de<\/a><\/p>\n<\/div><\/section><\/p><\/div>\n<style type=\"text\/css\" data-created_by=\"avia_inline_auto\" id=\"style-css-av-kus0w4-f4a8acc1d7d9a6250726dfa0492036f8\">\n.flex_column.av-kus0w4-f4a8acc1d7d9a6250726dfa0492036f8{\nborder-radius:0px 0px 0px 0px;\npadding:0px 0px 0px 0px;\n}\n<\/style>\n<div  class='flex_column av-kus0w4-f4a8acc1d7d9a6250726dfa0492036f8 av_three_fifth  avia-builder-el-69  el_after_av_two_fifth  avia-builder-el-last  flex_column_div av-zero-column-padding  '     ><section  class='av_textblock_section av-ksymlkw0-b9d5ff06efb631db9dfb18ccc16c8310 '   itemscope=\"itemscope\" itemtype=\"https:\/\/schema.org\/BlogPosting\" itemprop=\"blogPost\" ><div class='avia_textblock'  itemprop=\"text\" ><h2><span style=\"color: #22b5b7;\"><strong>Schulsprecher &#8211; Der Podcast rund um Schule<\/strong><\/span><\/h2>\n<p>Die Lehrer Christoph Herburg und Thomas Brandt sprechen in ihrem Podcast \u00fcber ihre Erfahrungen und Erlebnisse in der Schule. Hierbei thematisieren sie praktische, theoretische oder p\u00e4dagogische Probleme die im Unterricht auftreten und diskutieren wie diese gel\u00f6st werden k\u00f6nnen.<\/p>\n<p><span style=\"color: #22b5b7;\">Wo?\u00a0<\/span><a href=\"https:\/\/podcasts.apple.com\/be\/podcast\/schulsprecher\/id1155935704\" target=\"_blank\" rel=\"noopener\">Apple Podcast<\/a><\/p>\n<p><span style=\"color: #22b5b7;\">Wann?\u00a0<\/span>monatlich<\/p>\n<p><span style=\"color: #22b5b7;\">Wie lang?\u00a0<\/span>30-60 Minuten<\/p>\n<\/div><\/section><\/div><\/div><\/div><\/div><!-- close content main div --><\/div><\/div><div id='av_section_13'  class='avia-section av-ju11gpo3-440f5ae2309dab6e57beb2d1623f2b35 alternate_color avia-section-default avia-no-border-styling  avia-builder-el-71  el_after_av_section  el_before_av_section  avia-bg-style-scroll container_wrap sidebar_right'  ><div class='container av-section-cont-open' ><div class='template-page content  av-content-small alpha units'><div class='post-entry post-entry-type-page post-entry-19524'><div class='entry-content-wrapper clearfix'>\n\n<style type=\"text\/css\" data-created_by=\"avia_inline_auto\" id=\"style-css-av-b22u4k-07a0615cdc4bc81dd22ce2074da23833\">\n.flex_column.av-b22u4k-07a0615cdc4bc81dd22ce2074da23833{\nborder-radius:0px 0px 0px 0px;\npadding:0px 0px 0px 0px;\n}\n<\/style>\n<div  class='flex_column av-b22u4k-07a0615cdc4bc81dd22ce2074da23833 av_two_fifth  avia-builder-el-72  el_before_av_three_fifth  avia-builder-el-first  first flex_column_div av-zero-column-padding  '     ><style type=\"text\/css\" data-created_by=\"avia_inline_auto\" id=\"style-css-av-ktspquos-c5ff352659a9cffdadee9c28f67e7b3b\">\n.avia-image-container.av-ktspquos-c5ff352659a9cffdadee9c28f67e7b3b img.avia_image{\nbox-shadow:none;\n}\n.avia-image-container.av-ktspquos-c5ff352659a9cffdadee9c28f67e7b3b .av-image-caption-overlay-center{\ncolor:#ffffff;\n}\n<\/style>\n<div  class='avia-image-container av-ktspquos-c5ff352659a9cffdadee9c28f67e7b3b av-styling- av-img-linked avia-align-center  avia-builder-el-73  avia-builder-el-no-sibling '   itemprop=\"image\" itemscope=\"itemscope\" itemtype=\"https:\/\/schema.org\/ImageObject\" ><div class=\"avia-image-container-inner\"><div class=\"avia-image-overlay-wrap\"><img fetchpriority=\"high\" class='wp-image-20867 avia-img-lazy-loading-not-20867 avia_image ' src='https:\/\/fobizz.com\/wp-content\/uploads\/2021\/09\/Podcasts-in-der-Schule.jpg' alt='' title='Podcasts in der Schule'  height=\"539\" width=\"1030\"  itemprop=\"thumbnailUrl\"  \/><\/div><\/div><\/div><\/div>\n<style type=\"text\/css\" data-created_by=\"avia_inline_auto\" id=\"style-css-av-5v6vc4-2ba754117489e866188b8dd73c224bbe\">\n.flex_column.av-5v6vc4-2ba754117489e866188b8dd73c224bbe{\nborder-radius:0px 0px 0px 0px;\npadding:0px 0px 0px 0px;\n}\n<\/style>\n<div  class='flex_column av-5v6vc4-2ba754117489e866188b8dd73c224bbe av_three_fifth  avia-builder-el-74  el_after_av_two_fifth  avia-builder-el-last  flex_column_div av-zero-column-padding  '     ><p><section  class='av_textblock_section av-ktspnvx5-4f24df77bee13f4858865a08f48bbb10 '   itemscope=\"itemscope\" itemtype=\"https:\/\/schema.org\/BlogPosting\" itemprop=\"blogPost\" ><div class='avia_textblock'  itemprop=\"text\" ><p><strong style=\"font-size: 20px; font-family: -apple-system, BlinkMacSystemFont, 'Segoe UI', Roboto, Oxygen-Sans, Ubuntu, Cantarell, 'Helvetica Neue', sans-serif;\">Online-Fortbildung:<\/strong><\/p>\n<section class=\"av_textblock_section \">\n<div class=\"avia_textblock \">\n<h3><strong>Podcasts in der Schule<\/strong><\/h3>\n<p>Podcasts werden immer beliebter und k\u00f6nnen auch im Unterricht vielf\u00e4ltig eingesetzt werden. In dieser Online-Fortbildung lernst du, was Podcasts genau sind und wie du gemeinsam mit deiner Klasse eigene Podcasts produzieren kannst.<\/p>\n<\/div>\n<\/section>\n<\/div><\/section><br \/>\n<div  class='avia-button-wrap av-ktspnabb-dfda7b654b74bd72e1ea3f28942c8bb2-wrap avia-button-left  avia-builder-el-76  el_after_av_textblock  avia-builder-el-last '>\n<style type=\"text\/css\" data-created_by=\"avia_inline_auto\" id=\"style-css-av-ktspnabb-dfda7b654b74bd72e1ea3f28942c8bb2\">\n#top #wrap_all .avia-button.av-ktspnabb-dfda7b654b74bd72e1ea3f28942c8bb2{\nbackground-color:#22b5b7;\nborder-color:#22b5b7;\ncolor:#ffffff;\ntransition:all 0.4s ease-in-out;\n}\n#top #wrap_all .avia-button.av-ktspnabb-dfda7b654b74bd72e1ea3f28942c8bb2 .avia-svg-icon svg:first-child{\nfill:#ffffff;\nstroke:#ffffff;\n}\n<\/style>\n<a href=''  class='avia-button av-ktspnabb-dfda7b654b74bd72e1ea3f28942c8bb2 av-link-btn avia-icon_select-yes-left-icon avia-size-large avia-position-left'  target=\"_blank\"  rel=\"noopener noreferrer\"  aria-label=\"Zur Online-Fortbildung\"><span class='avia_button_icon avia_button_icon_left avia-iconfont avia-font-entypo-fontello' data-av_icon='\ue889' data-av_iconfont='entypo-fontello' ><\/span><span class='avia_iconbox_title' >Zur Online-Fortbildung<\/span><\/a><\/div><\/p><\/div>\n<\/p>\n<\/div><\/div><\/div><!-- close content main div --><\/div><\/div><div id='av_section_14'  class='avia-section av-1it0so4-928c4012b41476df7a5639d10b21a14d alternate_color avia-section-default avia-no-border-styling  avia-builder-el-77  el_after_av_section  el_before_av_postcontent  avia-bg-style-scroll container_wrap sidebar_right'  ><div class='container av-section-cont-open' ><div class='template-page content  av-content-small alpha units'><div class='post-entry post-entry-type-page post-entry-19524'><div class='entry-content-wrapper clearfix'>\n\n<style type=\"text\/css\" data-created_by=\"avia_inline_auto\" id=\"style-css-av-18ylg90-b96e8645f058e40f7428ddf8a6e77c75\">\n#top .av-special-heading.av-18ylg90-b96e8645f058e40f7428ddf8a6e77c75{\npadding-bottom:20px;\n}\nbody .av-special-heading.av-18ylg90-b96e8645f058e40f7428ddf8a6e77c75 .av-special-heading-tag .heading-char{\nfont-size:25px;\n}\n#top #wrap_all .av-special-heading.av-18ylg90-b96e8645f058e40f7428ddf8a6e77c75 .av-special-heading-tag{\nfont-size:25px;\n}\n.av-special-heading.av-18ylg90-b96e8645f058e40f7428ddf8a6e77c75 .av-subheading{\nfont-size:15px;\n}\n<\/style>\n<div  class='av-special-heading av-18ylg90-b96e8645f058e40f7428ddf8a6e77c75 av-special-heading-h2 custom-color-heading  avia-builder-el-78  el_before_av_postslider  avia-builder-el-first '><h2 class='av-special-heading-tag '  itemprop=\"headline\"  >Weitere Blogartikel<\/h2><div class=\"special-heading-border\"><div class=\"special-heading-inner-border\"><\/div><\/div><\/div>\n<div  data-slideshow-options=\"{&quot;animation&quot;:&quot;fade&quot;,&quot;autoplay&quot;:false,&quot;loop_autoplay&quot;:&quot;once&quot;,&quot;interval&quot;:&quot;5&quot;,&quot;loop_manual&quot;:&quot;manual-endless&quot;,&quot;autoplay_stopper&quot;:false,&quot;noNavigation&quot;:false,&quot;show_slide_delay&quot;:90}\" class='avia-content-slider avia-content-slider-active avia-content-slider1 avia-content-slider-odd  avia-builder-el-79  el_after_av_heading  avia-builder-el-last  av-slideshow-ui av-control-default   av-no-slider-navigation av-slideshow-manual av-loop-once av-loop-manual-endless '  itemscope=\"itemscope\" itemtype=\"https:\/\/schema.org\/Blog\" ><div class=\"avia-content-slider-inner\"><div class=\"slide-entry-wrap\"><article class='slide-entry flex_column  post-entry post-entry-59437 slide-entry-overview slide-loop-1 slide-parity-odd  av_one_third first real-thumbnail posttype-post post-format-standard'  itemscope=\"itemscope\" itemtype=\"https:\/\/schema.org\/BlogPosting\" itemprop=\"blogPost\" ><a href='https:\/\/fobizz.com\/de\/kinder-mit-traumaerfahrung-verstehen-und-begleiten\/' data-rel='slide-1' class='slide-image' title='Kinder mit Traumaerfahrung verstehen und begleiten'><img decoding=\"async\" fetchpriority=\"high\" width=\"495\" height=\"400\" src=\"https:\/\/fobizz.com\/wp-content\/uploads\/2026\/04\/Kinder-mit-Traumaerfahrung-verstehen-und-begleiten-495x400.jpg\" class=\"wp-image-59441 avia-img-lazy-loading-not-59441 attachment-portfolio size-portfolio wp-post-image\" alt=\"\" \/><\/a><div class=\"slide-content\"><header class=\"entry-content-header\"><h3 class='slide-entry-title entry-title '  itemprop=\"headline\" ><a href='https:\/\/fobizz.com\/de\/kinder-mit-traumaerfahrung-verstehen-und-begleiten\/' title='Kinder mit Traumaerfahrung verstehen und begleiten'>Kinder mit Traumaerfahrung verstehen und begleiten<\/a><\/h3><span class=\"blog-categories minor-meta\"><a href=\"https:\/\/fobizz.com\/de\/category\/interview\/\" rel=\"tag\">Interview<\/a>, <a href=\"https:\/\/fobizz.com\/de\/category\/lehrerbildung\/\" rel=\"tag\">Lehrerbildung<\/a>, <a href=\"https:\/\/fobizz.com\/de\/category\/nachhaltige-entwicklung\/\" rel=\"tag\">Nachhaltige Entwicklung<\/a> <\/span><span class=\"av-vertical-delimiter\"><\/span><\/header><div class='slide-entry-excerpt entry-content'  itemprop=\"text\" ><div class=\"excerpt-text\">Erfahre im Interview mit Feline Lunge, wie du deinen Unterricht traumasensibel gestalten kannst.<\/div><\/div><\/div><span class='hidden'>\n\t\t\t\t<span class='av-structured-data'  itemprop=\"image\" itemscope=\"itemscope\" itemtype=\"https:\/\/schema.org\/ImageObject\" >\n\t\t\t\t\t\t<span itemprop='url'>https:\/\/fobizz.com\/wp-content\/uploads\/2026\/04\/Kinder-mit-Traumaerfahrung-verstehen-und-begleiten.jpg<\/span>\n\t\t\t\t\t\t<span itemprop='height'>500<\/span>\n\t\t\t\t\t\t<span itemprop='width'>800<\/span>\n\t\t\t\t<\/span>\n\t\t\t\t<span class='av-structured-data'  itemprop=\"publisher\" itemtype=\"https:\/\/schema.org\/Organization\" itemscope=\"itemscope\" >\n\t\t\t\t\t\t<span itemprop='name'>Tanja Schneider<\/span>\n\t\t\t\t\t\t<span itemprop='logo' itemscope itemtype='https:\/\/schema.org\/ImageObject'>\n\t\t\t\t\t\t\t<span itemprop='url'>https:\/\/fobizz.com\/wp-content\/uploads\/2024\/01\/fobizz_logo-min-495x244.png<\/span>\n\t\t\t\t\t\t<\/span>\n\t\t\t\t<\/span><span class='av-structured-data'  itemprop=\"author\" itemscope=\"itemscope\" itemtype=\"https:\/\/schema.org\/Person\" ><span itemprop='name'>Tanja Schneider<\/span><\/span><span class='av-structured-data'  itemprop=\"datePublished\" datetime=\"2021-10-16T18:32:17+02:00\" >2026-04-09 10:47:47<\/span><span class='av-structured-data'  itemprop=\"dateModified\" itemtype=\"https:\/\/schema.org\/dateModified\" >2026-04-09 11:19:32<\/span><span class='av-structured-data'  itemprop=\"mainEntityOfPage\" itemtype=\"https:\/\/schema.org\/mainEntityOfPage\" ><span itemprop='name'>Kinder mit Traumaerfahrung verstehen und begleiten<\/span><\/span><\/span><\/article><article class='slide-entry flex_column  post-entry post-entry-59456 slide-entry-overview slide-loop-2 slide-parity-even  av_one_third  real-thumbnail posttype-post post-format-standard'  itemscope=\"itemscope\" itemtype=\"https:\/\/schema.org\/BlogPosting\" itemprop=\"blogPost\" ><a href='https:\/\/fobizz.com\/de\/grundschulalltag-diskriminierungskritisch-gestalten\/' data-rel='slide-1' class='slide-image' title='Grundschulalltag diskriminierungskritisch gestalten'><img decoding=\"async\" fetchpriority=\"high\" width=\"495\" height=\"400\" src=\"https:\/\/fobizz.com\/wp-content\/uploads\/2026\/04\/Grundschulalltag-diskriminierungskritisch-gestalten-495x400.jpg\" class=\"wp-image-59457 avia-img-lazy-loading-not-59457 attachment-portfolio size-portfolio wp-post-image\" alt=\"\" \/><\/a><div class=\"slide-content\"><header class=\"entry-content-header\"><h3 class='slide-entry-title entry-title '  itemprop=\"headline\" ><a href='https:\/\/fobizz.com\/de\/grundschulalltag-diskriminierungskritisch-gestalten\/' title='Grundschulalltag diskriminierungskritisch gestalten'>Grundschulalltag diskriminierungskritisch gestalten<\/a><\/h3><span class=\"blog-categories minor-meta\"><a href=\"https:\/\/fobizz.com\/de\/category\/interview\/\" rel=\"tag\">Interview<\/a>, <a href=\"https:\/\/fobizz.com\/de\/category\/lehrerbildung\/\" rel=\"tag\">Lehrerbildung<\/a>, <a href=\"https:\/\/fobizz.com\/de\/category\/nachhaltige-entwicklung\/\" rel=\"tag\">Nachhaltige Entwicklung<\/a> <\/span><span class=\"av-vertical-delimiter\"><\/span><\/header><div class='slide-entry-excerpt entry-content'  itemprop=\"text\" ><div class=\"excerpt-text\">Erfahre im Interview mit Anna Lena Lutz, warum du deinen Schulalltag diskriminierungskritisch gestalten solltest.<\/div><\/div><\/div><span class='hidden'>\n\t\t\t\t<span class='av-structured-data'  itemprop=\"image\" itemscope=\"itemscope\" itemtype=\"https:\/\/schema.org\/ImageObject\" >\n\t\t\t\t\t\t<span itemprop='url'>https:\/\/fobizz.com\/wp-content\/uploads\/2026\/04\/Grundschulalltag-diskriminierungskritisch-gestalten.jpg<\/span>\n\t\t\t\t\t\t<span itemprop='height'>500<\/span>\n\t\t\t\t\t\t<span itemprop='width'>800<\/span>\n\t\t\t\t<\/span>\n\t\t\t\t<span class='av-structured-data'  itemprop=\"publisher\" itemtype=\"https:\/\/schema.org\/Organization\" itemscope=\"itemscope\" >\n\t\t\t\t\t\t<span itemprop='name'>Tanja Schneider<\/span>\n\t\t\t\t\t\t<span itemprop='logo' itemscope itemtype='https:\/\/schema.org\/ImageObject'>\n\t\t\t\t\t\t\t<span itemprop='url'>https:\/\/fobizz.com\/wp-content\/uploads\/2024\/01\/fobizz_logo-min-495x244.png<\/span>\n\t\t\t\t\t\t<\/span>\n\t\t\t\t<\/span><span class='av-structured-data'  itemprop=\"author\" itemscope=\"itemscope\" itemtype=\"https:\/\/schema.org\/Person\" ><span itemprop='name'>Tanja Schneider<\/span><\/span><span class='av-structured-data'  itemprop=\"datePublished\" datetime=\"2021-10-16T18:32:17+02:00\" >2026-04-09 10:45:31<\/span><span class='av-structured-data'  itemprop=\"dateModified\" itemtype=\"https:\/\/schema.org\/dateModified\" >2026-04-09 11:18:42<\/span><span class='av-structured-data'  itemprop=\"mainEntityOfPage\" itemtype=\"https:\/\/schema.org\/mainEntityOfPage\" ><span itemprop='name'>Grundschulalltag diskriminierungskritisch gestalten<\/span><\/span><\/span><\/article><article class='slide-entry flex_column  post-entry post-entry-59367 slide-entry-overview slide-loop-3 slide-parity-odd  av_one_third  real-thumbnail posttype-post post-format-standard'  itemscope=\"itemscope\" itemtype=\"https:\/\/schema.org\/BlogPosting\" itemprop=\"blogPost\" ><a href='https:\/\/fobizz.com\/de\/demokratie-lernen-interview-poitzmann-ahl\/' data-rel='slide-1' class='slide-image' title='Demokratie lernen  \u2013 Interview mit Nikola Poitzmann &#038; Kati Ahl'><img decoding=\"async\" fetchpriority=\"high\" width=\"495\" height=\"400\" src=\"https:\/\/fobizz.com\/wp-content\/uploads\/2023\/07\/Schulkalender-23-24-classroom-management-495x400.jpg\" class=\"wp-image-41470 avia-img-lazy-loading-not-41470 attachment-portfolio size-portfolio wp-post-image\" alt=\"Vorschaubild der Fortbildung Classroom Management\" \/><\/a><div class=\"slide-content\"><header class=\"entry-content-header\"><h3 class='slide-entry-title entry-title '  itemprop=\"headline\" ><a href='https:\/\/fobizz.com\/de\/demokratie-lernen-interview-poitzmann-ahl\/' title='Demokratie lernen  \u2013 Interview mit Nikola Poitzmann &#038; Kati Ahl'>Demokratie lernen  \u2013 Interview mit Nikola Poitzmann &#038; Kati Ahl<\/a><\/h3><span class=\"blog-categories minor-meta\"><a href=\"https:\/\/fobizz.com\/de\/category\/digitale-bildung\/\" rel=\"tag\">Digitale Bildung<\/a>, <a href=\"https:\/\/fobizz.com\/de\/category\/interview\/\" rel=\"tag\">Interview<\/a>, <a href=\"https:\/\/fobizz.com\/de\/category\/lehrerbildung\/\" rel=\"tag\">Lehrerbildung<\/a> <\/span><span class=\"av-vertical-delimiter\"><\/span><\/header><div class='slide-entry-excerpt entry-content'  itemprop=\"text\" ><div class=\"excerpt-text\">Trotz wachsender gesellschaftlicher Spannungen bleibt die Schule ein besonderer Ort: Hier treffen Menschen mit unterschiedlichen Hintergr\u00fcnden, Meinungen und Erfahrungen aufeinander. Gerade deshalb bietet Schule gro\u00dfes Potenzial als Raum des Wandels \u2013 ein Ort, an dem Gemeinschaft gelebt und demokratische Werte im Alltag erfahrbar werden.\r\nDoch wie gelingt es, Sch\u00fcler:innen so zu st\u00e4rken, dass sie sich aktiv, selbstbestimmt und kritisch in gesellschaftliche Prozesse einbringen k\u00f6nnen?<\/div><\/div><\/div><span class='hidden'>\n\t\t\t\t<span class='av-structured-data'  itemprop=\"image\" itemscope=\"itemscope\" itemtype=\"https:\/\/schema.org\/ImageObject\" >\n\t\t\t\t\t\t<span itemprop='url'>https:\/\/fobizz.com\/wp-content\/uploads\/2023\/07\/Schulkalender-23-24-classroom-management.jpg<\/span>\n\t\t\t\t\t\t<span itemprop='height'>628<\/span>\n\t\t\t\t\t\t<span itemprop='width'>1200<\/span>\n\t\t\t\t<\/span>\n\t\t\t\t<span class='av-structured-data'  itemprop=\"publisher\" itemtype=\"https:\/\/schema.org\/Organization\" itemscope=\"itemscope\" >\n\t\t\t\t\t\t<span itemprop='name'>Michelle<\/span>\n\t\t\t\t\t\t<span itemprop='logo' itemscope itemtype='https:\/\/schema.org\/ImageObject'>\n\t\t\t\t\t\t\t<span itemprop='url'>https:\/\/fobizz.com\/wp-content\/uploads\/2024\/01\/fobizz_logo-min-495x244.png<\/span>\n\t\t\t\t\t\t<\/span>\n\t\t\t\t<\/span><span class='av-structured-data'  itemprop=\"author\" itemscope=\"itemscope\" itemtype=\"https:\/\/schema.org\/Person\" ><span itemprop='name'>Michelle<\/span><\/span><span class='av-structured-data'  itemprop=\"datePublished\" datetime=\"2021-10-16T18:32:17+02:00\" >2026-04-02 06:25:32<\/span><span class='av-structured-data'  itemprop=\"dateModified\" itemtype=\"https:\/\/schema.org\/dateModified\" >2026-04-13 17:48:54<\/span><span class='av-structured-data'  itemprop=\"mainEntityOfPage\" itemtype=\"https:\/\/schema.org\/mainEntityOfPage\" ><span itemprop='name'>Demokratie lernen  \u2013 Interview mit Nikola Poitzmann &#038; Kati Ahl<\/span><\/span><\/span><\/article><\/div><div class=\"slide-entry-wrap\"><article class='slide-entry flex_column  post-entry post-entry-59354 slide-entry-overview slide-loop-4 slide-parity-odd  av_one_third first real-thumbnail posttype-post post-format-standard'  itemscope=\"itemscope\" itemtype=\"https:\/\/schema.org\/BlogPosting\" itemprop=\"blogPost\" ><a href='https:\/\/fobizz.com\/de\/kinder-die-durchs-raster-fallen-interview-mit-corina-elfe\/' data-rel='slide-1' class='slide-image' title='Kinder, die durchs Raster fallen  \u2013 Interview mit Corina Elfe'><img decoding=\"async\" fetchpriority=\"high\" width=\"495\" height=\"400\" src=\"https:\/\/fobizz.com\/wp-content\/uploads\/2026\/04\/Kinder_Neurodivergenz-495x400.jpg\" class=\"wp-image-59361 avia-img-lazy-loading-not-59361 attachment-portfolio size-portfolio wp-post-image\" alt=\"\" \/><\/a><div class=\"slide-content\"><header class=\"entry-content-header\"><h3 class='slide-entry-title entry-title '  itemprop=\"headline\" ><a href='https:\/\/fobizz.com\/de\/kinder-die-durchs-raster-fallen-interview-mit-corina-elfe\/' title='Kinder, die durchs Raster fallen  \u2013 Interview mit Corina Elfe'>Kinder, die durchs Raster fallen  \u2013 Interview mit Corina Elfe<\/a><\/h3><span class=\"blog-categories minor-meta\"><a href=\"https:\/\/fobizz.com\/de\/category\/digitale-bildung\/\" rel=\"tag\">Digitale Bildung<\/a>, <a href=\"https:\/\/fobizz.com\/de\/category\/interview\/\" rel=\"tag\">Interview<\/a>, <a href=\"https:\/\/fobizz.com\/de\/category\/lehrerbildung\/\" rel=\"tag\">Lehrerbildung<\/a> <\/span><span class=\"av-vertical-delimiter\"><\/span><\/header><div class='slide-entry-excerpt entry-content'  itemprop=\"text\" ><div class=\"excerpt-text\">Digitales Arbeiten und Unterrichten \u2013 der Einsatz von K\u00fcnstlicher Intelligenz wird f\u00fcr Lehrkr\u00e4fte immer relevanter. Wie textgenerierende KI-Systeme wie ChatGPT sinnvoll in den Schulalltag integriert werden k\u00f6nnen und welche Potenziale und Grenzen sie haben, zeigen Micha Busch und Christian K\u00f6hler in 33 praxisnahen Ideen f\u00fcr Unterricht und Organisation.<\/div><\/div><\/div><span class='hidden'>\n\t\t\t\t<span class='av-structured-data'  itemprop=\"image\" itemscope=\"itemscope\" itemtype=\"https:\/\/schema.org\/ImageObject\" >\n\t\t\t\t\t\t<span itemprop='url'>https:\/\/fobizz.com\/wp-content\/uploads\/2026\/04\/Kinder_Neurodivergenz.jpg<\/span>\n\t\t\t\t\t\t<span itemprop='height'>768<\/span>\n\t\t\t\t\t\t<span itemprop='width'>1408<\/span>\n\t\t\t\t<\/span>\n\t\t\t\t<span class='av-structured-data'  itemprop=\"publisher\" itemtype=\"https:\/\/schema.org\/Organization\" itemscope=\"itemscope\" >\n\t\t\t\t\t\t<span itemprop='name'>Michelle<\/span>\n\t\t\t\t\t\t<span itemprop='logo' itemscope itemtype='https:\/\/schema.org\/ImageObject'>\n\t\t\t\t\t\t\t<span itemprop='url'>https:\/\/fobizz.com\/wp-content\/uploads\/2024\/01\/fobizz_logo-min-495x244.png<\/span>\n\t\t\t\t\t\t<\/span>\n\t\t\t\t<\/span><span class='av-structured-data'  itemprop=\"author\" itemscope=\"itemscope\" itemtype=\"https:\/\/schema.org\/Person\" ><span itemprop='name'>Michelle<\/span><\/span><span class='av-structured-data'  itemprop=\"datePublished\" datetime=\"2021-10-16T18:32:17+02:00\" >2026-04-01 17:20:21<\/span><span class='av-structured-data'  itemprop=\"dateModified\" itemtype=\"https:\/\/schema.org\/dateModified\" >2026-04-13 17:49:10<\/span><span class='av-structured-data'  itemprop=\"mainEntityOfPage\" itemtype=\"https:\/\/schema.org\/mainEntityOfPage\" ><span itemprop='name'>Kinder, die durchs Raster fallen  \u2013 Interview mit Corina Elfe<\/span><\/span><\/span><\/article><article class='slide-entry flex_column  post-entry post-entry-58864 slide-entry-overview slide-loop-5 slide-parity-even  av_one_third  real-thumbnail posttype-post post-format-standard'  itemscope=\"itemscope\" itemtype=\"https:\/\/schema.org\/BlogPosting\" itemprop=\"blogPost\" ><a href='https:\/\/fobizz.com\/de\/scratch-einstieg-ins-visuelle-programmieren\/' data-rel='slide-1' class='slide-image' title='Scratch: Einstieg ins visuelle Programmieren'><img decoding=\"async\" fetchpriority=\"high\" width=\"495\" height=\"400\" src=\"https:\/\/fobizz.com\/wp-content\/uploads\/2026\/03\/Scratch-Einstieg-ins-visuelle-Programmieren-495x400.jpg\" class=\"wp-image-58867 avia-img-lazy-loading-not-58867 attachment-portfolio size-portfolio wp-post-image\" alt=\"\" \/><\/a><div class=\"slide-content\"><header class=\"entry-content-header\"><h3 class='slide-entry-title entry-title '  itemprop=\"headline\" ><a href='https:\/\/fobizz.com\/de\/scratch-einstieg-ins-visuelle-programmieren\/' title='Scratch: Einstieg ins visuelle Programmieren'>Scratch: Einstieg ins visuelle Programmieren<\/a><\/h3><span class=\"blog-categories minor-meta\"><a href=\"https:\/\/fobizz.com\/de\/category\/digitale-bildung\/\" rel=\"tag\">Digitale Bildung<\/a>, <a href=\"https:\/\/fobizz.com\/de\/category\/digitale-medien\/\" rel=\"tag\">Digitale Medien<\/a>, <a href=\"https:\/\/fobizz.com\/de\/category\/interview\/\" rel=\"tag\">Interview<\/a>, <a href=\"https:\/\/fobizz.com\/de\/category\/lehrerbildung\/\" rel=\"tag\">Lehrerbildung<\/a> <\/span><span class=\"av-vertical-delimiter\"><\/span><\/header><div class='slide-entry-excerpt entry-content'  itemprop=\"text\" ><div class=\"excerpt-text\">Erfahre im Interview mit Tom Wiedemann, wie du Scratch sinnvoll in deinen Unterricht einbringen kannst.<\/div><\/div><\/div><span class='hidden'>\n\t\t\t\t<span class='av-structured-data'  itemprop=\"image\" itemscope=\"itemscope\" itemtype=\"https:\/\/schema.org\/ImageObject\" >\n\t\t\t\t\t\t<span itemprop='url'>https:\/\/fobizz.com\/wp-content\/uploads\/2026\/03\/Scratch-Einstieg-ins-visuelle-Programmieren.jpg<\/span>\n\t\t\t\t\t\t<span itemprop='height'>500<\/span>\n\t\t\t\t\t\t<span itemprop='width'>800<\/span>\n\t\t\t\t<\/span>\n\t\t\t\t<span class='av-structured-data'  itemprop=\"publisher\" itemtype=\"https:\/\/schema.org\/Organization\" itemscope=\"itemscope\" >\n\t\t\t\t\t\t<span itemprop='name'>Tanja Schneider<\/span>\n\t\t\t\t\t\t<span itemprop='logo' itemscope itemtype='https:\/\/schema.org\/ImageObject'>\n\t\t\t\t\t\t\t<span itemprop='url'>https:\/\/fobizz.com\/wp-content\/uploads\/2024\/01\/fobizz_logo-min-495x244.png<\/span>\n\t\t\t\t\t\t<\/span>\n\t\t\t\t<\/span><span class='av-structured-data'  itemprop=\"author\" itemscope=\"itemscope\" itemtype=\"https:\/\/schema.org\/Person\" ><span itemprop='name'>Tanja Schneider<\/span><\/span><span class='av-structured-data'  itemprop=\"datePublished\" datetime=\"2021-10-16T18:32:17+02:00\" >2026-03-12 11:07:22<\/span><span class='av-structured-data'  itemprop=\"dateModified\" itemtype=\"https:\/\/schema.org\/dateModified\" >2026-03-12 11:34:55<\/span><span class='av-structured-data'  itemprop=\"mainEntityOfPage\" itemtype=\"https:\/\/schema.org\/mainEntityOfPage\" ><span itemprop='name'>Scratch: Einstieg ins visuelle Programmieren<\/span><\/span><\/span><\/article><article class='slide-entry flex_column  post-entry post-entry-58852 slide-entry-overview slide-loop-6 slide-parity-odd  av_one_third  real-thumbnail posttype-post post-format-standard'  itemscope=\"itemscope\" itemtype=\"https:\/\/schema.org\/BlogPosting\" itemprop=\"blogPost\" ><a href='https:\/\/fobizz.com\/de\/goodnotes-grundlagen-organisation-von-unterrichtsnotizen\/' data-rel='slide-1' class='slide-image' title='Goodnotes Grundlagen: Organisation von Unterrichtsnotizen'><img decoding=\"async\" fetchpriority=\"high\" width=\"495\" height=\"400\" src=\"https:\/\/fobizz.com\/wp-content\/uploads\/2026\/03\/Goodnotes-Grundlagen-Organisation-von-Unterrichtsnotizen-495x400.jpg\" class=\"wp-image-58853 avia-img-lazy-loading-not-58853 attachment-portfolio size-portfolio wp-post-image\" alt=\"\" \/><\/a><div class=\"slide-content\"><header class=\"entry-content-header\"><h3 class='slide-entry-title entry-title '  itemprop=\"headline\" ><a href='https:\/\/fobizz.com\/de\/goodnotes-grundlagen-organisation-von-unterrichtsnotizen\/' title='Goodnotes Grundlagen: Organisation von Unterrichtsnotizen'>Goodnotes Grundlagen: Organisation von Unterrichtsnotizen<\/a><\/h3><span class=\"blog-categories minor-meta\"><a href=\"https:\/\/fobizz.com\/de\/category\/digitale-bildung\/\" rel=\"tag\">Digitale Bildung<\/a>, <a href=\"https:\/\/fobizz.com\/de\/category\/digitale-medien\/\" rel=\"tag\">Digitale Medien<\/a>, <a href=\"https:\/\/fobizz.com\/de\/category\/interview\/\" rel=\"tag\">Interview<\/a>, <a href=\"https:\/\/fobizz.com\/de\/category\/lehrerbildung\/\" rel=\"tag\">Lehrerbildung<\/a> <\/span><span class=\"av-vertical-delimiter\"><\/span><\/header><div class='slide-entry-excerpt entry-content'  itemprop=\"text\" ><div class=\"excerpt-text\">Im Interview mit Dr. Ulla Hauptmann erf\u00e4hrst du, wie du mit Goodnotes 7 den Unterricht kreativ gestalten und deine Unterrichtsmaterialien ordnen kannst.<\/div><\/div><\/div><span class='hidden'>\n\t\t\t\t<span class='av-structured-data'  itemprop=\"image\" itemscope=\"itemscope\" itemtype=\"https:\/\/schema.org\/ImageObject\" >\n\t\t\t\t\t\t<span itemprop='url'>https:\/\/fobizz.com\/wp-content\/uploads\/2026\/03\/Goodnotes-Grundlagen-Organisation-von-Unterrichtsnotizen.jpg<\/span>\n\t\t\t\t\t\t<span itemprop='height'>500<\/span>\n\t\t\t\t\t\t<span itemprop='width'>800<\/span>\n\t\t\t\t<\/span>\n\t\t\t\t<span class='av-structured-data'  itemprop=\"publisher\" itemtype=\"https:\/\/schema.org\/Organization\" itemscope=\"itemscope\" >\n\t\t\t\t\t\t<span itemprop='name'>Tanja Schneider<\/span>\n\t\t\t\t\t\t<span itemprop='logo' itemscope itemtype='https:\/\/schema.org\/ImageObject'>\n\t\t\t\t\t\t\t<span itemprop='url'>https:\/\/fobizz.com\/wp-content\/uploads\/2024\/01\/fobizz_logo-min-495x244.png<\/span>\n\t\t\t\t\t\t<\/span>\n\t\t\t\t<\/span><span class='av-structured-data'  itemprop=\"author\" itemscope=\"itemscope\" itemtype=\"https:\/\/schema.org\/Person\" ><span itemprop='name'>Tanja Schneider<\/span><\/span><span class='av-structured-data'  itemprop=\"datePublished\" datetime=\"2021-10-16T18:32:17+02:00\" >2026-03-12 11:06:50<\/span><span class='av-structured-data'  itemprop=\"dateModified\" itemtype=\"https:\/\/schema.org\/dateModified\" >2026-03-12 11:35:36<\/span><span class='av-structured-data'  itemprop=\"mainEntityOfPage\" itemtype=\"https:\/\/schema.org\/mainEntityOfPage\" ><span itemprop='name'>Goodnotes Grundlagen: Organisation von Unterrichtsnotizen<\/span><\/span><\/span><\/article><\/div><div class=\"slide-entry-wrap\"><article class='slide-entry flex_column  post-entry post-entry-58357 slide-entry-overview slide-loop-7 slide-parity-odd  av_one_third first real-thumbnail posttype-post post-format-standard'  itemscope=\"itemscope\" itemtype=\"https:\/\/schema.org\/BlogPosting\" itemprop=\"blogPost\" ><a href='https:\/\/fobizz.com\/de\/einsatz-von-schulhunden-im-unterrichtsalltag\/' data-rel='slide-1' class='slide-image' title='Einsatz von Schulhunden im Unterrichtsalltag'><img decoding=\"async\" fetchpriority=\"high\" width=\"495\" height=\"400\" src=\"https:\/\/fobizz.com\/wp-content\/uploads\/2026\/02\/Blogbeitrag-Einsatz-von-Schulhunden-im-Unterrichtsalltag-1-495x400.jpg\" class=\"wp-image-58503 avia-img-lazy-loading-not-58503 attachment-portfolio size-portfolio wp-post-image\" alt=\"\" \/><\/a><div class=\"slide-content\"><header class=\"entry-content-header\"><h3 class='slide-entry-title entry-title '  itemprop=\"headline\" ><a href='https:\/\/fobizz.com\/de\/einsatz-von-schulhunden-im-unterrichtsalltag\/' title='Einsatz von Schulhunden im Unterrichtsalltag'>Einsatz von Schulhunden im Unterrichtsalltag<\/a><\/h3><span class=\"blog-categories minor-meta\"><a href=\"https:\/\/fobizz.com\/de\/category\/interview\/\" rel=\"tag\">Interview<\/a>, <a href=\"https:\/\/fobizz.com\/de\/category\/lehrerbildung\/\" rel=\"tag\">Lehrerbildung<\/a>, <a href=\"https:\/\/fobizz.com\/de\/category\/nachhaltige-entwicklung\/\" rel=\"tag\">Nachhaltige Entwicklung<\/a>, <a href=\"https:\/\/fobizz.com\/de\/category\/neue-lernkultur\/\" rel=\"tag\">Neue Lernkultur<\/a> <\/span><span class=\"av-vertical-delimiter\"><\/span><\/header><div class='slide-entry-excerpt entry-content'  itemprop=\"text\" ><div class=\"excerpt-text\">Im Interview mit Judith Bohlmann erf\u00e4hrst du, wie Schulhunde den Unterricht bereichern k\u00f6nnen.<\/div><\/div><\/div><span class='hidden'>\n\t\t\t\t<span class='av-structured-data'  itemprop=\"image\" itemscope=\"itemscope\" itemtype=\"https:\/\/schema.org\/ImageObject\" >\n\t\t\t\t\t\t<span itemprop='url'>https:\/\/fobizz.com\/wp-content\/uploads\/2026\/02\/Blogbeitrag-Einsatz-von-Schulhunden-im-Unterrichtsalltag-1.jpg<\/span>\n\t\t\t\t\t\t<span itemprop='height'>1080<\/span>\n\t\t\t\t\t\t<span itemprop='width'>1920<\/span>\n\t\t\t\t<\/span>\n\t\t\t\t<span class='av-structured-data'  itemprop=\"publisher\" itemtype=\"https:\/\/schema.org\/Organization\" itemscope=\"itemscope\" >\n\t\t\t\t\t\t<span itemprop='name'>Tanja Schneider<\/span>\n\t\t\t\t\t\t<span itemprop='logo' itemscope itemtype='https:\/\/schema.org\/ImageObject'>\n\t\t\t\t\t\t\t<span itemprop='url'>https:\/\/fobizz.com\/wp-content\/uploads\/2024\/01\/fobizz_logo-min-495x244.png<\/span>\n\t\t\t\t\t\t<\/span>\n\t\t\t\t<\/span><span class='av-structured-data'  itemprop=\"author\" itemscope=\"itemscope\" itemtype=\"https:\/\/schema.org\/Person\" ><span itemprop='name'>Tanja Schneider<\/span><\/span><span class='av-structured-data'  itemprop=\"datePublished\" datetime=\"2021-10-16T18:32:17+02:00\" >2026-02-12 10:00:28<\/span><span class='av-structured-data'  itemprop=\"dateModified\" itemtype=\"https:\/\/schema.org\/dateModified\" >2026-02-11 14:23:03<\/span><span class='av-structured-data'  itemprop=\"mainEntityOfPage\" itemtype=\"https:\/\/schema.org\/mainEntityOfPage\" ><span itemprop='name'>Einsatz von Schulhunden im Unterrichtsalltag<\/span><\/span><\/span><\/article><article class='slide-entry flex_column  post-entry post-entry-58425 slide-entry-overview slide-loop-8 slide-parity-even  av_one_third  real-thumbnail posttype-post post-format-standard'  itemscope=\"itemscope\" itemtype=\"https:\/\/schema.org\/BlogPosting\" itemprop=\"blogPost\" ><a href='https:\/\/fobizz.com\/de\/einsatz-von-ki-im-lateinunterricht\/' data-rel='slide-1' class='slide-image' title='Einsatz von KI im Lateinunterricht'><img decoding=\"async\" fetchpriority=\"high\" width=\"495\" height=\"400\" src=\"https:\/\/fobizz.com\/wp-content\/uploads\/2026\/02\/Einsatz-von-KI-im-Lateinunterricht-1-495x400.jpg\" class=\"wp-image-58369 avia-img-lazy-loading-not-58369 attachment-portfolio size-portfolio wp-post-image\" alt=\"\" \/><\/a><div class=\"slide-content\"><header class=\"entry-content-header\"><h3 class='slide-entry-title entry-title '  itemprop=\"headline\" ><a href='https:\/\/fobizz.com\/de\/einsatz-von-ki-im-lateinunterricht\/' title='Einsatz von KI im Lateinunterricht'>Einsatz von KI im Lateinunterricht<\/a><\/h3><span class=\"blog-categories minor-meta\"><a href=\"https:\/\/fobizz.com\/de\/category\/interview\/\" rel=\"tag\">Interview<\/a>, <a href=\"https:\/\/fobizz.com\/de\/category\/kunstliche-intelligenz\/\" rel=\"tag\">K\u00fcnstliche Intelligenz<\/a>, <a href=\"https:\/\/fobizz.com\/de\/category\/lehrerbildung\/\" rel=\"tag\">Lehrerbildung<\/a>, <a href=\"https:\/\/fobizz.com\/de\/category\/neue-lernkultur\/\" rel=\"tag\">Neue Lernkultur<\/a> <\/span><span class=\"av-vertical-delimiter\"><\/span><\/header><div class='slide-entry-excerpt entry-content'  itemprop=\"text\" ><div class=\"excerpt-text\">Im Interview mit Daniel Conley erf\u00e4hrst du, wie du KI im Lateinunterricht gewinnbringend einsetzen kannst.<\/div><\/div><\/div><span class='hidden'>\n\t\t\t\t<span class='av-structured-data'  itemprop=\"image\" itemscope=\"itemscope\" itemtype=\"https:\/\/schema.org\/ImageObject\" >\n\t\t\t\t\t\t<span itemprop='url'>https:\/\/fobizz.com\/wp-content\/uploads\/2026\/02\/Einsatz-von-KI-im-Lateinunterricht-1.jpg<\/span>\n\t\t\t\t\t\t<span itemprop='height'>1080<\/span>\n\t\t\t\t\t\t<span itemprop='width'>1920<\/span>\n\t\t\t\t<\/span>\n\t\t\t\t<span class='av-structured-data'  itemprop=\"publisher\" itemtype=\"https:\/\/schema.org\/Organization\" itemscope=\"itemscope\" >\n\t\t\t\t\t\t<span itemprop='name'>Tanja Schneider<\/span>\n\t\t\t\t\t\t<span itemprop='logo' itemscope itemtype='https:\/\/schema.org\/ImageObject'>\n\t\t\t\t\t\t\t<span itemprop='url'>https:\/\/fobizz.com\/wp-content\/uploads\/2024\/01\/fobizz_logo-min-495x244.png<\/span>\n\t\t\t\t\t\t<\/span>\n\t\t\t\t<\/span><span class='av-structured-data'  itemprop=\"author\" itemscope=\"itemscope\" itemtype=\"https:\/\/schema.org\/Person\" ><span itemprop='name'>Tanja Schneider<\/span><\/span><span class='av-structured-data'  itemprop=\"datePublished\" datetime=\"2021-10-16T18:32:17+02:00\" >2026-02-12 10:00:21<\/span><span class='av-structured-data'  itemprop=\"dateModified\" itemtype=\"https:\/\/schema.org\/dateModified\" >2026-03-12 12:18:21<\/span><span class='av-structured-data'  itemprop=\"mainEntityOfPage\" itemtype=\"https:\/\/schema.org\/mainEntityOfPage\" ><span itemprop='name'>Einsatz von KI im Lateinunterricht<\/span><\/span><\/span><\/article><article class='slide-entry flex_column  post-entry post-entry-58055 slide-entry-overview slide-loop-9 slide-parity-odd  post-entry-last  av_one_third  real-thumbnail posttype-post post-format-standard'  itemscope=\"itemscope\" itemtype=\"https:\/\/schema.org\/BlogPosting\" itemprop=\"blogPost\" ><a href='https:\/\/fobizz.com\/de\/der-prozess-hat-uns-als-schule-richtig-gutgetan\/' data-rel='slide-1' class='slide-image' title='\u201eDer Prozess hat uns als Schule richtig gutgetan\u201c'><img decoding=\"async\" fetchpriority=\"high\" width=\"495\" height=\"283\" src=\"https:\/\/fobizz.com\/wp-content\/uploads\/2026\/01\/Ansicht-von-Quartiersplatz-495x283.jpg\" class=\"wp-image-58057 avia-img-lazy-loading-not-58057 attachment-portfolio size-portfolio wp-post-image\" alt=\"\" \/><\/a><div class=\"slide-content\"><header class=\"entry-content-header\"><h3 class='slide-entry-title entry-title '  itemprop=\"headline\" ><a href='https:\/\/fobizz.com\/de\/der-prozess-hat-uns-als-schule-richtig-gutgetan\/' title='\u201eDer Prozess hat uns als Schule richtig gutgetan\u201c'>\u201eDer Prozess hat uns als Schule richtig gutgetan\u201c<\/a><\/h3><span class=\"blog-categories minor-meta\"><a href=\"https:\/\/fobizz.com\/de\/category\/interview\/\" rel=\"tag\">Interview<\/a>, <a href=\"https:\/\/fobizz.com\/de\/category\/lehrerbildung\/\" rel=\"tag\">Lehrerbildung<\/a> <\/span><span class=\"av-vertical-delimiter\"><\/span><\/header><div class='slide-entry-excerpt entry-content'  itemprop=\"text\" ><div class=\"excerpt-text\">Lerncoaches statt Frontalunterricht, Cluster statt Klassenzimmer: Die Gemeinschaftsschule Gebhard aus Konstanz stand im Finale des Deutschen Schulpreises. Schulleiterin Charlotte Dre\u00dfen erkl\u00e4rt das innovative Konzept.<\/div><\/div><\/div><span class='hidden'>\n\t\t\t\t<span class='av-structured-data'  itemprop=\"image\" itemscope=\"itemscope\" itemtype=\"https:\/\/schema.org\/ImageObject\" >\n\t\t\t\t\t\t<span itemprop='url'>https:\/\/fobizz.com\/wp-content\/uploads\/2026\/01\/Ansicht-von-Quartiersplatz.jpg<\/span>\n\t\t\t\t\t\t<span itemprop='height'>283<\/span>\n\t\t\t\t\t\t<span itemprop='width'>614<\/span>\n\t\t\t\t<\/span>\n\t\t\t\t<span class='av-structured-data'  itemprop=\"publisher\" itemtype=\"https:\/\/schema.org\/Organization\" itemscope=\"itemscope\" >\n\t\t\t\t\t\t<span itemprop='name'>Michelle<\/span>\n\t\t\t\t\t\t<span itemprop='logo' itemscope itemtype='https:\/\/schema.org\/ImageObject'>\n\t\t\t\t\t\t\t<span itemprop='url'>https:\/\/fobizz.com\/wp-content\/uploads\/2024\/01\/fobizz_logo-min-495x244.png<\/span>\n\t\t\t\t\t\t<\/span>\n\t\t\t\t<\/span><span class='av-structured-data'  itemprop=\"author\" itemscope=\"itemscope\" itemtype=\"https:\/\/schema.org\/Person\" ><span itemprop='name'>Michelle<\/span><\/span><span class='av-structured-data'  itemprop=\"datePublished\" datetime=\"2021-10-16T18:32:17+02:00\" >2026-01-08 11:25:34<\/span><span class='av-structured-data'  itemprop=\"dateModified\" itemtype=\"https:\/\/schema.org\/dateModified\" >2026-01-08 11:28:11<\/span><span class='av-structured-data'  itemprop=\"mainEntityOfPage\" itemtype=\"https:\/\/schema.org\/mainEntityOfPage\" ><span itemprop='name'>\u201eDer Prozess hat uns als Schule richtig gutgetan\u201c<\/span><\/span><\/span><\/article><\/div><\/div><div class='avia-slideshow-arrows avia-slideshow-controls' ><a href='#prev' class='prev-slide ' data-av_icon='\ue87c' data-av_iconfont='entypo-fontello' aria-hidden=\"true\" title=\"Zur\u00fcck\" desc=\"Zur\u00fcck\" tabindex='-1' ><span class='avia_hidden_link_text'>Zur\u00fcck<\/span><\/a><a href='#next' class='next-slide ' data-av_icon='\ue87d' data-av_iconfont='entypo-fontello' aria-hidden=\"true\" title=\"Weiter\" desc=\"Weiter\" tabindex='-1' ><span class='avia_hidden_link_text'>Weiter<\/span><\/a><\/div><\/div>\n\n\n\n","protected":false},"excerpt":{"rendered":"<p>Podcasts sind einzigartige Ratgeber und treue Begleiter unseres Alltags. Sie bieten eine tolle M\u00f6glichkeit des Austauschs und regen zum Weiterdenken und Diskutieren an. In diesem Artikel stellen wir euch verschiedene Podcasts von Lehrkr\u00e4ften vor, die \u00fcber ihren Berufsalltag berichten, witzige Anekdoten aus dem Unterricht erz\u00e4hlen oder neue Tools und zeitgem\u00e4\u00dfe Lehrformate vorstellen. Viel Spa\u00df beim Zuh\u00f6ren!<\/p>\n","protected":false},"author":16,"featured_media":19527,"comment_status":"closed","ping_status":"open","sticky":false,"template":"","format":"standard","meta":{"_monsterinsights_skip_tracking":false,"_monsterinsights_sitenote_active":false,"_monsterinsights_sitenote_note":"","_monsterinsights_sitenote_category":0,"_uf_show_specific_survey":0,"_uf_disable_surveys":false,"footnotes":""},"categories":[168,933],"tags":[182,880,879],"class_list":["post-19524","post","type-post","status-publish","format-standard","has-post-thumbnail","hentry","category-lehrerbildung","category-podcast","tag-lehrerbildung","tag-lehrkraft","tag-podcast"],"acf":[],"yoast_head":"<!-- This site is optimized with the Yoast SEO Premium plugin v26.2 (Yoast SEO v27.4) - https:\/\/yoast.com\/product\/yoast-seo-premium-wordpress\/ -->\n<title>Podcasts von Lehrer*innen rund um den Schulalltag<\/title>\n<meta name=\"description\" content=\"Wir stellen euch Podcasts von Lehrkr\u00e4ften zu Themen rund um die Schule, neue Tools f\u00fcr den Unterricht und den Berufsalltag vor.\" \/>\n<meta name=\"robots\" content=\"index, follow, max-snippet:-1, max-image-preview:large, max-video-preview:-1\" \/>\n<link rel=\"canonical\" href=\"https:\/\/fobizz.com\/de\/podcasts-von-lehrerinnen-rund-um-den-schulalltag\/\" \/>\n<meta name=\"twitter:card\" content=\"summary_large_image\" \/>\n<meta name=\"twitter:title\" content=\"Podcasts von Lehrer*innen rund um den Schulalltag\" \/>\n<meta name=\"twitter:description\" content=\"Wir stellen euch Podcasts von Lehrkr\u00e4ften zu Themen rund um die Schule, neue Tools f\u00fcr den Unterricht und den Berufsalltag vor.\" \/>\n<meta name=\"twitter:image\" content=\"https:\/\/fobizz.com\/wp-content\/uploads\/2021\/07\/Lehrerinnen-go-Podcast.jpg\" \/>\n<meta name=\"twitter:creator\" content=\"@fobizz\" \/>\n<meta name=\"twitter:site\" content=\"@fobizz\" \/>\n<meta name=\"twitter:label1\" content=\"Verfasst von\" \/>\n\t<meta name=\"twitter:data1\" content=\"Michelle\" \/>\n\t<meta name=\"twitter:label2\" content=\"Gesch\u00e4tzte Lesezeit\" \/>\n\t<meta name=\"twitter:data2\" content=\"9\u00a0Minuten\" \/>\n<script type=\"application\/ld+json\" class=\"yoast-schema-graph\">{\"@context\":\"https:\\\/\\\/schema.org\",\"@graph\":[{\"@type\":\"Article\",\"@id\":\"https:\\\/\\\/fobizz.com\\\/de\\\/podcasts-von-lehrerinnen-rund-um-den-schulalltag\\\/#article\",\"isPartOf\":{\"@id\":\"https:\\\/\\\/fobizz.com\\\/de\\\/podcasts-von-lehrerinnen-rund-um-den-schulalltag\\\/\"},\"author\":{\"name\":\"Michelle\",\"@id\":\"https:\\\/\\\/fobizz.com\\\/de\\\/#\\\/schema\\\/person\\\/f400eeba4d469a7edad821c7f455c853\"},\"headline\":\"Podcasts von Lehrer*innen rund um den Schulalltag\",\"datePublished\":\"2021-10-16T16:32:17+00:00\",\"dateModified\":\"2021-10-18T10:29:49+00:00\",\"mainEntityOfPage\":{\"@id\":\"https:\\\/\\\/fobizz.com\\\/de\\\/podcasts-von-lehrerinnen-rund-um-den-schulalltag\\\/\"},\"wordCount\":6011,\"publisher\":{\"@id\":\"https:\\\/\\\/fobizz.com\\\/de\\\/#organization\"},\"image\":{\"@id\":\"https:\\\/\\\/fobizz.com\\\/de\\\/podcasts-von-lehrerinnen-rund-um-den-schulalltag\\\/#primaryimage\"},\"thumbnailUrl\":\"https:\\\/\\\/fobizz.com\\\/wp-content\\\/uploads\\\/2021\\\/07\\\/Lehrerinnen-go-Podcast.jpg\",\"keywords\":[\"Lehrerbildung\",\"Lehrkraft\",\"Podcast\"],\"articleSection\":[\"Lehrerbildung\",\"Podcast\"],\"inLanguage\":\"de\"},{\"@type\":\"WebPage\",\"@id\":\"https:\\\/\\\/fobizz.com\\\/de\\\/podcasts-von-lehrerinnen-rund-um-den-schulalltag\\\/\",\"url\":\"https:\\\/\\\/fobizz.com\\\/de\\\/podcasts-von-lehrerinnen-rund-um-den-schulalltag\\\/\",\"name\":\"Podcasts von Lehrer*innen rund um den Schulalltag\",\"isPartOf\":{\"@id\":\"https:\\\/\\\/fobizz.com\\\/de\\\/#website\"},\"primaryImageOfPage\":{\"@id\":\"https:\\\/\\\/fobizz.com\\\/de\\\/podcasts-von-lehrerinnen-rund-um-den-schulalltag\\\/#primaryimage\"},\"image\":{\"@id\":\"https:\\\/\\\/fobizz.com\\\/de\\\/podcasts-von-lehrerinnen-rund-um-den-schulalltag\\\/#primaryimage\"},\"thumbnailUrl\":\"https:\\\/\\\/fobizz.com\\\/wp-content\\\/uploads\\\/2021\\\/07\\\/Lehrerinnen-go-Podcast.jpg\",\"datePublished\":\"2021-10-16T16:32:17+00:00\",\"dateModified\":\"2021-10-18T10:29:49+00:00\",\"description\":\"Wir stellen euch Podcasts von Lehrkr\u00e4ften zu Themen rund um die Schule, neue Tools f\u00fcr den Unterricht und den Berufsalltag vor.\",\"breadcrumb\":{\"@id\":\"https:\\\/\\\/fobizz.com\\\/de\\\/podcasts-von-lehrerinnen-rund-um-den-schulalltag\\\/#breadcrumb\"},\"inLanguage\":\"de\",\"potentialAction\":[{\"@type\":\"ReadAction\",\"target\":[\"https:\\\/\\\/fobizz.com\\\/de\\\/podcasts-von-lehrerinnen-rund-um-den-schulalltag\\\/\"]}]},{\"@type\":\"ImageObject\",\"inLanguage\":\"de\",\"@id\":\"https:\\\/\\\/fobizz.com\\\/de\\\/podcasts-von-lehrerinnen-rund-um-den-schulalltag\\\/#primaryimage\",\"url\":\"https:\\\/\\\/fobizz.com\\\/wp-content\\\/uploads\\\/2021\\\/07\\\/Lehrerinnen-go-Podcast.jpg\",\"contentUrl\":\"https:\\\/\\\/fobizz.com\\\/wp-content\\\/uploads\\\/2021\\\/07\\\/Lehrerinnen-go-Podcast.jpg\",\"width\":960,\"height\":540},{\"@type\":\"BreadcrumbList\",\"@id\":\"https:\\\/\\\/fobizz.com\\\/de\\\/podcasts-von-lehrerinnen-rund-um-den-schulalltag\\\/#breadcrumb\",\"itemListElement\":[{\"@type\":\"ListItem\",\"position\":1,\"name\":\"Startseite\",\"item\":\"https:\\\/\\\/fobizz.com\\\/de\\\/startpage\\\/\"},{\"@type\":\"ListItem\",\"position\":2,\"name\":\"Podcasts von Lehrer*innen rund um den Schulalltag\"}]},{\"@type\":\"WebSite\",\"@id\":\"https:\\\/\\\/fobizz.com\\\/de\\\/#website\",\"url\":\"https:\\\/\\\/fobizz.com\\\/de\\\/\",\"name\":\"fobizz\",\"description\":\"AI &amp; digital Tools for Teachers\",\"publisher\":{\"@id\":\"https:\\\/\\\/fobizz.com\\\/de\\\/#organization\"},\"potentialAction\":[{\"@type\":\"SearchAction\",\"target\":{\"@type\":\"EntryPoint\",\"urlTemplate\":\"https:\\\/\\\/fobizz.com\\\/de\\\/?s={search_term_string}\"},\"query-input\":{\"@type\":\"PropertyValueSpecification\",\"valueRequired\":true,\"valueName\":\"search_term_string\"}}],\"inLanguage\":\"de\"},{\"@type\":\"Organization\",\"@id\":\"https:\\\/\\\/fobizz.com\\\/de\\\/#organization\",\"name\":\"fobizz\",\"url\":\"https:\\\/\\\/fobizz.com\\\/de\\\/\",\"logo\":{\"@type\":\"ImageObject\",\"inLanguage\":\"de\",\"@id\":\"https:\\\/\\\/fobizz.com\\\/de\\\/#\\\/schema\\\/logo\\\/image\\\/\",\"url\":\"https:\\\/\\\/fobizz.com\\\/wp-content\\\/uploads\\\/2023\\\/07\\\/fobi_autor_fobizz.png\",\"contentUrl\":\"https:\\\/\\\/fobizz.com\\\/wp-content\\\/uploads\\\/2023\\\/07\\\/fobi_autor_fobizz.png\",\"width\":200,\"height\":200,\"caption\":\"fobizz\"},\"image\":{\"@id\":\"https:\\\/\\\/fobizz.com\\\/de\\\/#\\\/schema\\\/logo\\\/image\\\/\"},\"sameAs\":[\"https:\\\/\\\/www.facebook.com\\\/fobizz\\\/\",\"https:\\\/\\\/x.com\\\/fobizz\",\"https:\\\/\\\/www.instagram.com\\\/fobizz_com\\\/\",\"https:\\\/\\\/www.youtube.com\\\/@fobizz702\",\"https:\\\/\\\/www.pinterest.de\\\/fobizz_com\"]},{\"@type\":\"Person\",\"@id\":\"https:\\\/\\\/fobizz.com\\\/de\\\/#\\\/schema\\\/person\\\/f400eeba4d469a7edad821c7f455c853\",\"name\":\"Michelle\",\"image\":{\"@type\":\"ImageObject\",\"inLanguage\":\"de\",\"@id\":\"https:\\\/\\\/secure.gravatar.com\\\/avatar\\\/7aaaac468c9eca874b4ebc81aa8bc1b1c23912318a2d136f6f17892f60098c1d?s=96&d=mm&r=g\",\"url\":\"https:\\\/\\\/secure.gravatar.com\\\/avatar\\\/7aaaac468c9eca874b4ebc81aa8bc1b1c23912318a2d136f6f17892f60098c1d?s=96&d=mm&r=g\",\"contentUrl\":\"https:\\\/\\\/secure.gravatar.com\\\/avatar\\\/7aaaac468c9eca874b4ebc81aa8bc1b1c23912318a2d136f6f17892f60098c1d?s=96&d=mm&r=g\",\"caption\":\"Michelle\"},\"url\":\"https:\\\/\\\/fobizz.com\\\/de\\\/author\\\/michelle\\\/\"}]}<\/script>\n<!-- \/ Yoast SEO Premium plugin. -->","yoast_head_json":{"title":"Podcasts von Lehrer*innen rund um den Schulalltag","description":"Wir stellen euch Podcasts von Lehrkr\u00e4ften zu Themen rund um die Schule, neue Tools f\u00fcr den Unterricht und den Berufsalltag vor.","robots":{"index":"index","follow":"follow","max-snippet":"max-snippet:-1","max-image-preview":"max-image-preview:large","max-video-preview":"max-video-preview:-1"},"canonical":"https:\/\/fobizz.com\/de\/podcasts-von-lehrerinnen-rund-um-den-schulalltag\/","twitter_card":"summary_large_image","twitter_title":"Podcasts von Lehrer*innen rund um den Schulalltag","twitter_description":"Wir stellen euch Podcasts von Lehrkr\u00e4ften zu Themen rund um die Schule, neue Tools f\u00fcr den Unterricht und den Berufsalltag vor.","twitter_image":"https:\/\/fobizz.com\/wp-content\/uploads\/2021\/07\/Lehrerinnen-go-Podcast.jpg","twitter_creator":"@fobizz","twitter_site":"@fobizz","twitter_misc":{"Verfasst von":"Michelle","Gesch\u00e4tzte Lesezeit":"9\u00a0Minuten"},"schema":{"@context":"https:\/\/schema.org","@graph":[{"@type":"Article","@id":"https:\/\/fobizz.com\/de\/podcasts-von-lehrerinnen-rund-um-den-schulalltag\/#article","isPartOf":{"@id":"https:\/\/fobizz.com\/de\/podcasts-von-lehrerinnen-rund-um-den-schulalltag\/"},"author":{"name":"Michelle","@id":"https:\/\/fobizz.com\/de\/#\/schema\/person\/f400eeba4d469a7edad821c7f455c853"},"headline":"Podcasts von Lehrer*innen rund um den Schulalltag","datePublished":"2021-10-16T16:32:17+00:00","dateModified":"2021-10-18T10:29:49+00:00","mainEntityOfPage":{"@id":"https:\/\/fobizz.com\/de\/podcasts-von-lehrerinnen-rund-um-den-schulalltag\/"},"wordCount":6011,"publisher":{"@id":"https:\/\/fobizz.com\/de\/#organization"},"image":{"@id":"https:\/\/fobizz.com\/de\/podcasts-von-lehrerinnen-rund-um-den-schulalltag\/#primaryimage"},"thumbnailUrl":"https:\/\/fobizz.com\/wp-content\/uploads\/2021\/07\/Lehrerinnen-go-Podcast.jpg","keywords":["Lehrerbildung","Lehrkraft","Podcast"],"articleSection":["Lehrerbildung","Podcast"],"inLanguage":"de"},{"@type":"WebPage","@id":"https:\/\/fobizz.com\/de\/podcasts-von-lehrerinnen-rund-um-den-schulalltag\/","url":"https:\/\/fobizz.com\/de\/podcasts-von-lehrerinnen-rund-um-den-schulalltag\/","name":"Podcasts von Lehrer*innen rund um den Schulalltag","isPartOf":{"@id":"https:\/\/fobizz.com\/de\/#website"},"primaryImageOfPage":{"@id":"https:\/\/fobizz.com\/de\/podcasts-von-lehrerinnen-rund-um-den-schulalltag\/#primaryimage"},"image":{"@id":"https:\/\/fobizz.com\/de\/podcasts-von-lehrerinnen-rund-um-den-schulalltag\/#primaryimage"},"thumbnailUrl":"https:\/\/fobizz.com\/wp-content\/uploads\/2021\/07\/Lehrerinnen-go-Podcast.jpg","datePublished":"2021-10-16T16:32:17+00:00","dateModified":"2021-10-18T10:29:49+00:00","description":"Wir stellen euch Podcasts von Lehrkr\u00e4ften zu Themen rund um die Schule, neue Tools f\u00fcr den Unterricht und den Berufsalltag vor.","breadcrumb":{"@id":"https:\/\/fobizz.com\/de\/podcasts-von-lehrerinnen-rund-um-den-schulalltag\/#breadcrumb"},"inLanguage":"de","potentialAction":[{"@type":"ReadAction","target":["https:\/\/fobizz.com\/de\/podcasts-von-lehrerinnen-rund-um-den-schulalltag\/"]}]},{"@type":"ImageObject","inLanguage":"de","@id":"https:\/\/fobizz.com\/de\/podcasts-von-lehrerinnen-rund-um-den-schulalltag\/#primaryimage","url":"https:\/\/fobizz.com\/wp-content\/uploads\/2021\/07\/Lehrerinnen-go-Podcast.jpg","contentUrl":"https:\/\/fobizz.com\/wp-content\/uploads\/2021\/07\/Lehrerinnen-go-Podcast.jpg","width":960,"height":540},{"@type":"BreadcrumbList","@id":"https:\/\/fobizz.com\/de\/podcasts-von-lehrerinnen-rund-um-den-schulalltag\/#breadcrumb","itemListElement":[{"@type":"ListItem","position":1,"name":"Startseite","item":"https:\/\/fobizz.com\/de\/startpage\/"},{"@type":"ListItem","position":2,"name":"Podcasts von Lehrer*innen rund um den Schulalltag"}]},{"@type":"WebSite","@id":"https:\/\/fobizz.com\/de\/#website","url":"https:\/\/fobizz.com\/de\/","name":"fobizz","description":"AI &amp; digital Tools for Teachers","publisher":{"@id":"https:\/\/fobizz.com\/de\/#organization"},"potentialAction":[{"@type":"SearchAction","target":{"@type":"EntryPoint","urlTemplate":"https:\/\/fobizz.com\/de\/?s={search_term_string}"},"query-input":{"@type":"PropertyValueSpecification","valueRequired":true,"valueName":"search_term_string"}}],"inLanguage":"de"},{"@type":"Organization","@id":"https:\/\/fobizz.com\/de\/#organization","name":"fobizz","url":"https:\/\/fobizz.com\/de\/","logo":{"@type":"ImageObject","inLanguage":"de","@id":"https:\/\/fobizz.com\/de\/#\/schema\/logo\/image\/","url":"https:\/\/fobizz.com\/wp-content\/uploads\/2023\/07\/fobi_autor_fobizz.png","contentUrl":"https:\/\/fobizz.com\/wp-content\/uploads\/2023\/07\/fobi_autor_fobizz.png","width":200,"height":200,"caption":"fobizz"},"image":{"@id":"https:\/\/fobizz.com\/de\/#\/schema\/logo\/image\/"},"sameAs":["https:\/\/www.facebook.com\/fobizz\/","https:\/\/x.com\/fobizz","https:\/\/www.instagram.com\/fobizz_com\/","https:\/\/www.youtube.com\/@fobizz702","https:\/\/www.pinterest.de\/fobizz_com"]},{"@type":"Person","@id":"https:\/\/fobizz.com\/de\/#\/schema\/person\/f400eeba4d469a7edad821c7f455c853","name":"Michelle","image":{"@type":"ImageObject","inLanguage":"de","@id":"https:\/\/secure.gravatar.com\/avatar\/7aaaac468c9eca874b4ebc81aa8bc1b1c23912318a2d136f6f17892f60098c1d?s=96&d=mm&r=g","url":"https:\/\/secure.gravatar.com\/avatar\/7aaaac468c9eca874b4ebc81aa8bc1b1c23912318a2d136f6f17892f60098c1d?s=96&d=mm&r=g","contentUrl":"https:\/\/secure.gravatar.com\/avatar\/7aaaac468c9eca874b4ebc81aa8bc1b1c23912318a2d136f6f17892f60098c1d?s=96&d=mm&r=g","caption":"Michelle"},"url":"https:\/\/fobizz.com\/de\/author\/michelle\/"}]}},"_links":{"self":[{"href":"https:\/\/fobizz.com\/de\/wp-json\/wp\/v2\/posts\/19524","targetHints":{"allow":["GET"]}}],"collection":[{"href":"https:\/\/fobizz.com\/de\/wp-json\/wp\/v2\/posts"}],"about":[{"href":"https:\/\/fobizz.com\/de\/wp-json\/wp\/v2\/types\/post"}],"author":[{"embeddable":true,"href":"https:\/\/fobizz.com\/de\/wp-json\/wp\/v2\/users\/16"}],"replies":[{"embeddable":true,"href":"https:\/\/fobizz.com\/de\/wp-json\/wp\/v2\/comments?post=19524"}],"version-history":[{"count":0,"href":"https:\/\/fobizz.com\/de\/wp-json\/wp\/v2\/posts\/19524\/revisions"}],"wp:featuredmedia":[{"embeddable":true,"href":"https:\/\/fobizz.com\/de\/wp-json\/wp\/v2\/media\/19527"}],"wp:attachment":[{"href":"https:\/\/fobizz.com\/de\/wp-json\/wp\/v2\/media?parent=19524"}],"wp:term":[{"taxonomy":"category","embeddable":true,"href":"https:\/\/fobizz.com\/de\/wp-json\/wp\/v2\/categories?post=19524"},{"taxonomy":"post_tag","embeddable":true,"href":"https:\/\/fobizz.com\/de\/wp-json\/wp\/v2\/tags?post=19524"}],"curies":[{"name":"wp","href":"https:\/\/api.w.org\/{rel}","templated":true}]}}