{"id":25632,"date":"2022-05-16T14:24:11","date_gmt":"2022-05-16T12:24:11","guid":{"rendered":"https:\/\/fobizz.com\/?p=25632"},"modified":"2022-05-23T16:53:08","modified_gmt":"2022-05-23T14:53:08","slug":"haben-wir-immer-so-gemacht-war-gestern-interview-johann-walling-schule-borken","status":"publish","type":"post","link":"https:\/\/fobizz.com\/de\/haben-wir-immer-so-gemacht-war-gestern-interview-johann-walling-schule-borken\/","title":{"rendered":"&#8222;Haben wir immer so gemacht&#8220; war gestern \u2013 Interview Johann-Walling-Schule Borken"},"content":{"rendered":"<div id='av_section_1'  class='avia-section av-jtzzu6v0-84fc7159924f74d2f4b53f65d7721b16 main_color avia-section-small avia-no-border-styling  avia-builder-el-0  el_before_av_section  avia-builder-el-first  avia-bg-style-scroll container_wrap sidebar_right'  ><div class='container av-section-cont-open' ><main  role=\"main\" itemprop=\"mainContentOfPage\"  class='template-page content  av-content-small alpha units'><div class='post-entry post-entry-type-page post-entry-25632'><div class='entry-content-wrapper clearfix'>\n\n<style type=\"text\/css\" data-created_by=\"avia_inline_auto\" id=\"style-css-av-d4bdnv-21b07b0cec5e0810ecfa672115549fb9\">\n.flex_column.av-d4bdnv-21b07b0cec5e0810ecfa672115549fb9{\nborder-radius:0px 0px 0px 0px;\npadding:0px 0px 0px 0px;\n}\n<\/style>\n<div  class='flex_column av-d4bdnv-21b07b0cec5e0810ecfa672115549fb9 av_one_fifth  avia-builder-el-1  el_before_av_three_fifth  avia-builder-el-first  first flex_column_div av-zero-column-padding  '     ><\/div>\n<style type=\"text\/css\" data-created_by=\"avia_inline_auto\" id=\"style-css-av-ama7kb-7a8b15bdc1e9a322a2ec3e8dd56d77f7\">\n.flex_column.av-ama7kb-7a8b15bdc1e9a322a2ec3e8dd56d77f7{\nborder-radius:0px 0px 0px 0px;\npadding:0px 0px 0px 0px;\n}\n<\/style>\n<div  class='flex_column av-ama7kb-7a8b15bdc1e9a322a2ec3e8dd56d77f7 av_three_fifth  avia-builder-el-2  el_after_av_one_fifth  el_before_av_one_fifth  flex_column_div av-zero-column-padding  '     ><style type=\"text\/css\" data-created_by=\"avia_inline_auto\" id=\"style-css-av-kuvjnvx9-099992927f505497d66169bc4997e641\">\n.avia-image-container.av-kuvjnvx9-099992927f505497d66169bc4997e641 img.avia_image{\nbox-shadow:none;\n}\n.avia-image-container.av-kuvjnvx9-099992927f505497d66169bc4997e641 .av-image-caption-overlay-center{\ncolor:#ffffff;\n}\n<\/style>\n<div  class='avia-image-container av-kuvjnvx9-099992927f505497d66169bc4997e641 av-styling-no-styling avia-align-center  avia-builder-el-3  avia-builder-el-no-sibling '   itemprop=\"image\" itemscope=\"itemscope\" itemtype=\"https:\/\/schema.org\/ImageObject\" ><div class=\"avia-image-container-inner\"><div class=\"avia-image-overlay-wrap\"><img fetchpriority=\"high\" class='wp-image-25635 avia-img-lazy-loading-not-25635 avia_image ' src='https:\/\/fobizz.com\/wp-content\/uploads\/2022\/05\/jws_Borken_Gruppenbild-1030x501.jpg' alt='Gruppenbild von Lehrkr\u00e4ften der Johann Wallung Schule Borken' title='jws_Borken_Gruppenbild'  height=\"501\" width=\"1030\"  itemprop=\"thumbnailUrl\"  \/><\/div><\/div><\/div><\/div>\n<style type=\"text\/css\" data-created_by=\"avia_inline_auto\" id=\"style-css-av-8ulop7-bada879823e26d2e1bdfa2a2f090cc5a\">\n.flex_column.av-8ulop7-bada879823e26d2e1bdfa2a2f090cc5a{\nborder-radius:0px 0px 0px 0px;\npadding:0px 0px 0px 0px;\n}\n<\/style>\n<div  class='flex_column av-8ulop7-bada879823e26d2e1bdfa2a2f090cc5a av_one_fifth  avia-builder-el-4  el_after_av_three_fifth  avia-builder-el-last  flex_column_div av-zero-column-padding  '     ><\/div>\n\n<\/div><\/div><\/main><!-- close content main element --><\/div><\/div><div id='av_section_2'  class='avia-section av-jtzzu6v0-82b68e883fb80f4bfe3c78e7e1afb640 alternate_color avia-section-small avia-no-border-styling  avia-builder-el-5  el_after_av_section  el_before_av_section  avia-bg-style-scroll container_wrap sidebar_right'  ><div class='container av-section-cont-open' ><div class='template-page content  av-content-small alpha units'><div class='post-entry post-entry-type-page post-entry-25632'><div class='entry-content-wrapper clearfix'>\n\n<style type=\"text\/css\" data-created_by=\"avia_inline_auto\" id=\"style-css-av-d4bdnv-21b07b0cec5e0810ecfa672115549fb9\">\n.flex_column.av-d4bdnv-21b07b0cec5e0810ecfa672115549fb9{\nborder-radius:0px 0px 0px 0px;\npadding:0px 0px 0px 0px;\n}\n<\/style>\n<div  class='flex_column av-d4bdnv-21b07b0cec5e0810ecfa672115549fb9 av_one_fifth  avia-builder-el-6  el_before_av_three_fifth  avia-builder-el-first  first flex_column_div av-zero-column-padding  '     ><\/div>\n<style type=\"text\/css\" data-created_by=\"avia_inline_auto\" id=\"style-css-av-ama7kb-7a8b15bdc1e9a322a2ec3e8dd56d77f7\">\n.flex_column.av-ama7kb-7a8b15bdc1e9a322a2ec3e8dd56d77f7{\nborder-radius:0px 0px 0px 0px;\npadding:0px 0px 0px 0px;\n}\n<\/style>\n<div  class='flex_column av-ama7kb-7a8b15bdc1e9a322a2ec3e8dd56d77f7 av_three_fifth  avia-builder-el-7  el_after_av_one_fifth  el_before_av_one_fifth  flex_column_div av-zero-column-padding  '     ><p>\n<style type=\"text\/css\" data-created_by=\"avia_inline_auto\" id=\"style-css-av-z0prbf-cd6712eb871ac0696b12c3124485bc25\">\n#top .av-special-heading.av-z0prbf-cd6712eb871ac0696b12c3124485bc25{\npadding-bottom:10px;\ncolor:#f7a600;\n}\nbody .av-special-heading.av-z0prbf-cd6712eb871ac0696b12c3124485bc25 .av-special-heading-tag .heading-char{\nfont-size:25px;\n}\n.av-special-heading.av-z0prbf-cd6712eb871ac0696b12c3124485bc25 .special-heading-inner-border{\nborder-color:#f7a600;\n}\n.av-special-heading.av-z0prbf-cd6712eb871ac0696b12c3124485bc25 .av-subheading{\nfont-size:15px;\n}\n<\/style>\n<div  class='av-special-heading av-z0prbf-cd6712eb871ac0696b12c3124485bc25 av-special-heading-h1 custom-color-heading blockquote modern-quote  avia-builder-el-8  el_before_av_textblock  avia-builder-el-first  av-thin-font av-linked-heading'><h1 class='av-special-heading-tag '  itemprop=\"headline\"  ><strong><span class='special_amp'>&#8222;<\/span>Haben wir immer so gemacht<span class='special_amp'>&#8220;<\/span> war gestern<\/strong><\/h1><div class=\"special-heading-border\"><div class=\"special-heading-inner-border\"><\/div><\/div><\/div><br \/>\n<section  class='av_textblock_section av-jtzzw0pu-b3aa950db1480cc16e9fead53ab64621 '   itemscope=\"itemscope\" itemtype=\"https:\/\/schema.org\/BlogPosting\" itemprop=\"blogPost\" ><div class='avia_textblock av_inherit_color'  itemprop=\"text\" ><p><strong>Teamarbeit, Experimentierfreude und Raum f\u00fcr Weiterentwicklung \u2013 dies macht die Johann-Walling-Schule in Borken aus. Im letzten Jahr absolvierten die Lehrkr\u00e4fte \u00fcber 246 Fortbildungsstunden in 85 unterschiedlichen Fortbildungen \u2013 f\u00fcr diese herausragende Leistung wurde die Schule von fobizz ausgezeichnet. Wir haben Markus B\u00f6ggemann, Medienbeauftragter und First-Level-Support der digitalen Endger\u00e4te, zum\u00a0Interview getroffen.\u00a0<\/strong><\/p>\n<\/div><\/section><\/p><\/div>\n<style type=\"text\/css\" data-created_by=\"avia_inline_auto\" id=\"style-css-av-8ulop7-bada879823e26d2e1bdfa2a2f090cc5a\">\n.flex_column.av-8ulop7-bada879823e26d2e1bdfa2a2f090cc5a{\nborder-radius:0px 0px 0px 0px;\npadding:0px 0px 0px 0px;\n}\n<\/style>\n<div  class='flex_column av-8ulop7-bada879823e26d2e1bdfa2a2f090cc5a av_one_fifth  avia-builder-el-10  el_after_av_three_fifth  avia-builder-el-last  flex_column_div av-zero-column-padding  '     ><\/div>\n\n<\/div><\/div><\/div><!-- close content main div --><\/div><\/div><div id='av_section_3'  class='avia-section av-7bhsy3-1f54a76d6a3e715ecc7bfa5d0552e2d6 main_color avia-section-default avia-no-border-styling  avia-builder-el-11  el_after_av_section  el_before_av_section  avia-bg-style-scroll container_wrap sidebar_right'  ><div class='container av-section-cont-open' ><div class='template-page content  av-content-small alpha units'><div class='post-entry post-entry-type-page post-entry-25632'><div class='entry-content-wrapper clearfix'>\n\n<style type=\"text\/css\" data-created_by=\"avia_inline_auto\" id=\"style-css-av-60c9u3-7a5133c2a7ec786c6b998c9da0b29b91\">\n.flex_column.av-60c9u3-7a5133c2a7ec786c6b998c9da0b29b91{\nborder-radius:0px 0px 0px 0px;\npadding:0px 0px 0px 0px;\n}\n<\/style>\n<div  class='flex_column av-60c9u3-7a5133c2a7ec786c6b998c9da0b29b91 av_one_fifth  avia-builder-el-12  el_before_av_three_fifth  avia-builder-el-first  first flex_column_div av-zero-column-padding  '     ><\/div>\n<style type=\"text\/css\" data-created_by=\"avia_inline_auto\" id=\"style-css-av-e63y3-fb86b65fd1df3e657941b45f96b1d3b1\">\n.flex_column.av-e63y3-fb86b65fd1df3e657941b45f96b1d3b1{\nborder-radius:0px 0px 0px 0px;\npadding:0px 0px 0px 0px;\n}\n<\/style>\n<div  class='flex_column av-e63y3-fb86b65fd1df3e657941b45f96b1d3b1 av_three_fifth  avia-builder-el-13  el_after_av_one_fifth  el_before_av_one_fifth  flex_column_div av-zero-column-padding  '     ><section  class='av_textblock_section av-ju00cit0-5b50248725427f686a41e4deff14a482 '   itemscope=\"itemscope\" itemtype=\"https:\/\/schema.org\/BlogPosting\" itemprop=\"blogPost\" ><div class='avia_textblock'  itemprop=\"text\" ><p><strong>Herr B\u00f6ggemann, Ihre Schule hat im letzten Jahr 246 Fortbildungsstunden in 85 unterschiedlichen Fortbildungen absolviert. Wie hat Ihre Schule die vielf\u00e4ltigen Fortbildungsangebote genutzt und in den Schulalltag integriert?<\/strong><\/p>\n<p>Wir waren ja wie alle Schulen recht pl\u00f6tzlich mit der Situation konfrontiert, Sch\u00fcler*innen in Distanz unterrichten zu m\u00fcssen. Bei diesem Sprung ins kalte Wasser haben wir uns f\u00fcr den Kopfsprung entschieden. Uns kam zugute, dass wir im Vorfeld mit Hilfe der Medienberater des Kreises Borken schon ein sinnvolles Medienkonzept erarbeitet hatten, auf das wir aufbauen konnten und somit zumindest schon Anlauf genommen hatten.<br \/>\nDa auch unser Kollegium im digitalen Bereich bunt gemischt aufgestellt ist, war schnell klar, dass sich neben gemeinsamen Fortbildungen auch jeder individuell auf den Weg machen muss. Als wir dann den Zugriff auf das fobizz Angebot hatten, konnte sich auch erstmal jeder frei dort umschauen und sich eigene Schwerpunkte setzen. Es kam dann immer wieder zum Austausch untereinander. So wurden einerseits Fortbildungen empfohlen und andererseits n\u00fctzliche Tipps oder App-Empfehlungen direkt weitergegeben.<\/p>\n<\/div><\/section><\/div>\n<style type=\"text\/css\" data-created_by=\"avia_inline_auto\" id=\"style-css-av-34kf3f-5c453dee3a5d73b18a369b0be04d3c0e\">\n.flex_column.av-34kf3f-5c453dee3a5d73b18a369b0be04d3c0e{\nborder-radius:0px 0px 0px 0px;\npadding:0px 0px 0px 0px;\n}\n<\/style>\n<div  class='flex_column av-34kf3f-5c453dee3a5d73b18a369b0be04d3c0e av_one_fifth  avia-builder-el-15  el_after_av_three_fifth  avia-builder-el-last  flex_column_div av-zero-column-padding  '     ><\/div>\n\n<\/div><\/div><\/div><!-- close content main div --><\/div><\/div><div id='av_section_4'  class='avia-section av-5hqwfa-779761db7200eb5db4426390e1360bb8 alternate_color avia-section-default avia-no-border-styling  avia-builder-el-16  el_after_av_section  el_before_av_section  avia-bg-style-scroll container_wrap sidebar_right'  ><div class='container av-section-cont-open' ><div class='template-page content  av-content-small alpha units'><div class='post-entry post-entry-type-page post-entry-25632'><div class='entry-content-wrapper clearfix'>\n\n<style type=\"text\/css\" data-created_by=\"avia_inline_auto\" id=\"style-css-av-126jzpu-d260a8d2f457a2e4c691ab5094c8b34d\">\n.flex_column.av-126jzpu-d260a8d2f457a2e4c691ab5094c8b34d{\nborder-radius:0px 0px 0px 0px;\npadding:0px 0px 0px 0px;\n}\n<\/style>\n<div  class='flex_column av-126jzpu-d260a8d2f457a2e4c691ab5094c8b34d av_one_fourth  avia-builder-el-17  el_before_av_two_third  avia-builder-el-first  first flex_column_div av-zero-column-padding  '     ><style type=\"text\/css\" data-created_by=\"avia_inline_auto\" id=\"style-css-av-l38p25ne-f0f3ab6ceba7813feb40fb2338d5849b\">\n.avia-image-container.av-l38p25ne-f0f3ab6ceba7813feb40fb2338d5849b img.avia_image{\nbox-shadow:none;\n}\n.avia-image-container.av-l38p25ne-f0f3ab6ceba7813feb40fb2338d5849b .av-image-caption-overlay-center{\ncolor:#ffffff;\n}\n<\/style>\n<div  class='avia-image-container av-l38p25ne-f0f3ab6ceba7813feb40fb2338d5849b av-styling- avia-align-center  avia-builder-el-18  avia-builder-el-no-sibling '   itemprop=\"image\" itemscope=\"itemscope\" itemtype=\"https:\/\/schema.org\/ImageObject\" ><div class=\"avia-image-container-inner\"><div class=\"avia-image-overlay-wrap\"><img fetchpriority=\"high\" class='wp-image-25636 avia-img-lazy-loading-not-25636 avia_image ' src='https:\/\/fobizz.com\/wp-content\/uploads\/2022\/05\/jwslogo.jpg' alt='' title='jwslogo'  height=\"567\" width=\"566\"  itemprop=\"thumbnailUrl\"  \/><\/div><\/div><\/div><\/div>\n<style type=\"text\/css\" data-created_by=\"avia_inline_auto\" id=\"style-css-av-2lfr8m-43a8d494135556e4539c66598fc2b68c\">\n.flex_column.av-2lfr8m-43a8d494135556e4539c66598fc2b68c{\nborder-radius:0px 0px 0px 0px;\npadding:0px 0px 0px 0px;\n}\n<\/style>\n<div  class='flex_column av-2lfr8m-43a8d494135556e4539c66598fc2b68c av_two_third  avia-builder-el-19  el_after_av_one_fourth  avia-builder-el-last  flex_column_div av-zero-column-padding  '     ><section  class='av_textblock_section av-2fgxsid-7dd25fbef7b942f9518237f7097cfde3 '   itemscope=\"itemscope\" itemtype=\"https:\/\/schema.org\/BlogPosting\" itemprop=\"blogPost\" ><div class='avia_textblock'  itemprop=\"text\" ><p>Markus B\u00f6ggemann ist seit 2011 an der Johann-Walling-Schule. Er ist Klassenlehrer und unterrichtet haupts\u00e4chlich die F\u00e4cher Mathematik, Deutsch und Sachunterricht. Seit 2020 ist er Medienbeauftragter und damit unter Anderem zust\u00e4ndig f\u00fcr den First-Level-Support der digitalen Endger\u00e4te, Abstimmungen mit dem Schultr\u00e4ger und die Verwaltung der Logineoplattform<\/p>\n<\/div><\/section><\/div>\n\n<\/div><\/div><\/div><!-- close content main div --><\/div><\/div><div id='av_section_5'  class='avia-section av-5hqwfa-01a17b93ee65ca0f46d144cd31f03d25 main_color avia-section-default avia-no-border-styling  avia-builder-el-21  el_after_av_section  el_before_av_section  avia-bg-style-scroll container_wrap sidebar_right'  ><div class='container av-section-cont-open' ><div class='template-page content  av-content-small alpha units'><div class='post-entry post-entry-type-page post-entry-25632'><div class='entry-content-wrapper clearfix'>\n\n<style type=\"text\/css\" data-created_by=\"avia_inline_auto\" id=\"style-css-av-34kf3f-5533cbe9be77e98aa76ac408c7c56e91\">\n.flex_column.av-34kf3f-5533cbe9be77e98aa76ac408c7c56e91{\nborder-radius:0px 0px 0px 0px;\npadding:0px 0px 0px 0px;\n}\n<\/style>\n<div  class='flex_column av-34kf3f-5533cbe9be77e98aa76ac408c7c56e91 av_one_fifth  avia-builder-el-22  el_before_av_three_fifth  avia-builder-el-first  first flex_column_div av-zero-column-padding  '     ><\/div>\n<style type=\"text\/css\" data-created_by=\"avia_inline_auto\" id=\"style-css-av-34kf3f-5c453dee3a5d73b18a369b0be04d3c0e\">\n.flex_column.av-34kf3f-5c453dee3a5d73b18a369b0be04d3c0e{\nborder-radius:0px 0px 0px 0px;\npadding:0px 0px 0px 0px;\n}\n<\/style>\n<div  class='flex_column av-34kf3f-5c453dee3a5d73b18a369b0be04d3c0e av_three_fifth  avia-builder-el-23  el_after_av_one_fifth  el_before_av_one_fifth  flex_column_div av-zero-column-padding  '     ><p><section  class='av_textblock_section av-ju00cit0-5b50248725427f686a41e4deff14a482 '   itemscope=\"itemscope\" itemtype=\"https:\/\/schema.org\/BlogPosting\" itemprop=\"blogPost\" ><div class='avia_textblock'  itemprop=\"text\" ><p><strong>Welche Themen waren dabei f\u00fcr Ihr Kollegium von besonderem Interesse?<\/strong><\/p>\n<p>Im Kollegium waren zwei Schwerpunkte zu erkennen. Ein gro\u00dfer Bereich war nat\u00fcrlich die Organisation und Durchf\u00fchrung des Distanzunterrichts. Welche Apps und Tools gibt es daf\u00fcr? Wie funktionieren sie? Welche sind sinnvoll? Ein anderer Bereich war die Bedienung und der sinnvolle Einsatz der Ipads, die f\u00fcr uns und die Kinder angeschafft wurden. Viele von uns haben zu der Zeit das erste Mal ein Tablet bedient und so war der Bedarf an Fortbildung nat\u00fcrlich gro\u00df. Die fobizz Fortbildung dazu war wirklich sehr gewinnbringend.<\/p>\n<\/div><\/section><br \/>\n\n<style type=\"text\/css\" data-created_by=\"avia_inline_auto\" id=\"style-css-av-kywme71g-1ee00d5a9f9b6e021256bd7ccdad8d70\">\n#top .av-special-heading.av-kywme71g-1ee00d5a9f9b6e021256bd7ccdad8d70{\npadding-bottom:10px;\ncolor:#22b5b7;\n}\nbody .av-special-heading.av-kywme71g-1ee00d5a9f9b6e021256bd7ccdad8d70 .av-special-heading-tag .heading-char{\nfont-size:25px;\n}\n.av-special-heading.av-kywme71g-1ee00d5a9f9b6e021256bd7ccdad8d70 .special-heading-inner-border{\nborder-color:#22b5b7;\n}\n.av-special-heading.av-kywme71g-1ee00d5a9f9b6e021256bd7ccdad8d70 .av-subheading{\nfont-size:15px;\n}\n<\/style>\n<div  class='av-special-heading av-kywme71g-1ee00d5a9f9b6e021256bd7ccdad8d70 av-special-heading-h1 custom-color-heading blockquote modern-quote  avia-builder-el-25  el_after_av_textblock  el_before_av_hr  av-thin-font av-linked-heading'><h1 class='av-special-heading-tag '  itemprop=\"headline\"  ><strong><span class='special_amp'>&#8220;<\/span> Unsere gro\u00dfe St\u00e4rke liegt in unserer engagierten Teamarbeit. Wir arbeiten sehr eng zusammen und treffen uns regelm\u00e4\u00dfig in verschiedenen Teams. Dar\u00fcber hinaus sind wir offen f\u00fcr Neues und experimentierfreudig.<span class='special_amp'>&#8220;<\/span><\/strong><\/h1><div class=\"special-heading-border\"><div class=\"special-heading-inner-border\"><\/div><\/div><\/div><br \/>\n\n<style type=\"text\/css\" data-created_by=\"avia_inline_auto\" id=\"style-css-av-vdhwci-f0b7c60d0a8279ba286cee15b4d213ec\">\n#top .hr.hr-invisible.av-vdhwci-f0b7c60d0a8279ba286cee15b4d213ec{\nheight:25px;\n}\n<\/style>\n<div  class='hr av-vdhwci-f0b7c60d0a8279ba286cee15b4d213ec hr-invisible  avia-builder-el-26  el_after_av_heading  el_before_av_textblock '><span class='hr-inner '><span class=\"hr-inner-style\"><\/span><\/span><\/div><br \/>\n<section  class='av_textblock_section av-ju00cit0-5b50248725427f686a41e4deff14a482 '   itemscope=\"itemscope\" itemtype=\"https:\/\/schema.org\/BlogPosting\" itemprop=\"blogPost\" ><div class='avia_textblock'  itemprop=\"text\" ><p><strong>Ihre Schule geht mit leuchtendem Beispiel voran! Was zeichnet ihre Schule besonders aus? <\/strong><\/p>\n<p>Unsere gro\u00dfe St\u00e4rke liegt in unserer engagierten Teamarbeit. Wir arbeiten sehr eng zusammen und treffen uns regelm\u00e4\u00dfig in verschiedenen Teams. Dar\u00fcber hinaus sind wir offen f\u00fcr Neues und experimentierfreudig. Durch unsere mittlerweile gute Ausstattung mit Endger\u00e4ten und digitalen Tafeln, sind wir beim Umsetzen neuer Ideen sehr flexibel. Schon vor der Pandemie haben wir uns auf den Weg gemacht und unser \u201cDigi-Projekt\u201d ins Leben gerufen. Hier wird eine dritte bzw. vierte Klasse in einem Halbjahr pro Woche f\u00fcr eine Stunde geteilt. Die eine H\u00e4lfte lernt den verantwortungsvollen Umgang mit dem Internet und sozialen Medien und die andere H\u00e4lfte lernt Ozobots zu programmieren. So werden im Laufe der Grundschulzeit viele Bereiche des Medienkompetenzrahmens abgedeckt.<\/p>\n<p><strong>Was sind Ihre Meilensteine hin zu einer Schule der Zukunft? <\/strong><\/p>\n<p>Wir haben in den letzten Jahren die Argumentation \u201cHaben wir immer so gemacht\u201d kritisch hinterfragt. So haben sich viele Stellen ergeben, die Raum f\u00fcr Weiterentwicklung, gerade auch im digitalen Bereich boten. Zus\u00e4tzlich wurde unser Team durch einige neue Kolleginnen und Kollegen verst\u00e4rkt, die ebenfalls neue Inputs mitgebracht haben. Dazu geh\u00f6rt aber auch die Offenheit der anderen Lehrerinnen und Lehrer, diese Ideen auch auszuprobieren. Diese Bereitschaft ist hier gl\u00fccklicherweise immer vorhanden. Als dann die digitalen Endger\u00e4te an der Schule ankamen, haben wir nat\u00fcrlich nochmal einen gro\u00dfen Schritt gemacht.<\/p>\n<\/div><\/section><br \/>\n\n<style type=\"text\/css\" data-created_by=\"avia_inline_auto\" id=\"style-css-av-l2ebq5tg-652d34801d8f0e73363af1d0660a4e7a\">\n.avia-image-container.av-l2ebq5tg-652d34801d8f0e73363af1d0660a4e7a img.avia_image{\nbox-shadow:none;\n}\n.avia-image-container.av-l2ebq5tg-652d34801d8f0e73363af1d0660a4e7a .av-image-caption-overlay-center{\ncolor:#ffffff;\n}\n<\/style>\n<div  class='avia-image-container av-l2ebq5tg-652d34801d8f0e73363af1d0660a4e7a av-styling- avia-align-center  avia-builder-el-28  el_after_av_textblock  el_before_av_hr '   itemprop=\"image\" itemscope=\"itemscope\" itemtype=\"https:\/\/schema.org\/ImageObject\" ><div class=\"avia-image-container-inner\"><div class=\"avia-image-overlay-wrap\"><img fetchpriority=\"high\" class='wp-image- avia-img-lazy-loading-not- avia_image ' src='https:\/\/fobizz.com\/wp-content\/uploads\/2022\/04\/fobizz_badge_zertifikat-253x300.jpg' alt='' title=''   itemprop=\"thumbnailUrl\"  \/><\/div><\/div><\/div><br \/>\n\n<style type=\"text\/css\" data-created_by=\"avia_inline_auto\" id=\"style-css-av-v2d4v9-545509a7e49e314b14d1232289b64ed0\">\n#top .hr.hr-invisible.av-v2d4v9-545509a7e49e314b14d1232289b64ed0{\nheight:25px;\n}\n<\/style>\n<div  class='hr av-v2d4v9-545509a7e49e314b14d1232289b64ed0 hr-invisible  avia-builder-el-29  el_after_av_image  el_before_av_textblock '><span class='hr-inner '><span class=\"hr-inner-style\"><\/span><\/span><\/div><br \/>\n\n<style type=\"text\/css\" data-created_by=\"avia_inline_auto\" id=\"style-css-av-kz5fx7cs-6579dbf5061f0a81da3dd6aa1d1b0e6e\">\n#top .av_textblock_section.av-kz5fx7cs-6579dbf5061f0a81da3dd6aa1d1b0e6e .avia_textblock{\ncolor:#a5a5a5;\n}\n<\/style>\n<section  class='av_textblock_section av-kz5fx7cs-6579dbf5061f0a81da3dd6aa1d1b0e6e '   itemscope=\"itemscope\" itemtype=\"https:\/\/schema.org\/BlogPosting\" itemprop=\"blogPost\" ><div class='avia_textblock av_inherit_color'  itemprop=\"text\" ><p><i>Die Auszeichnung der fobizz-Schule erhalten\u00a0deutschlandweit Schulen, die sich durch ein besonders engagiertes Kollegium und eine Vielzahl von absolvierten Fortbildungen auszeichnen.<\/i><\/p>\n<\/div><\/section><br \/>\n\n<style type=\"text\/css\" data-created_by=\"avia_inline_auto\" id=\"style-css-av-l2efw8og-6287acba0cdda96a30a07cb36a450b12\">\n#top .av-special-heading.av-l2efw8og-6287acba0cdda96a30a07cb36a450b12{\npadding-bottom:10px;\ncolor:#22b5b7;\n}\nbody .av-special-heading.av-l2efw8og-6287acba0cdda96a30a07cb36a450b12 .av-special-heading-tag .heading-char{\nfont-size:25px;\n}\n.av-special-heading.av-l2efw8og-6287acba0cdda96a30a07cb36a450b12 .special-heading-inner-border{\nborder-color:#22b5b7;\n}\n.av-special-heading.av-l2efw8og-6287acba0cdda96a30a07cb36a450b12 .av-subheading{\nfont-size:15px;\n}\n<\/style>\n<div  class='av-special-heading av-l2efw8og-6287acba0cdda96a30a07cb36a450b12 av-special-heading-h1 custom-color-heading blockquote modern-quote  avia-builder-el-31  el_after_av_textblock  el_before_av_textblock  av-thin-font av-linked-heading'><h1 class='av-special-heading-tag '  itemprop=\"headline\"  ><strong><span class='special_amp'>&#8222;<\/span>Mit dem fobizz Angebot hatten wir die M\u00f6glichkeit, uns sehr gezielt, bedarfsorientiert und teilweise auch spontan fortzubilden.<span class='special_amp'>&#8220;<\/span><\/strong><\/h1><div class=\"special-heading-border\"><div class=\"special-heading-inner-border\"><\/div><\/div><\/div><br \/>\n<section  class='av_textblock_section av-kj66xe-c53c86ed740151146cb67d45dda3b252 '   itemscope=\"itemscope\" itemtype=\"https:\/\/schema.org\/BlogPosting\" itemprop=\"blogPost\" ><div class='avia_textblock'  itemprop=\"text\" ><p><strong>Welche Vorteile sehen Sie und Ihr Kollegium in der Nutzung eines digitalen Fort- und Weiterbildungsangebotes f\u00fcr Schulen?<\/strong><\/p>\n<p>Einen gro\u00dfen Vorteil sehen wir in der Flexibilit\u00e4t. Nat\u00fcrlich ist es auch sch\u00f6n sich gemeinsam bei einem Kaffee \u00fcber ein Thema auszutauschen, allerdings ist dies ja auch immer mit weiteren Terminabsprachen und evtl. mit Fahrzeiten verbunden. Mit dem fobizz Angebot hatten wir die M\u00f6glichkeit, uns sehr gezielt, bedarfsorientiert und teilweise auch spontan fortzubilden. Durch die Option zu pausieren und sp\u00e4ter weiterzumachen, konnte man sich sehr flexibel \u00fcber Inhalte informieren, oder diese zu \u00dcbungszwecken auch schnell wiederholen. Nat\u00fcrlich war auch hier die Pandemie ein Grund, dass \u201cklassische\u201d Fortbildungen nur eingeschr\u00e4nkt nutzbar waren.<\/p>\n<\/div><\/section><br \/>\n<section  class='av_textblock_section av-l2eanmu6-795334ada1a3f7cb28dce6866c4a20e4 '   itemscope=\"itemscope\" itemtype=\"https:\/\/schema.org\/BlogPosting\" itemprop=\"blogPost\" ><div class='avia_textblock'  itemprop=\"text\" ><p><strong>Was m\u00f6chten Sie gerne anderen Schulen mit auf den Weg geben, die sich im Rahmen ihrer Schulentwicklung auch auf den Weg machen? <\/strong><\/p>\n<p>Keine Angst, die Arbeit zahlt sich aus. Man muss am Ball bleiben und die neu erworbenen F\u00e4higkeiten in kleinen H\u00e4ppchen einsetzen. Hier und da mal eine neue App oder ein neues Material. Alles gleichzeitig geht nicht. Irgendwann wird man routinierter. In den seltensten F\u00e4llen kann man irgendwas \u201ckaputt machen\u201d. Au\u00dferdem sind die Mitarbeiterinnen und Mitarbeiter der IT des Schultr\u00e4gers auch sehr nett.<\/p>\n<\/div><\/section><br \/>\n\n<style type=\"text\/css\" data-created_by=\"avia_inline_auto\" id=\"style-css-av-l2efwup0-a690d4b22fb4cd1b86cacf41e0ef8e46\">\n#top .av-special-heading.av-l2efwup0-a690d4b22fb4cd1b86cacf41e0ef8e46{\npadding-bottom:10px;\ncolor:#22b5b7;\n}\nbody .av-special-heading.av-l2efwup0-a690d4b22fb4cd1b86cacf41e0ef8e46 .av-special-heading-tag .heading-char{\nfont-size:25px;\n}\n.av-special-heading.av-l2efwup0-a690d4b22fb4cd1b86cacf41e0ef8e46 .special-heading-inner-border{\nborder-color:#22b5b7;\n}\n.av-special-heading.av-l2efwup0-a690d4b22fb4cd1b86cacf41e0ef8e46 .av-subheading{\nfont-size:15px;\n}\n<\/style>\n<div  class='av-special-heading av-l2efwup0-a690d4b22fb4cd1b86cacf41e0ef8e46 av-special-heading-h1 custom-color-heading blockquote modern-quote  avia-builder-el-34  el_after_av_textblock  el_before_av_textblock  av-thin-font av-linked-heading'><h1 class='av-special-heading-tag '  itemprop=\"headline\"  ><strong><span class='special_amp'>&#8222;<\/span>Keine Angst, die Arbeit zahlt sich aus. Man muss am Ball bleiben und die neu erworbenen F\u00e4higkeiten in kleinen H\u00e4ppchen einsetzen. Hier und da mal eine neue App oder ein neues Material.<span class='special_amp'>&#8220;<\/span><\/strong><\/h1><div class=\"special-heading-border\"><div class=\"special-heading-inner-border\"><\/div><\/div><\/div><br \/>\n<section  class='av_textblock_section av-l2eaodxc-a2de836f42a4b0b0ab7e48e3c108a15f '   itemscope=\"itemscope\" itemtype=\"https:\/\/schema.org\/BlogPosting\" itemprop=\"blogPost\" ><div class='avia_textblock'  itemprop=\"text\" ><p><strong>Was w\u00fcnschen Sie sich vonseiten der Politik, um Schulen und Lehrkr\u00e4fte bestm\u00f6glich in der Fort- und Weiterbildung zu unterst\u00fctzen?<\/strong><\/p>\n<p>Manche Prozesse scheinen mir etwas langsam abzulaufen. Au\u00dferdem sollten die Interessen und Bed\u00fcrfnisse der Lehrerinnen und Lehrer st\u00e4rker ber\u00fccksichtigt werden. Neuerungen im System sollten fr\u00fcher kommuniziert und mit passenden Fortbildungen und Informationen begleitet werden, um das kalte Wasser, in das wir springen, etwas zu erw\u00e4rmen. Wir brauchen mehr Lehrerstellen, um flexibler zu sein und unsere neuen F\u00e4higkeiten auch dort einsetzen zu k\u00f6nnen, wo sie gebraucht werden: bei den Sch\u00fclerinnen und Sch\u00fclern.<\/p>\n<\/div><\/section><\/p><\/div>\n<style type=\"text\/css\" data-created_by=\"avia_inline_auto\" id=\"style-css-av-34kf3f-5c453dee3a5d73b18a369b0be04d3c0e\">\n.flex_column.av-34kf3f-5c453dee3a5d73b18a369b0be04d3c0e{\nborder-radius:0px 0px 0px 0px;\npadding:0px 0px 0px 0px;\n}\n<\/style>\n<div  class='flex_column av-34kf3f-5c453dee3a5d73b18a369b0be04d3c0e av_one_fifth  avia-builder-el-36  el_after_av_three_fifth  avia-builder-el-last  flex_column_div av-zero-column-padding  '     ><\/div><\/div><\/div><\/div><!-- close content main div --><\/div><\/div><div id='av_section_6'  class='avia-section av-ju11gpo3-f4921ea3bb816c7df4b4bb3ab0471907 alternate_color avia-section-default avia-no-border-styling  avia-builder-el-37  el_after_av_section  avia-builder-el-last  avia-bg-style-scroll container_wrap sidebar_right'  ><div class='container av-section-cont-open' ><div class='template-page content  av-content-small alpha units'><div class='post-entry post-entry-type-page post-entry-25632'><div class='entry-content-wrapper clearfix'>\n\n<style type=\"text\/css\" data-created_by=\"avia_inline_auto\" id=\"style-css-av-ju11ha2p-15c8dfd0812db5b4b8b60f7a8559db15\">\n#top .av-special-heading.av-ju11ha2p-15c8dfd0812db5b4b8b60f7a8559db15{\npadding-bottom:20px;\n}\nbody .av-special-heading.av-ju11ha2p-15c8dfd0812db5b4b8b60f7a8559db15 .av-special-heading-tag .heading-char{\nfont-size:25px;\n}\n#top #wrap_all .av-special-heading.av-ju11ha2p-15c8dfd0812db5b4b8b60f7a8559db15 .av-special-heading-tag{\nfont-size:25px;\n}\n.av-special-heading.av-ju11ha2p-15c8dfd0812db5b4b8b60f7a8559db15 .av-subheading{\nfont-size:15px;\n}\n<\/style>\n<div  class='av-special-heading av-ju11ha2p-15c8dfd0812db5b4b8b60f7a8559db15 av-special-heading-h2 custom-color-heading  avia-builder-el-38  el_before_av_postslider  avia-builder-el-first '><h2 class='av-special-heading-tag '  itemprop=\"headline\"  >Weitere Blogartikel<\/h2><div class=\"special-heading-border\"><div class=\"special-heading-inner-border\"><\/div><\/div><\/div>\n<div  data-slideshow-options=\"{&quot;animation&quot;:&quot;fade&quot;,&quot;autoplay&quot;:false,&quot;loop_autoplay&quot;:&quot;once&quot;,&quot;interval&quot;:&quot;5&quot;,&quot;loop_manual&quot;:&quot;manual-endless&quot;,&quot;autoplay_stopper&quot;:false,&quot;noNavigation&quot;:false,&quot;show_slide_delay&quot;:90}\" class='avia-content-slider avia-content-slider-active avia-content-slider1 avia-content-slider-odd  avia-builder-el-39  el_after_av_heading  avia-builder-el-last  av-slideshow-ui av-control-default   av-no-slider-navigation av-slideshow-manual av-loop-once av-loop-manual-endless '  itemscope=\"itemscope\" itemtype=\"https:\/\/schema.org\/Blog\" ><div class=\"avia-content-slider-inner\"><div class=\"slide-entry-wrap\"><article class='slide-entry flex_column  post-entry post-entry-59437 slide-entry-overview slide-loop-1 slide-parity-odd  av_one_third first real-thumbnail posttype-post post-format-standard'  itemscope=\"itemscope\" itemtype=\"https:\/\/schema.org\/BlogPosting\" itemprop=\"blogPost\" ><a href='https:\/\/fobizz.com\/de\/kinder-mit-traumaerfahrung-verstehen-und-begleiten\/' data-rel='slide-1' class='slide-image' title='Kinder mit Traumaerfahrung verstehen und begleiten'><img decoding=\"async\" fetchpriority=\"high\" width=\"495\" height=\"400\" src=\"https:\/\/fobizz.com\/wp-content\/uploads\/2026\/04\/Kinder-mit-Traumaerfahrung-verstehen-und-begleiten-495x400.jpg\" class=\"wp-image-59441 avia-img-lazy-loading-not-59441 attachment-portfolio size-portfolio wp-post-image\" alt=\"\" \/><\/a><div class=\"slide-content\"><header class=\"entry-content-header\"><h3 class='slide-entry-title entry-title '  itemprop=\"headline\" ><a href='https:\/\/fobizz.com\/de\/kinder-mit-traumaerfahrung-verstehen-und-begleiten\/' title='Kinder mit Traumaerfahrung verstehen und begleiten'>Kinder mit Traumaerfahrung verstehen und begleiten<\/a><\/h3><span class=\"blog-categories minor-meta\"><a href=\"https:\/\/fobizz.com\/de\/category\/interview\/\" rel=\"tag\">Interview<\/a>, <a href=\"https:\/\/fobizz.com\/de\/category\/lehrerbildung\/\" rel=\"tag\">Lehrerbildung<\/a>, <a href=\"https:\/\/fobizz.com\/de\/category\/nachhaltige-entwicklung\/\" rel=\"tag\">Nachhaltige Entwicklung<\/a> <\/span><span class=\"av-vertical-delimiter\"><\/span><\/header><div class='slide-entry-excerpt entry-content'  itemprop=\"text\" ><div class=\"excerpt-text\">Erfahre im Interview mit Feline Lunge, wie du deinen Unterricht traumasensibel gestalten kannst.<\/div><\/div><\/div><span class='hidden'>\n\t\t\t\t<span class='av-structured-data'  itemprop=\"image\" itemscope=\"itemscope\" itemtype=\"https:\/\/schema.org\/ImageObject\" >\n\t\t\t\t\t\t<span itemprop='url'>https:\/\/fobizz.com\/wp-content\/uploads\/2026\/04\/Kinder-mit-Traumaerfahrung-verstehen-und-begleiten.jpg<\/span>\n\t\t\t\t\t\t<span itemprop='height'>500<\/span>\n\t\t\t\t\t\t<span itemprop='width'>800<\/span>\n\t\t\t\t<\/span>\n\t\t\t\t<span class='av-structured-data'  itemprop=\"publisher\" itemtype=\"https:\/\/schema.org\/Organization\" itemscope=\"itemscope\" >\n\t\t\t\t\t\t<span itemprop='name'>Tanja Schneider<\/span>\n\t\t\t\t\t\t<span itemprop='logo' itemscope itemtype='https:\/\/schema.org\/ImageObject'>\n\t\t\t\t\t\t\t<span itemprop='url'>https:\/\/fobizz.com\/wp-content\/uploads\/2024\/01\/fobizz_logo-min-495x244.png<\/span>\n\t\t\t\t\t\t<\/span>\n\t\t\t\t<\/span><span class='av-structured-data'  itemprop=\"author\" itemscope=\"itemscope\" itemtype=\"https:\/\/schema.org\/Person\" ><span itemprop='name'>Tanja Schneider<\/span><\/span><span class='av-structured-data'  itemprop=\"datePublished\" datetime=\"2022-05-16T14:24:11+02:00\" >2026-04-09 10:47:47<\/span><span class='av-structured-data'  itemprop=\"dateModified\" itemtype=\"https:\/\/schema.org\/dateModified\" >2026-04-09 11:19:32<\/span><span class='av-structured-data'  itemprop=\"mainEntityOfPage\" itemtype=\"https:\/\/schema.org\/mainEntityOfPage\" ><span itemprop='name'>Kinder mit Traumaerfahrung verstehen und begleiten<\/span><\/span><\/span><\/article><article class='slide-entry flex_column  post-entry post-entry-59456 slide-entry-overview slide-loop-2 slide-parity-even  av_one_third  real-thumbnail posttype-post post-format-standard'  itemscope=\"itemscope\" itemtype=\"https:\/\/schema.org\/BlogPosting\" itemprop=\"blogPost\" ><a href='https:\/\/fobizz.com\/de\/grundschulalltag-diskriminierungskritisch-gestalten\/' data-rel='slide-1' class='slide-image' title='Grundschulalltag diskriminierungskritisch gestalten'><img decoding=\"async\" fetchpriority=\"high\" width=\"495\" height=\"400\" src=\"https:\/\/fobizz.com\/wp-content\/uploads\/2026\/04\/Grundschulalltag-diskriminierungskritisch-gestalten-495x400.jpg\" class=\"wp-image-59457 avia-img-lazy-loading-not-59457 attachment-portfolio size-portfolio wp-post-image\" alt=\"\" \/><\/a><div class=\"slide-content\"><header class=\"entry-content-header\"><h3 class='slide-entry-title entry-title '  itemprop=\"headline\" ><a href='https:\/\/fobizz.com\/de\/grundschulalltag-diskriminierungskritisch-gestalten\/' title='Grundschulalltag diskriminierungskritisch gestalten'>Grundschulalltag diskriminierungskritisch gestalten<\/a><\/h3><span class=\"blog-categories minor-meta\"><a href=\"https:\/\/fobizz.com\/de\/category\/interview\/\" rel=\"tag\">Interview<\/a>, <a href=\"https:\/\/fobizz.com\/de\/category\/lehrerbildung\/\" rel=\"tag\">Lehrerbildung<\/a>, <a href=\"https:\/\/fobizz.com\/de\/category\/nachhaltige-entwicklung\/\" rel=\"tag\">Nachhaltige Entwicklung<\/a> <\/span><span class=\"av-vertical-delimiter\"><\/span><\/header><div class='slide-entry-excerpt entry-content'  itemprop=\"text\" ><div class=\"excerpt-text\">Erfahre im Interview mit Anna Lena Lutz, warum du deinen Schulalltag diskriminierungskritisch gestalten solltest.<\/div><\/div><\/div><span class='hidden'>\n\t\t\t\t<span class='av-structured-data'  itemprop=\"image\" itemscope=\"itemscope\" itemtype=\"https:\/\/schema.org\/ImageObject\" >\n\t\t\t\t\t\t<span itemprop='url'>https:\/\/fobizz.com\/wp-content\/uploads\/2026\/04\/Grundschulalltag-diskriminierungskritisch-gestalten.jpg<\/span>\n\t\t\t\t\t\t<span itemprop='height'>500<\/span>\n\t\t\t\t\t\t<span itemprop='width'>800<\/span>\n\t\t\t\t<\/span>\n\t\t\t\t<span class='av-structured-data'  itemprop=\"publisher\" itemtype=\"https:\/\/schema.org\/Organization\" itemscope=\"itemscope\" >\n\t\t\t\t\t\t<span itemprop='name'>Tanja Schneider<\/span>\n\t\t\t\t\t\t<span itemprop='logo' itemscope itemtype='https:\/\/schema.org\/ImageObject'>\n\t\t\t\t\t\t\t<span itemprop='url'>https:\/\/fobizz.com\/wp-content\/uploads\/2024\/01\/fobizz_logo-min-495x244.png<\/span>\n\t\t\t\t\t\t<\/span>\n\t\t\t\t<\/span><span class='av-structured-data'  itemprop=\"author\" itemscope=\"itemscope\" itemtype=\"https:\/\/schema.org\/Person\" ><span itemprop='name'>Tanja Schneider<\/span><\/span><span class='av-structured-data'  itemprop=\"datePublished\" datetime=\"2022-05-16T14:24:11+02:00\" >2026-04-09 10:45:31<\/span><span class='av-structured-data'  itemprop=\"dateModified\" itemtype=\"https:\/\/schema.org\/dateModified\" >2026-04-09 11:18:42<\/span><span class='av-structured-data'  itemprop=\"mainEntityOfPage\" itemtype=\"https:\/\/schema.org\/mainEntityOfPage\" ><span itemprop='name'>Grundschulalltag diskriminierungskritisch gestalten<\/span><\/span><\/span><\/article><article class='slide-entry flex_column  post-entry post-entry-59367 slide-entry-overview slide-loop-3 slide-parity-odd  av_one_third  real-thumbnail posttype-post post-format-standard'  itemscope=\"itemscope\" itemtype=\"https:\/\/schema.org\/BlogPosting\" itemprop=\"blogPost\" ><a href='https:\/\/fobizz.com\/de\/demokratie-lernen-interview-poitzmann-ahl\/' data-rel='slide-1' class='slide-image' title='Demokratie lernen  \u2013 Interview mit Nikola Poitzmann &#038; Kati Ahl'><img decoding=\"async\" fetchpriority=\"high\" width=\"495\" height=\"400\" src=\"https:\/\/fobizz.com\/wp-content\/uploads\/2023\/07\/Schulkalender-23-24-classroom-management-495x400.jpg\" class=\"wp-image-41470 avia-img-lazy-loading-not-41470 attachment-portfolio size-portfolio wp-post-image\" alt=\"Vorschaubild der Fortbildung Classroom Management\" \/><\/a><div class=\"slide-content\"><header class=\"entry-content-header\"><h3 class='slide-entry-title entry-title '  itemprop=\"headline\" ><a href='https:\/\/fobizz.com\/de\/demokratie-lernen-interview-poitzmann-ahl\/' title='Demokratie lernen  \u2013 Interview mit Nikola Poitzmann &#038; Kati Ahl'>Demokratie lernen  \u2013 Interview mit Nikola Poitzmann &#038; Kati Ahl<\/a><\/h3><span class=\"blog-categories minor-meta\"><a href=\"https:\/\/fobizz.com\/de\/category\/digitale-bildung\/\" rel=\"tag\">Digitale Bildung<\/a>, <a href=\"https:\/\/fobizz.com\/de\/category\/interview\/\" rel=\"tag\">Interview<\/a>, <a href=\"https:\/\/fobizz.com\/de\/category\/lehrerbildung\/\" rel=\"tag\">Lehrerbildung<\/a> <\/span><span class=\"av-vertical-delimiter\"><\/span><\/header><div class='slide-entry-excerpt entry-content'  itemprop=\"text\" ><div class=\"excerpt-text\">Trotz wachsender gesellschaftlicher Spannungen bleibt die Schule ein besonderer Ort: Hier treffen Menschen mit unterschiedlichen Hintergr\u00fcnden, Meinungen und Erfahrungen aufeinander. Gerade deshalb bietet Schule gro\u00dfes Potenzial als Raum des Wandels \u2013 ein Ort, an dem Gemeinschaft gelebt und demokratische Werte im Alltag erfahrbar werden.\r\nDoch wie gelingt es, Sch\u00fcler:innen so zu st\u00e4rken, dass sie sich aktiv, selbstbestimmt und kritisch in gesellschaftliche Prozesse einbringen k\u00f6nnen?<\/div><\/div><\/div><span class='hidden'>\n\t\t\t\t<span class='av-structured-data'  itemprop=\"image\" itemscope=\"itemscope\" itemtype=\"https:\/\/schema.org\/ImageObject\" >\n\t\t\t\t\t\t<span itemprop='url'>https:\/\/fobizz.com\/wp-content\/uploads\/2023\/07\/Schulkalender-23-24-classroom-management.jpg<\/span>\n\t\t\t\t\t\t<span itemprop='height'>628<\/span>\n\t\t\t\t\t\t<span itemprop='width'>1200<\/span>\n\t\t\t\t<\/span>\n\t\t\t\t<span class='av-structured-data'  itemprop=\"publisher\" itemtype=\"https:\/\/schema.org\/Organization\" itemscope=\"itemscope\" >\n\t\t\t\t\t\t<span itemprop='name'>Michelle<\/span>\n\t\t\t\t\t\t<span itemprop='logo' itemscope itemtype='https:\/\/schema.org\/ImageObject'>\n\t\t\t\t\t\t\t<span itemprop='url'>https:\/\/fobizz.com\/wp-content\/uploads\/2024\/01\/fobizz_logo-min-495x244.png<\/span>\n\t\t\t\t\t\t<\/span>\n\t\t\t\t<\/span><span class='av-structured-data'  itemprop=\"author\" itemscope=\"itemscope\" itemtype=\"https:\/\/schema.org\/Person\" ><span itemprop='name'>Michelle<\/span><\/span><span class='av-structured-data'  itemprop=\"datePublished\" datetime=\"2022-05-16T14:24:11+02:00\" >2026-04-02 06:25:32<\/span><span class='av-structured-data'  itemprop=\"dateModified\" itemtype=\"https:\/\/schema.org\/dateModified\" >2026-04-13 17:48:54<\/span><span class='av-structured-data'  itemprop=\"mainEntityOfPage\" itemtype=\"https:\/\/schema.org\/mainEntityOfPage\" ><span itemprop='name'>Demokratie lernen  \u2013 Interview mit Nikola Poitzmann &#038; Kati Ahl<\/span><\/span><\/span><\/article><\/div><div class=\"slide-entry-wrap\"><article class='slide-entry flex_column  post-entry post-entry-59354 slide-entry-overview slide-loop-4 slide-parity-odd  av_one_third first real-thumbnail posttype-post post-format-standard'  itemscope=\"itemscope\" itemtype=\"https:\/\/schema.org\/BlogPosting\" itemprop=\"blogPost\" ><a href='https:\/\/fobizz.com\/de\/kinder-die-durchs-raster-fallen-interview-mit-corina-elfe\/' data-rel='slide-1' class='slide-image' title='Kinder, die durchs Raster fallen  \u2013 Interview mit Corina Elfe'><img decoding=\"async\" fetchpriority=\"high\" width=\"495\" height=\"400\" src=\"https:\/\/fobizz.com\/wp-content\/uploads\/2026\/04\/Kinder_Neurodivergenz-495x400.jpg\" class=\"wp-image-59361 avia-img-lazy-loading-not-59361 attachment-portfolio size-portfolio wp-post-image\" alt=\"\" \/><\/a><div class=\"slide-content\"><header class=\"entry-content-header\"><h3 class='slide-entry-title entry-title '  itemprop=\"headline\" ><a href='https:\/\/fobizz.com\/de\/kinder-die-durchs-raster-fallen-interview-mit-corina-elfe\/' title='Kinder, die durchs Raster fallen  \u2013 Interview mit Corina Elfe'>Kinder, die durchs Raster fallen  \u2013 Interview mit Corina Elfe<\/a><\/h3><span class=\"blog-categories minor-meta\"><a href=\"https:\/\/fobizz.com\/de\/category\/digitale-bildung\/\" rel=\"tag\">Digitale Bildung<\/a>, <a href=\"https:\/\/fobizz.com\/de\/category\/interview\/\" rel=\"tag\">Interview<\/a>, <a href=\"https:\/\/fobizz.com\/de\/category\/lehrerbildung\/\" rel=\"tag\">Lehrerbildung<\/a> <\/span><span class=\"av-vertical-delimiter\"><\/span><\/header><div class='slide-entry-excerpt entry-content'  itemprop=\"text\" ><div class=\"excerpt-text\">Digitales Arbeiten und Unterrichten \u2013 der Einsatz von K\u00fcnstlicher Intelligenz wird f\u00fcr Lehrkr\u00e4fte immer relevanter. Wie textgenerierende KI-Systeme wie ChatGPT sinnvoll in den Schulalltag integriert werden k\u00f6nnen und welche Potenziale und Grenzen sie haben, zeigen Micha Busch und Christian K\u00f6hler in 33 praxisnahen Ideen f\u00fcr Unterricht und Organisation.<\/div><\/div><\/div><span class='hidden'>\n\t\t\t\t<span class='av-structured-data'  itemprop=\"image\" itemscope=\"itemscope\" itemtype=\"https:\/\/schema.org\/ImageObject\" >\n\t\t\t\t\t\t<span itemprop='url'>https:\/\/fobizz.com\/wp-content\/uploads\/2026\/04\/Kinder_Neurodivergenz.jpg<\/span>\n\t\t\t\t\t\t<span itemprop='height'>768<\/span>\n\t\t\t\t\t\t<span itemprop='width'>1408<\/span>\n\t\t\t\t<\/span>\n\t\t\t\t<span class='av-structured-data'  itemprop=\"publisher\" itemtype=\"https:\/\/schema.org\/Organization\" itemscope=\"itemscope\" >\n\t\t\t\t\t\t<span itemprop='name'>Michelle<\/span>\n\t\t\t\t\t\t<span itemprop='logo' itemscope itemtype='https:\/\/schema.org\/ImageObject'>\n\t\t\t\t\t\t\t<span itemprop='url'>https:\/\/fobizz.com\/wp-content\/uploads\/2024\/01\/fobizz_logo-min-495x244.png<\/span>\n\t\t\t\t\t\t<\/span>\n\t\t\t\t<\/span><span class='av-structured-data'  itemprop=\"author\" itemscope=\"itemscope\" itemtype=\"https:\/\/schema.org\/Person\" ><span itemprop='name'>Michelle<\/span><\/span><span class='av-structured-data'  itemprop=\"datePublished\" datetime=\"2022-05-16T14:24:11+02:00\" >2026-04-01 17:20:21<\/span><span class='av-structured-data'  itemprop=\"dateModified\" itemtype=\"https:\/\/schema.org\/dateModified\" >2026-04-13 17:49:10<\/span><span class='av-structured-data'  itemprop=\"mainEntityOfPage\" itemtype=\"https:\/\/schema.org\/mainEntityOfPage\" ><span itemprop='name'>Kinder, die durchs Raster fallen  \u2013 Interview mit Corina Elfe<\/span><\/span><\/span><\/article><article class='slide-entry flex_column  post-entry post-entry-58864 slide-entry-overview slide-loop-5 slide-parity-even  av_one_third  real-thumbnail posttype-post post-format-standard'  itemscope=\"itemscope\" itemtype=\"https:\/\/schema.org\/BlogPosting\" itemprop=\"blogPost\" ><a href='https:\/\/fobizz.com\/de\/scratch-einstieg-ins-visuelle-programmieren\/' data-rel='slide-1' class='slide-image' title='Scratch: Einstieg ins visuelle Programmieren'><img decoding=\"async\" fetchpriority=\"high\" width=\"495\" height=\"400\" src=\"https:\/\/fobizz.com\/wp-content\/uploads\/2026\/03\/Scratch-Einstieg-ins-visuelle-Programmieren-495x400.jpg\" class=\"wp-image-58867 avia-img-lazy-loading-not-58867 attachment-portfolio size-portfolio wp-post-image\" alt=\"\" \/><\/a><div class=\"slide-content\"><header class=\"entry-content-header\"><h3 class='slide-entry-title entry-title '  itemprop=\"headline\" ><a href='https:\/\/fobizz.com\/de\/scratch-einstieg-ins-visuelle-programmieren\/' title='Scratch: Einstieg ins visuelle Programmieren'>Scratch: Einstieg ins visuelle Programmieren<\/a><\/h3><span class=\"blog-categories minor-meta\"><a href=\"https:\/\/fobizz.com\/de\/category\/digitale-bildung\/\" rel=\"tag\">Digitale Bildung<\/a>, <a href=\"https:\/\/fobizz.com\/de\/category\/digitale-medien\/\" rel=\"tag\">Digitale Medien<\/a>, <a href=\"https:\/\/fobizz.com\/de\/category\/interview\/\" rel=\"tag\">Interview<\/a>, <a href=\"https:\/\/fobizz.com\/de\/category\/lehrerbildung\/\" rel=\"tag\">Lehrerbildung<\/a> <\/span><span class=\"av-vertical-delimiter\"><\/span><\/header><div class='slide-entry-excerpt entry-content'  itemprop=\"text\" ><div class=\"excerpt-text\">Erfahre im Interview mit Tom Wiedemann, wie du Scratch sinnvoll in deinen Unterricht einbringen kannst.<\/div><\/div><\/div><span class='hidden'>\n\t\t\t\t<span class='av-structured-data'  itemprop=\"image\" itemscope=\"itemscope\" itemtype=\"https:\/\/schema.org\/ImageObject\" >\n\t\t\t\t\t\t<span itemprop='url'>https:\/\/fobizz.com\/wp-content\/uploads\/2026\/03\/Scratch-Einstieg-ins-visuelle-Programmieren.jpg<\/span>\n\t\t\t\t\t\t<span itemprop='height'>500<\/span>\n\t\t\t\t\t\t<span itemprop='width'>800<\/span>\n\t\t\t\t<\/span>\n\t\t\t\t<span class='av-structured-data'  itemprop=\"publisher\" itemtype=\"https:\/\/schema.org\/Organization\" itemscope=\"itemscope\" >\n\t\t\t\t\t\t<span itemprop='name'>Tanja Schneider<\/span>\n\t\t\t\t\t\t<span itemprop='logo' itemscope itemtype='https:\/\/schema.org\/ImageObject'>\n\t\t\t\t\t\t\t<span itemprop='url'>https:\/\/fobizz.com\/wp-content\/uploads\/2024\/01\/fobizz_logo-min-495x244.png<\/span>\n\t\t\t\t\t\t<\/span>\n\t\t\t\t<\/span><span class='av-structured-data'  itemprop=\"author\" itemscope=\"itemscope\" itemtype=\"https:\/\/schema.org\/Person\" ><span itemprop='name'>Tanja Schneider<\/span><\/span><span class='av-structured-data'  itemprop=\"datePublished\" datetime=\"2022-05-16T14:24:11+02:00\" >2026-03-12 11:07:22<\/span><span class='av-structured-data'  itemprop=\"dateModified\" itemtype=\"https:\/\/schema.org\/dateModified\" >2026-03-12 11:34:55<\/span><span class='av-structured-data'  itemprop=\"mainEntityOfPage\" itemtype=\"https:\/\/schema.org\/mainEntityOfPage\" ><span itemprop='name'>Scratch: Einstieg ins visuelle Programmieren<\/span><\/span><\/span><\/article><article class='slide-entry flex_column  post-entry post-entry-58852 slide-entry-overview slide-loop-6 slide-parity-odd  av_one_third  real-thumbnail posttype-post post-format-standard'  itemscope=\"itemscope\" itemtype=\"https:\/\/schema.org\/BlogPosting\" itemprop=\"blogPost\" ><a href='https:\/\/fobizz.com\/de\/goodnotes-grundlagen-organisation-von-unterrichtsnotizen\/' data-rel='slide-1' class='slide-image' title='Goodnotes Grundlagen: Organisation von Unterrichtsnotizen'><img decoding=\"async\" fetchpriority=\"high\" width=\"495\" height=\"400\" src=\"https:\/\/fobizz.com\/wp-content\/uploads\/2026\/03\/Goodnotes-Grundlagen-Organisation-von-Unterrichtsnotizen-495x400.jpg\" class=\"wp-image-58853 avia-img-lazy-loading-not-58853 attachment-portfolio size-portfolio wp-post-image\" alt=\"\" \/><\/a><div class=\"slide-content\"><header class=\"entry-content-header\"><h3 class='slide-entry-title entry-title '  itemprop=\"headline\" ><a href='https:\/\/fobizz.com\/de\/goodnotes-grundlagen-organisation-von-unterrichtsnotizen\/' title='Goodnotes Grundlagen: Organisation von Unterrichtsnotizen'>Goodnotes Grundlagen: Organisation von Unterrichtsnotizen<\/a><\/h3><span class=\"blog-categories minor-meta\"><a href=\"https:\/\/fobizz.com\/de\/category\/digitale-bildung\/\" rel=\"tag\">Digitale Bildung<\/a>, <a href=\"https:\/\/fobizz.com\/de\/category\/digitale-medien\/\" rel=\"tag\">Digitale Medien<\/a>, <a href=\"https:\/\/fobizz.com\/de\/category\/interview\/\" rel=\"tag\">Interview<\/a>, <a href=\"https:\/\/fobizz.com\/de\/category\/lehrerbildung\/\" rel=\"tag\">Lehrerbildung<\/a> <\/span><span class=\"av-vertical-delimiter\"><\/span><\/header><div class='slide-entry-excerpt entry-content'  itemprop=\"text\" ><div class=\"excerpt-text\">Im Interview mit Dr. Ulla Hauptmann erf\u00e4hrst du, wie du mit Goodnotes 7 den Unterricht kreativ gestalten und deine Unterrichtsmaterialien ordnen kannst.<\/div><\/div><\/div><span class='hidden'>\n\t\t\t\t<span class='av-structured-data'  itemprop=\"image\" itemscope=\"itemscope\" itemtype=\"https:\/\/schema.org\/ImageObject\" >\n\t\t\t\t\t\t<span itemprop='url'>https:\/\/fobizz.com\/wp-content\/uploads\/2026\/03\/Goodnotes-Grundlagen-Organisation-von-Unterrichtsnotizen.jpg<\/span>\n\t\t\t\t\t\t<span itemprop='height'>500<\/span>\n\t\t\t\t\t\t<span itemprop='width'>800<\/span>\n\t\t\t\t<\/span>\n\t\t\t\t<span class='av-structured-data'  itemprop=\"publisher\" itemtype=\"https:\/\/schema.org\/Organization\" itemscope=\"itemscope\" >\n\t\t\t\t\t\t<span itemprop='name'>Tanja Schneider<\/span>\n\t\t\t\t\t\t<span itemprop='logo' itemscope itemtype='https:\/\/schema.org\/ImageObject'>\n\t\t\t\t\t\t\t<span itemprop='url'>https:\/\/fobizz.com\/wp-content\/uploads\/2024\/01\/fobizz_logo-min-495x244.png<\/span>\n\t\t\t\t\t\t<\/span>\n\t\t\t\t<\/span><span class='av-structured-data'  itemprop=\"author\" itemscope=\"itemscope\" itemtype=\"https:\/\/schema.org\/Person\" ><span itemprop='name'>Tanja Schneider<\/span><\/span><span class='av-structured-data'  itemprop=\"datePublished\" datetime=\"2022-05-16T14:24:11+02:00\" >2026-03-12 11:06:50<\/span><span class='av-structured-data'  itemprop=\"dateModified\" itemtype=\"https:\/\/schema.org\/dateModified\" >2026-03-12 11:35:36<\/span><span class='av-structured-data'  itemprop=\"mainEntityOfPage\" itemtype=\"https:\/\/schema.org\/mainEntityOfPage\" ><span itemprop='name'>Goodnotes Grundlagen: Organisation von Unterrichtsnotizen<\/span><\/span><\/span><\/article><\/div><div class=\"slide-entry-wrap\"><article class='slide-entry flex_column  post-entry post-entry-58357 slide-entry-overview slide-loop-7 slide-parity-odd  av_one_third first real-thumbnail posttype-post post-format-standard'  itemscope=\"itemscope\" itemtype=\"https:\/\/schema.org\/BlogPosting\" itemprop=\"blogPost\" ><a href='https:\/\/fobizz.com\/de\/einsatz-von-schulhunden-im-unterrichtsalltag\/' data-rel='slide-1' class='slide-image' title='Einsatz von Schulhunden im Unterrichtsalltag'><img decoding=\"async\" fetchpriority=\"high\" width=\"495\" height=\"400\" src=\"https:\/\/fobizz.com\/wp-content\/uploads\/2026\/02\/Blogbeitrag-Einsatz-von-Schulhunden-im-Unterrichtsalltag-1-495x400.jpg\" class=\"wp-image-58503 avia-img-lazy-loading-not-58503 attachment-portfolio size-portfolio wp-post-image\" alt=\"\" \/><\/a><div class=\"slide-content\"><header class=\"entry-content-header\"><h3 class='slide-entry-title entry-title '  itemprop=\"headline\" ><a href='https:\/\/fobizz.com\/de\/einsatz-von-schulhunden-im-unterrichtsalltag\/' title='Einsatz von Schulhunden im Unterrichtsalltag'>Einsatz von Schulhunden im Unterrichtsalltag<\/a><\/h3><span class=\"blog-categories minor-meta\"><a href=\"https:\/\/fobizz.com\/de\/category\/interview\/\" rel=\"tag\">Interview<\/a>, <a href=\"https:\/\/fobizz.com\/de\/category\/lehrerbildung\/\" rel=\"tag\">Lehrerbildung<\/a>, <a href=\"https:\/\/fobizz.com\/de\/category\/nachhaltige-entwicklung\/\" rel=\"tag\">Nachhaltige Entwicklung<\/a>, <a href=\"https:\/\/fobizz.com\/de\/category\/neue-lernkultur\/\" rel=\"tag\">Neue Lernkultur<\/a> <\/span><span class=\"av-vertical-delimiter\"><\/span><\/header><div class='slide-entry-excerpt entry-content'  itemprop=\"text\" ><div class=\"excerpt-text\">Im Interview mit Judith Bohlmann erf\u00e4hrst du, wie Schulhunde den Unterricht bereichern k\u00f6nnen.<\/div><\/div><\/div><span class='hidden'>\n\t\t\t\t<span class='av-structured-data'  itemprop=\"image\" itemscope=\"itemscope\" itemtype=\"https:\/\/schema.org\/ImageObject\" >\n\t\t\t\t\t\t<span itemprop='url'>https:\/\/fobizz.com\/wp-content\/uploads\/2026\/02\/Blogbeitrag-Einsatz-von-Schulhunden-im-Unterrichtsalltag-1.jpg<\/span>\n\t\t\t\t\t\t<span itemprop='height'>1080<\/span>\n\t\t\t\t\t\t<span itemprop='width'>1920<\/span>\n\t\t\t\t<\/span>\n\t\t\t\t<span class='av-structured-data'  itemprop=\"publisher\" itemtype=\"https:\/\/schema.org\/Organization\" itemscope=\"itemscope\" >\n\t\t\t\t\t\t<span itemprop='name'>Tanja Schneider<\/span>\n\t\t\t\t\t\t<span itemprop='logo' itemscope itemtype='https:\/\/schema.org\/ImageObject'>\n\t\t\t\t\t\t\t<span itemprop='url'>https:\/\/fobizz.com\/wp-content\/uploads\/2024\/01\/fobizz_logo-min-495x244.png<\/span>\n\t\t\t\t\t\t<\/span>\n\t\t\t\t<\/span><span class='av-structured-data'  itemprop=\"author\" itemscope=\"itemscope\" itemtype=\"https:\/\/schema.org\/Person\" ><span itemprop='name'>Tanja Schneider<\/span><\/span><span class='av-structured-data'  itemprop=\"datePublished\" datetime=\"2022-05-16T14:24:11+02:00\" >2026-02-12 10:00:28<\/span><span class='av-structured-data'  itemprop=\"dateModified\" itemtype=\"https:\/\/schema.org\/dateModified\" >2026-02-11 14:23:03<\/span><span class='av-structured-data'  itemprop=\"mainEntityOfPage\" itemtype=\"https:\/\/schema.org\/mainEntityOfPage\" ><span itemprop='name'>Einsatz von Schulhunden im Unterrichtsalltag<\/span><\/span><\/span><\/article><article class='slide-entry flex_column  post-entry post-entry-58425 slide-entry-overview slide-loop-8 slide-parity-even  av_one_third  real-thumbnail posttype-post post-format-standard'  itemscope=\"itemscope\" itemtype=\"https:\/\/schema.org\/BlogPosting\" itemprop=\"blogPost\" ><a href='https:\/\/fobizz.com\/de\/einsatz-von-ki-im-lateinunterricht\/' data-rel='slide-1' class='slide-image' title='Einsatz von KI im Lateinunterricht'><img decoding=\"async\" fetchpriority=\"high\" width=\"495\" height=\"400\" src=\"https:\/\/fobizz.com\/wp-content\/uploads\/2026\/02\/Einsatz-von-KI-im-Lateinunterricht-1-495x400.jpg\" class=\"wp-image-58369 avia-img-lazy-loading-not-58369 attachment-portfolio size-portfolio wp-post-image\" alt=\"\" \/><\/a><div class=\"slide-content\"><header class=\"entry-content-header\"><h3 class='slide-entry-title entry-title '  itemprop=\"headline\" ><a href='https:\/\/fobizz.com\/de\/einsatz-von-ki-im-lateinunterricht\/' title='Einsatz von KI im Lateinunterricht'>Einsatz von KI im Lateinunterricht<\/a><\/h3><span class=\"blog-categories minor-meta\"><a href=\"https:\/\/fobizz.com\/de\/category\/interview\/\" rel=\"tag\">Interview<\/a>, <a href=\"https:\/\/fobizz.com\/de\/category\/kunstliche-intelligenz\/\" rel=\"tag\">K\u00fcnstliche Intelligenz<\/a>, <a href=\"https:\/\/fobizz.com\/de\/category\/lehrerbildung\/\" rel=\"tag\">Lehrerbildung<\/a>, <a href=\"https:\/\/fobizz.com\/de\/category\/neue-lernkultur\/\" rel=\"tag\">Neue Lernkultur<\/a> <\/span><span class=\"av-vertical-delimiter\"><\/span><\/header><div class='slide-entry-excerpt entry-content'  itemprop=\"text\" ><div class=\"excerpt-text\">Im Interview mit Daniel Conley erf\u00e4hrst du, wie du KI im Lateinunterricht gewinnbringend einsetzen kannst.<\/div><\/div><\/div><span class='hidden'>\n\t\t\t\t<span class='av-structured-data'  itemprop=\"image\" itemscope=\"itemscope\" itemtype=\"https:\/\/schema.org\/ImageObject\" >\n\t\t\t\t\t\t<span itemprop='url'>https:\/\/fobizz.com\/wp-content\/uploads\/2026\/02\/Einsatz-von-KI-im-Lateinunterricht-1.jpg<\/span>\n\t\t\t\t\t\t<span itemprop='height'>1080<\/span>\n\t\t\t\t\t\t<span itemprop='width'>1920<\/span>\n\t\t\t\t<\/span>\n\t\t\t\t<span class='av-structured-data'  itemprop=\"publisher\" itemtype=\"https:\/\/schema.org\/Organization\" itemscope=\"itemscope\" >\n\t\t\t\t\t\t<span itemprop='name'>Tanja Schneider<\/span>\n\t\t\t\t\t\t<span itemprop='logo' itemscope itemtype='https:\/\/schema.org\/ImageObject'>\n\t\t\t\t\t\t\t<span itemprop='url'>https:\/\/fobizz.com\/wp-content\/uploads\/2024\/01\/fobizz_logo-min-495x244.png<\/span>\n\t\t\t\t\t\t<\/span>\n\t\t\t\t<\/span><span class='av-structured-data'  itemprop=\"author\" itemscope=\"itemscope\" itemtype=\"https:\/\/schema.org\/Person\" ><span itemprop='name'>Tanja Schneider<\/span><\/span><span class='av-structured-data'  itemprop=\"datePublished\" datetime=\"2022-05-16T14:24:11+02:00\" >2026-02-12 10:00:21<\/span><span class='av-structured-data'  itemprop=\"dateModified\" itemtype=\"https:\/\/schema.org\/dateModified\" >2026-03-12 12:18:21<\/span><span class='av-structured-data'  itemprop=\"mainEntityOfPage\" itemtype=\"https:\/\/schema.org\/mainEntityOfPage\" ><span itemprop='name'>Einsatz von KI im Lateinunterricht<\/span><\/span><\/span><\/article><article class='slide-entry flex_column  post-entry post-entry-58055 slide-entry-overview slide-loop-9 slide-parity-odd  post-entry-last  av_one_third  real-thumbnail posttype-post post-format-standard'  itemscope=\"itemscope\" itemtype=\"https:\/\/schema.org\/BlogPosting\" itemprop=\"blogPost\" ><a href='https:\/\/fobizz.com\/de\/der-prozess-hat-uns-als-schule-richtig-gutgetan\/' data-rel='slide-1' class='slide-image' title='\u201eDer Prozess hat uns als Schule richtig gutgetan\u201c'><img decoding=\"async\" fetchpriority=\"high\" width=\"495\" height=\"283\" src=\"https:\/\/fobizz.com\/wp-content\/uploads\/2026\/01\/Ansicht-von-Quartiersplatz-495x283.jpg\" class=\"wp-image-58057 avia-img-lazy-loading-not-58057 attachment-portfolio size-portfolio wp-post-image\" alt=\"\" \/><\/a><div class=\"slide-content\"><header class=\"entry-content-header\"><h3 class='slide-entry-title entry-title '  itemprop=\"headline\" ><a href='https:\/\/fobizz.com\/de\/der-prozess-hat-uns-als-schule-richtig-gutgetan\/' title='\u201eDer Prozess hat uns als Schule richtig gutgetan\u201c'>\u201eDer Prozess hat uns als Schule richtig gutgetan\u201c<\/a><\/h3><span class=\"blog-categories minor-meta\"><a href=\"https:\/\/fobizz.com\/de\/category\/interview\/\" rel=\"tag\">Interview<\/a>, <a href=\"https:\/\/fobizz.com\/de\/category\/lehrerbildung\/\" rel=\"tag\">Lehrerbildung<\/a> <\/span><span class=\"av-vertical-delimiter\"><\/span><\/header><div class='slide-entry-excerpt entry-content'  itemprop=\"text\" ><div class=\"excerpt-text\">Lerncoaches statt Frontalunterricht, Cluster statt Klassenzimmer: Die Gemeinschaftsschule Gebhard aus Konstanz stand im Finale des Deutschen Schulpreises. Schulleiterin Charlotte Dre\u00dfen erkl\u00e4rt das innovative Konzept.<\/div><\/div><\/div><span class='hidden'>\n\t\t\t\t<span class='av-structured-data'  itemprop=\"image\" itemscope=\"itemscope\" itemtype=\"https:\/\/schema.org\/ImageObject\" >\n\t\t\t\t\t\t<span itemprop='url'>https:\/\/fobizz.com\/wp-content\/uploads\/2026\/01\/Ansicht-von-Quartiersplatz.jpg<\/span>\n\t\t\t\t\t\t<span itemprop='height'>283<\/span>\n\t\t\t\t\t\t<span itemprop='width'>614<\/span>\n\t\t\t\t<\/span>\n\t\t\t\t<span class='av-structured-data'  itemprop=\"publisher\" itemtype=\"https:\/\/schema.org\/Organization\" itemscope=\"itemscope\" >\n\t\t\t\t\t\t<span itemprop='name'>Michelle<\/span>\n\t\t\t\t\t\t<span itemprop='logo' itemscope itemtype='https:\/\/schema.org\/ImageObject'>\n\t\t\t\t\t\t\t<span itemprop='url'>https:\/\/fobizz.com\/wp-content\/uploads\/2024\/01\/fobizz_logo-min-495x244.png<\/span>\n\t\t\t\t\t\t<\/span>\n\t\t\t\t<\/span><span class='av-structured-data'  itemprop=\"author\" itemscope=\"itemscope\" itemtype=\"https:\/\/schema.org\/Person\" ><span itemprop='name'>Michelle<\/span><\/span><span class='av-structured-data'  itemprop=\"datePublished\" datetime=\"2022-05-16T14:24:11+02:00\" >2026-01-08 11:25:34<\/span><span class='av-structured-data'  itemprop=\"dateModified\" itemtype=\"https:\/\/schema.org\/dateModified\" >2026-01-08 11:28:11<\/span><span class='av-structured-data'  itemprop=\"mainEntityOfPage\" itemtype=\"https:\/\/schema.org\/mainEntityOfPage\" ><span itemprop='name'>\u201eDer Prozess hat uns als Schule richtig gutgetan\u201c<\/span><\/span><\/span><\/article><\/div><\/div><div class='avia-slideshow-arrows avia-slideshow-controls' ><a href='#prev' class='prev-slide ' data-av_icon='\ue87c' data-av_iconfont='entypo-fontello' aria-hidden=\"true\" title=\"Zur\u00fcck\" desc=\"Zur\u00fcck\" tabindex='-1' ><span class='avia_hidden_link_text'>Zur\u00fcck<\/span><\/a><a href='#next' class='next-slide ' data-av_icon='\ue87d' data-av_iconfont='entypo-fontello' aria-hidden=\"true\" title=\"Weiter\" desc=\"Weiter\" tabindex='-1' ><span class='avia_hidden_link_text'>Weiter<\/span><\/a><\/div><\/div>\n<\/div><\/div><\/div><!-- close content main div --><\/div><\/div><div id='after_section_6'  class='main_color av_default_container_wrap container_wrap sidebar_right'  ><div class='container av-section-cont-open' ><div class='template-page content  av-content-small alpha units'><div class='post-entry post-entry-type-page post-entry-25632'><div class='entry-content-wrapper clearfix'><\/p>\n","protected":false},"excerpt":{"rendered":"<p>Teamarbeit, Experimentierfreude und Raum f\u00fcr Weiterbildung \u2013 die Johann Walling Schule in Borken zeigt, wie sie digitale Weiterbildungsangebote von fobizz nutzt. <\/p>\n","protected":false},"author":16,"featured_media":25635,"comment_status":"open","ping_status":"open","sticky":false,"template":"","format":"standard","meta":{"_monsterinsights_skip_tracking":false,"_monsterinsights_sitenote_active":false,"_monsterinsights_sitenote_note":"","_monsterinsights_sitenote_category":0,"_uf_show_specific_survey":0,"_uf_disable_surveys":false,"footnotes":""},"categories":[166,472,168],"tags":[1056,189,1055,183],"class_list":["post-25632","post","type-post","status-publish","format-standard","has-post-thumbnail","hentry","category-digitale-bildung","category-interview","category-lehrerbildung","tag-auszeichnung","tag-digitale-bildung","tag-schulen","tag-weiterbildung"],"acf":[],"yoast_head":"<!-- This site is optimized with the Yoast SEO Premium plugin v26.2 (Yoast SEO v27.4) - https:\/\/yoast.com\/product\/yoast-seo-premium-wordpress\/ -->\n<title>Interview Johann Walling Schule Borken<\/title>\n<meta name=\"description\" content=\"Teamarbeit, Experimentierfreude und Raum f\u00fcr Weiterbildung \u2013 fobizz hat die Johann Walling Schule in Borken zum Interview getroffen.\" \/>\n<meta name=\"robots\" content=\"index, follow, max-snippet:-1, max-image-preview:large, max-video-preview:-1\" \/>\n<link rel=\"canonical\" href=\"https:\/\/fobizz.com\/de\/haben-wir-immer-so-gemacht-war-gestern-interview-johann-walling-schule-borken\/\" \/>\n<meta name=\"twitter:card\" content=\"summary_large_image\" \/>\n<meta name=\"twitter:title\" content=\"Interview Johann Walling Schule Borken\" \/>\n<meta name=\"twitter:description\" content=\"Teamarbeit, Experimentierfreude und Raum f\u00fcr Weiterbildung \u2013 fobizz hat die Johann Walling Schule in Borken zum Interview getroffen.\" \/>\n<meta name=\"twitter:image\" content=\"https:\/\/fobizz.com\/wp-content\/uploads\/2022\/05\/jws_Borken_Gruppenbild-scaled.jpg\" \/>\n<meta name=\"twitter:creator\" content=\"@fobizz\" \/>\n<meta name=\"twitter:site\" content=\"@fobizz\" \/>\n<meta name=\"twitter:label1\" content=\"Verfasst von\" \/>\n\t<meta name=\"twitter:data1\" content=\"Michelle\" \/>\n\t<meta name=\"twitter:label2\" content=\"Gesch\u00e4tzte Lesezeit\" \/>\n\t<meta name=\"twitter:data2\" content=\"10\u00a0Minuten\" \/>\n<script type=\"application\/ld+json\" class=\"yoast-schema-graph\">{\"@context\":\"https:\\\/\\\/schema.org\",\"@graph\":[{\"@type\":\"Article\",\"@id\":\"https:\\\/\\\/fobizz.com\\\/de\\\/haben-wir-immer-so-gemacht-war-gestern-interview-johann-walling-schule-borken\\\/#article\",\"isPartOf\":{\"@id\":\"https:\\\/\\\/fobizz.com\\\/de\\\/haben-wir-immer-so-gemacht-war-gestern-interview-johann-walling-schule-borken\\\/\"},\"author\":{\"name\":\"Michelle\",\"@id\":\"https:\\\/\\\/fobizz.com\\\/de\\\/#\\\/schema\\\/person\\\/f400eeba4d469a7edad821c7f455c853\"},\"headline\":\"&#8222;Haben wir immer so gemacht&#8220; war gestern \u2013 Interview Johann-Walling-Schule Borken\",\"datePublished\":\"2022-05-16T12:24:11+00:00\",\"dateModified\":\"2022-05-23T14:53:08+00:00\",\"mainEntityOfPage\":{\"@id\":\"https:\\\/\\\/fobizz.com\\\/de\\\/haben-wir-immer-so-gemacht-war-gestern-interview-johann-walling-schule-borken\\\/\"},\"wordCount\":3593,\"commentCount\":0,\"publisher\":{\"@id\":\"https:\\\/\\\/fobizz.com\\\/de\\\/#organization\"},\"image\":{\"@id\":\"https:\\\/\\\/fobizz.com\\\/de\\\/haben-wir-immer-so-gemacht-war-gestern-interview-johann-walling-schule-borken\\\/#primaryimage\"},\"thumbnailUrl\":\"https:\\\/\\\/fobizz.com\\\/wp-content\\\/uploads\\\/2022\\\/05\\\/jws_Borken_Gruppenbild-scaled.jpg\",\"keywords\":[\"Auszeichnung\",\"digitale Bildung\",\"Schulen\",\"Weiterbildung\"],\"articleSection\":[\"Digitale Bildung\",\"Interview\",\"Lehrerbildung\"],\"inLanguage\":\"de\",\"potentialAction\":[{\"@type\":\"CommentAction\",\"name\":\"Comment\",\"target\":[\"https:\\\/\\\/fobizz.com\\\/de\\\/haben-wir-immer-so-gemacht-war-gestern-interview-johann-walling-schule-borken\\\/#respond\"]}]},{\"@type\":\"WebPage\",\"@id\":\"https:\\\/\\\/fobizz.com\\\/de\\\/haben-wir-immer-so-gemacht-war-gestern-interview-johann-walling-schule-borken\\\/\",\"url\":\"https:\\\/\\\/fobizz.com\\\/de\\\/haben-wir-immer-so-gemacht-war-gestern-interview-johann-walling-schule-borken\\\/\",\"name\":\"Interview Johann Walling Schule Borken\",\"isPartOf\":{\"@id\":\"https:\\\/\\\/fobizz.com\\\/de\\\/#website\"},\"primaryImageOfPage\":{\"@id\":\"https:\\\/\\\/fobizz.com\\\/de\\\/haben-wir-immer-so-gemacht-war-gestern-interview-johann-walling-schule-borken\\\/#primaryimage\"},\"image\":{\"@id\":\"https:\\\/\\\/fobizz.com\\\/de\\\/haben-wir-immer-so-gemacht-war-gestern-interview-johann-walling-schule-borken\\\/#primaryimage\"},\"thumbnailUrl\":\"https:\\\/\\\/fobizz.com\\\/wp-content\\\/uploads\\\/2022\\\/05\\\/jws_Borken_Gruppenbild-scaled.jpg\",\"datePublished\":\"2022-05-16T12:24:11+00:00\",\"dateModified\":\"2022-05-23T14:53:08+00:00\",\"description\":\"Teamarbeit, Experimentierfreude und Raum f\u00fcr Weiterbildung \u2013 fobizz hat die Johann Walling Schule in Borken zum Interview getroffen.\",\"breadcrumb\":{\"@id\":\"https:\\\/\\\/fobizz.com\\\/de\\\/haben-wir-immer-so-gemacht-war-gestern-interview-johann-walling-schule-borken\\\/#breadcrumb\"},\"inLanguage\":\"de\",\"potentialAction\":[{\"@type\":\"ReadAction\",\"target\":[\"https:\\\/\\\/fobizz.com\\\/de\\\/haben-wir-immer-so-gemacht-war-gestern-interview-johann-walling-schule-borken\\\/\"]}]},{\"@type\":\"ImageObject\",\"inLanguage\":\"de\",\"@id\":\"https:\\\/\\\/fobizz.com\\\/de\\\/haben-wir-immer-so-gemacht-war-gestern-interview-johann-walling-schule-borken\\\/#primaryimage\",\"url\":\"https:\\\/\\\/fobizz.com\\\/wp-content\\\/uploads\\\/2022\\\/05\\\/jws_Borken_Gruppenbild-scaled.jpg\",\"contentUrl\":\"https:\\\/\\\/fobizz.com\\\/wp-content\\\/uploads\\\/2022\\\/05\\\/jws_Borken_Gruppenbild-scaled.jpg\",\"width\":2560,\"height\":1244,\"caption\":\"Gruppenbild von Lehrkr\u00e4ften der Johann Wallung Schule Borken\"},{\"@type\":\"BreadcrumbList\",\"@id\":\"https:\\\/\\\/fobizz.com\\\/de\\\/haben-wir-immer-so-gemacht-war-gestern-interview-johann-walling-schule-borken\\\/#breadcrumb\",\"itemListElement\":[{\"@type\":\"ListItem\",\"position\":1,\"name\":\"Startseite\",\"item\":\"https:\\\/\\\/fobizz.com\\\/de\\\/startpage\\\/\"},{\"@type\":\"ListItem\",\"position\":2,\"name\":\"&#8222;Haben wir immer so gemacht&#8220; war gestern \u2013 Interview Johann-Walling-Schule Borken\"}]},{\"@type\":\"WebSite\",\"@id\":\"https:\\\/\\\/fobizz.com\\\/de\\\/#website\",\"url\":\"https:\\\/\\\/fobizz.com\\\/de\\\/\",\"name\":\"fobizz\",\"description\":\"AI &amp; digital Tools for Teachers\",\"publisher\":{\"@id\":\"https:\\\/\\\/fobizz.com\\\/de\\\/#organization\"},\"potentialAction\":[{\"@type\":\"SearchAction\",\"target\":{\"@type\":\"EntryPoint\",\"urlTemplate\":\"https:\\\/\\\/fobizz.com\\\/de\\\/?s={search_term_string}\"},\"query-input\":{\"@type\":\"PropertyValueSpecification\",\"valueRequired\":true,\"valueName\":\"search_term_string\"}}],\"inLanguage\":\"de\"},{\"@type\":\"Organization\",\"@id\":\"https:\\\/\\\/fobizz.com\\\/de\\\/#organization\",\"name\":\"fobizz\",\"url\":\"https:\\\/\\\/fobizz.com\\\/de\\\/\",\"logo\":{\"@type\":\"ImageObject\",\"inLanguage\":\"de\",\"@id\":\"https:\\\/\\\/fobizz.com\\\/de\\\/#\\\/schema\\\/logo\\\/image\\\/\",\"url\":\"https:\\\/\\\/fobizz.com\\\/wp-content\\\/uploads\\\/2023\\\/07\\\/fobi_autor_fobizz.png\",\"contentUrl\":\"https:\\\/\\\/fobizz.com\\\/wp-content\\\/uploads\\\/2023\\\/07\\\/fobi_autor_fobizz.png\",\"width\":200,\"height\":200,\"caption\":\"fobizz\"},\"image\":{\"@id\":\"https:\\\/\\\/fobizz.com\\\/de\\\/#\\\/schema\\\/logo\\\/image\\\/\"},\"sameAs\":[\"https:\\\/\\\/www.facebook.com\\\/fobizz\\\/\",\"https:\\\/\\\/x.com\\\/fobizz\",\"https:\\\/\\\/www.instagram.com\\\/fobizz_com\\\/\",\"https:\\\/\\\/www.youtube.com\\\/@fobizz702\",\"https:\\\/\\\/www.pinterest.de\\\/fobizz_com\"]},{\"@type\":\"Person\",\"@id\":\"https:\\\/\\\/fobizz.com\\\/de\\\/#\\\/schema\\\/person\\\/f400eeba4d469a7edad821c7f455c853\",\"name\":\"Michelle\",\"image\":{\"@type\":\"ImageObject\",\"inLanguage\":\"de\",\"@id\":\"https:\\\/\\\/secure.gravatar.com\\\/avatar\\\/7aaaac468c9eca874b4ebc81aa8bc1b1c23912318a2d136f6f17892f60098c1d?s=96&d=mm&r=g\",\"url\":\"https:\\\/\\\/secure.gravatar.com\\\/avatar\\\/7aaaac468c9eca874b4ebc81aa8bc1b1c23912318a2d136f6f17892f60098c1d?s=96&d=mm&r=g\",\"contentUrl\":\"https:\\\/\\\/secure.gravatar.com\\\/avatar\\\/7aaaac468c9eca874b4ebc81aa8bc1b1c23912318a2d136f6f17892f60098c1d?s=96&d=mm&r=g\",\"caption\":\"Michelle\"},\"url\":\"https:\\\/\\\/fobizz.com\\\/de\\\/author\\\/michelle\\\/\"}]}<\/script>\n<!-- \/ Yoast SEO Premium plugin. -->","yoast_head_json":{"title":"Interview Johann Walling Schule Borken","description":"Teamarbeit, Experimentierfreude und Raum f\u00fcr Weiterbildung \u2013 fobizz hat die Johann Walling Schule in Borken zum Interview getroffen.","robots":{"index":"index","follow":"follow","max-snippet":"max-snippet:-1","max-image-preview":"max-image-preview:large","max-video-preview":"max-video-preview:-1"},"canonical":"https:\/\/fobizz.com\/de\/haben-wir-immer-so-gemacht-war-gestern-interview-johann-walling-schule-borken\/","twitter_card":"summary_large_image","twitter_title":"Interview Johann Walling Schule Borken","twitter_description":"Teamarbeit, Experimentierfreude und Raum f\u00fcr Weiterbildung \u2013 fobizz hat die Johann Walling Schule in Borken zum Interview getroffen.","twitter_image":"https:\/\/fobizz.com\/wp-content\/uploads\/2022\/05\/jws_Borken_Gruppenbild-scaled.jpg","twitter_creator":"@fobizz","twitter_site":"@fobizz","twitter_misc":{"Verfasst von":"Michelle","Gesch\u00e4tzte Lesezeit":"10\u00a0Minuten"},"schema":{"@context":"https:\/\/schema.org","@graph":[{"@type":"Article","@id":"https:\/\/fobizz.com\/de\/haben-wir-immer-so-gemacht-war-gestern-interview-johann-walling-schule-borken\/#article","isPartOf":{"@id":"https:\/\/fobizz.com\/de\/haben-wir-immer-so-gemacht-war-gestern-interview-johann-walling-schule-borken\/"},"author":{"name":"Michelle","@id":"https:\/\/fobizz.com\/de\/#\/schema\/person\/f400eeba4d469a7edad821c7f455c853"},"headline":"&#8222;Haben wir immer so gemacht&#8220; war gestern \u2013 Interview Johann-Walling-Schule Borken","datePublished":"2022-05-16T12:24:11+00:00","dateModified":"2022-05-23T14:53:08+00:00","mainEntityOfPage":{"@id":"https:\/\/fobizz.com\/de\/haben-wir-immer-so-gemacht-war-gestern-interview-johann-walling-schule-borken\/"},"wordCount":3593,"commentCount":0,"publisher":{"@id":"https:\/\/fobizz.com\/de\/#organization"},"image":{"@id":"https:\/\/fobizz.com\/de\/haben-wir-immer-so-gemacht-war-gestern-interview-johann-walling-schule-borken\/#primaryimage"},"thumbnailUrl":"https:\/\/fobizz.com\/wp-content\/uploads\/2022\/05\/jws_Borken_Gruppenbild-scaled.jpg","keywords":["Auszeichnung","digitale Bildung","Schulen","Weiterbildung"],"articleSection":["Digitale Bildung","Interview","Lehrerbildung"],"inLanguage":"de","potentialAction":[{"@type":"CommentAction","name":"Comment","target":["https:\/\/fobizz.com\/de\/haben-wir-immer-so-gemacht-war-gestern-interview-johann-walling-schule-borken\/#respond"]}]},{"@type":"WebPage","@id":"https:\/\/fobizz.com\/de\/haben-wir-immer-so-gemacht-war-gestern-interview-johann-walling-schule-borken\/","url":"https:\/\/fobizz.com\/de\/haben-wir-immer-so-gemacht-war-gestern-interview-johann-walling-schule-borken\/","name":"Interview Johann Walling Schule Borken","isPartOf":{"@id":"https:\/\/fobizz.com\/de\/#website"},"primaryImageOfPage":{"@id":"https:\/\/fobizz.com\/de\/haben-wir-immer-so-gemacht-war-gestern-interview-johann-walling-schule-borken\/#primaryimage"},"image":{"@id":"https:\/\/fobizz.com\/de\/haben-wir-immer-so-gemacht-war-gestern-interview-johann-walling-schule-borken\/#primaryimage"},"thumbnailUrl":"https:\/\/fobizz.com\/wp-content\/uploads\/2022\/05\/jws_Borken_Gruppenbild-scaled.jpg","datePublished":"2022-05-16T12:24:11+00:00","dateModified":"2022-05-23T14:53:08+00:00","description":"Teamarbeit, Experimentierfreude und Raum f\u00fcr Weiterbildung \u2013 fobizz hat die Johann Walling Schule in Borken zum Interview getroffen.","breadcrumb":{"@id":"https:\/\/fobizz.com\/de\/haben-wir-immer-so-gemacht-war-gestern-interview-johann-walling-schule-borken\/#breadcrumb"},"inLanguage":"de","potentialAction":[{"@type":"ReadAction","target":["https:\/\/fobizz.com\/de\/haben-wir-immer-so-gemacht-war-gestern-interview-johann-walling-schule-borken\/"]}]},{"@type":"ImageObject","inLanguage":"de","@id":"https:\/\/fobizz.com\/de\/haben-wir-immer-so-gemacht-war-gestern-interview-johann-walling-schule-borken\/#primaryimage","url":"https:\/\/fobizz.com\/wp-content\/uploads\/2022\/05\/jws_Borken_Gruppenbild-scaled.jpg","contentUrl":"https:\/\/fobizz.com\/wp-content\/uploads\/2022\/05\/jws_Borken_Gruppenbild-scaled.jpg","width":2560,"height":1244,"caption":"Gruppenbild von Lehrkr\u00e4ften der Johann Wallung Schule Borken"},{"@type":"BreadcrumbList","@id":"https:\/\/fobizz.com\/de\/haben-wir-immer-so-gemacht-war-gestern-interview-johann-walling-schule-borken\/#breadcrumb","itemListElement":[{"@type":"ListItem","position":1,"name":"Startseite","item":"https:\/\/fobizz.com\/de\/startpage\/"},{"@type":"ListItem","position":2,"name":"&#8222;Haben wir immer so gemacht&#8220; war gestern \u2013 Interview Johann-Walling-Schule Borken"}]},{"@type":"WebSite","@id":"https:\/\/fobizz.com\/de\/#website","url":"https:\/\/fobizz.com\/de\/","name":"fobizz","description":"AI &amp; digital Tools for Teachers","publisher":{"@id":"https:\/\/fobizz.com\/de\/#organization"},"potentialAction":[{"@type":"SearchAction","target":{"@type":"EntryPoint","urlTemplate":"https:\/\/fobizz.com\/de\/?s={search_term_string}"},"query-input":{"@type":"PropertyValueSpecification","valueRequired":true,"valueName":"search_term_string"}}],"inLanguage":"de"},{"@type":"Organization","@id":"https:\/\/fobizz.com\/de\/#organization","name":"fobizz","url":"https:\/\/fobizz.com\/de\/","logo":{"@type":"ImageObject","inLanguage":"de","@id":"https:\/\/fobizz.com\/de\/#\/schema\/logo\/image\/","url":"https:\/\/fobizz.com\/wp-content\/uploads\/2023\/07\/fobi_autor_fobizz.png","contentUrl":"https:\/\/fobizz.com\/wp-content\/uploads\/2023\/07\/fobi_autor_fobizz.png","width":200,"height":200,"caption":"fobizz"},"image":{"@id":"https:\/\/fobizz.com\/de\/#\/schema\/logo\/image\/"},"sameAs":["https:\/\/www.facebook.com\/fobizz\/","https:\/\/x.com\/fobizz","https:\/\/www.instagram.com\/fobizz_com\/","https:\/\/www.youtube.com\/@fobizz702","https:\/\/www.pinterest.de\/fobizz_com"]},{"@type":"Person","@id":"https:\/\/fobizz.com\/de\/#\/schema\/person\/f400eeba4d469a7edad821c7f455c853","name":"Michelle","image":{"@type":"ImageObject","inLanguage":"de","@id":"https:\/\/secure.gravatar.com\/avatar\/7aaaac468c9eca874b4ebc81aa8bc1b1c23912318a2d136f6f17892f60098c1d?s=96&d=mm&r=g","url":"https:\/\/secure.gravatar.com\/avatar\/7aaaac468c9eca874b4ebc81aa8bc1b1c23912318a2d136f6f17892f60098c1d?s=96&d=mm&r=g","contentUrl":"https:\/\/secure.gravatar.com\/avatar\/7aaaac468c9eca874b4ebc81aa8bc1b1c23912318a2d136f6f17892f60098c1d?s=96&d=mm&r=g","caption":"Michelle"},"url":"https:\/\/fobizz.com\/de\/author\/michelle\/"}]}},"_links":{"self":[{"href":"https:\/\/fobizz.com\/de\/wp-json\/wp\/v2\/posts\/25632","targetHints":{"allow":["GET"]}}],"collection":[{"href":"https:\/\/fobizz.com\/de\/wp-json\/wp\/v2\/posts"}],"about":[{"href":"https:\/\/fobizz.com\/de\/wp-json\/wp\/v2\/types\/post"}],"author":[{"embeddable":true,"href":"https:\/\/fobizz.com\/de\/wp-json\/wp\/v2\/users\/16"}],"replies":[{"embeddable":true,"href":"https:\/\/fobizz.com\/de\/wp-json\/wp\/v2\/comments?post=25632"}],"version-history":[{"count":0,"href":"https:\/\/fobizz.com\/de\/wp-json\/wp\/v2\/posts\/25632\/revisions"}],"wp:featuredmedia":[{"embeddable":true,"href":"https:\/\/fobizz.com\/de\/wp-json\/wp\/v2\/media\/25635"}],"wp:attachment":[{"href":"https:\/\/fobizz.com\/de\/wp-json\/wp\/v2\/media?parent=25632"}],"wp:term":[{"taxonomy":"category","embeddable":true,"href":"https:\/\/fobizz.com\/de\/wp-json\/wp\/v2\/categories?post=25632"},{"taxonomy":"post_tag","embeddable":true,"href":"https:\/\/fobizz.com\/de\/wp-json\/wp\/v2\/tags?post=25632"}],"curies":[{"name":"wp","href":"https:\/\/api.w.org\/{rel}","templated":true}]}}