{"id":30945,"date":"2022-11-24T14:08:36","date_gmt":"2022-11-24T13:08:36","guid":{"rendered":"https:\/\/fobizz.com\/?p=30945"},"modified":"2022-11-24T14:08:36","modified_gmt":"2022-11-24T13:08:36","slug":"forschendes-lernen-im-unterricht-einsetzen","status":"publish","type":"post","link":"https:\/\/fobizz.com\/de\/forschendes-lernen-im-unterricht-einsetzen\/","title":{"rendered":"Forschendes Lernen im Unterricht einsetzen"},"content":{"rendered":"<div id='av_section_1'  class='avia-section av-jtzzu6v0-84fc7159924f74d2f4b53f65d7721b16 main_color avia-section-small avia-no-border-styling  avia-builder-el-0  el_before_av_section  avia-builder-el-first  avia-bg-style-scroll container_wrap sidebar_right'  ><div class='container av-section-cont-open' ><main  role=\"main\" itemprop=\"mainContentOfPage\"  class='template-page content  av-content-small alpha units'><div class='post-entry post-entry-type-page post-entry-30945'><div class='entry-content-wrapper clearfix'>\n\n<style type=\"text\/css\" data-created_by=\"avia_inline_auto\" id=\"style-css-av-d4bdnv-21b07b0cec5e0810ecfa672115549fb9\">\n.flex_column.av-d4bdnv-21b07b0cec5e0810ecfa672115549fb9{\nborder-radius:0px 0px 0px 0px;\npadding:0px 0px 0px 0px;\n}\n<\/style>\n<div  class='flex_column av-d4bdnv-21b07b0cec5e0810ecfa672115549fb9 av_one_fifth  avia-builder-el-1  el_before_av_three_fifth  avia-builder-el-first  first flex_column_div av-zero-column-padding  '     ><\/div>\n<style type=\"text\/css\" data-created_by=\"avia_inline_auto\" id=\"style-css-av-ama7kb-7a8b15bdc1e9a322a2ec3e8dd56d77f7\">\n.flex_column.av-ama7kb-7a8b15bdc1e9a322a2ec3e8dd56d77f7{\nborder-radius:0px 0px 0px 0px;\npadding:0px 0px 0px 0px;\n}\n<\/style>\n<div  class='flex_column av-ama7kb-7a8b15bdc1e9a322a2ec3e8dd56d77f7 av_three_fifth  avia-builder-el-2  el_after_av_one_fifth  el_before_av_one_fifth  flex_column_div av-zero-column-padding  '     ><style type=\"text\/css\" data-created_by=\"avia_inline_auto\" id=\"style-css-av-kuvjnvx9-de395825d914581e1002256404681941\">\n.avia-image-container.av-kuvjnvx9-de395825d914581e1002256404681941 img.avia_image{\nbox-shadow:none;\n}\n.avia-image-container.av-kuvjnvx9-de395825d914581e1002256404681941 .av-image-caption-overlay-center{\ncolor:#ffffff;\n}\n<\/style>\n<div  class='avia-image-container av-kuvjnvx9-de395825d914581e1002256404681941 av-styling- avia-align-center  avia-builder-el-3  avia-builder-el-no-sibling '   itemprop=\"image\" itemscope=\"itemscope\" itemtype=\"https:\/\/schema.org\/ImageObject\" ><div class=\"avia-image-container-inner\"><div class=\"avia-image-overlay-wrap\"><img fetchpriority=\"high\" class='wp-image-30947 avia-img-lazy-loading-not-30947 avia_image ' src='https:\/\/fobizz.com\/wp-content\/uploads\/2022\/11\/Ohne_Balken_Teaserbild_Forschendes_Lernen.jpg' alt='' title='Online Fortbildung: forschendes Lernen'  height=\"628\" width=\"1200\"  itemprop=\"thumbnailUrl\"  \/><\/div><\/div><\/div><\/div>\n<style type=\"text\/css\" data-created_by=\"avia_inline_auto\" id=\"style-css-av-8ulop7-bada879823e26d2e1bdfa2a2f090cc5a\">\n.flex_column.av-8ulop7-bada879823e26d2e1bdfa2a2f090cc5a{\nborder-radius:0px 0px 0px 0px;\npadding:0px 0px 0px 0px;\n}\n<\/style>\n<div  class='flex_column av-8ulop7-bada879823e26d2e1bdfa2a2f090cc5a av_one_fifth  avia-builder-el-4  el_after_av_three_fifth  avia-builder-el-last  flex_column_div av-zero-column-padding  '     ><\/div>\n\n<\/div><\/div><\/main><!-- close content main element --><\/div><\/div><div id='av_section_2'  class='avia-section av-jtzzu6v0-82b68e883fb80f4bfe3c78e7e1afb640 alternate_color avia-section-small avia-no-border-styling  avia-builder-el-5  el_after_av_section  el_before_av_section  avia-bg-style-scroll container_wrap sidebar_right'  ><div class='container av-section-cont-open' ><div class='template-page content  av-content-small alpha units'><div class='post-entry post-entry-type-page post-entry-30945'><div class='entry-content-wrapper clearfix'>\n\n<style type=\"text\/css\" data-created_by=\"avia_inline_auto\" id=\"style-css-av-d4bdnv-21b07b0cec5e0810ecfa672115549fb9\">\n.flex_column.av-d4bdnv-21b07b0cec5e0810ecfa672115549fb9{\nborder-radius:0px 0px 0px 0px;\npadding:0px 0px 0px 0px;\n}\n<\/style>\n<div  class='flex_column av-d4bdnv-21b07b0cec5e0810ecfa672115549fb9 av_one_fifth  avia-builder-el-6  el_before_av_three_fifth  avia-builder-el-first  first flex_column_div av-zero-column-padding  '     ><\/div>\n<style type=\"text\/css\" data-created_by=\"avia_inline_auto\" id=\"style-css-av-ama7kb-7a8b15bdc1e9a322a2ec3e8dd56d77f7\">\n.flex_column.av-ama7kb-7a8b15bdc1e9a322a2ec3e8dd56d77f7{\nborder-radius:0px 0px 0px 0px;\npadding:0px 0px 0px 0px;\n}\n<\/style>\n<div  class='flex_column av-ama7kb-7a8b15bdc1e9a322a2ec3e8dd56d77f7 av_three_fifth  avia-builder-el-7  el_after_av_one_fifth  el_before_av_one_fifth  flex_column_div av-zero-column-padding  '     ><p>\n<style type=\"text\/css\" data-created_by=\"avia_inline_auto\" id=\"style-css-av-z0prbf-f20c44ce99035e6a63801fc3d82ac939\">\n#top .av-special-heading.av-z0prbf-f20c44ce99035e6a63801fc3d82ac939{\npadding-bottom:10px;\ncolor:#f7a600;\n}\nbody .av-special-heading.av-z0prbf-f20c44ce99035e6a63801fc3d82ac939 .av-special-heading-tag .heading-char{\nfont-size:25px;\n}\n.av-special-heading.av-z0prbf-f20c44ce99035e6a63801fc3d82ac939 .special-heading-inner-border{\nborder-color:#f7a600;\n}\n.av-special-heading.av-z0prbf-f20c44ce99035e6a63801fc3d82ac939 .av-subheading{\nfont-size:15px;\n}\n<\/style>\n<div  class='av-special-heading av-z0prbf-f20c44ce99035e6a63801fc3d82ac939 av-special-heading-h1 custom-color-heading blockquote modern-quote  avia-builder-el-8  el_before_av_textblock  avia-builder-el-first  av-thin-font av-linked-heading'><h1 class='av-special-heading-tag '  itemprop=\"headline\"  ><strong>Forschendes Lernen im Unterricht einsetzen<\/strong><\/h1><div class=\"special-heading-border\"><div class=\"special-heading-inner-border\"><\/div><\/div><\/div><br \/>\n<section  class='av_textblock_section av-jtzzw0pu-b3aa950db1480cc16e9fead53ab64621 '   itemscope=\"itemscope\" itemtype=\"https:\/\/schema.org\/BlogPosting\" itemprop=\"blogPost\" ><div class='avia_textblock av_inherit_color'  itemprop=\"text\" ><p><strong>In diesem Interview erkl\u00e4rt dir Referent <b>Andreas Terfloth und <\/b>Gymnasiallehrer Thomas Schamp welche Vorteile forschendes Lernen hat und wie du es in deinem Unterricht praxisnahe einsetzen kannst.\u00a0<\/strong><\/p>\n<\/div><\/section><\/p><\/div>\n<style type=\"text\/css\" data-created_by=\"avia_inline_auto\" id=\"style-css-av-8ulop7-bada879823e26d2e1bdfa2a2f090cc5a\">\n.flex_column.av-8ulop7-bada879823e26d2e1bdfa2a2f090cc5a{\nborder-radius:0px 0px 0px 0px;\npadding:0px 0px 0px 0px;\n}\n<\/style>\n<div  class='flex_column av-8ulop7-bada879823e26d2e1bdfa2a2f090cc5a av_one_fifth  avia-builder-el-10  el_after_av_three_fifth  avia-builder-el-last  flex_column_div av-zero-column-padding  '     ><\/div>\n\n<\/div><\/div><\/div><!-- close content main div --><\/div><\/div><div id='av_section_3'  class='avia-section av-7bhsy3-1f54a76d6a3e715ecc7bfa5d0552e2d6 main_color avia-section-default avia-no-border-styling  avia-builder-el-11  el_after_av_section  el_before_av_section  avia-bg-style-scroll container_wrap sidebar_right'  ><div class='container av-section-cont-open' ><div class='template-page content  av-content-small alpha units'><div class='post-entry post-entry-type-page post-entry-30945'><div class='entry-content-wrapper clearfix'>\n\n<style type=\"text\/css\" data-created_by=\"avia_inline_auto\" id=\"style-css-av-60c9u3-7a5133c2a7ec786c6b998c9da0b29b91\">\n.flex_column.av-60c9u3-7a5133c2a7ec786c6b998c9da0b29b91{\nborder-radius:0px 0px 0px 0px;\npadding:0px 0px 0px 0px;\n}\n<\/style>\n<div  class='flex_column av-60c9u3-7a5133c2a7ec786c6b998c9da0b29b91 av_one_fifth  avia-builder-el-12  el_before_av_three_fifth  avia-builder-el-first  first flex_column_div av-zero-column-padding  '     ><\/div>\n<style type=\"text\/css\" data-created_by=\"avia_inline_auto\" id=\"style-css-av-e63y3-fb86b65fd1df3e657941b45f96b1d3b1\">\n.flex_column.av-e63y3-fb86b65fd1df3e657941b45f96b1d3b1{\nborder-radius:0px 0px 0px 0px;\npadding:0px 0px 0px 0px;\n}\n<\/style>\n<div  class='flex_column av-e63y3-fb86b65fd1df3e657941b45f96b1d3b1 av_three_fifth  avia-builder-el-13  el_after_av_one_fifth  el_before_av_one_fifth  flex_column_div av-zero-column-padding  '     ><p>\n<style type=\"text\/css\" data-created_by=\"avia_inline_auto\" id=\"style-css-av-l5jtbv2c-bf144cb0dd0f421cd3975a982a0be237\">\n#top .av-special-heading.av-l5jtbv2c-bf144cb0dd0f421cd3975a982a0be237{\npadding-bottom:10px;\ncolor:#22b5b7;\n}\nbody .av-special-heading.av-l5jtbv2c-bf144cb0dd0f421cd3975a982a0be237 .av-special-heading-tag .heading-char{\nfont-size:25px;\n}\n.av-special-heading.av-l5jtbv2c-bf144cb0dd0f421cd3975a982a0be237 .special-heading-inner-border{\nborder-color:#22b5b7;\n}\n.av-special-heading.av-l5jtbv2c-bf144cb0dd0f421cd3975a982a0be237 .av-subheading{\nfont-size:15px;\n}\n<\/style>\n<div  class='av-special-heading av-l5jtbv2c-bf144cb0dd0f421cd3975a982a0be237 av-special-heading-h2 custom-color-heading blockquote modern-quote  avia-builder-el-14  el_before_av_textblock  avia-builder-el-first  av-thin-font av-linked-heading'><h2 class='av-special-heading-tag '  itemprop=\"headline\"  ><strong><span class='special_amp'>&#8222;<\/span>Wir sind \u00fcberzeugt davon, dass die Sch\u00fcler:innen am meisten lernen, wenn sie selbstgesteuert Fragen nachgehen.<span class='special_amp'>&#8220;<\/span><\/strong><\/h2><div class=\"special-heading-border\"><div class=\"special-heading-inner-border\"><\/div><\/div><\/div><br \/>\n<section  class='av_textblock_section av-ju00cit0-5b50248725427f686a41e4deff14a482 '   itemscope=\"itemscope\" itemtype=\"https:\/\/schema.org\/BlogPosting\" itemprop=\"blogPost\" ><div class='avia_textblock'  itemprop=\"text\" ><p><b>In eurer Online-Fortbildung bei fobizz geht es darum, wie man forschendes Lernen im Unterricht einsetzten kann.\u00a0 Warum sollte man forschendes Lernen als Lehrkraft in den Unterricht einbringen?<\/b><\/p>\n<p><strong>Andreas Terfloth &amp; Thomas Schamp: <\/strong><span style=\"font-weight: 400;\">Kinder und Jugendliche sind von Natur aus mit einem Wissensdrang ausgestattet. Sie wollen Neues entdecken und Dingen auf den Grund gehen. Leider wird in der Schule diese nat\u00fcrliche Neugierde durch \u201ck\u00fcnstliche Unterrichtsprobleme\u201d und \u201cTeaching to the test\u201d eingeengt. Wir sind \u00fcberzeugt davon, dass die Sch\u00fcler:innen am meisten lernen, wenn sie selbstgesteuert Fragen nachgehen. Dabei geht es nicht nur um Fachwissen, sondern auch um Methodenkompetenz, das wissenschaftsprop\u00e4deutische Arbeiten.<\/span><\/p>\n<\/div><\/section><br \/>\n\n<style type=\"text\/css\" data-created_by=\"avia_inline_auto\" id=\"style-css-av-kuvjmxt0-d658ecc16bf31c6ae5d3307cb6fecb45\">\n.avia-image-container.av-kuvjmxt0-d658ecc16bf31c6ae5d3307cb6fecb45 img.avia_image{\nbox-shadow:none;\n}\n.avia-image-container.av-kuvjmxt0-d658ecc16bf31c6ae5d3307cb6fecb45 .av-image-caption-overlay-center{\ncolor:#ffffff;\n}\n<\/style>\n<div  class='avia-image-container av-kuvjmxt0-d658ecc16bf31c6ae5d3307cb6fecb45 av-styling- avia-align-center  avia-builder-el-16  el_after_av_textblock  el_before_av_textblock '   itemprop=\"image\" itemscope=\"itemscope\" itemtype=\"https:\/\/schema.org\/ImageObject\" ><div class=\"avia-image-container-inner\"><div class=\"avia-image-overlay-wrap\"><img fetchpriority=\"high\" class='wp-image-30975 avia-img-lazy-loading-not-30975 avia_image ' src='https:\/\/fobizz.com\/wp-content\/uploads\/2022\/11\/pexels-mart-production-8471946.jpg' alt='Eine Sch\u00fclerin, die durch ein Mikroskop schaut und eine Sch\u00fclerin, die an die Tafel schreibt' title='Online Fortbildung: Forschendes Lernen'  height=\"1280\" width=\"1920\"  itemprop=\"thumbnailUrl\"  \/><\/div><\/div><\/div><br \/>\n<section  class='av_textblock_section av-ju00cit0-5b50248725427f686a41e4deff14a482 '   itemscope=\"itemscope\" itemtype=\"https:\/\/schema.org\/BlogPosting\" itemprop=\"blogPost\" ><div class='avia_textblock'  itemprop=\"text\" ><p><strong><b>Wie funktioniert forschendes Lernen und welche Phasen sind Teil davon?<\/b><br \/>\n<\/strong><\/p>\n<p><b>Andreas Terfloth &amp; Thomas Schamp:<\/b><span style=\"font-weight: 400;\">\u00a0<\/span><span style=\"font-weight: 400;\">Die Sch\u00fcler:innen suchen sich zuerst eine eigene Fragestellung, dann recherchieren oder experimentieren sie, um auf eine L\u00f6sung zu kommen. Hier sind die Lernwege nicht immer gerade, Fehler d\u00fcrfen gemacht und aus ihnen gelernt werden. Als n\u00e4chstes wird die Antwort aufgeschrieben und ein Produkt erstellt. Dieses wird dann in einem Vortrag vorgestellt und zum Abschluss gibt es dann noch ein Feedback.<\/span><\/p>\n<\/div><\/section><\/p><\/div>\n<style type=\"text\/css\" data-created_by=\"avia_inline_auto\" id=\"style-css-av-34kf3f-5c453dee3a5d73b18a369b0be04d3c0e\">\n.flex_column.av-34kf3f-5c453dee3a5d73b18a369b0be04d3c0e{\nborder-radius:0px 0px 0px 0px;\npadding:0px 0px 0px 0px;\n}\n<\/style>\n<div  class='flex_column av-34kf3f-5c453dee3a5d73b18a369b0be04d3c0e av_one_fifth  avia-builder-el-18  el_after_av_three_fifth  avia-builder-el-last  flex_column_div av-zero-column-padding  '     ><\/div>\n\n<\/div><\/div><\/div><!-- close content main div --><\/div><\/div><div id='av_section_4'  class='avia-section av-5hqwfa-779761db7200eb5db4426390e1360bb8 alternate_color avia-section-default avia-no-border-styling  avia-builder-el-19  el_after_av_section  el_before_av_section  avia-bg-style-scroll container_wrap sidebar_right'  ><div class='container av-section-cont-open' ><div class='template-page content  av-content-small alpha units'><div class='post-entry post-entry-type-page post-entry-30945'><div class='entry-content-wrapper clearfix'>\n<div class='flex_column_table av-40qgpy-d89bc1355fef1c54318abeace42aea77 sc-av_one_third av-equal-height-column-flextable'>\n<style type=\"text\/css\" data-created_by=\"avia_inline_auto\" id=\"style-css-av-40qgpy-d89bc1355fef1c54318abeace42aea77\">\n.flex_column.av-40qgpy-d89bc1355fef1c54318abeace42aea77{\nborder-radius:0px 0px 0px 0px;\npadding:0px 0px 0px 0px;\n}\n<\/style>\n<div  class='flex_column av-40qgpy-d89bc1355fef1c54318abeace42aea77 av_one_third  avia-builder-el-20  el_before_av_two_third  avia-builder-el-first  first flex_column_table_cell av-equal-height-column av-align-middle av-zero-column-padding  '     ><p>\n<style type=\"text\/css\" data-created_by=\"avia_inline_auto\" id=\"style-css-av-jtodeacd-b27a5249fe21ab8e249475cdab3c3898\">\n#top .hr.hr-invisible.av-jtodeacd-b27a5249fe21ab8e249475cdab3c3898{\nheight:20px;\n}\n<\/style>\n<div  class='hr av-jtodeacd-b27a5249fe21ab8e249475cdab3c3898 hr-invisible  avia-builder-el-21  el_before_av_image  avia-builder-el-first '><span class='hr-inner '><span class=\"hr-inner-style\"><\/span><\/span><\/div><br \/>\n\n<style type=\"text\/css\" data-created_by=\"avia_inline_auto\" id=\"style-css-av-knkb2gm3-c5d7879479708f2c5c4f2460784b750e\">\n.avia-image-container.av-knkb2gm3-c5d7879479708f2c5c4f2460784b750e img.avia_image{\nbox-shadow:none;\n}\n.avia-image-container.av-knkb2gm3-c5d7879479708f2c5c4f2460784b750e .av-image-caption-overlay-center{\ncolor:#ffffff;\n}\n<\/style>\n<div  class='avia-image-container av-knkb2gm3-c5d7879479708f2c5c4f2460784b750e av-styling-circle avia-align-center  avia-builder-el-22  el_after_av_hr  avia-builder-el-last '   itemprop=\"image\" itemscope=\"itemscope\" itemtype=\"https:\/\/schema.org\/ImageObject\" ><div class=\"avia-image-container-inner\"><div class=\"avia-image-overlay-wrap\"><img fetchpriority=\"high\" class='wp-image-30946 avia-img-lazy-loading-not-30946 avia_image ' src='https:\/\/fobizz.com\/wp-content\/uploads\/2022\/11\/5m4tutl7jr3z9cwea91eoyuaxfeu.jpg' alt='Andreas Terfloth und Thomas Schamp' title='Andreas Terfloth &amp; Thomas Schamp'  height=\"200\" width=\"200\"  itemprop=\"thumbnailUrl\"  \/><\/div><\/div><\/div><\/p><\/div><div class='av-flex-placeholder'><\/div>\n<style type=\"text\/css\" data-created_by=\"avia_inline_auto\" id=\"style-css-av-2lfr8m-43a8d494135556e4539c66598fc2b68c\">\n.flex_column.av-2lfr8m-43a8d494135556e4539c66598fc2b68c{\nborder-radius:0px 0px 0px 0px;\npadding:0px 0px 0px 0px;\n}\n<\/style>\n<div  class='flex_column av-2lfr8m-43a8d494135556e4539c66598fc2b68c av_two_third  avia-builder-el-23  el_after_av_one_third  avia-builder-el-last  flex_column_table_cell av-equal-height-column av-align-middle av-zero-column-padding  '     ><section  class='av_textblock_section av-2fgxsid-7dd25fbef7b942f9518237f7097cfde3 '   itemscope=\"itemscope\" itemtype=\"https:\/\/schema.org\/BlogPosting\" itemprop=\"blogPost\" ><div class='avia_textblock'  itemprop=\"text\" ><div><b>Andreas Terfloth<\/b><\/div>\n<div>\n<div>Andreas ist als Berater, Autor, Referent zu didaktischen Fragen und Transformationsprozessen unterwegs und entwickelt Unterrichtsmaterialien, die im gesamten deutschsprachigen Raum eingesetzt werden. Zudem bildet er als Referent am Landesinstitut in Hamburg Lehrkr\u00e4fte aus und fort und begleitet mehrere Schulen in ihren Schul- und Unterrichtsentwicklungsprozessen.<br \/>\n<strong>Thomas Schamp<\/strong><\/div>\n<div>Thomas erprobt als Kunst- und Religionslehrer an einem Hamburger Gymnasium viele didaktische Modelle zur individualisierten Lernf\u00f6rderung, die er als Fortbildner sowohl am Landesinstitut als auch an Schulen in verschiedenen Bundesl\u00e4ndern weitergibt. Zus\u00e4tzlich koordiniert er als ausgebildeter Schulentwicklungsberater ein Netzwerk von Modellschulen und initiiert und unterst\u00fctzt Unterrichts- und Schulentwicklungsprozesse.<\/div>\n<\/div>\n<\/div><\/section><\/div><\/div><!--close column table wrapper. Autoclose: 1 --><\/div><\/div><\/div><!-- close content main div --><\/div><\/div><div id='av_section_5'  class='avia-section av-5hqwfa-01a17b93ee65ca0f46d144cd31f03d25 main_color avia-section-default avia-no-border-styling  avia-builder-el-25  el_after_av_section  el_before_av_section  avia-bg-style-scroll container_wrap sidebar_right'  ><div class='container av-section-cont-open' ><div class='template-page content  av-content-small alpha units'><div class='post-entry post-entry-type-page post-entry-30945'><div class='entry-content-wrapper clearfix'>\n\n<style type=\"text\/css\" data-created_by=\"avia_inline_auto\" id=\"style-css-av-34kf3f-5533cbe9be77e98aa76ac408c7c56e91\">\n.flex_column.av-34kf3f-5533cbe9be77e98aa76ac408c7c56e91{\nborder-radius:0px 0px 0px 0px;\npadding:0px 0px 0px 0px;\n}\n<\/style>\n<div  class='flex_column av-34kf3f-5533cbe9be77e98aa76ac408c7c56e91 av_one_fifth  avia-builder-el-26  el_before_av_three_fifth  avia-builder-el-first  first flex_column_div av-zero-column-padding  '     ><\/div>\n<style type=\"text\/css\" data-created_by=\"avia_inline_auto\" id=\"style-css-av-34kf3f-5c453dee3a5d73b18a369b0be04d3c0e\">\n.flex_column.av-34kf3f-5c453dee3a5d73b18a369b0be04d3c0e{\nborder-radius:0px 0px 0px 0px;\npadding:0px 0px 0px 0px;\n}\n<\/style>\n<div  class='flex_column av-34kf3f-5c453dee3a5d73b18a369b0be04d3c0e av_three_fifth  avia-builder-el-27  el_after_av_one_fifth  el_before_av_one_fifth  flex_column_div av-zero-column-padding  '     ><p><section  class='av_textblock_section av-ju00cit0-5b50248725427f686a41e4deff14a482 '   itemscope=\"itemscope\" itemtype=\"https:\/\/schema.org\/BlogPosting\" itemprop=\"blogPost\" ><div class='avia_textblock'  itemprop=\"text\" ><p><b>Welche Produkte k\u00f6nnen Sch\u00fcler*innen w\u00e4hrend des Forschenden Lernens erstellen?<\/b><\/p>\n<p><strong><b>Andreas Terfloth &amp; Thomas Schamp:<\/b> <span style=\"font-weight: 400;\">Da gibt es im Endeffekt unendlich viele M\u00f6glichkeiten. Wir stellen in der Fortbildung 37 m\u00f6gliche digitale und analoge Methoden vor und geben euch auch gleich noch Produktkarten mit an die Hand. Wichtig ist dabei, dass das Produkt zur Fragestellung passt. Dies kann z.B. eine Karte, ein Modell, ein H\u00f6rspiel, ein Theaterst\u00fcck, ein Erkl\u00e4rvideo oder etwas ganz Anderes sein.<\/span><\/strong><\/p>\n<\/div><\/section><br \/>\n\n<style type=\"text\/css\" data-created_by=\"avia_inline_auto\" id=\"style-css-av-w7bu2c-f7a89672634cefaaf6ada25827752c1a\">\n#top .av-special-heading.av-w7bu2c-f7a89672634cefaaf6ada25827752c1a{\npadding-bottom:10px;\ncolor:#22b5b7;\n}\nbody .av-special-heading.av-w7bu2c-f7a89672634cefaaf6ada25827752c1a .av-special-heading-tag .heading-char{\nfont-size:25px;\n}\n.av-special-heading.av-w7bu2c-f7a89672634cefaaf6ada25827752c1a .special-heading-inner-border{\nborder-color:#22b5b7;\n}\n.av-special-heading.av-w7bu2c-f7a89672634cefaaf6ada25827752c1a .av-subheading{\nfont-size:15px;\n}\n<\/style>\n<div  class='av-special-heading av-w7bu2c-f7a89672634cefaaf6ada25827752c1a av-special-heading-h2 custom-color-heading blockquote modern-quote  avia-builder-el-29  el_after_av_textblock  el_before_av_textblock  av-thin-font av-linked-heading'><h2 class='av-special-heading-tag '  itemprop=\"headline\"  ><strong><span class='special_amp'>&#8222;<\/span>Dazu braucht es Lehrkr\u00e4fte, die sich trauen, die alten Gepflogenheiten zu hinterfragen und neue Wege einzuschlagen.<span class='special_amp'>&#8220;<\/span><\/strong><\/h2><div class=\"special-heading-border\"><div class=\"special-heading-inner-border\"><\/div><\/div><\/div><br \/>\n<section  class='av_textblock_section av-ju00cit0-5b50248725427f686a41e4deff14a482 '   itemscope=\"itemscope\" itemtype=\"https:\/\/schema.org\/BlogPosting\" itemprop=\"blogPost\" ><div class='avia_textblock'  itemprop=\"text\" ><p><strong>Wie f\u00fchre ich das forschende Lernen bestm\u00f6glich in meiner Klasse ein?<\/strong><\/p>\n<p><b>Andreas Terfloth &amp; Thomas Schamp:<\/b><span style=\"font-weight: 400;\">\u00a0<\/span><span style=\"font-weight: 400;\">Am besten f\u00e4ngst du mit einer kleinen Einheit an. In der Fortbildung findet ihr jede Menge Materialien, die auch bei dem Einf\u00fchren in der Klasse helfen. Zu jeder Phase gibt es Einf\u00fchrungsbl\u00e4tter, die ihr mit den Sch\u00fcler:innen bearbeiten k\u00f6nnt. Ganz wichtig ist es auch, am Anfang m\u00f6glichst viel Feedback zu geben und eng an den Sch\u00fcler:innen zu sein. Ebenfalls solltest du als Lehrkraft Offenheit zulassen und aushalten.\u00a0<\/span><\/p>\n<\/div><\/section><br \/>\n<section  class='av_textblock_section av-l907nfsp-eddf746c4bbd63c7a5cd768b1aa37cdf '   itemscope=\"itemscope\" itemtype=\"https:\/\/schema.org\/BlogPosting\" itemprop=\"blogPost\" ><div class='avia_textblock'  itemprop=\"text\" ><p><b>Wie stellt ihr euch das forschende Lernen als individuelles Schulfach vor?<\/b><\/p>\n<p><b>Andreas Terfloth &amp; Thomas Schamp:<\/b><span style=\"font-weight: 400;\">\u00a0<\/span><span style=\"font-weight: 400;\">Forschendes Lernen als Fach ist die K\u00f6nigsklasse. Zur Einf\u00fchrung m\u00fcssen die Strukturen zum Forschen an der Schule gut etabliert sein und die Sch\u00fcler:innen in der Methode ge\u00fcbt.\u00a0<\/span><\/p>\n<\/div><\/section><\/p><\/div>\n<style type=\"text\/css\" data-created_by=\"avia_inline_auto\" id=\"style-css-av-34kf3f-5c453dee3a5d73b18a369b0be04d3c0e\">\n.flex_column.av-34kf3f-5c453dee3a5d73b18a369b0be04d3c0e{\nborder-radius:0px 0px 0px 0px;\npadding:0px 0px 0px 0px;\n}\n<\/style>\n<div  class='flex_column av-34kf3f-5c453dee3a5d73b18a369b0be04d3c0e av_one_fifth  avia-builder-el-32  el_after_av_three_fifth  avia-builder-el-last  flex_column_div av-zero-column-padding  '     ><\/div>\n<\/p>\n<\/div><\/div><\/div><!-- close content main div --><\/div><\/div><div id='av_section_6'  class='avia-section av-5hqwfa-dd27327ec1bb42cd1c868d899e085dff alternate_color avia-section-small avia-no-border-styling  avia-builder-el-33  el_after_av_section  el_before_av_section  avia-bg-style-scroll container_wrap sidebar_right'  ><div class='container av-section-cont-open' ><div class='template-page content  av-content-small alpha units'><div class='post-entry post-entry-type-page post-entry-30945'><div class='entry-content-wrapper clearfix'>\n\n<style type=\"text\/css\" data-created_by=\"avia_inline_auto\" id=\"style-css-av-40qgpy-2ac6aa0b0b78ff9543c68b61ee9a54f3\">\n.flex_column.av-40qgpy-2ac6aa0b0b78ff9543c68b61ee9a54f3{\nborder-radius:0px 0px 0px 0px;\npadding:0px 0px 0px 0px;\n}\n<\/style>\n<div  class='flex_column av-40qgpy-2ac6aa0b0b78ff9543c68b61ee9a54f3 av_two_fifth  avia-builder-el-34  el_before_av_three_fifth  avia-builder-el-first  first flex_column_div av-zero-column-padding  '     ><style type=\"text\/css\" data-created_by=\"avia_inline_auto\" id=\"style-css-av-2567t9h-a4d35ef096613c2e2f092425f8b1714c\">\n.avia-image-container.av-2567t9h-a4d35ef096613c2e2f092425f8b1714c img.avia_image{\nbox-shadow:none;\n}\n.avia-image-container.av-2567t9h-a4d35ef096613c2e2f092425f8b1714c .av-image-caption-overlay-center{\ncolor:#ffffff;\n}\n<\/style>\n<div  class='avia-image-container av-2567t9h-a4d35ef096613c2e2f092425f8b1714c av-styling- av-img-linked avia-align-center  avia-builder-el-35  avia-builder-el-no-sibling '   itemprop=\"image\" itemscope=\"itemscope\" itemtype=\"https:\/\/schema.org\/ImageObject\" ><div class=\"avia-image-container-inner\"><div class=\"avia-image-overlay-wrap\"><a href=\"https:\/\/plattform.fobizz.com\/fortbildungen\/537-forschendes-lernen-im-unterricht-einsetzen\" class='avia_image '  aria-label='Online Fortbildung: Forschendes Lernen'><img fetchpriority=\"high\" class='wp-image-30948 avia-img-lazy-loading-not-30948 avia_image ' src='https:\/\/fobizz.com\/wp-content\/uploads\/2022\/11\/Mit_Balken_Teaserbild_Forschendes_Lernen.jpg' alt='Eine Sch\u00fclerin untersucht mit einer Lupe einen Stein im Klassenraum' title='Online Fortbildung: Forschendes Lernen'  height=\"628\" width=\"1200\"  itemprop=\"thumbnailUrl\"  \/><\/a><\/div><\/div><\/div><\/div>\n<style type=\"text\/css\" data-created_by=\"avia_inline_auto\" id=\"style-css-av-2lfr8m-43a8d494135556e4539c66598fc2b68c\">\n.flex_column.av-2lfr8m-43a8d494135556e4539c66598fc2b68c{\nborder-radius:0px 0px 0px 0px;\npadding:0px 0px 0px 0px;\n}\n<\/style>\n<div  class='flex_column av-2lfr8m-43a8d494135556e4539c66598fc2b68c av_three_fifth  avia-builder-el-36  el_after_av_two_fifth  avia-builder-el-last  flex_column_div av-zero-column-padding  '     ><p><section  class='av_textblock_section av-2fgxsid-7dd25fbef7b942f9518237f7097cfde3 '   itemscope=\"itemscope\" itemtype=\"https:\/\/schema.org\/BlogPosting\" itemprop=\"blogPost\" ><div class='avia_textblock'  itemprop=\"text\" ><p><strong style=\"font-size: 20px; font-family: -apple-system, BlinkMacSystemFont, 'Segoe UI', Roboto, Oxygen-Sans, Ubuntu, Cantarell, 'Helvetica Neue', sans-serif;\">Online-Fortbildung:<\/strong><\/p>\n<section class=\"av_textblock_section \">\n<div class=\"avia_textblock \">\n<h3 class=\"sidebar__title\" data-cy=\"course-title\"><strong>Forschendes Lernen im Unterricht einsetzen<\/strong><\/h3>\n<p>In dieser Online-Fortbildung lernst du, wie du forschendes Lernen in deinem Unterricht nutzen kannst.<\/p>\n<\/div>\n<\/section>\n<\/div><\/section><br \/>\n<div  class='avia-button-wrap av-k7iasqed-3c41e406f67e73f2b902791cfa2cdc21-wrap avia-button-left  avia-builder-el-38  el_after_av_textblock  avia-builder-el-last '>\n<style type=\"text\/css\" data-created_by=\"avia_inline_auto\" id=\"style-css-av-k7iasqed-3c41e406f67e73f2b902791cfa2cdc21\">\n#top #wrap_all .avia-button.av-k7iasqed-3c41e406f67e73f2b902791cfa2cdc21{\nbackground-color:#22b5b7;\nborder-color:#22b5b7;\ncolor:#ffffff;\ntransition:all 0.4s ease-in-out;\n}\n#top #wrap_all .avia-button.av-k7iasqed-3c41e406f67e73f2b902791cfa2cdc21 .avia-svg-icon svg:first-child{\nfill:#ffffff;\nstroke:#ffffff;\n}\n<\/style>\n<a href='https:\/\/plattform.fobizz.com\/fortbildungen\/537-forschendes-lernen-im-unterricht-einsetzen'  class='avia-button av-k7iasqed-3c41e406f67e73f2b902791cfa2cdc21 av-link-btn avia-icon_select-yes-left-icon avia-size-large avia-position-left'  target=\"_blank\"  rel=\"noopener noreferrer\"  aria-label=\"Zur Online-Fortbildung\"><span class='avia_button_icon avia_button_icon_left avia-iconfont avia-font-entypo-fontello' data-av_icon='\ue889' data-av_iconfont='entypo-fontello' ><\/span><span class='avia_iconbox_title' >Zur Online-Fortbildung<\/span><\/a><\/div><\/p><\/div><\/div><\/div><\/div><!-- close content main div --><\/div><\/div><div id='av_section_7'  class='avia-section av-ju11gpo3-f4921ea3bb816c7df4b4bb3ab0471907 alternate_color avia-section-default avia-no-border-styling  avia-builder-el-39  el_after_av_section  el_before_av_slideshow_full  avia-bg-style-scroll container_wrap sidebar_right'  ><div class='container av-section-cont-open' ><div class='template-page content  av-content-small alpha units'><div class='post-entry post-entry-type-page post-entry-30945'><div class='entry-content-wrapper clearfix'>\n\n<style type=\"text\/css\" data-created_by=\"avia_inline_auto\" id=\"style-css-av-ju11ha2p-f1c572a44d38250f6f0e368de0027aa2\">\n#top .av-special-heading.av-ju11ha2p-f1c572a44d38250f6f0e368de0027aa2{\npadding-bottom:20px;\n}\nbody .av-special-heading.av-ju11ha2p-f1c572a44d38250f6f0e368de0027aa2 .av-special-heading-tag .heading-char{\nfont-size:25px;\n}\n#top #wrap_all .av-special-heading.av-ju11ha2p-f1c572a44d38250f6f0e368de0027aa2 .av-special-heading-tag{\nfont-size:25px;\n}\n.av-special-heading.av-ju11ha2p-f1c572a44d38250f6f0e368de0027aa2 .av-subheading{\nfont-size:15px;\n}\n<\/style>\n<div  class='av-special-heading av-ju11ha2p-f1c572a44d38250f6f0e368de0027aa2 av-special-heading-h2 custom-color-heading  avia-builder-el-40  el_before_av_postslider  avia-builder-el-first  av-linked-heading'><h2 class='av-special-heading-tag '  itemprop=\"headline\"  >Weitere Blogartikel<\/h2><div class=\"special-heading-border\"><div class=\"special-heading-inner-border\"><\/div><\/div><\/div>\n<div  data-slideshow-options=\"{&quot;animation&quot;:&quot;fade&quot;,&quot;autoplay&quot;:false,&quot;loop_autoplay&quot;:&quot;once&quot;,&quot;interval&quot;:&quot;5&quot;,&quot;loop_manual&quot;:&quot;manual-endless&quot;,&quot;autoplay_stopper&quot;:false,&quot;noNavigation&quot;:false,&quot;show_slide_delay&quot;:90}\" class='avia-content-slider avia-content-slider-active avia-content-slider1 avia-content-slider-odd  avia-builder-el-41  el_after_av_heading  avia-builder-el-last  av-slideshow-ui av-control-default   av-no-slider-navigation av-slideshow-manual av-loop-once av-loop-manual-endless '  itemscope=\"itemscope\" itemtype=\"https:\/\/schema.org\/Blog\" ><div class=\"avia-content-slider-inner\"><div class=\"slide-entry-wrap\"><article class='slide-entry flex_column  post-entry post-entry-59437 slide-entry-overview slide-loop-1 slide-parity-odd  av_one_third first real-thumbnail posttype-post post-format-standard'  itemscope=\"itemscope\" itemtype=\"https:\/\/schema.org\/BlogPosting\" itemprop=\"blogPost\" ><a href='https:\/\/fobizz.com\/de\/kinder-mit-traumaerfahrung-verstehen-und-begleiten\/' data-rel='slide-1' class='slide-image' title='Kinder mit Traumaerfahrung verstehen und begleiten'><img decoding=\"async\" fetchpriority=\"high\" width=\"495\" height=\"400\" src=\"https:\/\/fobizz.com\/wp-content\/uploads\/2026\/04\/Kinder-mit-Traumaerfahrung-verstehen-und-begleiten-495x400.jpg\" class=\"wp-image-59441 avia-img-lazy-loading-not-59441 attachment-portfolio size-portfolio wp-post-image\" alt=\"\" \/><\/a><div class=\"slide-content\"><header class=\"entry-content-header\"><h3 class='slide-entry-title entry-title '  itemprop=\"headline\" ><a href='https:\/\/fobizz.com\/de\/kinder-mit-traumaerfahrung-verstehen-und-begleiten\/' title='Kinder mit Traumaerfahrung verstehen und begleiten'>Kinder mit Traumaerfahrung verstehen und begleiten<\/a><\/h3><span class=\"blog-categories minor-meta\"><a href=\"https:\/\/fobizz.com\/de\/category\/interview\/\" rel=\"tag\">Interview<\/a>, <a href=\"https:\/\/fobizz.com\/de\/category\/lehrerbildung\/\" rel=\"tag\">Lehrerbildung<\/a>, <a href=\"https:\/\/fobizz.com\/de\/category\/nachhaltige-entwicklung\/\" rel=\"tag\">Nachhaltige Entwicklung<\/a> <\/span><span class=\"av-vertical-delimiter\"><\/span><\/header><div class='slide-entry-excerpt entry-content'  itemprop=\"text\" ><div class=\"excerpt-text\">Erfahre im Interview mit Feline Lunge, wie du deinen Unterricht traumasensibel gestalten kannst.<\/div><\/div><\/div><span class='hidden'>\n\t\t\t\t<span class='av-structured-data'  itemprop=\"image\" itemscope=\"itemscope\" itemtype=\"https:\/\/schema.org\/ImageObject\" >\n\t\t\t\t\t\t<span itemprop='url'>https:\/\/fobizz.com\/wp-content\/uploads\/2026\/04\/Kinder-mit-Traumaerfahrung-verstehen-und-begleiten.jpg<\/span>\n\t\t\t\t\t\t<span itemprop='height'>500<\/span>\n\t\t\t\t\t\t<span itemprop='width'>800<\/span>\n\t\t\t\t<\/span>\n\t\t\t\t<span class='av-structured-data'  itemprop=\"publisher\" itemtype=\"https:\/\/schema.org\/Organization\" itemscope=\"itemscope\" >\n\t\t\t\t\t\t<span itemprop='name'>Tanja Schneider<\/span>\n\t\t\t\t\t\t<span itemprop='logo' itemscope itemtype='https:\/\/schema.org\/ImageObject'>\n\t\t\t\t\t\t\t<span itemprop='url'>https:\/\/fobizz.com\/wp-content\/uploads\/2024\/01\/fobizz_logo-min-495x244.png<\/span>\n\t\t\t\t\t\t<\/span>\n\t\t\t\t<\/span><span class='av-structured-data'  itemprop=\"author\" itemscope=\"itemscope\" itemtype=\"https:\/\/schema.org\/Person\" ><span itemprop='name'>Tanja Schneider<\/span><\/span><span class='av-structured-data'  itemprop=\"datePublished\" datetime=\"2022-11-24T14:08:36+01:00\" >2026-04-09 10:47:47<\/span><span class='av-structured-data'  itemprop=\"dateModified\" itemtype=\"https:\/\/schema.org\/dateModified\" >2026-04-09 11:19:32<\/span><span class='av-structured-data'  itemprop=\"mainEntityOfPage\" itemtype=\"https:\/\/schema.org\/mainEntityOfPage\" ><span itemprop='name'>Kinder mit Traumaerfahrung verstehen und begleiten<\/span><\/span><\/span><\/article><article class='slide-entry flex_column  post-entry post-entry-59456 slide-entry-overview slide-loop-2 slide-parity-even  av_one_third  real-thumbnail posttype-post post-format-standard'  itemscope=\"itemscope\" itemtype=\"https:\/\/schema.org\/BlogPosting\" itemprop=\"blogPost\" ><a href='https:\/\/fobizz.com\/de\/grundschulalltag-diskriminierungskritisch-gestalten\/' data-rel='slide-1' class='slide-image' title='Grundschulalltag diskriminierungskritisch gestalten'><img decoding=\"async\" fetchpriority=\"high\" width=\"495\" height=\"400\" src=\"https:\/\/fobizz.com\/wp-content\/uploads\/2026\/04\/Grundschulalltag-diskriminierungskritisch-gestalten-495x400.jpg\" class=\"wp-image-59457 avia-img-lazy-loading-not-59457 attachment-portfolio size-portfolio wp-post-image\" alt=\"\" \/><\/a><div class=\"slide-content\"><header class=\"entry-content-header\"><h3 class='slide-entry-title entry-title '  itemprop=\"headline\" ><a href='https:\/\/fobizz.com\/de\/grundschulalltag-diskriminierungskritisch-gestalten\/' title='Grundschulalltag diskriminierungskritisch gestalten'>Grundschulalltag diskriminierungskritisch gestalten<\/a><\/h3><span class=\"blog-categories minor-meta\"><a href=\"https:\/\/fobizz.com\/de\/category\/interview\/\" rel=\"tag\">Interview<\/a>, <a href=\"https:\/\/fobizz.com\/de\/category\/lehrerbildung\/\" rel=\"tag\">Lehrerbildung<\/a>, <a href=\"https:\/\/fobizz.com\/de\/category\/nachhaltige-entwicklung\/\" rel=\"tag\">Nachhaltige Entwicklung<\/a> <\/span><span class=\"av-vertical-delimiter\"><\/span><\/header><div class='slide-entry-excerpt entry-content'  itemprop=\"text\" ><div class=\"excerpt-text\">Erfahre im Interview mit Anna Lena Lutz, warum du deinen Schulalltag diskriminierungskritisch gestalten solltest.<\/div><\/div><\/div><span class='hidden'>\n\t\t\t\t<span class='av-structured-data'  itemprop=\"image\" itemscope=\"itemscope\" itemtype=\"https:\/\/schema.org\/ImageObject\" >\n\t\t\t\t\t\t<span itemprop='url'>https:\/\/fobizz.com\/wp-content\/uploads\/2026\/04\/Grundschulalltag-diskriminierungskritisch-gestalten.jpg<\/span>\n\t\t\t\t\t\t<span itemprop='height'>500<\/span>\n\t\t\t\t\t\t<span itemprop='width'>800<\/span>\n\t\t\t\t<\/span>\n\t\t\t\t<span class='av-structured-data'  itemprop=\"publisher\" itemtype=\"https:\/\/schema.org\/Organization\" itemscope=\"itemscope\" >\n\t\t\t\t\t\t<span itemprop='name'>Tanja Schneider<\/span>\n\t\t\t\t\t\t<span itemprop='logo' itemscope itemtype='https:\/\/schema.org\/ImageObject'>\n\t\t\t\t\t\t\t<span itemprop='url'>https:\/\/fobizz.com\/wp-content\/uploads\/2024\/01\/fobizz_logo-min-495x244.png<\/span>\n\t\t\t\t\t\t<\/span>\n\t\t\t\t<\/span><span class='av-structured-data'  itemprop=\"author\" itemscope=\"itemscope\" itemtype=\"https:\/\/schema.org\/Person\" ><span itemprop='name'>Tanja Schneider<\/span><\/span><span class='av-structured-data'  itemprop=\"datePublished\" datetime=\"2022-11-24T14:08:36+01:00\" >2026-04-09 10:45:31<\/span><span class='av-structured-data'  itemprop=\"dateModified\" itemtype=\"https:\/\/schema.org\/dateModified\" >2026-04-09 11:18:42<\/span><span class='av-structured-data'  itemprop=\"mainEntityOfPage\" itemtype=\"https:\/\/schema.org\/mainEntityOfPage\" ><span itemprop='name'>Grundschulalltag diskriminierungskritisch gestalten<\/span><\/span><\/span><\/article><article class='slide-entry flex_column  post-entry post-entry-59367 slide-entry-overview slide-loop-3 slide-parity-odd  av_one_third  real-thumbnail posttype-post post-format-standard'  itemscope=\"itemscope\" itemtype=\"https:\/\/schema.org\/BlogPosting\" itemprop=\"blogPost\" ><a href='https:\/\/fobizz.com\/de\/demokratie-lernen-interview-poitzmann-ahl\/' data-rel='slide-1' class='slide-image' title='Demokratie lernen  \u2013 Interview mit Nikola Poitzmann &#038; Kati Ahl'><img decoding=\"async\" fetchpriority=\"high\" width=\"495\" height=\"400\" src=\"https:\/\/fobizz.com\/wp-content\/uploads\/2023\/07\/Schulkalender-23-24-classroom-management-495x400.jpg\" class=\"wp-image-41470 avia-img-lazy-loading-not-41470 attachment-portfolio size-portfolio wp-post-image\" alt=\"Vorschaubild der Fortbildung Classroom Management\" \/><\/a><div class=\"slide-content\"><header class=\"entry-content-header\"><h3 class='slide-entry-title entry-title '  itemprop=\"headline\" ><a href='https:\/\/fobizz.com\/de\/demokratie-lernen-interview-poitzmann-ahl\/' title='Demokratie lernen  \u2013 Interview mit Nikola Poitzmann &#038; Kati Ahl'>Demokratie lernen  \u2013 Interview mit Nikola Poitzmann &#038; Kati Ahl<\/a><\/h3><span class=\"blog-categories minor-meta\"><a href=\"https:\/\/fobizz.com\/de\/category\/digitale-bildung\/\" rel=\"tag\">Digitale Bildung<\/a>, <a href=\"https:\/\/fobizz.com\/de\/category\/interview\/\" rel=\"tag\">Interview<\/a>, <a href=\"https:\/\/fobizz.com\/de\/category\/lehrerbildung\/\" rel=\"tag\">Lehrerbildung<\/a> <\/span><span class=\"av-vertical-delimiter\"><\/span><\/header><div class='slide-entry-excerpt entry-content'  itemprop=\"text\" ><div class=\"excerpt-text\">Trotz wachsender gesellschaftlicher Spannungen bleibt die Schule ein besonderer Ort: Hier treffen Menschen mit unterschiedlichen Hintergr\u00fcnden, Meinungen und Erfahrungen aufeinander. Gerade deshalb bietet Schule gro\u00dfes Potenzial als Raum des Wandels \u2013 ein Ort, an dem Gemeinschaft gelebt und demokratische Werte im Alltag erfahrbar werden.\r\nDoch wie gelingt es, Sch\u00fcler:innen so zu st\u00e4rken, dass sie sich aktiv, selbstbestimmt und kritisch in gesellschaftliche Prozesse einbringen k\u00f6nnen?<\/div><\/div><\/div><span class='hidden'>\n\t\t\t\t<span class='av-structured-data'  itemprop=\"image\" itemscope=\"itemscope\" itemtype=\"https:\/\/schema.org\/ImageObject\" >\n\t\t\t\t\t\t<span itemprop='url'>https:\/\/fobizz.com\/wp-content\/uploads\/2023\/07\/Schulkalender-23-24-classroom-management.jpg<\/span>\n\t\t\t\t\t\t<span itemprop='height'>628<\/span>\n\t\t\t\t\t\t<span itemprop='width'>1200<\/span>\n\t\t\t\t<\/span>\n\t\t\t\t<span class='av-structured-data'  itemprop=\"publisher\" itemtype=\"https:\/\/schema.org\/Organization\" itemscope=\"itemscope\" >\n\t\t\t\t\t\t<span itemprop='name'>Michelle<\/span>\n\t\t\t\t\t\t<span itemprop='logo' itemscope itemtype='https:\/\/schema.org\/ImageObject'>\n\t\t\t\t\t\t\t<span itemprop='url'>https:\/\/fobizz.com\/wp-content\/uploads\/2024\/01\/fobizz_logo-min-495x244.png<\/span>\n\t\t\t\t\t\t<\/span>\n\t\t\t\t<\/span><span class='av-structured-data'  itemprop=\"author\" itemscope=\"itemscope\" itemtype=\"https:\/\/schema.org\/Person\" ><span itemprop='name'>Michelle<\/span><\/span><span class='av-structured-data'  itemprop=\"datePublished\" datetime=\"2022-11-24T14:08:36+01:00\" >2026-04-02 06:25:32<\/span><span class='av-structured-data'  itemprop=\"dateModified\" itemtype=\"https:\/\/schema.org\/dateModified\" >2026-04-13 17:48:54<\/span><span class='av-structured-data'  itemprop=\"mainEntityOfPage\" itemtype=\"https:\/\/schema.org\/mainEntityOfPage\" ><span itemprop='name'>Demokratie lernen  \u2013 Interview mit Nikola Poitzmann &#038; Kati Ahl<\/span><\/span><\/span><\/article><\/div><div class=\"slide-entry-wrap\"><article class='slide-entry flex_column  post-entry post-entry-59354 slide-entry-overview slide-loop-4 slide-parity-odd  av_one_third first real-thumbnail posttype-post post-format-standard'  itemscope=\"itemscope\" itemtype=\"https:\/\/schema.org\/BlogPosting\" itemprop=\"blogPost\" ><a href='https:\/\/fobizz.com\/de\/kinder-die-durchs-raster-fallen-interview-mit-corina-elfe\/' data-rel='slide-1' class='slide-image' title='Kinder, die durchs Raster fallen  \u2013 Interview mit Corina Elfe'><img decoding=\"async\" fetchpriority=\"high\" width=\"495\" height=\"400\" src=\"https:\/\/fobizz.com\/wp-content\/uploads\/2026\/04\/Kinder_Neurodivergenz-495x400.jpg\" class=\"wp-image-59361 avia-img-lazy-loading-not-59361 attachment-portfolio size-portfolio wp-post-image\" alt=\"\" \/><\/a><div class=\"slide-content\"><header class=\"entry-content-header\"><h3 class='slide-entry-title entry-title '  itemprop=\"headline\" ><a href='https:\/\/fobizz.com\/de\/kinder-die-durchs-raster-fallen-interview-mit-corina-elfe\/' title='Kinder, die durchs Raster fallen  \u2013 Interview mit Corina Elfe'>Kinder, die durchs Raster fallen  \u2013 Interview mit Corina Elfe<\/a><\/h3><span class=\"blog-categories minor-meta\"><a href=\"https:\/\/fobizz.com\/de\/category\/digitale-bildung\/\" rel=\"tag\">Digitale Bildung<\/a>, <a href=\"https:\/\/fobizz.com\/de\/category\/interview\/\" rel=\"tag\">Interview<\/a>, <a href=\"https:\/\/fobizz.com\/de\/category\/lehrerbildung\/\" rel=\"tag\">Lehrerbildung<\/a> <\/span><span class=\"av-vertical-delimiter\"><\/span><\/header><div class='slide-entry-excerpt entry-content'  itemprop=\"text\" ><div class=\"excerpt-text\">Digitales Arbeiten und Unterrichten \u2013 der Einsatz von K\u00fcnstlicher Intelligenz wird f\u00fcr Lehrkr\u00e4fte immer relevanter. Wie textgenerierende KI-Systeme wie ChatGPT sinnvoll in den Schulalltag integriert werden k\u00f6nnen und welche Potenziale und Grenzen sie haben, zeigen Micha Busch und Christian K\u00f6hler in 33 praxisnahen Ideen f\u00fcr Unterricht und Organisation.<\/div><\/div><\/div><span class='hidden'>\n\t\t\t\t<span class='av-structured-data'  itemprop=\"image\" itemscope=\"itemscope\" itemtype=\"https:\/\/schema.org\/ImageObject\" >\n\t\t\t\t\t\t<span itemprop='url'>https:\/\/fobizz.com\/wp-content\/uploads\/2026\/04\/Kinder_Neurodivergenz.jpg<\/span>\n\t\t\t\t\t\t<span itemprop='height'>768<\/span>\n\t\t\t\t\t\t<span itemprop='width'>1408<\/span>\n\t\t\t\t<\/span>\n\t\t\t\t<span class='av-structured-data'  itemprop=\"publisher\" itemtype=\"https:\/\/schema.org\/Organization\" itemscope=\"itemscope\" >\n\t\t\t\t\t\t<span itemprop='name'>Michelle<\/span>\n\t\t\t\t\t\t<span itemprop='logo' itemscope itemtype='https:\/\/schema.org\/ImageObject'>\n\t\t\t\t\t\t\t<span itemprop='url'>https:\/\/fobizz.com\/wp-content\/uploads\/2024\/01\/fobizz_logo-min-495x244.png<\/span>\n\t\t\t\t\t\t<\/span>\n\t\t\t\t<\/span><span class='av-structured-data'  itemprop=\"author\" itemscope=\"itemscope\" itemtype=\"https:\/\/schema.org\/Person\" ><span itemprop='name'>Michelle<\/span><\/span><span class='av-structured-data'  itemprop=\"datePublished\" datetime=\"2022-11-24T14:08:36+01:00\" >2026-04-01 17:20:21<\/span><span class='av-structured-data'  itemprop=\"dateModified\" itemtype=\"https:\/\/schema.org\/dateModified\" >2026-04-13 17:49:10<\/span><span class='av-structured-data'  itemprop=\"mainEntityOfPage\" itemtype=\"https:\/\/schema.org\/mainEntityOfPage\" ><span itemprop='name'>Kinder, die durchs Raster fallen  \u2013 Interview mit Corina Elfe<\/span><\/span><\/span><\/article><article class='slide-entry flex_column  post-entry post-entry-58864 slide-entry-overview slide-loop-5 slide-parity-even  av_one_third  real-thumbnail posttype-post post-format-standard'  itemscope=\"itemscope\" itemtype=\"https:\/\/schema.org\/BlogPosting\" itemprop=\"blogPost\" ><a href='https:\/\/fobizz.com\/de\/scratch-einstieg-ins-visuelle-programmieren\/' data-rel='slide-1' class='slide-image' title='Scratch: Einstieg ins visuelle Programmieren'><img decoding=\"async\" fetchpriority=\"high\" width=\"495\" height=\"400\" src=\"https:\/\/fobizz.com\/wp-content\/uploads\/2026\/03\/Scratch-Einstieg-ins-visuelle-Programmieren-495x400.jpg\" class=\"wp-image-58867 avia-img-lazy-loading-not-58867 attachment-portfolio size-portfolio wp-post-image\" alt=\"\" \/><\/a><div class=\"slide-content\"><header class=\"entry-content-header\"><h3 class='slide-entry-title entry-title '  itemprop=\"headline\" ><a href='https:\/\/fobizz.com\/de\/scratch-einstieg-ins-visuelle-programmieren\/' title='Scratch: Einstieg ins visuelle Programmieren'>Scratch: Einstieg ins visuelle Programmieren<\/a><\/h3><span class=\"blog-categories minor-meta\"><a href=\"https:\/\/fobizz.com\/de\/category\/digitale-bildung\/\" rel=\"tag\">Digitale Bildung<\/a>, <a href=\"https:\/\/fobizz.com\/de\/category\/digitale-medien\/\" rel=\"tag\">Digitale Medien<\/a>, <a href=\"https:\/\/fobizz.com\/de\/category\/interview\/\" rel=\"tag\">Interview<\/a>, <a href=\"https:\/\/fobizz.com\/de\/category\/lehrerbildung\/\" rel=\"tag\">Lehrerbildung<\/a> <\/span><span class=\"av-vertical-delimiter\"><\/span><\/header><div class='slide-entry-excerpt entry-content'  itemprop=\"text\" ><div class=\"excerpt-text\">Erfahre im Interview mit Tom Wiedemann, wie du Scratch sinnvoll in deinen Unterricht einbringen kannst.<\/div><\/div><\/div><span class='hidden'>\n\t\t\t\t<span class='av-structured-data'  itemprop=\"image\" itemscope=\"itemscope\" itemtype=\"https:\/\/schema.org\/ImageObject\" >\n\t\t\t\t\t\t<span itemprop='url'>https:\/\/fobizz.com\/wp-content\/uploads\/2026\/03\/Scratch-Einstieg-ins-visuelle-Programmieren.jpg<\/span>\n\t\t\t\t\t\t<span itemprop='height'>500<\/span>\n\t\t\t\t\t\t<span itemprop='width'>800<\/span>\n\t\t\t\t<\/span>\n\t\t\t\t<span class='av-structured-data'  itemprop=\"publisher\" itemtype=\"https:\/\/schema.org\/Organization\" itemscope=\"itemscope\" >\n\t\t\t\t\t\t<span itemprop='name'>Tanja Schneider<\/span>\n\t\t\t\t\t\t<span itemprop='logo' itemscope itemtype='https:\/\/schema.org\/ImageObject'>\n\t\t\t\t\t\t\t<span itemprop='url'>https:\/\/fobizz.com\/wp-content\/uploads\/2024\/01\/fobizz_logo-min-495x244.png<\/span>\n\t\t\t\t\t\t<\/span>\n\t\t\t\t<\/span><span class='av-structured-data'  itemprop=\"author\" itemscope=\"itemscope\" itemtype=\"https:\/\/schema.org\/Person\" ><span itemprop='name'>Tanja Schneider<\/span><\/span><span class='av-structured-data'  itemprop=\"datePublished\" datetime=\"2022-11-24T14:08:36+01:00\" >2026-03-12 11:07:22<\/span><span class='av-structured-data'  itemprop=\"dateModified\" itemtype=\"https:\/\/schema.org\/dateModified\" >2026-03-12 11:34:55<\/span><span class='av-structured-data'  itemprop=\"mainEntityOfPage\" itemtype=\"https:\/\/schema.org\/mainEntityOfPage\" ><span itemprop='name'>Scratch: Einstieg ins visuelle Programmieren<\/span><\/span><\/span><\/article><article class='slide-entry flex_column  post-entry post-entry-58852 slide-entry-overview slide-loop-6 slide-parity-odd  av_one_third  real-thumbnail posttype-post post-format-standard'  itemscope=\"itemscope\" itemtype=\"https:\/\/schema.org\/BlogPosting\" itemprop=\"blogPost\" ><a href='https:\/\/fobizz.com\/de\/goodnotes-grundlagen-organisation-von-unterrichtsnotizen\/' data-rel='slide-1' class='slide-image' title='Goodnotes Grundlagen: Organisation von Unterrichtsnotizen'><img decoding=\"async\" fetchpriority=\"high\" width=\"495\" height=\"400\" src=\"https:\/\/fobizz.com\/wp-content\/uploads\/2026\/03\/Goodnotes-Grundlagen-Organisation-von-Unterrichtsnotizen-495x400.jpg\" class=\"wp-image-58853 avia-img-lazy-loading-not-58853 attachment-portfolio size-portfolio wp-post-image\" alt=\"\" \/><\/a><div class=\"slide-content\"><header class=\"entry-content-header\"><h3 class='slide-entry-title entry-title '  itemprop=\"headline\" ><a href='https:\/\/fobizz.com\/de\/goodnotes-grundlagen-organisation-von-unterrichtsnotizen\/' title='Goodnotes Grundlagen: Organisation von Unterrichtsnotizen'>Goodnotes Grundlagen: Organisation von Unterrichtsnotizen<\/a><\/h3><span class=\"blog-categories minor-meta\"><a href=\"https:\/\/fobizz.com\/de\/category\/digitale-bildung\/\" rel=\"tag\">Digitale Bildung<\/a>, <a href=\"https:\/\/fobizz.com\/de\/category\/digitale-medien\/\" rel=\"tag\">Digitale Medien<\/a>, <a href=\"https:\/\/fobizz.com\/de\/category\/interview\/\" rel=\"tag\">Interview<\/a>, <a href=\"https:\/\/fobizz.com\/de\/category\/lehrerbildung\/\" rel=\"tag\">Lehrerbildung<\/a> <\/span><span class=\"av-vertical-delimiter\"><\/span><\/header><div class='slide-entry-excerpt entry-content'  itemprop=\"text\" ><div class=\"excerpt-text\">Im Interview mit Dr. Ulla Hauptmann erf\u00e4hrst du, wie du mit Goodnotes 7 den Unterricht kreativ gestalten und deine Unterrichtsmaterialien ordnen kannst.<\/div><\/div><\/div><span class='hidden'>\n\t\t\t\t<span class='av-structured-data'  itemprop=\"image\" itemscope=\"itemscope\" itemtype=\"https:\/\/schema.org\/ImageObject\" >\n\t\t\t\t\t\t<span itemprop='url'>https:\/\/fobizz.com\/wp-content\/uploads\/2026\/03\/Goodnotes-Grundlagen-Organisation-von-Unterrichtsnotizen.jpg<\/span>\n\t\t\t\t\t\t<span itemprop='height'>500<\/span>\n\t\t\t\t\t\t<span itemprop='width'>800<\/span>\n\t\t\t\t<\/span>\n\t\t\t\t<span class='av-structured-data'  itemprop=\"publisher\" itemtype=\"https:\/\/schema.org\/Organization\" itemscope=\"itemscope\" >\n\t\t\t\t\t\t<span itemprop='name'>Tanja Schneider<\/span>\n\t\t\t\t\t\t<span itemprop='logo' itemscope itemtype='https:\/\/schema.org\/ImageObject'>\n\t\t\t\t\t\t\t<span itemprop='url'>https:\/\/fobizz.com\/wp-content\/uploads\/2024\/01\/fobizz_logo-min-495x244.png<\/span>\n\t\t\t\t\t\t<\/span>\n\t\t\t\t<\/span><span class='av-structured-data'  itemprop=\"author\" itemscope=\"itemscope\" itemtype=\"https:\/\/schema.org\/Person\" ><span itemprop='name'>Tanja Schneider<\/span><\/span><span class='av-structured-data'  itemprop=\"datePublished\" datetime=\"2022-11-24T14:08:36+01:00\" >2026-03-12 11:06:50<\/span><span class='av-structured-data'  itemprop=\"dateModified\" itemtype=\"https:\/\/schema.org\/dateModified\" >2026-03-12 11:35:36<\/span><span class='av-structured-data'  itemprop=\"mainEntityOfPage\" itemtype=\"https:\/\/schema.org\/mainEntityOfPage\" ><span itemprop='name'>Goodnotes Grundlagen: Organisation von Unterrichtsnotizen<\/span><\/span><\/span><\/article><\/div><div class=\"slide-entry-wrap\"><article class='slide-entry flex_column  post-entry post-entry-58357 slide-entry-overview slide-loop-7 slide-parity-odd  av_one_third first real-thumbnail posttype-post post-format-standard'  itemscope=\"itemscope\" itemtype=\"https:\/\/schema.org\/BlogPosting\" itemprop=\"blogPost\" ><a href='https:\/\/fobizz.com\/de\/einsatz-von-schulhunden-im-unterrichtsalltag\/' data-rel='slide-1' class='slide-image' title='Einsatz von Schulhunden im Unterrichtsalltag'><img decoding=\"async\" fetchpriority=\"high\" width=\"495\" height=\"400\" src=\"https:\/\/fobizz.com\/wp-content\/uploads\/2026\/02\/Blogbeitrag-Einsatz-von-Schulhunden-im-Unterrichtsalltag-1-495x400.jpg\" class=\"wp-image-58503 avia-img-lazy-loading-not-58503 attachment-portfolio size-portfolio wp-post-image\" alt=\"\" \/><\/a><div class=\"slide-content\"><header class=\"entry-content-header\"><h3 class='slide-entry-title entry-title '  itemprop=\"headline\" ><a href='https:\/\/fobizz.com\/de\/einsatz-von-schulhunden-im-unterrichtsalltag\/' title='Einsatz von Schulhunden im Unterrichtsalltag'>Einsatz von Schulhunden im Unterrichtsalltag<\/a><\/h3><span class=\"blog-categories minor-meta\"><a href=\"https:\/\/fobizz.com\/de\/category\/interview\/\" rel=\"tag\">Interview<\/a>, <a href=\"https:\/\/fobizz.com\/de\/category\/lehrerbildung\/\" rel=\"tag\">Lehrerbildung<\/a>, <a href=\"https:\/\/fobizz.com\/de\/category\/nachhaltige-entwicklung\/\" rel=\"tag\">Nachhaltige Entwicklung<\/a>, <a href=\"https:\/\/fobizz.com\/de\/category\/neue-lernkultur\/\" rel=\"tag\">Neue Lernkultur<\/a> <\/span><span class=\"av-vertical-delimiter\"><\/span><\/header><div class='slide-entry-excerpt entry-content'  itemprop=\"text\" ><div class=\"excerpt-text\">Im Interview mit Judith Bohlmann erf\u00e4hrst du, wie Schulhunde den Unterricht bereichern k\u00f6nnen.<\/div><\/div><\/div><span class='hidden'>\n\t\t\t\t<span class='av-structured-data'  itemprop=\"image\" itemscope=\"itemscope\" itemtype=\"https:\/\/schema.org\/ImageObject\" >\n\t\t\t\t\t\t<span itemprop='url'>https:\/\/fobizz.com\/wp-content\/uploads\/2026\/02\/Blogbeitrag-Einsatz-von-Schulhunden-im-Unterrichtsalltag-1.jpg<\/span>\n\t\t\t\t\t\t<span itemprop='height'>1080<\/span>\n\t\t\t\t\t\t<span itemprop='width'>1920<\/span>\n\t\t\t\t<\/span>\n\t\t\t\t<span class='av-structured-data'  itemprop=\"publisher\" itemtype=\"https:\/\/schema.org\/Organization\" itemscope=\"itemscope\" >\n\t\t\t\t\t\t<span itemprop='name'>Tanja Schneider<\/span>\n\t\t\t\t\t\t<span itemprop='logo' itemscope itemtype='https:\/\/schema.org\/ImageObject'>\n\t\t\t\t\t\t\t<span itemprop='url'>https:\/\/fobizz.com\/wp-content\/uploads\/2024\/01\/fobizz_logo-min-495x244.png<\/span>\n\t\t\t\t\t\t<\/span>\n\t\t\t\t<\/span><span class='av-structured-data'  itemprop=\"author\" itemscope=\"itemscope\" itemtype=\"https:\/\/schema.org\/Person\" ><span itemprop='name'>Tanja Schneider<\/span><\/span><span class='av-structured-data'  itemprop=\"datePublished\" datetime=\"2022-11-24T14:08:36+01:00\" >2026-02-12 10:00:28<\/span><span class='av-structured-data'  itemprop=\"dateModified\" itemtype=\"https:\/\/schema.org\/dateModified\" >2026-02-11 14:23:03<\/span><span class='av-structured-data'  itemprop=\"mainEntityOfPage\" itemtype=\"https:\/\/schema.org\/mainEntityOfPage\" ><span itemprop='name'>Einsatz von Schulhunden im Unterrichtsalltag<\/span><\/span><\/span><\/article><article class='slide-entry flex_column  post-entry post-entry-58425 slide-entry-overview slide-loop-8 slide-parity-even  av_one_third  real-thumbnail posttype-post post-format-standard'  itemscope=\"itemscope\" itemtype=\"https:\/\/schema.org\/BlogPosting\" itemprop=\"blogPost\" ><a href='https:\/\/fobizz.com\/de\/einsatz-von-ki-im-lateinunterricht\/' data-rel='slide-1' class='slide-image' title='Einsatz von KI im Lateinunterricht'><img decoding=\"async\" fetchpriority=\"high\" width=\"495\" height=\"400\" src=\"https:\/\/fobizz.com\/wp-content\/uploads\/2026\/02\/Einsatz-von-KI-im-Lateinunterricht-1-495x400.jpg\" class=\"wp-image-58369 avia-img-lazy-loading-not-58369 attachment-portfolio size-portfolio wp-post-image\" alt=\"\" \/><\/a><div class=\"slide-content\"><header class=\"entry-content-header\"><h3 class='slide-entry-title entry-title '  itemprop=\"headline\" ><a href='https:\/\/fobizz.com\/de\/einsatz-von-ki-im-lateinunterricht\/' title='Einsatz von KI im Lateinunterricht'>Einsatz von KI im Lateinunterricht<\/a><\/h3><span class=\"blog-categories minor-meta\"><a href=\"https:\/\/fobizz.com\/de\/category\/interview\/\" rel=\"tag\">Interview<\/a>, <a href=\"https:\/\/fobizz.com\/de\/category\/kunstliche-intelligenz\/\" rel=\"tag\">K\u00fcnstliche Intelligenz<\/a>, <a href=\"https:\/\/fobizz.com\/de\/category\/lehrerbildung\/\" rel=\"tag\">Lehrerbildung<\/a>, <a href=\"https:\/\/fobizz.com\/de\/category\/neue-lernkultur\/\" rel=\"tag\">Neue Lernkultur<\/a> <\/span><span class=\"av-vertical-delimiter\"><\/span><\/header><div class='slide-entry-excerpt entry-content'  itemprop=\"text\" ><div class=\"excerpt-text\">Im Interview mit Daniel Conley erf\u00e4hrst du, wie du KI im Lateinunterricht gewinnbringend einsetzen kannst.<\/div><\/div><\/div><span class='hidden'>\n\t\t\t\t<span class='av-structured-data'  itemprop=\"image\" itemscope=\"itemscope\" itemtype=\"https:\/\/schema.org\/ImageObject\" >\n\t\t\t\t\t\t<span itemprop='url'>https:\/\/fobizz.com\/wp-content\/uploads\/2026\/02\/Einsatz-von-KI-im-Lateinunterricht-1.jpg<\/span>\n\t\t\t\t\t\t<span itemprop='height'>1080<\/span>\n\t\t\t\t\t\t<span itemprop='width'>1920<\/span>\n\t\t\t\t<\/span>\n\t\t\t\t<span class='av-structured-data'  itemprop=\"publisher\" itemtype=\"https:\/\/schema.org\/Organization\" itemscope=\"itemscope\" >\n\t\t\t\t\t\t<span itemprop='name'>Tanja Schneider<\/span>\n\t\t\t\t\t\t<span itemprop='logo' itemscope itemtype='https:\/\/schema.org\/ImageObject'>\n\t\t\t\t\t\t\t<span itemprop='url'>https:\/\/fobizz.com\/wp-content\/uploads\/2024\/01\/fobizz_logo-min-495x244.png<\/span>\n\t\t\t\t\t\t<\/span>\n\t\t\t\t<\/span><span class='av-structured-data'  itemprop=\"author\" itemscope=\"itemscope\" itemtype=\"https:\/\/schema.org\/Person\" ><span itemprop='name'>Tanja Schneider<\/span><\/span><span class='av-structured-data'  itemprop=\"datePublished\" datetime=\"2022-11-24T14:08:36+01:00\" >2026-02-12 10:00:21<\/span><span class='av-structured-data'  itemprop=\"dateModified\" itemtype=\"https:\/\/schema.org\/dateModified\" >2026-03-12 12:18:21<\/span><span class='av-structured-data'  itemprop=\"mainEntityOfPage\" itemtype=\"https:\/\/schema.org\/mainEntityOfPage\" ><span itemprop='name'>Einsatz von KI im Lateinunterricht<\/span><\/span><\/span><\/article><article class='slide-entry flex_column  post-entry post-entry-58055 slide-entry-overview slide-loop-9 slide-parity-odd  post-entry-last  av_one_third  real-thumbnail posttype-post post-format-standard'  itemscope=\"itemscope\" itemtype=\"https:\/\/schema.org\/BlogPosting\" itemprop=\"blogPost\" ><a href='https:\/\/fobizz.com\/de\/der-prozess-hat-uns-als-schule-richtig-gutgetan\/' data-rel='slide-1' class='slide-image' title='\u201eDer Prozess hat uns als Schule richtig gutgetan\u201c'><img decoding=\"async\" fetchpriority=\"high\" width=\"495\" height=\"283\" src=\"https:\/\/fobizz.com\/wp-content\/uploads\/2026\/01\/Ansicht-von-Quartiersplatz-495x283.jpg\" class=\"wp-image-58057 avia-img-lazy-loading-not-58057 attachment-portfolio size-portfolio wp-post-image\" alt=\"\" \/><\/a><div class=\"slide-content\"><header class=\"entry-content-header\"><h3 class='slide-entry-title entry-title '  itemprop=\"headline\" ><a href='https:\/\/fobizz.com\/de\/der-prozess-hat-uns-als-schule-richtig-gutgetan\/' title='\u201eDer Prozess hat uns als Schule richtig gutgetan\u201c'>\u201eDer Prozess hat uns als Schule richtig gutgetan\u201c<\/a><\/h3><span class=\"blog-categories minor-meta\"><a href=\"https:\/\/fobizz.com\/de\/category\/interview\/\" rel=\"tag\">Interview<\/a>, <a href=\"https:\/\/fobizz.com\/de\/category\/lehrerbildung\/\" rel=\"tag\">Lehrerbildung<\/a> <\/span><span class=\"av-vertical-delimiter\"><\/span><\/header><div class='slide-entry-excerpt entry-content'  itemprop=\"text\" ><div class=\"excerpt-text\">Lerncoaches statt Frontalunterricht, Cluster statt Klassenzimmer: Die Gemeinschaftsschule Gebhard aus Konstanz stand im Finale des Deutschen Schulpreises. Schulleiterin Charlotte Dre\u00dfen erkl\u00e4rt das innovative Konzept.<\/div><\/div><\/div><span class='hidden'>\n\t\t\t\t<span class='av-structured-data'  itemprop=\"image\" itemscope=\"itemscope\" itemtype=\"https:\/\/schema.org\/ImageObject\" >\n\t\t\t\t\t\t<span itemprop='url'>https:\/\/fobizz.com\/wp-content\/uploads\/2026\/01\/Ansicht-von-Quartiersplatz.jpg<\/span>\n\t\t\t\t\t\t<span itemprop='height'>283<\/span>\n\t\t\t\t\t\t<span itemprop='width'>614<\/span>\n\t\t\t\t<\/span>\n\t\t\t\t<span class='av-structured-data'  itemprop=\"publisher\" itemtype=\"https:\/\/schema.org\/Organization\" itemscope=\"itemscope\" >\n\t\t\t\t\t\t<span itemprop='name'>Michelle<\/span>\n\t\t\t\t\t\t<span itemprop='logo' itemscope itemtype='https:\/\/schema.org\/ImageObject'>\n\t\t\t\t\t\t\t<span itemprop='url'>https:\/\/fobizz.com\/wp-content\/uploads\/2024\/01\/fobizz_logo-min-495x244.png<\/span>\n\t\t\t\t\t\t<\/span>\n\t\t\t\t<\/span><span class='av-structured-data'  itemprop=\"author\" itemscope=\"itemscope\" itemtype=\"https:\/\/schema.org\/Person\" ><span itemprop='name'>Michelle<\/span><\/span><span class='av-structured-data'  itemprop=\"datePublished\" datetime=\"2022-11-24T14:08:36+01:00\" >2026-01-08 11:25:34<\/span><span class='av-structured-data'  itemprop=\"dateModified\" itemtype=\"https:\/\/schema.org\/dateModified\" >2026-01-08 11:28:11<\/span><span class='av-structured-data'  itemprop=\"mainEntityOfPage\" itemtype=\"https:\/\/schema.org\/mainEntityOfPage\" ><span itemprop='name'>\u201eDer Prozess hat uns als Schule richtig gutgetan\u201c<\/span><\/span><\/span><\/article><\/div><\/div><div class='avia-slideshow-arrows avia-slideshow-controls' ><a href='#prev' class='prev-slide ' data-av_icon='\ue87c' data-av_iconfont='entypo-fontello' aria-hidden=\"true\" title=\"Zur\u00fcck\" desc=\"Zur\u00fcck\" tabindex='-1' ><span class='avia_hidden_link_text'>Zur\u00fcck<\/span><\/a><a href='#next' class='next-slide ' data-av_icon='\ue87d' data-av_iconfont='entypo-fontello' aria-hidden=\"true\" title=\"Weiter\" desc=\"Weiter\" tabindex='-1' ><span class='avia_hidden_link_text'>Weiter<\/span><\/a><\/div><\/div>\n<\/p>\n<\/div><\/div><\/div><!-- close content main div --><\/div><\/div><div id='full_slider_1'  class='avia-fullwidth-slider main_color avia-shadow   avia-builder-el-42  el_after_av_section  el_before_av_slideshow_full   slider-not-first container_wrap sidebar_right'  ><\/div>\n<div id='full_slider_2'  class='avia-fullwidth-slider main_color avia-shadow   avia-builder-el-43  el_after_av_slideshow_full  avia-builder-el-last   slider-not-first container_wrap sidebar_right'  ><\/div>\n","protected":false},"excerpt":{"rendered":"<p>In diesem Interview erkl\u00e4rt dir Grundschullehrerin und Medienbeauftragte Anna Lena Lutz die Vorteile alternativer Leistungserhebungen und welche Voraussetzungen f\u00fcr die praxisnahe Umsetzung im Unterricht gegeben sein m\u00fcssen.<\/p>\n","protected":false},"author":21,"featured_media":30947,"comment_status":"open","ping_status":"open","sticky":false,"template":"","format":"standard","meta":{"_monsterinsights_skip_tracking":false,"_monsterinsights_sitenote_active":false,"_monsterinsights_sitenote_note":"","_monsterinsights_sitenote_category":0,"_uf_show_specific_survey":0,"_uf_disable_surveys":false,"footnotes":""},"categories":[472,168],"tags":[1187,453],"class_list":["post-30945","post","type-post","status-publish","format-standard","has-post-thumbnail","hentry","category-interview","category-lehrerbildung","tag-forschendes-lernen","tag-online-fortbildung"],"acf":[],"yoast_head":"<!-- This site is optimized with the Yoast SEO Premium plugin v26.2 (Yoast SEO v27.4) - https:\/\/yoast.com\/product\/yoast-seo-premium-wordpress\/ -->\n<title>Forschendes Lernen im Unterricht einsetzen - fobizz<\/title>\n<meta name=\"description\" content=\"In diesem Interview erf\u00e4hrst du von Adreas Terfloth und Thomas Schamp, wie du forschendes Lernen f\u00fcr deinen Unterricht nutzen kannst.\" \/>\n<meta name=\"robots\" content=\"index, follow, max-snippet:-1, max-image-preview:large, max-video-preview:-1\" \/>\n<link rel=\"canonical\" href=\"https:\/\/fobizz.com\/de\/forschendes-lernen-im-unterricht-einsetzen\/\" \/>\n<meta name=\"twitter:card\" content=\"summary_large_image\" \/>\n<meta name=\"twitter:title\" content=\"Forschendes Lernen im Unterricht einsetzen - fobizz\" \/>\n<meta name=\"twitter:description\" content=\"In diesem Interview erf\u00e4hrst du von Adreas Terfloth und Thomas Schamp, wie du forschendes Lernen f\u00fcr deinen Unterricht nutzen kannst.\" \/>\n<meta name=\"twitter:image\" content=\"https:\/\/fobizz.com\/wp-content\/uploads\/2022\/11\/Ohne_Balken_Teaserbild_Forschendes_Lernen.jpg\" \/>\n<meta name=\"twitter:creator\" content=\"@fobizz\" \/>\n<meta name=\"twitter:site\" content=\"@fobizz\" \/>\n<meta name=\"twitter:label1\" content=\"Verfasst von\" \/>\n\t<meta name=\"twitter:data1\" content=\"Cynthia\" \/>\n\t<meta name=\"twitter:label2\" content=\"Gesch\u00e4tzte Lesezeit\" \/>\n\t<meta name=\"twitter:data2\" content=\"11\u00a0Minuten\" \/>\n<script type=\"application\/ld+json\" class=\"yoast-schema-graph\">{\"@context\":\"https:\\\/\\\/schema.org\",\"@graph\":[{\"@type\":\"Article\",\"@id\":\"https:\\\/\\\/fobizz.com\\\/de\\\/forschendes-lernen-im-unterricht-einsetzen\\\/#article\",\"isPartOf\":{\"@id\":\"https:\\\/\\\/fobizz.com\\\/de\\\/forschendes-lernen-im-unterricht-einsetzen\\\/\"},\"author\":{\"name\":\"Cynthia\",\"@id\":\"https:\\\/\\\/fobizz.com\\\/de\\\/#\\\/schema\\\/person\\\/c0f92d27455c5878113fd3d06ed3ba95\"},\"headline\":\"Forschendes Lernen im Unterricht einsetzen\",\"datePublished\":\"2022-11-24T13:08:36+00:00\",\"mainEntityOfPage\":{\"@id\":\"https:\\\/\\\/fobizz.com\\\/de\\\/forschendes-lernen-im-unterricht-einsetzen\\\/\"},\"wordCount\":3511,\"commentCount\":0,\"publisher\":{\"@id\":\"https:\\\/\\\/fobizz.com\\\/de\\\/#organization\"},\"image\":{\"@id\":\"https:\\\/\\\/fobizz.com\\\/de\\\/forschendes-lernen-im-unterricht-einsetzen\\\/#primaryimage\"},\"thumbnailUrl\":\"https:\\\/\\\/fobizz.com\\\/wp-content\\\/uploads\\\/2022\\\/11\\\/Ohne_Balken_Teaserbild_Forschendes_Lernen.jpg\",\"keywords\":[\"forschendes Lernen\",\"Online Fortbildung\"],\"articleSection\":[\"Interview\",\"Lehrerbildung\"],\"inLanguage\":\"de\",\"potentialAction\":[{\"@type\":\"CommentAction\",\"name\":\"Comment\",\"target\":[\"https:\\\/\\\/fobizz.com\\\/de\\\/forschendes-lernen-im-unterricht-einsetzen\\\/#respond\"]}]},{\"@type\":\"WebPage\",\"@id\":\"https:\\\/\\\/fobizz.com\\\/de\\\/forschendes-lernen-im-unterricht-einsetzen\\\/\",\"url\":\"https:\\\/\\\/fobizz.com\\\/de\\\/forschendes-lernen-im-unterricht-einsetzen\\\/\",\"name\":\"Forschendes Lernen im Unterricht einsetzen - fobizz\",\"isPartOf\":{\"@id\":\"https:\\\/\\\/fobizz.com\\\/de\\\/#website\"},\"primaryImageOfPage\":{\"@id\":\"https:\\\/\\\/fobizz.com\\\/de\\\/forschendes-lernen-im-unterricht-einsetzen\\\/#primaryimage\"},\"image\":{\"@id\":\"https:\\\/\\\/fobizz.com\\\/de\\\/forschendes-lernen-im-unterricht-einsetzen\\\/#primaryimage\"},\"thumbnailUrl\":\"https:\\\/\\\/fobizz.com\\\/wp-content\\\/uploads\\\/2022\\\/11\\\/Ohne_Balken_Teaserbild_Forschendes_Lernen.jpg\",\"datePublished\":\"2022-11-24T13:08:36+00:00\",\"description\":\"In diesem Interview erf\u00e4hrst du von Adreas Terfloth und Thomas Schamp, wie du forschendes Lernen f\u00fcr deinen Unterricht nutzen kannst.\",\"breadcrumb\":{\"@id\":\"https:\\\/\\\/fobizz.com\\\/de\\\/forschendes-lernen-im-unterricht-einsetzen\\\/#breadcrumb\"},\"inLanguage\":\"de\",\"potentialAction\":[{\"@type\":\"ReadAction\",\"target\":[\"https:\\\/\\\/fobizz.com\\\/de\\\/forschendes-lernen-im-unterricht-einsetzen\\\/\"]}]},{\"@type\":\"ImageObject\",\"inLanguage\":\"de\",\"@id\":\"https:\\\/\\\/fobizz.com\\\/de\\\/forschendes-lernen-im-unterricht-einsetzen\\\/#primaryimage\",\"url\":\"https:\\\/\\\/fobizz.com\\\/wp-content\\\/uploads\\\/2022\\\/11\\\/Ohne_Balken_Teaserbild_Forschendes_Lernen.jpg\",\"contentUrl\":\"https:\\\/\\\/fobizz.com\\\/wp-content\\\/uploads\\\/2022\\\/11\\\/Ohne_Balken_Teaserbild_Forschendes_Lernen.jpg\",\"width\":1200,\"height\":628},{\"@type\":\"BreadcrumbList\",\"@id\":\"https:\\\/\\\/fobizz.com\\\/de\\\/forschendes-lernen-im-unterricht-einsetzen\\\/#breadcrumb\",\"itemListElement\":[{\"@type\":\"ListItem\",\"position\":1,\"name\":\"Startseite\",\"item\":\"https:\\\/\\\/fobizz.com\\\/de\\\/startpage\\\/\"},{\"@type\":\"ListItem\",\"position\":2,\"name\":\"Forschendes Lernen im Unterricht einsetzen\"}]},{\"@type\":\"WebSite\",\"@id\":\"https:\\\/\\\/fobizz.com\\\/de\\\/#website\",\"url\":\"https:\\\/\\\/fobizz.com\\\/de\\\/\",\"name\":\"fobizz\",\"description\":\"AI &amp; digital Tools for Teachers\",\"publisher\":{\"@id\":\"https:\\\/\\\/fobizz.com\\\/de\\\/#organization\"},\"potentialAction\":[{\"@type\":\"SearchAction\",\"target\":{\"@type\":\"EntryPoint\",\"urlTemplate\":\"https:\\\/\\\/fobizz.com\\\/de\\\/?s={search_term_string}\"},\"query-input\":{\"@type\":\"PropertyValueSpecification\",\"valueRequired\":true,\"valueName\":\"search_term_string\"}}],\"inLanguage\":\"de\"},{\"@type\":\"Organization\",\"@id\":\"https:\\\/\\\/fobizz.com\\\/de\\\/#organization\",\"name\":\"fobizz\",\"url\":\"https:\\\/\\\/fobizz.com\\\/de\\\/\",\"logo\":{\"@type\":\"ImageObject\",\"inLanguage\":\"de\",\"@id\":\"https:\\\/\\\/fobizz.com\\\/de\\\/#\\\/schema\\\/logo\\\/image\\\/\",\"url\":\"https:\\\/\\\/fobizz.com\\\/wp-content\\\/uploads\\\/2023\\\/07\\\/fobi_autor_fobizz.png\",\"contentUrl\":\"https:\\\/\\\/fobizz.com\\\/wp-content\\\/uploads\\\/2023\\\/07\\\/fobi_autor_fobizz.png\",\"width\":200,\"height\":200,\"caption\":\"fobizz\"},\"image\":{\"@id\":\"https:\\\/\\\/fobizz.com\\\/de\\\/#\\\/schema\\\/logo\\\/image\\\/\"},\"sameAs\":[\"https:\\\/\\\/www.facebook.com\\\/fobizz\\\/\",\"https:\\\/\\\/x.com\\\/fobizz\",\"https:\\\/\\\/www.instagram.com\\\/fobizz_com\\\/\",\"https:\\\/\\\/www.youtube.com\\\/@fobizz702\",\"https:\\\/\\\/www.pinterest.de\\\/fobizz_com\"]},{\"@type\":\"Person\",\"@id\":\"https:\\\/\\\/fobizz.com\\\/de\\\/#\\\/schema\\\/person\\\/c0f92d27455c5878113fd3d06ed3ba95\",\"name\":\"Cynthia\",\"image\":{\"@type\":\"ImageObject\",\"inLanguage\":\"de\",\"@id\":\"https:\\\/\\\/secure.gravatar.com\\\/avatar\\\/2d23afb45d742f6b9b68e5b2d52e0e2fdab0c2527b8d1cebf9cab48518e69c35?s=96&d=mm&r=g\",\"url\":\"https:\\\/\\\/secure.gravatar.com\\\/avatar\\\/2d23afb45d742f6b9b68e5b2d52e0e2fdab0c2527b8d1cebf9cab48518e69c35?s=96&d=mm&r=g\",\"contentUrl\":\"https:\\\/\\\/secure.gravatar.com\\\/avatar\\\/2d23afb45d742f6b9b68e5b2d52e0e2fdab0c2527b8d1cebf9cab48518e69c35?s=96&d=mm&r=g\",\"caption\":\"Cynthia\"},\"url\":\"https:\\\/\\\/fobizz.com\\\/de\\\/author\\\/cynthia\\\/\"}]}<\/script>\n<!-- \/ Yoast SEO Premium plugin. -->","yoast_head_json":{"title":"Forschendes Lernen im Unterricht einsetzen - fobizz","description":"In diesem Interview erf\u00e4hrst du von Adreas Terfloth und Thomas Schamp, wie du forschendes Lernen f\u00fcr deinen Unterricht nutzen kannst.","robots":{"index":"index","follow":"follow","max-snippet":"max-snippet:-1","max-image-preview":"max-image-preview:large","max-video-preview":"max-video-preview:-1"},"canonical":"https:\/\/fobizz.com\/de\/forschendes-lernen-im-unterricht-einsetzen\/","twitter_card":"summary_large_image","twitter_title":"Forschendes Lernen im Unterricht einsetzen - fobizz","twitter_description":"In diesem Interview erf\u00e4hrst du von Adreas Terfloth und Thomas Schamp, wie du forschendes Lernen f\u00fcr deinen Unterricht nutzen kannst.","twitter_image":"https:\/\/fobizz.com\/wp-content\/uploads\/2022\/11\/Ohne_Balken_Teaserbild_Forschendes_Lernen.jpg","twitter_creator":"@fobizz","twitter_site":"@fobizz","twitter_misc":{"Verfasst von":"Cynthia","Gesch\u00e4tzte Lesezeit":"11\u00a0Minuten"},"schema":{"@context":"https:\/\/schema.org","@graph":[{"@type":"Article","@id":"https:\/\/fobizz.com\/de\/forschendes-lernen-im-unterricht-einsetzen\/#article","isPartOf":{"@id":"https:\/\/fobizz.com\/de\/forschendes-lernen-im-unterricht-einsetzen\/"},"author":{"name":"Cynthia","@id":"https:\/\/fobizz.com\/de\/#\/schema\/person\/c0f92d27455c5878113fd3d06ed3ba95"},"headline":"Forschendes Lernen im Unterricht einsetzen","datePublished":"2022-11-24T13:08:36+00:00","mainEntityOfPage":{"@id":"https:\/\/fobizz.com\/de\/forschendes-lernen-im-unterricht-einsetzen\/"},"wordCount":3511,"commentCount":0,"publisher":{"@id":"https:\/\/fobizz.com\/de\/#organization"},"image":{"@id":"https:\/\/fobizz.com\/de\/forschendes-lernen-im-unterricht-einsetzen\/#primaryimage"},"thumbnailUrl":"https:\/\/fobizz.com\/wp-content\/uploads\/2022\/11\/Ohne_Balken_Teaserbild_Forschendes_Lernen.jpg","keywords":["forschendes Lernen","Online Fortbildung"],"articleSection":["Interview","Lehrerbildung"],"inLanguage":"de","potentialAction":[{"@type":"CommentAction","name":"Comment","target":["https:\/\/fobizz.com\/de\/forschendes-lernen-im-unterricht-einsetzen\/#respond"]}]},{"@type":"WebPage","@id":"https:\/\/fobizz.com\/de\/forschendes-lernen-im-unterricht-einsetzen\/","url":"https:\/\/fobizz.com\/de\/forschendes-lernen-im-unterricht-einsetzen\/","name":"Forschendes Lernen im Unterricht einsetzen - fobizz","isPartOf":{"@id":"https:\/\/fobizz.com\/de\/#website"},"primaryImageOfPage":{"@id":"https:\/\/fobizz.com\/de\/forschendes-lernen-im-unterricht-einsetzen\/#primaryimage"},"image":{"@id":"https:\/\/fobizz.com\/de\/forschendes-lernen-im-unterricht-einsetzen\/#primaryimage"},"thumbnailUrl":"https:\/\/fobizz.com\/wp-content\/uploads\/2022\/11\/Ohne_Balken_Teaserbild_Forschendes_Lernen.jpg","datePublished":"2022-11-24T13:08:36+00:00","description":"In diesem Interview erf\u00e4hrst du von Adreas Terfloth und Thomas Schamp, wie du forschendes Lernen f\u00fcr deinen Unterricht nutzen kannst.","breadcrumb":{"@id":"https:\/\/fobizz.com\/de\/forschendes-lernen-im-unterricht-einsetzen\/#breadcrumb"},"inLanguage":"de","potentialAction":[{"@type":"ReadAction","target":["https:\/\/fobizz.com\/de\/forschendes-lernen-im-unterricht-einsetzen\/"]}]},{"@type":"ImageObject","inLanguage":"de","@id":"https:\/\/fobizz.com\/de\/forschendes-lernen-im-unterricht-einsetzen\/#primaryimage","url":"https:\/\/fobizz.com\/wp-content\/uploads\/2022\/11\/Ohne_Balken_Teaserbild_Forschendes_Lernen.jpg","contentUrl":"https:\/\/fobizz.com\/wp-content\/uploads\/2022\/11\/Ohne_Balken_Teaserbild_Forschendes_Lernen.jpg","width":1200,"height":628},{"@type":"BreadcrumbList","@id":"https:\/\/fobizz.com\/de\/forschendes-lernen-im-unterricht-einsetzen\/#breadcrumb","itemListElement":[{"@type":"ListItem","position":1,"name":"Startseite","item":"https:\/\/fobizz.com\/de\/startpage\/"},{"@type":"ListItem","position":2,"name":"Forschendes Lernen im Unterricht einsetzen"}]},{"@type":"WebSite","@id":"https:\/\/fobizz.com\/de\/#website","url":"https:\/\/fobizz.com\/de\/","name":"fobizz","description":"AI &amp; digital Tools for Teachers","publisher":{"@id":"https:\/\/fobizz.com\/de\/#organization"},"potentialAction":[{"@type":"SearchAction","target":{"@type":"EntryPoint","urlTemplate":"https:\/\/fobizz.com\/de\/?s={search_term_string}"},"query-input":{"@type":"PropertyValueSpecification","valueRequired":true,"valueName":"search_term_string"}}],"inLanguage":"de"},{"@type":"Organization","@id":"https:\/\/fobizz.com\/de\/#organization","name":"fobizz","url":"https:\/\/fobizz.com\/de\/","logo":{"@type":"ImageObject","inLanguage":"de","@id":"https:\/\/fobizz.com\/de\/#\/schema\/logo\/image\/","url":"https:\/\/fobizz.com\/wp-content\/uploads\/2023\/07\/fobi_autor_fobizz.png","contentUrl":"https:\/\/fobizz.com\/wp-content\/uploads\/2023\/07\/fobi_autor_fobizz.png","width":200,"height":200,"caption":"fobizz"},"image":{"@id":"https:\/\/fobizz.com\/de\/#\/schema\/logo\/image\/"},"sameAs":["https:\/\/www.facebook.com\/fobizz\/","https:\/\/x.com\/fobizz","https:\/\/www.instagram.com\/fobizz_com\/","https:\/\/www.youtube.com\/@fobizz702","https:\/\/www.pinterest.de\/fobizz_com"]},{"@type":"Person","@id":"https:\/\/fobizz.com\/de\/#\/schema\/person\/c0f92d27455c5878113fd3d06ed3ba95","name":"Cynthia","image":{"@type":"ImageObject","inLanguage":"de","@id":"https:\/\/secure.gravatar.com\/avatar\/2d23afb45d742f6b9b68e5b2d52e0e2fdab0c2527b8d1cebf9cab48518e69c35?s=96&d=mm&r=g","url":"https:\/\/secure.gravatar.com\/avatar\/2d23afb45d742f6b9b68e5b2d52e0e2fdab0c2527b8d1cebf9cab48518e69c35?s=96&d=mm&r=g","contentUrl":"https:\/\/secure.gravatar.com\/avatar\/2d23afb45d742f6b9b68e5b2d52e0e2fdab0c2527b8d1cebf9cab48518e69c35?s=96&d=mm&r=g","caption":"Cynthia"},"url":"https:\/\/fobizz.com\/de\/author\/cynthia\/"}]}},"_links":{"self":[{"href":"https:\/\/fobizz.com\/de\/wp-json\/wp\/v2\/posts\/30945","targetHints":{"allow":["GET"]}}],"collection":[{"href":"https:\/\/fobizz.com\/de\/wp-json\/wp\/v2\/posts"}],"about":[{"href":"https:\/\/fobizz.com\/de\/wp-json\/wp\/v2\/types\/post"}],"author":[{"embeddable":true,"href":"https:\/\/fobizz.com\/de\/wp-json\/wp\/v2\/users\/21"}],"replies":[{"embeddable":true,"href":"https:\/\/fobizz.com\/de\/wp-json\/wp\/v2\/comments?post=30945"}],"version-history":[{"count":0,"href":"https:\/\/fobizz.com\/de\/wp-json\/wp\/v2\/posts\/30945\/revisions"}],"wp:featuredmedia":[{"embeddable":true,"href":"https:\/\/fobizz.com\/de\/wp-json\/wp\/v2\/media\/30947"}],"wp:attachment":[{"href":"https:\/\/fobizz.com\/de\/wp-json\/wp\/v2\/media?parent=30945"}],"wp:term":[{"taxonomy":"category","embeddable":true,"href":"https:\/\/fobizz.com\/de\/wp-json\/wp\/v2\/categories?post=30945"},{"taxonomy":"post_tag","embeddable":true,"href":"https:\/\/fobizz.com\/de\/wp-json\/wp\/v2\/tags?post=30945"}],"curies":[{"name":"wp","href":"https:\/\/api.w.org\/{rel}","templated":true}]}}