{"id":32002,"date":"2022-03-30T16:30:22","date_gmt":"2022-03-30T14:30:22","guid":{"rendered":"https:\/\/fobizz.com\/?p=32002"},"modified":"2022-12-21T16:31:50","modified_gmt":"2022-12-21T15:31:50","slug":"unterstuetzung-ukrainischer-schuelerinnen-ankommen-integration-materialtipps","status":"publish","type":"post","link":"https:\/\/fobizz.com\/de\/unterstuetzung-ukrainischer-schuelerinnen-ankommen-integration-materialtipps\/","title":{"rendered":"Unterst\u00fctzung ukrainischer Sch\u00fcler*innen \u2013 Ankommen, Integration &#038; Materialtipps"},"content":{"rendered":"<div id='av_section_1'  class='avia-section av-jwuh4lyl-8ee8834c9849d2f7b160e0db6aadca04 alternate_color avia-section-default avia-no-border-styling  avia-builder-el-0  el_before_av_section  avia-builder-el-first  avia-bg-style-scroll container_wrap sidebar_right'  ><div class='container av-section-cont-open' ><main  role=\"main\" itemprop=\"mainContentOfPage\"  class='template-page content  av-content-small alpha units'><div class='post-entry post-entry-type-page post-entry-32002'><div class='entry-content-wrapper clearfix'>\n\n<style type=\"text\/css\" data-created_by=\"avia_inline_auto\" id=\"style-css-av-8g18vid-d8b0cb63445631a1714c33fdbfe40a41\">\n.flex_column.av-8g18vid-d8b0cb63445631a1714c33fdbfe40a41{\nborder-radius:0px 0px 0px 0px;\npadding:0px 0px 0px 0px;\n}\n<\/style>\n<div  class='flex_column av-8g18vid-d8b0cb63445631a1714c33fdbfe40a41 av_one_fifth  avia-builder-el-1  el_before_av_three_fifth  avia-builder-el-first  first flex_column_div av-zero-column-padding  '     ><\/div>\n<style type=\"text\/css\" data-created_by=\"avia_inline_auto\" id=\"style-css-av-tl6v1h-af98d185a4ed9fa46e655bce94337947\">\n.flex_column.av-tl6v1h-af98d185a4ed9fa46e655bce94337947{\nborder-radius:0px 0px 0px 0px;\npadding:0px 0px 0px 0px;\n}\n<\/style>\n<div  class='flex_column av-tl6v1h-af98d185a4ed9fa46e655bce94337947 av_three_fifth  avia-builder-el-2  el_after_av_one_fifth  el_before_av_one_fifth  flex_column_div av-zero-column-padding  '     ><p>\n<style type=\"text\/css\" data-created_by=\"avia_inline_auto\" id=\"style-css-av-7o3ygkl-398335fa5f319a6da0eae753feccc815\">\n.avia-image-container.av-7o3ygkl-398335fa5f319a6da0eae753feccc815 img.avia_image{\nbox-shadow:none;\n}\n.avia-image-container.av-7o3ygkl-398335fa5f319a6da0eae753feccc815 .av-image-caption-overlay-center{\ncolor:#ffffff;\n}\n<\/style>\n<div  class='avia-image-container av-7o3ygkl-398335fa5f319a6da0eae753feccc815 av-styling- avia-align-center  avia-builder-el-3  el_before_av_heading  avia-builder-el-first '   itemprop=\"image\" itemscope=\"itemscope\" itemtype=\"https:\/\/schema.org\/ImageObject\" ><div class=\"avia-image-container-inner\"><div class=\"avia-image-overlay-wrap\"><img fetchpriority=\"high\" class='wp-image-24485 avia-img-lazy-loading-not-24485 avia_image ' src='https:\/\/fobizz.com\/wp-content\/uploads\/2022\/03\/Ukraine-Material-scaled.jpg' alt='Ukraine Hand' title='Ukraine Material'  height=\"1714\" width=\"2560\"  itemprop=\"thumbnailUrl\"  \/><\/div><\/div><\/div><br \/>\n\n<style type=\"text\/css\" data-created_by=\"avia_inline_auto\" id=\"style-css-av-kjd2fyvq-6bb55fc1a1fe35cdfc74735cab479319\">\n#top .av-special-heading.av-kjd2fyvq-6bb55fc1a1fe35cdfc74735cab479319{\npadding-bottom:10px;\ncolor:#f7a600;\n}\nbody .av-special-heading.av-kjd2fyvq-6bb55fc1a1fe35cdfc74735cab479319 .av-special-heading-tag .heading-char{\nfont-size:25px;\n}\n.av-special-heading.av-kjd2fyvq-6bb55fc1a1fe35cdfc74735cab479319 .special-heading-inner-border{\nborder-color:#f7a600;\n}\n.av-special-heading.av-kjd2fyvq-6bb55fc1a1fe35cdfc74735cab479319 .av-subheading{\nfont-size:15px;\n}\n<\/style>\n<div  class='av-special-heading av-kjd2fyvq-6bb55fc1a1fe35cdfc74735cab479319 av-special-heading-h1 custom-color-heading blockquote modern-quote  avia-builder-el-4  el_after_av_image  el_before_av_textblock  av-thin-font av-linked-heading'><h1 class='av-special-heading-tag '  itemprop=\"headline\"  ><strong> Unterst\u00fctzung ukrainischer Sch\u00fcler*innen \u2013 Ankommen, Integration <span class='special_amp'>&amp;<\/span> Materialtipps<\/strong><\/h1><div class=\"special-heading-border\"><div class=\"special-heading-inner-border\"><\/div><\/div><\/div><br \/>\n\n<style type=\"text\/css\" data-created_by=\"avia_inline_auto\" id=\"style-css-av-jwugwcnx-0820889843d1e287ec6c64da3a8c2356\">\n#top .av_textblock_section.av-jwugwcnx-0820889843d1e287ec6c64da3a8c2356 .avia_textblock{\ncolor:#686868;\n}\n<\/style>\n<section  class='av_textblock_section av-jwugwcnx-0820889843d1e287ec6c64da3a8c2356 '   itemscope=\"itemscope\" itemtype=\"https:\/\/schema.org\/BlogPosting\" itemprop=\"blogPost\" ><div class='avia_textblock av_inherit_color'  itemprop=\"text\" ><h2><\/h2>\n<p><strong>Der Krieg in der Ukraine ersch\u00fcttert noch immer ganz Europa. Sowohl f\u00fcr die Menschen in und aus der Ukraine, als auch f\u00fcr Lehrer*innen an deutschen Schulen ist das eine ganz besondere Situation. Wir haben hier eine \u00dcbersicht mit Materialien, Hilfsangeboten und weiteren Tipps f\u00fcr dich zusammengestellt.<\/strong><\/p>\n<\/div><\/section><\/p><\/div>\n<style type=\"text\/css\" data-created_by=\"avia_inline_auto\" id=\"style-css-av-6y6gx6t-dc46b42187fc754625e3848b2d7345dc\">\n.flex_column.av-6y6gx6t-dc46b42187fc754625e3848b2d7345dc{\nborder-radius:0px 0px 0px 0px;\npadding:0px 0px 0px 0px;\n}\n<\/style>\n<div  class='flex_column av-6y6gx6t-dc46b42187fc754625e3848b2d7345dc av_one_fifth  avia-builder-el-6  el_after_av_three_fifth  avia-builder-el-last  flex_column_div av-zero-column-padding  '     ><\/div>\n\n<\/div><\/div><\/main><!-- close content main element --><\/div><\/div><div id='av_section_2'  class='avia-section av-6nimrhh-44fb15b66d23d5413ed29272e2c497ac main_color avia-section-default avia-no-border-styling  avia-builder-el-7  el_after_av_section  el_before_av_section  avia-bg-style-scroll container_wrap sidebar_right'  ><div class='container av-section-cont-open' ><div class='template-page content  av-content-small alpha units'><div class='post-entry post-entry-type-page post-entry-32002'><div class='entry-content-wrapper clearfix'>\n\n<style type=\"text\/css\" data-created_by=\"avia_inline_auto\" id=\"style-css-av-6fhztet-932518b697e6c4596826708a5bc48114\">\n.flex_column.av-6fhztet-932518b697e6c4596826708a5bc48114{\nborder-radius:0px 0px 0px 0px;\npadding:0px 0px 0px 0px;\n}\n<\/style>\n<div  class='flex_column av-6fhztet-932518b697e6c4596826708a5bc48114 av_one_fifth  avia-builder-el-8  el_before_av_three_fifth  avia-builder-el-first  first flex_column_div av-zero-column-padding  '     ><\/div>\n<style type=\"text\/css\" data-created_by=\"avia_inline_auto\" id=\"style-css-av-5kd7b45-181487c4b6ce9476cd947b3fd16949cc\">\n.flex_column.av-5kd7b45-181487c4b6ce9476cd947b3fd16949cc{\nborder-radius:0px 0px 0px 0px;\npadding:0px 0px 0px 0px;\n}\n<\/style>\n<div  class='flex_column av-5kd7b45-181487c4b6ce9476cd947b3fd16949cc av_three_fifth  avia-builder-el-9  el_after_av_one_fifth  el_before_av_one_fifth  flex_column_div av-zero-column-padding  '     ><p>\n<style type=\"text\/css\" data-created_by=\"avia_inline_auto\" id=\"style-css-av-4372ten-76d59d098e44f0b99e557c02a910e741\">\n#top .av-special-heading.av-4372ten-76d59d098e44f0b99e557c02a910e741{\npadding-bottom:10px;\ncolor:#22b5b7;\n}\nbody .av-special-heading.av-4372ten-76d59d098e44f0b99e557c02a910e741 .av-special-heading-tag .heading-char{\nfont-size:25px;\n}\n.av-special-heading.av-4372ten-76d59d098e44f0b99e557c02a910e741 .special-heading-inner-border{\nborder-color:#22b5b7;\n}\n.av-special-heading.av-4372ten-76d59d098e44f0b99e557c02a910e741 .av-subheading{\nfont-size:15px;\n}\n<\/style>\n<div  class='av-special-heading av-4372ten-76d59d098e44f0b99e557c02a910e741 av-special-heading-h2 custom-color-heading blockquote modern-quote  avia-builder-el-10  el_before_av_textblock  avia-builder-el-first  av-thin-font av-linked-heading'><h2 class='av-special-heading-tag '  itemprop=\"headline\"  ><strong>Hilfreiche Apps und Anwendungen zur Kommunikation<\/strong><\/h2><div class=\"special-heading-border\"><div class=\"special-heading-inner-border\"><\/div><\/div><\/div><br \/>\n<section  class='av_textblock_section av-kxc86zxl-e13d99154f409654689745124441cf30 '   itemscope=\"itemscope\" itemtype=\"https:\/\/schema.org\/BlogPosting\" itemprop=\"blogPost\" ><div class='avia_textblock'  itemprop=\"text\" ><section class=\"av_textblock_section \">\n<div class=\"avia_textblock \">\n<p>Es gibt viele tolle Apps und Angebote, um spielerisch die deutsche Sprache kennenzulernen oder auf Ukrainisch zu kommunizieren:<\/p>\n<ul>\n<li>Kreuzwortr\u00e4tsel.de: Kostenfreier <a href=\"https:\/\/www.kreuzwortraetsel.de\/woerterbuch-deutsch-ukrainisch-kostenloses-pdf\" target=\"_blank\" rel=\"noopener\">Sprachf\u00fchrer<\/a><\/li>\n<li>F\u00fcr Sch\u00fcler in der Sek II: App \u201eEinstieg Deutsch\u201c<\/li>\n<li>Duolingo<\/li>\n<li>DaZ in der <a href=\"https:\/\/anton.app\/de\/\" target=\"_blank\" rel=\"noopener\">Anton App<\/a><\/li>\n<li>Kostenlose Angebote des <a href=\"https:\/\/www.mildenberger-verlag.de\/page.php?modul=GoShopping&amp;op=show_rubrik&amp;cid=1063\" target=\"_blank\" rel=\"noopener\">Mildenberger Verlages (B\u00fccher + Downloads)<\/a><\/li>\n<li><a href=\"https:\/\/lms.e-school.net.ua\/\" target=\"_blank\" rel=\"noopener\">Lernplattform<\/a> f\u00fcr ukrainische Sch\u00fcler*innen (Tipp: Sprache l\u00e4sst sich auf Deutsch umstellen)<\/li>\n<li>Jicki: <a href=\"https:\/\/www.jicki.de\/deutsch-ukrainisch\/\" target=\"_blank\" rel=\"noopener\">Kostenlose Sprachkurse<\/a> Deutsch &amp; Ukrainisch<\/li>\n<\/ul>\n<\/div>\n<\/section>\n<section class=\"avia_codeblock_section avia_code_block_0\"><\/section>\n<p><strong>Tipp:<\/strong> Auch wenn der Google Translator nicht immer die besten \u00dcbersetzungen bietet, so lohnt sich die App trotzdem! Denn es lassen sich jetzt auch Dokumente scannen, wodurch Sch\u00fcler*innen sich Arbeitsbl\u00e4tter oder Texte \u00fcbersetzen lassen k\u00f6nnen.<\/p>\n<\/div><\/section><br \/>\n\n<style type=\"text\/css\" data-created_by=\"avia_inline_auto\" id=\"style-css-av-lbw8bcu0-f883765b2f2c5bee01fbeb7fd9fd0a8e\">\n#top .av-special-heading.av-lbw8bcu0-f883765b2f2c5bee01fbeb7fd9fd0a8e{\npadding-bottom:10px;\ncolor:#22b5b7;\n}\nbody .av-special-heading.av-lbw8bcu0-f883765b2f2c5bee01fbeb7fd9fd0a8e .av-special-heading-tag .heading-char{\nfont-size:25px;\n}\n.av-special-heading.av-lbw8bcu0-f883765b2f2c5bee01fbeb7fd9fd0a8e .special-heading-inner-border{\nborder-color:#22b5b7;\n}\n.av-special-heading.av-lbw8bcu0-f883765b2f2c5bee01fbeb7fd9fd0a8e .av-subheading{\nfont-size:15px;\n}\n<\/style>\n<div  class='av-special-heading av-lbw8bcu0-f883765b2f2c5bee01fbeb7fd9fd0a8e av-special-heading-h2 custom-color-heading blockquote modern-quote  avia-builder-el-12  el_after_av_textblock  el_before_av_textblock  av-thin-font av-linked-heading'><h2 class='av-special-heading-tag '  itemprop=\"headline\"  ><strong>Empfehlungen zum (Sprach-)Unterricht Ukrainisch \u2013 Deutsch<\/strong><\/h2><div class=\"special-heading-border\"><div class=\"special-heading-inner-border\"><\/div><\/div><\/div><br \/>\n<section  class='av_textblock_section av-jwugwcnx-9689fc2eefd6a424208198219fe8cbcf '   itemscope=\"itemscope\" itemtype=\"https:\/\/schema.org\/BlogPosting\" itemprop=\"blogPost\" ><div class='avia_textblock'  itemprop=\"text\" ><ul>\n<li>Buchstaben.com: <a href=\"https:\/\/www.buchstaben.com\/wissen\/deutsch-lernen-als-ukrainischer-fluechtling-kostenloses-pdf-lernheft\" target=\"_blank\" rel=\"noopener\">Lernheft<\/a><\/li>\n<li>T\u00fcftelakademie: <a href=\"https:\/\/tueftelakademie.de\/fuer-zuhause\/bilderwoerterbuch\/\" target=\"_blank\" rel=\"noopener\">Bildw\u00f6rterbuch<\/a><\/li>\n<li>Global Digital Library: <a href=\"https:\/\/digitallibrary.io\/uk\/\" target=\"_blank\" rel=\"noopener\">B\u00fccher auf Ukrainisch f\u00fcr Leseanf\u00e4nger*innen, differenziert (OER &amp; weiternutzbar)<\/a><\/li>\n<li>Mundo: <a href=\"https:\/\/mundo.schule\/search?search=ukrainische%20schulb%C3%BCcher\" target=\"_blank\" rel=\"noopener\">Ukrainische Schulb\u00fccher<\/a><\/li>\n<li>Sendung des <a href=\"https:\/\/www.ardmediathek.de\/kinderseite_fuer_ukrainische_fluechtlinge?isChildContent=\" target=\"_blank\" rel=\"noopener\">WDR<\/a> und der <a href=\"https:\/\/www.wdrmaus.de\/extras\/maus_international\/ukrainisch.php5\" target=\"_blank\" rel=\"noopener\">Maus<\/a> auf ukrainisch<\/li>\n<li>iPad Learning Community DACH: <a href=\"https:\/\/www.youtube.com\/playlist?list=PL7IFsbjdJoCrj1HX5I2Is0TAYe4aCsREc\">Videos Tipps f\u00fcr Kommunikation im Unterricht<\/a><\/li>\n<\/ul>\n<\/div><\/section><br \/>\n\n<style type=\"text\/css\" data-created_by=\"avia_inline_auto\" id=\"style-css-av-126fmzx-8fcd98443b157cf7f66a1c01aba67e25\">\n#top .av-special-heading.av-126fmzx-8fcd98443b157cf7f66a1c01aba67e25{\npadding-bottom:10px;\ncolor:#22b5b7;\n}\nbody .av-special-heading.av-126fmzx-8fcd98443b157cf7f66a1c01aba67e25 .av-special-heading-tag .heading-char{\nfont-size:25px;\n}\n.av-special-heading.av-126fmzx-8fcd98443b157cf7f66a1c01aba67e25 .special-heading-inner-border{\nborder-color:#22b5b7;\n}\n.av-special-heading.av-126fmzx-8fcd98443b157cf7f66a1c01aba67e25 .av-subheading{\nfont-size:15px;\n}\n<\/style>\n<div  class='av-special-heading av-126fmzx-8fcd98443b157cf7f66a1c01aba67e25 av-special-heading-h2 custom-color-heading blockquote modern-quote  avia-builder-el-14  el_after_av_textblock  el_before_av_textblock  av-thin-font av-linked-heading'><h2 class='av-special-heading-tag '  itemprop=\"headline\"  ><strong> Online-Fortbildungen und Live-Webinare f\u00fcr Lehrkr\u00e4fte<\/strong><\/h2><div class=\"special-heading-border\"><div class=\"special-heading-inner-border\"><\/div><\/div><\/div><br \/>\n<section  class='av_textblock_section av-rb7pe5-2d16fce52bb019e2d21972fb70af41a5 '   itemscope=\"itemscope\" itemtype=\"https:\/\/schema.org\/BlogPosting\" itemprop=\"blogPost\" ><div class='avia_textblock'  itemprop=\"text\" ><p>Auch bei fobizz m\u00f6chten wir euch \u00a0<strong>kostenfreie Live-Webinare<\/strong> und<strong> Online-Fortbildungen<\/strong> zu dem Thema anbieten.<\/p>\n<ul class=\"p-rich_text_list p-rich_text_list__bullet\" data-stringify-type=\"unordered-list\" data-indent=\"0\" data-border=\"0\">\n<li data-stringify-indent=\"0\" data-stringify-border=\"0\"><strong>Online-Fortbildung:<\/strong> Schule f\u00fcr gefl\u00fcchtete Kinder aus der Ukraine gestalten -&gt; <strong><a href=\"https:\/\/plattform.fobizz.com\/fortbildungen\/217-schule-fuer-gefluechtete-kinder-aus-der-ukraine-gestalten\">zur Online-Fortbildung\u00a0<\/a><\/strong><\/li>\n<li data-stringify-indent=\"0\" data-stringify-border=\"0\">Webinar: Erste-Hilfe \u2013 Unterst\u00fctzung ukrainischer Sch\u00fcler*innen im Unterricht -&gt; <a href=\"https:\/\/plattform.fobizz.com\/fortbildungen\/563-webinar-erste-hilfe-unterstuetzung-ukrainischer-schueler-innen-im-unterricht\"><strong>zur Webinaraufzeichnung<\/strong><\/a><\/li>\n<li data-stringify-indent=\"0\" data-stringify-border=\"0\">Webinar: Herzlich Willkommen! Ukrainische Kinder am FGZ Sonnenstra\u00dfe -&gt;<strong><a href=\"https:\/\/plattform.fobizz.com\/fortbildungen\/527-webinar-willkommen-ukrainische-kinder-am-fgz-sonnenstrasse\"> zur Webinaraufzeichnung<\/a><\/strong><\/li>\n<li data-stringify-indent=\"0\" data-stringify-border=\"0\">Webinar: &#8222;Gesund bleiben in Krisenzeiten&#8220; \u2013 Selbstf\u00fcrsorge in der Schulfamilie -&gt; <strong><a href=\"https:\/\/plattform.fobizz.com\/fortbildungen\/531-webinar-gesund-bleiben-in-krisenzeiten-selbstfuersorge-in-der-schulfamilie\">zur Webinaraufzeichnung<\/a><\/strong><\/li>\n<li data-stringify-indent=\"0\" data-stringify-border=\"0\">Webinar: Erste-Hilfe DaZ: Ankommen &#8211; F\u00f6rdern &#8211; Integrieren -&gt;<strong><a href=\"https:\/\/plattform.fobizz.com\/fortbildungen\/528-webinar-erste-hilfe-daz-ankommen-foerdern-integrieren\"> zur Webinaraufzeichnung<\/a><\/strong><\/li>\n<\/ul>\n<p>Diese Live-Webinare und Online-Fortbildungen werden f\u00fcr alle Lehrkr\u00e4fte <strong>kostenfrei<\/strong> angeboten!<\/p>\n<\/div><\/section><br \/>\n\n<style type=\"text\/css\" data-created_by=\"avia_inline_auto\" id=\"style-css-av-3br1z0f-dd4b602d61654b6f698c2bf7135cc28b\">\n#top .av-special-heading.av-3br1z0f-dd4b602d61654b6f698c2bf7135cc28b{\npadding-bottom:10px;\ncolor:#22b5b7;\n}\nbody .av-special-heading.av-3br1z0f-dd4b602d61654b6f698c2bf7135cc28b .av-special-heading-tag .heading-char{\nfont-size:25px;\n}\n.av-special-heading.av-3br1z0f-dd4b602d61654b6f698c2bf7135cc28b .special-heading-inner-border{\nborder-color:#22b5b7;\n}\n.av-special-heading.av-3br1z0f-dd4b602d61654b6f698c2bf7135cc28b .av-subheading{\nfont-size:15px;\n}\n<\/style>\n<div  class='av-special-heading av-3br1z0f-dd4b602d61654b6f698c2bf7135cc28b av-special-heading-h2 custom-color-heading blockquote modern-quote  avia-builder-el-16  el_after_av_textblock  el_before_av_textblock  av-thin-font av-linked-heading'><h2 class='av-special-heading-tag '  itemprop=\"headline\"  ><strong>Faktenchecks und Material zum Thema Fake-News<\/strong><\/h2><div class=\"special-heading-border\"><div class=\"special-heading-inner-border\"><\/div><\/div><\/div><br \/>\n<section  class='av_textblock_section av-jwugwcnx-9689fc2eefd6a424208198219fe8cbcf '   itemscope=\"itemscope\" itemtype=\"https:\/\/schema.org\/BlogPosting\" itemprop=\"blogPost\" ><div class='avia_textblock'  itemprop=\"text\" ><ul>\n<li>Planet Wissen: <a href=\"https:\/\/www.planet-wissen.de\/kultur\/medien\/fake_news\/fake-news-erkennen-102.html\" target=\"_blank\" rel=\"noopener\">Wie erkenne ich Fake News?<\/a><\/li>\n<li>Google: <a href=\"https:\/\/toolbox.google.com\/factcheck\/explorer\/search\/ukraine;hl=de\" target=\"_blank\" rel=\"noopener\">Fact Check Explorer<\/a><\/li>\n<li>Bundesministerium f\u00fcr Bildung und Forschung: <a href=\"https:\/\/www.bmbf.de\/bmbf\/shareddocs\/kurzmeldungen\/de\/2022\/03\/ukraine-krieg-fake-news-erkennen.html\" target=\"_blank\" rel=\"noopener\">Ukraine Krieg \u2013 So erkennen Sie Fake News<\/a><\/li>\n<li>Deutschland.de: <a href=\"https:\/\/www.deutschland.de\/de\/topic\/politik\/ukraine-krieg-deutschland-faktencheck-putin\" target=\"_blank\" rel=\"noopener\">Faktencheck zu Putins Krieg? Was stimmt von Putins Aussagen?<\/a><\/li>\n<li>Correctiv: <a href=\"https:\/\/correctiv.org\/faktencheck\/hintergrund\/2022\/02\/22\/diese-falschinformationen-und-geruechte-kursieren-zum-ukraine-russland-konflikt\/\" target=\"_blank\" rel=\"noopener\">Faktencheck Ukrainekrieg<\/a><\/li>\n<li>Focus on Ukraine: <a href=\"https:\/\/www.focusonukraine.info\/info-check\" target=\"_blank\" rel=\"noopener\">Tipps und Methoden zum Faktencheck<\/a><\/li>\n<li>Use the News: <a href=\"https:\/\/www.dpa.com\/de\/usethenews\/open-news-education#lernangebot\" target=\"_blank\" rel=\"noopener\">Lernangebot \u2013 Social Media und (Falsch-)Nachrichten aus der Ukraine<\/a><\/li>\n<li>Deutsches Schulportal: <a href=\"https:\/\/deutsches-schulportal.de\/schule-im-umfeld\/tiktok-forscher-marcus-boesch-lehrkraefte-brauchen-eine-tiktok-literacy\/\" target=\"_blank\" rel=\"noopener\">Rolle von TikTok<\/a><\/li>\n<\/ul>\n<\/div><\/section><br \/>\n\n<style type=\"text\/css\" data-created_by=\"avia_inline_auto\" id=\"style-css-av-2vzwg5b-ffa17c77788dbe7b85b1761a3fef5ba0\">\n#top .av-special-heading.av-2vzwg5b-ffa17c77788dbe7b85b1761a3fef5ba0{\npadding-bottom:10px;\ncolor:#22b5b7;\n}\nbody .av-special-heading.av-2vzwg5b-ffa17c77788dbe7b85b1761a3fef5ba0 .av-special-heading-tag .heading-char{\nfont-size:25px;\n}\n.av-special-heading.av-2vzwg5b-ffa17c77788dbe7b85b1761a3fef5ba0 .special-heading-inner-border{\nborder-color:#22b5b7;\n}\n.av-special-heading.av-2vzwg5b-ffa17c77788dbe7b85b1761a3fef5ba0 .av-subheading{\nfont-size:15px;\n}\n<\/style>\n<div  class='av-special-heading av-2vzwg5b-ffa17c77788dbe7b85b1761a3fef5ba0 av-special-heading-h2 custom-color-heading blockquote modern-quote  avia-builder-el-18  el_after_av_textblock  el_before_av_textblock  av-thin-font av-linked-heading'><h2 class='av-special-heading-tag '  itemprop=\"headline\"  ><strong>Links zu digitalen Pinnw\u00e4nden und weiteren Linksammlungen<\/strong><\/h2><div class=\"special-heading-border\"><div class=\"special-heading-inner-border\"><\/div><\/div><\/div><br \/>\n<section  class='av_textblock_section av-jwugwcnx-9689fc2eefd6a424208198219fe8cbcf '   itemscope=\"itemscope\" itemtype=\"https:\/\/schema.org\/BlogPosting\" itemprop=\"blogPost\" ><div class='avia_textblock'  itemprop=\"text\" ><ul>\n<li>Nieders\u00e4chsisches Landesinstitut f\u00fcr schulische Qualit\u00e4tsentwicklung: <a href=\"https:\/\/www.taskcards.de\/#\/board\/8f6f67f1-ee40-4132-9e36-a4c0eaab0f3e\/view?token=c1388341-3a68-437c-a7d7-cb358c32fa5d\" target=\"_blank\" rel=\"noopener\">Krieg in der Ukraine \u2013 Informationen und weiterf\u00fchrende Materialien<\/a><\/li>\n<li>Anja Holm &amp; das Twitterlehrerzimmer: <a href=\"https:\/\/www.taskcards.de\/#\/board\/77ea0e8e-e0ed-416d-b2e0-848beb76c901\/view\" target=\"_blank\" rel=\"noopener\">Material zum Thema Krieg in der Ukraine<\/a><\/li>\n<li>Betzold: <a href=\"https:\/\/www.betzold.de\/blog\/ankunft-gefluechteter-kinder-erleichtern\/\" target=\"_blank\" rel=\"noopener\">Arbeitsmaterialien zum DaZ-Unterricht mit ukrainische Sch\u00fcler*innen<\/a><\/li>\n<li>Schulentwicklung NRW: <a href=\"https:\/\/www.schulentwicklung.nrw.de\/cms\/unterstuetzungsangebot-ukraine\/unterstuetzungsangebot-ukraine\/index.html\" target=\"_blank\" rel=\"noopener\">Materialsammlungen, Administration, Beratung und Unterst\u00fctzung<\/a><\/li>\n<li>Landesinstitut f\u00fcr Bildung Hamburg: <a href=\"https:\/\/li-hamburg.taskcards.app\/#\/board\/f96a16e3-eb8e-416e-aedc-6d7888bd348c\/view\" target=\"_blank\" rel=\"noopener\">Krieg in der Ukraine<\/a><\/li>\n<li>Sammlung f\u00fcr den Geografieunterricht: <a href=\"https:\/\/www.taskcards.de\/#\/board\/3cace8dd-b256-4cf9-9d0d-36bff1e62434\/view\" target=\"_blank\" rel=\"noopener\">Ukrainekrieg<\/a><\/li>\n<li>Kristina Wahl: <a href=\"https:\/\/padlet.com\/frauwahl_schule\/Material_UkraineKrieg\" target=\"_blank\" rel=\"noopener\">Krieg in der Ukraine \u2013 Materialsammlung<\/a><\/li>\n<li>RSBEN: <a href=\"https:\/\/de.padlet.com\/rsben\/dukr\" target=\"_blank\" rel=\"noopener\">Unterrichtsmaterial f\u00fcr ukrainische Sch\u00fcler*innen<\/a><\/li>\n<\/ul>\n<\/div><\/section><br \/>\n\n<style type=\"text\/css\" data-created_by=\"avia_inline_auto\" id=\"style-css-av-12p2i8d-a7479d66f7db5ad7e7e3df6e0d94bde9\">\n#top .av-special-heading.av-12p2i8d-a7479d66f7db5ad7e7e3df6e0d94bde9{\npadding-bottom:10px;\ncolor:#22b5b7;\n}\nbody .av-special-heading.av-12p2i8d-a7479d66f7db5ad7e7e3df6e0d94bde9 .av-special-heading-tag .heading-char{\nfont-size:25px;\n}\n.av-special-heading.av-12p2i8d-a7479d66f7db5ad7e7e3df6e0d94bde9 .special-heading-inner-border{\nborder-color:#22b5b7;\n}\n.av-special-heading.av-12p2i8d-a7479d66f7db5ad7e7e3df6e0d94bde9 .av-subheading{\nfont-size:15px;\n}\n<\/style>\n<div  class='av-special-heading av-12p2i8d-a7479d66f7db5ad7e7e3df6e0d94bde9 av-special-heading-h2 custom-color-heading blockquote modern-quote  avia-builder-el-20  el_after_av_textblock  el_before_av_textblock  av-thin-font av-linked-heading'><h2 class='av-special-heading-tag '  itemprop=\"headline\"  ><strong>Hilfen f\u00fcr alles jenseits von Schule<\/strong><\/h2><div class=\"special-heading-border\"><div class=\"special-heading-inner-border\"><\/div><\/div><\/div><br \/>\n<section  class='av_textblock_section av-lqzmnh-68bb9bd9e7cf639ccc2b1f4777451439 '   itemscope=\"itemscope\" itemtype=\"https:\/\/schema.org\/BlogPosting\" itemprop=\"blogPost\" ><div class='avia_textblock'  itemprop=\"text\" ><ul>\n<li>Bundesamt f\u00fcr Migration und Gefl\u00fcchtete: <a href=\"https:\/\/www.bamf.de\/DE\/Themen\/Integration\/integration_node.html\" target=\"_blank\" rel=\"noopener\">f\u00fcr Integrationsangebote im \u00dcberblick (auch f\u00fcr Gefl\u00fcchtete aus der Ukraine)<\/a><\/li>\n<\/ul>\n<p><strong>Hilfsangebote f\u00fcr Kinder mit traumatischen Erlebnissen<\/strong><\/p>\n<ul>\n<li>GEW: <a href=\"https:\/\/www.gew.de\/aktuelles\/detailseite\/trauma-bilderbuecher-fuer-kinder-auf-der-flucht\" target=\"_blank\" rel=\"noopener\">Trauma Bilderb\u00fccher f\u00fcr Kinder<\/a><\/li>\n<li>UK Sachsen: <a href=\"https:\/\/www.uksachsen.de\/fileadmin\/user_upload\/Download\/UK-Sachsen-Publikationen\/UK-Sachsen-02-28-Gefluechtete-Kinder-und-Jugendliche-aus-der-Ukraine-Eine-Orientierung-fuer-Schulen.pdf\" target=\"_blank\" rel=\"noopener\">Eine Orientierung f\u00fcr Schulen\u00a0<\/a><\/li>\n<\/ul>\n<\/div><\/section><\/p><\/div>\n<style type=\"text\/css\" data-created_by=\"avia_inline_auto\" id=\"style-css-av-5b0ktol-e3c86171cd6c945cfc34b297a25b93c4\">\n.flex_column.av-5b0ktol-e3c86171cd6c945cfc34b297a25b93c4{\nborder-radius:0px 0px 0px 0px;\npadding:0px 0px 0px 0px;\n}\n<\/style>\n<div  class='flex_column av-5b0ktol-e3c86171cd6c945cfc34b297a25b93c4 av_one_fifth  avia-builder-el-22  el_after_av_three_fifth  avia-builder-el-last  flex_column_div av-zero-column-padding  '     ><\/div><\/div><\/div><\/div><!-- close content main div --><\/div><\/div><div id='av_section_3'  class='avia-section av-ju11gpo3-440f5ae2309dab6e57beb2d1623f2b35 alternate_color avia-section-default avia-no-border-styling  avia-builder-el-23  el_after_av_section  avia-builder-el-last  avia-bg-style-scroll container_wrap sidebar_right'  ><div class='container av-section-cont-open' ><div class='template-page content  av-content-small alpha units'><div class='post-entry post-entry-type-page post-entry-32002'><div class='entry-content-wrapper clearfix'>\n\n<style type=\"text\/css\" data-created_by=\"avia_inline_auto\" id=\"style-css-av-ju11ha2p-15c8dfd0812db5b4b8b60f7a8559db15\">\n#top .av-special-heading.av-ju11ha2p-15c8dfd0812db5b4b8b60f7a8559db15{\npadding-bottom:20px;\n}\nbody .av-special-heading.av-ju11ha2p-15c8dfd0812db5b4b8b60f7a8559db15 .av-special-heading-tag .heading-char{\nfont-size:25px;\n}\n#top #wrap_all .av-special-heading.av-ju11ha2p-15c8dfd0812db5b4b8b60f7a8559db15 .av-special-heading-tag{\nfont-size:25px;\n}\n.av-special-heading.av-ju11ha2p-15c8dfd0812db5b4b8b60f7a8559db15 .av-subheading{\nfont-size:15px;\n}\n<\/style>\n<div  class='av-special-heading av-ju11ha2p-15c8dfd0812db5b4b8b60f7a8559db15 av-special-heading-h2 custom-color-heading  avia-builder-el-24  el_before_av_postslider  avia-builder-el-first '><h2 class='av-special-heading-tag '  itemprop=\"headline\"  >Weitere Blogartikel<\/h2><div class=\"special-heading-border\"><div class=\"special-heading-inner-border\"><\/div><\/div><\/div>\n<div  data-slideshow-options=\"{&quot;animation&quot;:&quot;fade&quot;,&quot;autoplay&quot;:false,&quot;loop_autoplay&quot;:&quot;once&quot;,&quot;interval&quot;:&quot;5&quot;,&quot;loop_manual&quot;:&quot;manual-endless&quot;,&quot;autoplay_stopper&quot;:false,&quot;noNavigation&quot;:false,&quot;show_slide_delay&quot;:90}\" class='avia-content-slider avia-content-slider-active avia-content-slider1 avia-content-slider-odd  avia-builder-el-25  el_after_av_heading  avia-builder-el-last  av-slideshow-ui av-control-default   av-no-slider-navigation av-slideshow-manual av-loop-once av-loop-manual-endless '  itemscope=\"itemscope\" itemtype=\"https:\/\/schema.org\/Blog\" ><div class=\"avia-content-slider-inner\"><div class=\"slide-entry-wrap\"><article class='slide-entry flex_column  post-entry post-entry-59437 slide-entry-overview slide-loop-1 slide-parity-odd  av_one_third first real-thumbnail posttype-post post-format-standard'  itemscope=\"itemscope\" itemtype=\"https:\/\/schema.org\/BlogPosting\" itemprop=\"blogPost\" ><a href='https:\/\/fobizz.com\/de\/kinder-mit-traumaerfahrung-verstehen-und-begleiten\/' data-rel='slide-1' class='slide-image' title='Kinder mit Traumaerfahrung verstehen und begleiten'><img decoding=\"async\" fetchpriority=\"high\" width=\"495\" height=\"400\" src=\"https:\/\/fobizz.com\/wp-content\/uploads\/2026\/04\/Kinder-mit-Traumaerfahrung-verstehen-und-begleiten-495x400.jpg\" class=\"wp-image-59441 avia-img-lazy-loading-not-59441 attachment-portfolio size-portfolio wp-post-image\" alt=\"\" \/><\/a><div class=\"slide-content\"><header class=\"entry-content-header\"><h3 class='slide-entry-title entry-title '  itemprop=\"headline\" ><a href='https:\/\/fobizz.com\/de\/kinder-mit-traumaerfahrung-verstehen-und-begleiten\/' title='Kinder mit Traumaerfahrung verstehen und begleiten'>Kinder mit Traumaerfahrung verstehen und begleiten<\/a><\/h3><span class=\"blog-categories minor-meta\"><a href=\"https:\/\/fobizz.com\/de\/category\/interview\/\" rel=\"tag\">Interview<\/a>, <a href=\"https:\/\/fobizz.com\/de\/category\/lehrerbildung\/\" rel=\"tag\">Lehrerbildung<\/a>, <a href=\"https:\/\/fobizz.com\/de\/category\/nachhaltige-entwicklung\/\" rel=\"tag\">Nachhaltige Entwicklung<\/a> <\/span><span class=\"av-vertical-delimiter\"><\/span><\/header><div class='slide-entry-excerpt entry-content'  itemprop=\"text\" ><div class=\"excerpt-text\">Erfahre im Interview mit Feline Lunge, wie du deinen Unterricht traumasensibel gestalten kannst.<\/div><\/div><\/div><span class='hidden'>\n\t\t\t\t<span class='av-structured-data'  itemprop=\"image\" itemscope=\"itemscope\" itemtype=\"https:\/\/schema.org\/ImageObject\" >\n\t\t\t\t\t\t<span itemprop='url'>https:\/\/fobizz.com\/wp-content\/uploads\/2026\/04\/Kinder-mit-Traumaerfahrung-verstehen-und-begleiten.jpg<\/span>\n\t\t\t\t\t\t<span itemprop='height'>500<\/span>\n\t\t\t\t\t\t<span itemprop='width'>800<\/span>\n\t\t\t\t<\/span>\n\t\t\t\t<span class='av-structured-data'  itemprop=\"publisher\" itemtype=\"https:\/\/schema.org\/Organization\" itemscope=\"itemscope\" >\n\t\t\t\t\t\t<span itemprop='name'>Tanja Schneider<\/span>\n\t\t\t\t\t\t<span itemprop='logo' itemscope itemtype='https:\/\/schema.org\/ImageObject'>\n\t\t\t\t\t\t\t<span itemprop='url'>https:\/\/fobizz.com\/wp-content\/uploads\/2024\/01\/fobizz_logo-min-495x244.png<\/span>\n\t\t\t\t\t\t<\/span>\n\t\t\t\t<\/span><span class='av-structured-data'  itemprop=\"author\" itemscope=\"itemscope\" itemtype=\"https:\/\/schema.org\/Person\" ><span itemprop='name'>Tanja Schneider<\/span><\/span><span class='av-structured-data'  itemprop=\"datePublished\" datetime=\"2022-03-30T16:30:22+02:00\" >2026-04-09 10:47:47<\/span><span class='av-structured-data'  itemprop=\"dateModified\" itemtype=\"https:\/\/schema.org\/dateModified\" >2026-04-09 11:19:32<\/span><span class='av-structured-data'  itemprop=\"mainEntityOfPage\" itemtype=\"https:\/\/schema.org\/mainEntityOfPage\" ><span itemprop='name'>Kinder mit Traumaerfahrung verstehen und begleiten<\/span><\/span><\/span><\/article><article class='slide-entry flex_column  post-entry post-entry-59456 slide-entry-overview slide-loop-2 slide-parity-even  av_one_third  real-thumbnail posttype-post post-format-standard'  itemscope=\"itemscope\" itemtype=\"https:\/\/schema.org\/BlogPosting\" itemprop=\"blogPost\" ><a href='https:\/\/fobizz.com\/de\/grundschulalltag-diskriminierungskritisch-gestalten\/' data-rel='slide-1' class='slide-image' title='Grundschulalltag diskriminierungskritisch gestalten'><img decoding=\"async\" fetchpriority=\"high\" width=\"495\" height=\"400\" src=\"https:\/\/fobizz.com\/wp-content\/uploads\/2026\/04\/Grundschulalltag-diskriminierungskritisch-gestalten-495x400.jpg\" class=\"wp-image-59457 avia-img-lazy-loading-not-59457 attachment-portfolio size-portfolio wp-post-image\" alt=\"\" \/><\/a><div class=\"slide-content\"><header class=\"entry-content-header\"><h3 class='slide-entry-title entry-title '  itemprop=\"headline\" ><a href='https:\/\/fobizz.com\/de\/grundschulalltag-diskriminierungskritisch-gestalten\/' title='Grundschulalltag diskriminierungskritisch gestalten'>Grundschulalltag diskriminierungskritisch gestalten<\/a><\/h3><span class=\"blog-categories minor-meta\"><a href=\"https:\/\/fobizz.com\/de\/category\/interview\/\" rel=\"tag\">Interview<\/a>, <a href=\"https:\/\/fobizz.com\/de\/category\/lehrerbildung\/\" rel=\"tag\">Lehrerbildung<\/a>, <a href=\"https:\/\/fobizz.com\/de\/category\/nachhaltige-entwicklung\/\" rel=\"tag\">Nachhaltige Entwicklung<\/a> <\/span><span class=\"av-vertical-delimiter\"><\/span><\/header><div class='slide-entry-excerpt entry-content'  itemprop=\"text\" ><div class=\"excerpt-text\">Erfahre im Interview mit Anna Lena Lutz, warum du deinen Schulalltag diskriminierungskritisch gestalten solltest.<\/div><\/div><\/div><span class='hidden'>\n\t\t\t\t<span class='av-structured-data'  itemprop=\"image\" itemscope=\"itemscope\" itemtype=\"https:\/\/schema.org\/ImageObject\" >\n\t\t\t\t\t\t<span itemprop='url'>https:\/\/fobizz.com\/wp-content\/uploads\/2026\/04\/Grundschulalltag-diskriminierungskritisch-gestalten.jpg<\/span>\n\t\t\t\t\t\t<span itemprop='height'>500<\/span>\n\t\t\t\t\t\t<span itemprop='width'>800<\/span>\n\t\t\t\t<\/span>\n\t\t\t\t<span class='av-structured-data'  itemprop=\"publisher\" itemtype=\"https:\/\/schema.org\/Organization\" itemscope=\"itemscope\" >\n\t\t\t\t\t\t<span itemprop='name'>Tanja Schneider<\/span>\n\t\t\t\t\t\t<span itemprop='logo' itemscope itemtype='https:\/\/schema.org\/ImageObject'>\n\t\t\t\t\t\t\t<span itemprop='url'>https:\/\/fobizz.com\/wp-content\/uploads\/2024\/01\/fobizz_logo-min-495x244.png<\/span>\n\t\t\t\t\t\t<\/span>\n\t\t\t\t<\/span><span class='av-structured-data'  itemprop=\"author\" itemscope=\"itemscope\" itemtype=\"https:\/\/schema.org\/Person\" ><span itemprop='name'>Tanja Schneider<\/span><\/span><span class='av-structured-data'  itemprop=\"datePublished\" datetime=\"2022-03-30T16:30:22+02:00\" >2026-04-09 10:45:31<\/span><span class='av-structured-data'  itemprop=\"dateModified\" itemtype=\"https:\/\/schema.org\/dateModified\" >2026-04-09 11:18:42<\/span><span class='av-structured-data'  itemprop=\"mainEntityOfPage\" itemtype=\"https:\/\/schema.org\/mainEntityOfPage\" ><span itemprop='name'>Grundschulalltag diskriminierungskritisch gestalten<\/span><\/span><\/span><\/article><article class='slide-entry flex_column  post-entry post-entry-59367 slide-entry-overview slide-loop-3 slide-parity-odd  av_one_third  real-thumbnail posttype-post post-format-standard'  itemscope=\"itemscope\" itemtype=\"https:\/\/schema.org\/BlogPosting\" itemprop=\"blogPost\" ><a href='https:\/\/fobizz.com\/de\/demokratie-lernen-interview-poitzmann-ahl\/' data-rel='slide-1' class='slide-image' title='Demokratie lernen  \u2013 Interview mit Nikola Poitzmann &#038; Kati Ahl'><img decoding=\"async\" fetchpriority=\"high\" width=\"495\" height=\"400\" src=\"https:\/\/fobizz.com\/wp-content\/uploads\/2023\/07\/Schulkalender-23-24-classroom-management-495x400.jpg\" class=\"wp-image-41470 avia-img-lazy-loading-not-41470 attachment-portfolio size-portfolio wp-post-image\" alt=\"Vorschaubild der Fortbildung Classroom Management\" \/><\/a><div class=\"slide-content\"><header class=\"entry-content-header\"><h3 class='slide-entry-title entry-title '  itemprop=\"headline\" ><a href='https:\/\/fobizz.com\/de\/demokratie-lernen-interview-poitzmann-ahl\/' title='Demokratie lernen  \u2013 Interview mit Nikola Poitzmann &#038; Kati Ahl'>Demokratie lernen  \u2013 Interview mit Nikola Poitzmann &#038; Kati Ahl<\/a><\/h3><span class=\"blog-categories minor-meta\"><a href=\"https:\/\/fobizz.com\/de\/category\/digitale-bildung\/\" rel=\"tag\">Digitale Bildung<\/a>, <a href=\"https:\/\/fobizz.com\/de\/category\/interview\/\" rel=\"tag\">Interview<\/a>, <a href=\"https:\/\/fobizz.com\/de\/category\/lehrerbildung\/\" rel=\"tag\">Lehrerbildung<\/a> <\/span><span class=\"av-vertical-delimiter\"><\/span><\/header><div class='slide-entry-excerpt entry-content'  itemprop=\"text\" ><div class=\"excerpt-text\">Trotz wachsender gesellschaftlicher Spannungen bleibt die Schule ein besonderer Ort: Hier treffen Menschen mit unterschiedlichen Hintergr\u00fcnden, Meinungen und Erfahrungen aufeinander. Gerade deshalb bietet Schule gro\u00dfes Potenzial als Raum des Wandels \u2013 ein Ort, an dem Gemeinschaft gelebt und demokratische Werte im Alltag erfahrbar werden.\r\nDoch wie gelingt es, Sch\u00fcler:innen so zu st\u00e4rken, dass sie sich aktiv, selbstbestimmt und kritisch in gesellschaftliche Prozesse einbringen k\u00f6nnen?<\/div><\/div><\/div><span class='hidden'>\n\t\t\t\t<span class='av-structured-data'  itemprop=\"image\" itemscope=\"itemscope\" itemtype=\"https:\/\/schema.org\/ImageObject\" >\n\t\t\t\t\t\t<span itemprop='url'>https:\/\/fobizz.com\/wp-content\/uploads\/2023\/07\/Schulkalender-23-24-classroom-management.jpg<\/span>\n\t\t\t\t\t\t<span itemprop='height'>628<\/span>\n\t\t\t\t\t\t<span itemprop='width'>1200<\/span>\n\t\t\t\t<\/span>\n\t\t\t\t<span class='av-structured-data'  itemprop=\"publisher\" itemtype=\"https:\/\/schema.org\/Organization\" itemscope=\"itemscope\" >\n\t\t\t\t\t\t<span itemprop='name'>Michelle<\/span>\n\t\t\t\t\t\t<span itemprop='logo' itemscope itemtype='https:\/\/schema.org\/ImageObject'>\n\t\t\t\t\t\t\t<span itemprop='url'>https:\/\/fobizz.com\/wp-content\/uploads\/2024\/01\/fobizz_logo-min-495x244.png<\/span>\n\t\t\t\t\t\t<\/span>\n\t\t\t\t<\/span><span class='av-structured-data'  itemprop=\"author\" itemscope=\"itemscope\" itemtype=\"https:\/\/schema.org\/Person\" ><span itemprop='name'>Michelle<\/span><\/span><span class='av-structured-data'  itemprop=\"datePublished\" datetime=\"2022-03-30T16:30:22+02:00\" >2026-04-02 06:25:32<\/span><span class='av-structured-data'  itemprop=\"dateModified\" itemtype=\"https:\/\/schema.org\/dateModified\" >2026-04-13 17:48:54<\/span><span class='av-structured-data'  itemprop=\"mainEntityOfPage\" itemtype=\"https:\/\/schema.org\/mainEntityOfPage\" ><span itemprop='name'>Demokratie lernen  \u2013 Interview mit Nikola Poitzmann &#038; Kati Ahl<\/span><\/span><\/span><\/article><\/div><div class=\"slide-entry-wrap\"><article class='slide-entry flex_column  post-entry post-entry-59354 slide-entry-overview slide-loop-4 slide-parity-odd  av_one_third first real-thumbnail posttype-post post-format-standard'  itemscope=\"itemscope\" itemtype=\"https:\/\/schema.org\/BlogPosting\" itemprop=\"blogPost\" ><a href='https:\/\/fobizz.com\/de\/kinder-die-durchs-raster-fallen-interview-mit-corina-elfe\/' data-rel='slide-1' class='slide-image' title='Kinder, die durchs Raster fallen  \u2013 Interview mit Corina Elfe'><img decoding=\"async\" fetchpriority=\"high\" width=\"495\" height=\"400\" src=\"https:\/\/fobizz.com\/wp-content\/uploads\/2026\/04\/Kinder_Neurodivergenz-495x400.jpg\" class=\"wp-image-59361 avia-img-lazy-loading-not-59361 attachment-portfolio size-portfolio wp-post-image\" alt=\"\" \/><\/a><div class=\"slide-content\"><header class=\"entry-content-header\"><h3 class='slide-entry-title entry-title '  itemprop=\"headline\" ><a href='https:\/\/fobizz.com\/de\/kinder-die-durchs-raster-fallen-interview-mit-corina-elfe\/' title='Kinder, die durchs Raster fallen  \u2013 Interview mit Corina Elfe'>Kinder, die durchs Raster fallen  \u2013 Interview mit Corina Elfe<\/a><\/h3><span class=\"blog-categories minor-meta\"><a href=\"https:\/\/fobizz.com\/de\/category\/digitale-bildung\/\" rel=\"tag\">Digitale Bildung<\/a>, <a href=\"https:\/\/fobizz.com\/de\/category\/interview\/\" rel=\"tag\">Interview<\/a>, <a href=\"https:\/\/fobizz.com\/de\/category\/lehrerbildung\/\" rel=\"tag\">Lehrerbildung<\/a> <\/span><span class=\"av-vertical-delimiter\"><\/span><\/header><div class='slide-entry-excerpt entry-content'  itemprop=\"text\" ><div class=\"excerpt-text\">Digitales Arbeiten und Unterrichten \u2013 der Einsatz von K\u00fcnstlicher Intelligenz wird f\u00fcr Lehrkr\u00e4fte immer relevanter. Wie textgenerierende KI-Systeme wie ChatGPT sinnvoll in den Schulalltag integriert werden k\u00f6nnen und welche Potenziale und Grenzen sie haben, zeigen Micha Busch und Christian K\u00f6hler in 33 praxisnahen Ideen f\u00fcr Unterricht und Organisation.<\/div><\/div><\/div><span class='hidden'>\n\t\t\t\t<span class='av-structured-data'  itemprop=\"image\" itemscope=\"itemscope\" itemtype=\"https:\/\/schema.org\/ImageObject\" >\n\t\t\t\t\t\t<span itemprop='url'>https:\/\/fobizz.com\/wp-content\/uploads\/2026\/04\/Kinder_Neurodivergenz.jpg<\/span>\n\t\t\t\t\t\t<span itemprop='height'>768<\/span>\n\t\t\t\t\t\t<span itemprop='width'>1408<\/span>\n\t\t\t\t<\/span>\n\t\t\t\t<span class='av-structured-data'  itemprop=\"publisher\" itemtype=\"https:\/\/schema.org\/Organization\" itemscope=\"itemscope\" >\n\t\t\t\t\t\t<span itemprop='name'>Michelle<\/span>\n\t\t\t\t\t\t<span itemprop='logo' itemscope itemtype='https:\/\/schema.org\/ImageObject'>\n\t\t\t\t\t\t\t<span itemprop='url'>https:\/\/fobizz.com\/wp-content\/uploads\/2024\/01\/fobizz_logo-min-495x244.png<\/span>\n\t\t\t\t\t\t<\/span>\n\t\t\t\t<\/span><span class='av-structured-data'  itemprop=\"author\" itemscope=\"itemscope\" itemtype=\"https:\/\/schema.org\/Person\" ><span itemprop='name'>Michelle<\/span><\/span><span class='av-structured-data'  itemprop=\"datePublished\" datetime=\"2022-03-30T16:30:22+02:00\" >2026-04-01 17:20:21<\/span><span class='av-structured-data'  itemprop=\"dateModified\" itemtype=\"https:\/\/schema.org\/dateModified\" >2026-04-13 17:49:10<\/span><span class='av-structured-data'  itemprop=\"mainEntityOfPage\" itemtype=\"https:\/\/schema.org\/mainEntityOfPage\" ><span itemprop='name'>Kinder, die durchs Raster fallen  \u2013 Interview mit Corina Elfe<\/span><\/span><\/span><\/article><article class='slide-entry flex_column  post-entry post-entry-58864 slide-entry-overview slide-loop-5 slide-parity-even  av_one_third  real-thumbnail posttype-post post-format-standard'  itemscope=\"itemscope\" itemtype=\"https:\/\/schema.org\/BlogPosting\" itemprop=\"blogPost\" ><a href='https:\/\/fobizz.com\/de\/scratch-einstieg-ins-visuelle-programmieren\/' data-rel='slide-1' class='slide-image' title='Scratch: Einstieg ins visuelle Programmieren'><img decoding=\"async\" fetchpriority=\"high\" width=\"495\" height=\"400\" src=\"https:\/\/fobizz.com\/wp-content\/uploads\/2026\/03\/Scratch-Einstieg-ins-visuelle-Programmieren-495x400.jpg\" class=\"wp-image-58867 avia-img-lazy-loading-not-58867 attachment-portfolio size-portfolio wp-post-image\" alt=\"\" \/><\/a><div class=\"slide-content\"><header class=\"entry-content-header\"><h3 class='slide-entry-title entry-title '  itemprop=\"headline\" ><a href='https:\/\/fobizz.com\/de\/scratch-einstieg-ins-visuelle-programmieren\/' title='Scratch: Einstieg ins visuelle Programmieren'>Scratch: Einstieg ins visuelle Programmieren<\/a><\/h3><span class=\"blog-categories minor-meta\"><a href=\"https:\/\/fobizz.com\/de\/category\/digitale-bildung\/\" rel=\"tag\">Digitale Bildung<\/a>, <a href=\"https:\/\/fobizz.com\/de\/category\/digitale-medien\/\" rel=\"tag\">Digitale Medien<\/a>, <a href=\"https:\/\/fobizz.com\/de\/category\/interview\/\" rel=\"tag\">Interview<\/a>, <a href=\"https:\/\/fobizz.com\/de\/category\/lehrerbildung\/\" rel=\"tag\">Lehrerbildung<\/a> <\/span><span class=\"av-vertical-delimiter\"><\/span><\/header><div class='slide-entry-excerpt entry-content'  itemprop=\"text\" ><div class=\"excerpt-text\">Erfahre im Interview mit Tom Wiedemann, wie du Scratch sinnvoll in deinen Unterricht einbringen kannst.<\/div><\/div><\/div><span class='hidden'>\n\t\t\t\t<span class='av-structured-data'  itemprop=\"image\" itemscope=\"itemscope\" itemtype=\"https:\/\/schema.org\/ImageObject\" >\n\t\t\t\t\t\t<span itemprop='url'>https:\/\/fobizz.com\/wp-content\/uploads\/2026\/03\/Scratch-Einstieg-ins-visuelle-Programmieren.jpg<\/span>\n\t\t\t\t\t\t<span itemprop='height'>500<\/span>\n\t\t\t\t\t\t<span itemprop='width'>800<\/span>\n\t\t\t\t<\/span>\n\t\t\t\t<span class='av-structured-data'  itemprop=\"publisher\" itemtype=\"https:\/\/schema.org\/Organization\" itemscope=\"itemscope\" >\n\t\t\t\t\t\t<span itemprop='name'>Tanja Schneider<\/span>\n\t\t\t\t\t\t<span itemprop='logo' itemscope itemtype='https:\/\/schema.org\/ImageObject'>\n\t\t\t\t\t\t\t<span itemprop='url'>https:\/\/fobizz.com\/wp-content\/uploads\/2024\/01\/fobizz_logo-min-495x244.png<\/span>\n\t\t\t\t\t\t<\/span>\n\t\t\t\t<\/span><span class='av-structured-data'  itemprop=\"author\" itemscope=\"itemscope\" itemtype=\"https:\/\/schema.org\/Person\" ><span itemprop='name'>Tanja Schneider<\/span><\/span><span class='av-structured-data'  itemprop=\"datePublished\" datetime=\"2022-03-30T16:30:22+02:00\" >2026-03-12 11:07:22<\/span><span class='av-structured-data'  itemprop=\"dateModified\" itemtype=\"https:\/\/schema.org\/dateModified\" >2026-03-12 11:34:55<\/span><span class='av-structured-data'  itemprop=\"mainEntityOfPage\" itemtype=\"https:\/\/schema.org\/mainEntityOfPage\" ><span itemprop='name'>Scratch: Einstieg ins visuelle Programmieren<\/span><\/span><\/span><\/article><article class='slide-entry flex_column  post-entry post-entry-58852 slide-entry-overview slide-loop-6 slide-parity-odd  av_one_third  real-thumbnail posttype-post post-format-standard'  itemscope=\"itemscope\" itemtype=\"https:\/\/schema.org\/BlogPosting\" itemprop=\"blogPost\" ><a href='https:\/\/fobizz.com\/de\/goodnotes-grundlagen-organisation-von-unterrichtsnotizen\/' data-rel='slide-1' class='slide-image' title='Goodnotes Grundlagen: Organisation von Unterrichtsnotizen'><img decoding=\"async\" fetchpriority=\"high\" width=\"495\" height=\"400\" src=\"https:\/\/fobizz.com\/wp-content\/uploads\/2026\/03\/Goodnotes-Grundlagen-Organisation-von-Unterrichtsnotizen-495x400.jpg\" class=\"wp-image-58853 avia-img-lazy-loading-not-58853 attachment-portfolio size-portfolio wp-post-image\" alt=\"\" \/><\/a><div class=\"slide-content\"><header class=\"entry-content-header\"><h3 class='slide-entry-title entry-title '  itemprop=\"headline\" ><a href='https:\/\/fobizz.com\/de\/goodnotes-grundlagen-organisation-von-unterrichtsnotizen\/' title='Goodnotes Grundlagen: Organisation von Unterrichtsnotizen'>Goodnotes Grundlagen: Organisation von Unterrichtsnotizen<\/a><\/h3><span class=\"blog-categories minor-meta\"><a href=\"https:\/\/fobizz.com\/de\/category\/digitale-bildung\/\" rel=\"tag\">Digitale Bildung<\/a>, <a href=\"https:\/\/fobizz.com\/de\/category\/digitale-medien\/\" rel=\"tag\">Digitale Medien<\/a>, <a href=\"https:\/\/fobizz.com\/de\/category\/interview\/\" rel=\"tag\">Interview<\/a>, <a href=\"https:\/\/fobizz.com\/de\/category\/lehrerbildung\/\" rel=\"tag\">Lehrerbildung<\/a> <\/span><span class=\"av-vertical-delimiter\"><\/span><\/header><div class='slide-entry-excerpt entry-content'  itemprop=\"text\" ><div class=\"excerpt-text\">Im Interview mit Dr. Ulla Hauptmann erf\u00e4hrst du, wie du mit Goodnotes 7 den Unterricht kreativ gestalten und deine Unterrichtsmaterialien ordnen kannst.<\/div><\/div><\/div><span class='hidden'>\n\t\t\t\t<span class='av-structured-data'  itemprop=\"image\" itemscope=\"itemscope\" itemtype=\"https:\/\/schema.org\/ImageObject\" >\n\t\t\t\t\t\t<span itemprop='url'>https:\/\/fobizz.com\/wp-content\/uploads\/2026\/03\/Goodnotes-Grundlagen-Organisation-von-Unterrichtsnotizen.jpg<\/span>\n\t\t\t\t\t\t<span itemprop='height'>500<\/span>\n\t\t\t\t\t\t<span itemprop='width'>800<\/span>\n\t\t\t\t<\/span>\n\t\t\t\t<span class='av-structured-data'  itemprop=\"publisher\" itemtype=\"https:\/\/schema.org\/Organization\" itemscope=\"itemscope\" >\n\t\t\t\t\t\t<span itemprop='name'>Tanja Schneider<\/span>\n\t\t\t\t\t\t<span itemprop='logo' itemscope itemtype='https:\/\/schema.org\/ImageObject'>\n\t\t\t\t\t\t\t<span itemprop='url'>https:\/\/fobizz.com\/wp-content\/uploads\/2024\/01\/fobizz_logo-min-495x244.png<\/span>\n\t\t\t\t\t\t<\/span>\n\t\t\t\t<\/span><span class='av-structured-data'  itemprop=\"author\" itemscope=\"itemscope\" itemtype=\"https:\/\/schema.org\/Person\" ><span itemprop='name'>Tanja Schneider<\/span><\/span><span class='av-structured-data'  itemprop=\"datePublished\" datetime=\"2022-03-30T16:30:22+02:00\" >2026-03-12 11:06:50<\/span><span class='av-structured-data'  itemprop=\"dateModified\" itemtype=\"https:\/\/schema.org\/dateModified\" >2026-03-12 11:35:36<\/span><span class='av-structured-data'  itemprop=\"mainEntityOfPage\" itemtype=\"https:\/\/schema.org\/mainEntityOfPage\" ><span itemprop='name'>Goodnotes Grundlagen: Organisation von Unterrichtsnotizen<\/span><\/span><\/span><\/article><\/div><div class=\"slide-entry-wrap\"><article class='slide-entry flex_column  post-entry post-entry-58357 slide-entry-overview slide-loop-7 slide-parity-odd  av_one_third first real-thumbnail posttype-post post-format-standard'  itemscope=\"itemscope\" itemtype=\"https:\/\/schema.org\/BlogPosting\" itemprop=\"blogPost\" ><a href='https:\/\/fobizz.com\/de\/einsatz-von-schulhunden-im-unterrichtsalltag\/' data-rel='slide-1' class='slide-image' title='Einsatz von Schulhunden im Unterrichtsalltag'><img decoding=\"async\" fetchpriority=\"high\" width=\"495\" height=\"400\" src=\"https:\/\/fobizz.com\/wp-content\/uploads\/2026\/02\/Blogbeitrag-Einsatz-von-Schulhunden-im-Unterrichtsalltag-1-495x400.jpg\" class=\"wp-image-58503 avia-img-lazy-loading-not-58503 attachment-portfolio size-portfolio wp-post-image\" alt=\"\" \/><\/a><div class=\"slide-content\"><header class=\"entry-content-header\"><h3 class='slide-entry-title entry-title '  itemprop=\"headline\" ><a href='https:\/\/fobizz.com\/de\/einsatz-von-schulhunden-im-unterrichtsalltag\/' title='Einsatz von Schulhunden im Unterrichtsalltag'>Einsatz von Schulhunden im Unterrichtsalltag<\/a><\/h3><span class=\"blog-categories minor-meta\"><a href=\"https:\/\/fobizz.com\/de\/category\/interview\/\" rel=\"tag\">Interview<\/a>, <a href=\"https:\/\/fobizz.com\/de\/category\/lehrerbildung\/\" rel=\"tag\">Lehrerbildung<\/a>, <a href=\"https:\/\/fobizz.com\/de\/category\/nachhaltige-entwicklung\/\" rel=\"tag\">Nachhaltige Entwicklung<\/a>, <a href=\"https:\/\/fobizz.com\/de\/category\/neue-lernkultur\/\" rel=\"tag\">Neue Lernkultur<\/a> <\/span><span class=\"av-vertical-delimiter\"><\/span><\/header><div class='slide-entry-excerpt entry-content'  itemprop=\"text\" ><div class=\"excerpt-text\">Im Interview mit Judith Bohlmann erf\u00e4hrst du, wie Schulhunde den Unterricht bereichern k\u00f6nnen.<\/div><\/div><\/div><span class='hidden'>\n\t\t\t\t<span class='av-structured-data'  itemprop=\"image\" itemscope=\"itemscope\" itemtype=\"https:\/\/schema.org\/ImageObject\" >\n\t\t\t\t\t\t<span itemprop='url'>https:\/\/fobizz.com\/wp-content\/uploads\/2026\/02\/Blogbeitrag-Einsatz-von-Schulhunden-im-Unterrichtsalltag-1.jpg<\/span>\n\t\t\t\t\t\t<span itemprop='height'>1080<\/span>\n\t\t\t\t\t\t<span itemprop='width'>1920<\/span>\n\t\t\t\t<\/span>\n\t\t\t\t<span class='av-structured-data'  itemprop=\"publisher\" itemtype=\"https:\/\/schema.org\/Organization\" itemscope=\"itemscope\" >\n\t\t\t\t\t\t<span itemprop='name'>Tanja Schneider<\/span>\n\t\t\t\t\t\t<span itemprop='logo' itemscope itemtype='https:\/\/schema.org\/ImageObject'>\n\t\t\t\t\t\t\t<span itemprop='url'>https:\/\/fobizz.com\/wp-content\/uploads\/2024\/01\/fobizz_logo-min-495x244.png<\/span>\n\t\t\t\t\t\t<\/span>\n\t\t\t\t<\/span><span class='av-structured-data'  itemprop=\"author\" itemscope=\"itemscope\" itemtype=\"https:\/\/schema.org\/Person\" ><span itemprop='name'>Tanja Schneider<\/span><\/span><span class='av-structured-data'  itemprop=\"datePublished\" datetime=\"2022-03-30T16:30:22+02:00\" >2026-02-12 10:00:28<\/span><span class='av-structured-data'  itemprop=\"dateModified\" itemtype=\"https:\/\/schema.org\/dateModified\" >2026-02-11 14:23:03<\/span><span class='av-structured-data'  itemprop=\"mainEntityOfPage\" itemtype=\"https:\/\/schema.org\/mainEntityOfPage\" ><span itemprop='name'>Einsatz von Schulhunden im Unterrichtsalltag<\/span><\/span><\/span><\/article><article class='slide-entry flex_column  post-entry post-entry-58425 slide-entry-overview slide-loop-8 slide-parity-even  av_one_third  real-thumbnail posttype-post post-format-standard'  itemscope=\"itemscope\" itemtype=\"https:\/\/schema.org\/BlogPosting\" itemprop=\"blogPost\" ><a href='https:\/\/fobizz.com\/de\/einsatz-von-ki-im-lateinunterricht\/' data-rel='slide-1' class='slide-image' title='Einsatz von KI im Lateinunterricht'><img decoding=\"async\" fetchpriority=\"high\" width=\"495\" height=\"400\" src=\"https:\/\/fobizz.com\/wp-content\/uploads\/2026\/02\/Einsatz-von-KI-im-Lateinunterricht-1-495x400.jpg\" class=\"wp-image-58369 avia-img-lazy-loading-not-58369 attachment-portfolio size-portfolio wp-post-image\" alt=\"\" \/><\/a><div class=\"slide-content\"><header class=\"entry-content-header\"><h3 class='slide-entry-title entry-title '  itemprop=\"headline\" ><a href='https:\/\/fobizz.com\/de\/einsatz-von-ki-im-lateinunterricht\/' title='Einsatz von KI im Lateinunterricht'>Einsatz von KI im Lateinunterricht<\/a><\/h3><span class=\"blog-categories minor-meta\"><a href=\"https:\/\/fobizz.com\/de\/category\/interview\/\" rel=\"tag\">Interview<\/a>, <a href=\"https:\/\/fobizz.com\/de\/category\/kunstliche-intelligenz\/\" rel=\"tag\">K\u00fcnstliche Intelligenz<\/a>, <a href=\"https:\/\/fobizz.com\/de\/category\/lehrerbildung\/\" rel=\"tag\">Lehrerbildung<\/a>, <a href=\"https:\/\/fobizz.com\/de\/category\/neue-lernkultur\/\" rel=\"tag\">Neue Lernkultur<\/a> <\/span><span class=\"av-vertical-delimiter\"><\/span><\/header><div class='slide-entry-excerpt entry-content'  itemprop=\"text\" ><div class=\"excerpt-text\">Im Interview mit Daniel Conley erf\u00e4hrst du, wie du KI im Lateinunterricht gewinnbringend einsetzen kannst.<\/div><\/div><\/div><span class='hidden'>\n\t\t\t\t<span class='av-structured-data'  itemprop=\"image\" itemscope=\"itemscope\" itemtype=\"https:\/\/schema.org\/ImageObject\" >\n\t\t\t\t\t\t<span itemprop='url'>https:\/\/fobizz.com\/wp-content\/uploads\/2026\/02\/Einsatz-von-KI-im-Lateinunterricht-1.jpg<\/span>\n\t\t\t\t\t\t<span itemprop='height'>1080<\/span>\n\t\t\t\t\t\t<span itemprop='width'>1920<\/span>\n\t\t\t\t<\/span>\n\t\t\t\t<span class='av-structured-data'  itemprop=\"publisher\" itemtype=\"https:\/\/schema.org\/Organization\" itemscope=\"itemscope\" >\n\t\t\t\t\t\t<span itemprop='name'>Tanja Schneider<\/span>\n\t\t\t\t\t\t<span itemprop='logo' itemscope itemtype='https:\/\/schema.org\/ImageObject'>\n\t\t\t\t\t\t\t<span itemprop='url'>https:\/\/fobizz.com\/wp-content\/uploads\/2024\/01\/fobizz_logo-min-495x244.png<\/span>\n\t\t\t\t\t\t<\/span>\n\t\t\t\t<\/span><span class='av-structured-data'  itemprop=\"author\" itemscope=\"itemscope\" itemtype=\"https:\/\/schema.org\/Person\" ><span itemprop='name'>Tanja Schneider<\/span><\/span><span class='av-structured-data'  itemprop=\"datePublished\" datetime=\"2022-03-30T16:30:22+02:00\" >2026-02-12 10:00:21<\/span><span class='av-structured-data'  itemprop=\"dateModified\" itemtype=\"https:\/\/schema.org\/dateModified\" >2026-03-12 12:18:21<\/span><span class='av-structured-data'  itemprop=\"mainEntityOfPage\" itemtype=\"https:\/\/schema.org\/mainEntityOfPage\" ><span itemprop='name'>Einsatz von KI im Lateinunterricht<\/span><\/span><\/span><\/article><article class='slide-entry flex_column  post-entry post-entry-58055 slide-entry-overview slide-loop-9 slide-parity-odd  post-entry-last  av_one_third  real-thumbnail posttype-post post-format-standard'  itemscope=\"itemscope\" itemtype=\"https:\/\/schema.org\/BlogPosting\" itemprop=\"blogPost\" ><a href='https:\/\/fobizz.com\/de\/der-prozess-hat-uns-als-schule-richtig-gutgetan\/' data-rel='slide-1' class='slide-image' title='\u201eDer Prozess hat uns als Schule richtig gutgetan\u201c'><img decoding=\"async\" fetchpriority=\"high\" width=\"495\" height=\"283\" src=\"https:\/\/fobizz.com\/wp-content\/uploads\/2026\/01\/Ansicht-von-Quartiersplatz-495x283.jpg\" class=\"wp-image-58057 avia-img-lazy-loading-not-58057 attachment-portfolio size-portfolio wp-post-image\" alt=\"\" \/><\/a><div class=\"slide-content\"><header class=\"entry-content-header\"><h3 class='slide-entry-title entry-title '  itemprop=\"headline\" ><a href='https:\/\/fobizz.com\/de\/der-prozess-hat-uns-als-schule-richtig-gutgetan\/' title='\u201eDer Prozess hat uns als Schule richtig gutgetan\u201c'>\u201eDer Prozess hat uns als Schule richtig gutgetan\u201c<\/a><\/h3><span class=\"blog-categories minor-meta\"><a href=\"https:\/\/fobizz.com\/de\/category\/interview\/\" rel=\"tag\">Interview<\/a>, <a href=\"https:\/\/fobizz.com\/de\/category\/lehrerbildung\/\" rel=\"tag\">Lehrerbildung<\/a> <\/span><span class=\"av-vertical-delimiter\"><\/span><\/header><div class='slide-entry-excerpt entry-content'  itemprop=\"text\" ><div class=\"excerpt-text\">Lerncoaches statt Frontalunterricht, Cluster statt Klassenzimmer: Die Gemeinschaftsschule Gebhard aus Konstanz stand im Finale des Deutschen Schulpreises. Schulleiterin Charlotte Dre\u00dfen erkl\u00e4rt das innovative Konzept.<\/div><\/div><\/div><span class='hidden'>\n\t\t\t\t<span class='av-structured-data'  itemprop=\"image\" itemscope=\"itemscope\" itemtype=\"https:\/\/schema.org\/ImageObject\" >\n\t\t\t\t\t\t<span itemprop='url'>https:\/\/fobizz.com\/wp-content\/uploads\/2026\/01\/Ansicht-von-Quartiersplatz.jpg<\/span>\n\t\t\t\t\t\t<span itemprop='height'>283<\/span>\n\t\t\t\t\t\t<span itemprop='width'>614<\/span>\n\t\t\t\t<\/span>\n\t\t\t\t<span class='av-structured-data'  itemprop=\"publisher\" itemtype=\"https:\/\/schema.org\/Organization\" itemscope=\"itemscope\" >\n\t\t\t\t\t\t<span itemprop='name'>Michelle<\/span>\n\t\t\t\t\t\t<span itemprop='logo' itemscope itemtype='https:\/\/schema.org\/ImageObject'>\n\t\t\t\t\t\t\t<span itemprop='url'>https:\/\/fobizz.com\/wp-content\/uploads\/2024\/01\/fobizz_logo-min-495x244.png<\/span>\n\t\t\t\t\t\t<\/span>\n\t\t\t\t<\/span><span class='av-structured-data'  itemprop=\"author\" itemscope=\"itemscope\" itemtype=\"https:\/\/schema.org\/Person\" ><span itemprop='name'>Michelle<\/span><\/span><span class='av-structured-data'  itemprop=\"datePublished\" datetime=\"2022-03-30T16:30:22+02:00\" >2026-01-08 11:25:34<\/span><span class='av-structured-data'  itemprop=\"dateModified\" itemtype=\"https:\/\/schema.org\/dateModified\" >2026-01-08 11:28:11<\/span><span class='av-structured-data'  itemprop=\"mainEntityOfPage\" itemtype=\"https:\/\/schema.org\/mainEntityOfPage\" ><span itemprop='name'>\u201eDer Prozess hat uns als Schule richtig gutgetan\u201c<\/span><\/span><\/span><\/article><\/div><\/div><div class='avia-slideshow-arrows avia-slideshow-controls' ><a href='#prev' class='prev-slide ' data-av_icon='\ue87c' data-av_iconfont='entypo-fontello' aria-hidden=\"true\" title=\"Zur\u00fcck\" desc=\"Zur\u00fcck\" tabindex='-1' ><span class='avia_hidden_link_text'>Zur\u00fcck<\/span><\/a><a href='#next' class='next-slide ' data-av_icon='\ue87d' data-av_iconfont='entypo-fontello' aria-hidden=\"true\" title=\"Weiter\" desc=\"Weiter\" tabindex='-1' ><span class='avia_hidden_link_text'>Weiter<\/span><\/a><\/div><\/div>\n<\/div><\/div><\/div><!-- close content main div --><\/div><\/div><div id='after_section_3'  class='main_color av_default_container_wrap container_wrap sidebar_right'  ><div class='container av-section-cont-open' ><div class='template-page content  av-content-small alpha units'><div class='post-entry post-entry-type-page post-entry-32002'><div class='entry-content-wrapper clearfix'><\/p>\n","protected":false},"excerpt":{"rendered":"<p>Hier finden Lehrkr\u00e4fte wichtige Quellen, Materialien und Informationen rund um Hilfsangebote zur gelingenden Integration.<\/p>\n","protected":false},"author":16,"featured_media":24485,"comment_status":"closed","ping_status":"open","sticky":false,"template":"","format":"standard","meta":{"_monsterinsights_skip_tracking":false,"_monsterinsights_sitenote_active":false,"_monsterinsights_sitenote_note":"","_monsterinsights_sitenote_category":0,"_uf_show_specific_survey":0,"_uf_disable_surveys":false,"footnotes":""},"categories":[166,168],"tags":[1029,1028],"class_list":["post-32002","post","type-post","status-publish","format-standard","has-post-thumbnail","hentry","category-digitale-bildung","category-lehrerbildung","tag-krieg","tag-ukrainekrieg"],"acf":[],"yoast_head":"<!-- This site is optimized with the Yoast SEO Premium plugin v26.2 (Yoast SEO v27.4) - https:\/\/yoast.com\/product\/yoast-seo-premium-wordpress\/ -->\n<title>Unterst\u00fctzung ukrainischer Sch\u00fcler*innen \u2013 Ankommen, Integration &amp; Materialtipps<\/title>\n<meta name=\"description\" content=\"Hier finden Lehrkr\u00e4fte wichtige Quellen, Materialien und Informationen rund um Hilfsangebote zur gelingenden Integration.\" \/>\n<meta name=\"robots\" content=\"index, follow, max-snippet:-1, max-image-preview:large, max-video-preview:-1\" \/>\n<link rel=\"canonical\" href=\"https:\/\/fobizz.com\/de\/unterstuetzung-ukrainischer-schuelerinnen-ankommen-integration-materialtipps\/\" \/>\n<meta name=\"twitter:card\" content=\"summary_large_image\" \/>\n<meta name=\"twitter:title\" content=\"Unterst\u00fctzung ukrainischer Sch\u00fcler*innen \u2013 Ankommen, Integration &amp; Materialtipps\" \/>\n<meta name=\"twitter:description\" content=\"Hier finden Lehrkr\u00e4fte wichtige Quellen, Materialien und Informationen rund um Hilfsangebote zur gelingenden Integration.\" \/>\n<meta name=\"twitter:image\" content=\"https:\/\/fobizz.com\/wp-content\/uploads\/2022\/03\/Ukraine-Material-scaled.jpg\" \/>\n<meta name=\"twitter:creator\" content=\"@fobizz\" \/>\n<meta name=\"twitter:site\" content=\"@fobizz\" \/>\n<meta name=\"twitter:label1\" content=\"Verfasst von\" \/>\n\t<meta name=\"twitter:data1\" content=\"Michelle\" \/>\n\t<meta name=\"twitter:label2\" content=\"Gesch\u00e4tzte Lesezeit\" \/>\n\t<meta name=\"twitter:data2\" content=\"7\u00a0Minuten\" \/>\n<script type=\"application\/ld+json\" class=\"yoast-schema-graph\">{\"@context\":\"https:\\\/\\\/schema.org\",\"@graph\":[{\"@type\":\"Article\",\"@id\":\"https:\\\/\\\/fobizz.com\\\/de\\\/unterstuetzung-ukrainischer-schuelerinnen-ankommen-integration-materialtipps\\\/#article\",\"isPartOf\":{\"@id\":\"https:\\\/\\\/fobizz.com\\\/de\\\/unterstuetzung-ukrainischer-schuelerinnen-ankommen-integration-materialtipps\\\/\"},\"author\":{\"name\":\"Michelle\",\"@id\":\"https:\\\/\\\/fobizz.com\\\/de\\\/#\\\/schema\\\/person\\\/f400eeba4d469a7edad821c7f455c853\"},\"headline\":\"Unterst\u00fctzung ukrainischer Sch\u00fcler*innen \u2013 Ankommen, Integration &#038; Materialtipps\",\"datePublished\":\"2022-03-30T14:30:22+00:00\",\"dateModified\":\"2022-12-21T15:31:50+00:00\",\"mainEntityOfPage\":{\"@id\":\"https:\\\/\\\/fobizz.com\\\/de\\\/unterstuetzung-ukrainischer-schuelerinnen-ankommen-integration-materialtipps\\\/\"},\"wordCount\":2092,\"publisher\":{\"@id\":\"https:\\\/\\\/fobizz.com\\\/de\\\/#organization\"},\"image\":{\"@id\":\"https:\\\/\\\/fobizz.com\\\/de\\\/unterstuetzung-ukrainischer-schuelerinnen-ankommen-integration-materialtipps\\\/#primaryimage\"},\"thumbnailUrl\":\"https:\\\/\\\/fobizz.com\\\/wp-content\\\/uploads\\\/2022\\\/03\\\/Ukraine-Material-scaled.jpg\",\"keywords\":[\"Krieg\",\"Ukrainekrieg\"],\"articleSection\":[\"Digitale Bildung\",\"Lehrerbildung\"],\"inLanguage\":\"de\"},{\"@type\":\"WebPage\",\"@id\":\"https:\\\/\\\/fobizz.com\\\/de\\\/unterstuetzung-ukrainischer-schuelerinnen-ankommen-integration-materialtipps\\\/\",\"url\":\"https:\\\/\\\/fobizz.com\\\/de\\\/unterstuetzung-ukrainischer-schuelerinnen-ankommen-integration-materialtipps\\\/\",\"name\":\"Unterst\u00fctzung ukrainischer Sch\u00fcler*innen \u2013 Ankommen, Integration & Materialtipps\",\"isPartOf\":{\"@id\":\"https:\\\/\\\/fobizz.com\\\/de\\\/#website\"},\"primaryImageOfPage\":{\"@id\":\"https:\\\/\\\/fobizz.com\\\/de\\\/unterstuetzung-ukrainischer-schuelerinnen-ankommen-integration-materialtipps\\\/#primaryimage\"},\"image\":{\"@id\":\"https:\\\/\\\/fobizz.com\\\/de\\\/unterstuetzung-ukrainischer-schuelerinnen-ankommen-integration-materialtipps\\\/#primaryimage\"},\"thumbnailUrl\":\"https:\\\/\\\/fobizz.com\\\/wp-content\\\/uploads\\\/2022\\\/03\\\/Ukraine-Material-scaled.jpg\",\"datePublished\":\"2022-03-30T14:30:22+00:00\",\"dateModified\":\"2022-12-21T15:31:50+00:00\",\"description\":\"Hier finden Lehrkr\u00e4fte wichtige Quellen, Materialien und Informationen rund um Hilfsangebote zur gelingenden Integration.\",\"breadcrumb\":{\"@id\":\"https:\\\/\\\/fobizz.com\\\/de\\\/unterstuetzung-ukrainischer-schuelerinnen-ankommen-integration-materialtipps\\\/#breadcrumb\"},\"inLanguage\":\"de\",\"potentialAction\":[{\"@type\":\"ReadAction\",\"target\":[\"https:\\\/\\\/fobizz.com\\\/de\\\/unterstuetzung-ukrainischer-schuelerinnen-ankommen-integration-materialtipps\\\/\"]}]},{\"@type\":\"ImageObject\",\"inLanguage\":\"de\",\"@id\":\"https:\\\/\\\/fobizz.com\\\/de\\\/unterstuetzung-ukrainischer-schuelerinnen-ankommen-integration-materialtipps\\\/#primaryimage\",\"url\":\"https:\\\/\\\/fobizz.com\\\/wp-content\\\/uploads\\\/2022\\\/03\\\/Ukraine-Material-scaled.jpg\",\"contentUrl\":\"https:\\\/\\\/fobizz.com\\\/wp-content\\\/uploads\\\/2022\\\/03\\\/Ukraine-Material-scaled.jpg\",\"width\":2560,\"height\":1714,\"caption\":\"Ukraine Hand\"},{\"@type\":\"BreadcrumbList\",\"@id\":\"https:\\\/\\\/fobizz.com\\\/de\\\/unterstuetzung-ukrainischer-schuelerinnen-ankommen-integration-materialtipps\\\/#breadcrumb\",\"itemListElement\":[{\"@type\":\"ListItem\",\"position\":1,\"name\":\"Startseite\",\"item\":\"https:\\\/\\\/fobizz.com\\\/de\\\/startpage\\\/\"},{\"@type\":\"ListItem\",\"position\":2,\"name\":\"Unterst\u00fctzung ukrainischer Sch\u00fcler*innen \u2013 Ankommen, Integration &#038; Materialtipps\"}]},{\"@type\":\"WebSite\",\"@id\":\"https:\\\/\\\/fobizz.com\\\/de\\\/#website\",\"url\":\"https:\\\/\\\/fobizz.com\\\/de\\\/\",\"name\":\"fobizz\",\"description\":\"AI &amp; digital Tools for Teachers\",\"publisher\":{\"@id\":\"https:\\\/\\\/fobizz.com\\\/de\\\/#organization\"},\"potentialAction\":[{\"@type\":\"SearchAction\",\"target\":{\"@type\":\"EntryPoint\",\"urlTemplate\":\"https:\\\/\\\/fobizz.com\\\/de\\\/?s={search_term_string}\"},\"query-input\":{\"@type\":\"PropertyValueSpecification\",\"valueRequired\":true,\"valueName\":\"search_term_string\"}}],\"inLanguage\":\"de\"},{\"@type\":\"Organization\",\"@id\":\"https:\\\/\\\/fobizz.com\\\/de\\\/#organization\",\"name\":\"fobizz\",\"url\":\"https:\\\/\\\/fobizz.com\\\/de\\\/\",\"logo\":{\"@type\":\"ImageObject\",\"inLanguage\":\"de\",\"@id\":\"https:\\\/\\\/fobizz.com\\\/de\\\/#\\\/schema\\\/logo\\\/image\\\/\",\"url\":\"https:\\\/\\\/fobizz.com\\\/wp-content\\\/uploads\\\/2023\\\/07\\\/fobi_autor_fobizz.png\",\"contentUrl\":\"https:\\\/\\\/fobizz.com\\\/wp-content\\\/uploads\\\/2023\\\/07\\\/fobi_autor_fobizz.png\",\"width\":200,\"height\":200,\"caption\":\"fobizz\"},\"image\":{\"@id\":\"https:\\\/\\\/fobizz.com\\\/de\\\/#\\\/schema\\\/logo\\\/image\\\/\"},\"sameAs\":[\"https:\\\/\\\/www.facebook.com\\\/fobizz\\\/\",\"https:\\\/\\\/x.com\\\/fobizz\",\"https:\\\/\\\/www.instagram.com\\\/fobizz_com\\\/\",\"https:\\\/\\\/www.youtube.com\\\/@fobizz702\",\"https:\\\/\\\/www.pinterest.de\\\/fobizz_com\"]},{\"@type\":\"Person\",\"@id\":\"https:\\\/\\\/fobizz.com\\\/de\\\/#\\\/schema\\\/person\\\/f400eeba4d469a7edad821c7f455c853\",\"name\":\"Michelle\",\"image\":{\"@type\":\"ImageObject\",\"inLanguage\":\"de\",\"@id\":\"https:\\\/\\\/secure.gravatar.com\\\/avatar\\\/7aaaac468c9eca874b4ebc81aa8bc1b1c23912318a2d136f6f17892f60098c1d?s=96&d=mm&r=g\",\"url\":\"https:\\\/\\\/secure.gravatar.com\\\/avatar\\\/7aaaac468c9eca874b4ebc81aa8bc1b1c23912318a2d136f6f17892f60098c1d?s=96&d=mm&r=g\",\"contentUrl\":\"https:\\\/\\\/secure.gravatar.com\\\/avatar\\\/7aaaac468c9eca874b4ebc81aa8bc1b1c23912318a2d136f6f17892f60098c1d?s=96&d=mm&r=g\",\"caption\":\"Michelle\"},\"url\":\"https:\\\/\\\/fobizz.com\\\/de\\\/author\\\/michelle\\\/\"}]}<\/script>\n<!-- \/ Yoast SEO Premium plugin. -->","yoast_head_json":{"title":"Unterst\u00fctzung ukrainischer Sch\u00fcler*innen \u2013 Ankommen, Integration & Materialtipps","description":"Hier finden Lehrkr\u00e4fte wichtige Quellen, Materialien und Informationen rund um Hilfsangebote zur gelingenden Integration.","robots":{"index":"index","follow":"follow","max-snippet":"max-snippet:-1","max-image-preview":"max-image-preview:large","max-video-preview":"max-video-preview:-1"},"canonical":"https:\/\/fobizz.com\/de\/unterstuetzung-ukrainischer-schuelerinnen-ankommen-integration-materialtipps\/","twitter_card":"summary_large_image","twitter_title":"Unterst\u00fctzung ukrainischer Sch\u00fcler*innen \u2013 Ankommen, Integration & Materialtipps","twitter_description":"Hier finden Lehrkr\u00e4fte wichtige Quellen, Materialien und Informationen rund um Hilfsangebote zur gelingenden Integration.","twitter_image":"https:\/\/fobizz.com\/wp-content\/uploads\/2022\/03\/Ukraine-Material-scaled.jpg","twitter_creator":"@fobizz","twitter_site":"@fobizz","twitter_misc":{"Verfasst von":"Michelle","Gesch\u00e4tzte Lesezeit":"7\u00a0Minuten"},"schema":{"@context":"https:\/\/schema.org","@graph":[{"@type":"Article","@id":"https:\/\/fobizz.com\/de\/unterstuetzung-ukrainischer-schuelerinnen-ankommen-integration-materialtipps\/#article","isPartOf":{"@id":"https:\/\/fobizz.com\/de\/unterstuetzung-ukrainischer-schuelerinnen-ankommen-integration-materialtipps\/"},"author":{"name":"Michelle","@id":"https:\/\/fobizz.com\/de\/#\/schema\/person\/f400eeba4d469a7edad821c7f455c853"},"headline":"Unterst\u00fctzung ukrainischer Sch\u00fcler*innen \u2013 Ankommen, Integration &#038; Materialtipps","datePublished":"2022-03-30T14:30:22+00:00","dateModified":"2022-12-21T15:31:50+00:00","mainEntityOfPage":{"@id":"https:\/\/fobizz.com\/de\/unterstuetzung-ukrainischer-schuelerinnen-ankommen-integration-materialtipps\/"},"wordCount":2092,"publisher":{"@id":"https:\/\/fobizz.com\/de\/#organization"},"image":{"@id":"https:\/\/fobizz.com\/de\/unterstuetzung-ukrainischer-schuelerinnen-ankommen-integration-materialtipps\/#primaryimage"},"thumbnailUrl":"https:\/\/fobizz.com\/wp-content\/uploads\/2022\/03\/Ukraine-Material-scaled.jpg","keywords":["Krieg","Ukrainekrieg"],"articleSection":["Digitale Bildung","Lehrerbildung"],"inLanguage":"de"},{"@type":"WebPage","@id":"https:\/\/fobizz.com\/de\/unterstuetzung-ukrainischer-schuelerinnen-ankommen-integration-materialtipps\/","url":"https:\/\/fobizz.com\/de\/unterstuetzung-ukrainischer-schuelerinnen-ankommen-integration-materialtipps\/","name":"Unterst\u00fctzung ukrainischer Sch\u00fcler*innen \u2013 Ankommen, Integration & Materialtipps","isPartOf":{"@id":"https:\/\/fobizz.com\/de\/#website"},"primaryImageOfPage":{"@id":"https:\/\/fobizz.com\/de\/unterstuetzung-ukrainischer-schuelerinnen-ankommen-integration-materialtipps\/#primaryimage"},"image":{"@id":"https:\/\/fobizz.com\/de\/unterstuetzung-ukrainischer-schuelerinnen-ankommen-integration-materialtipps\/#primaryimage"},"thumbnailUrl":"https:\/\/fobizz.com\/wp-content\/uploads\/2022\/03\/Ukraine-Material-scaled.jpg","datePublished":"2022-03-30T14:30:22+00:00","dateModified":"2022-12-21T15:31:50+00:00","description":"Hier finden Lehrkr\u00e4fte wichtige Quellen, Materialien und Informationen rund um Hilfsangebote zur gelingenden Integration.","breadcrumb":{"@id":"https:\/\/fobizz.com\/de\/unterstuetzung-ukrainischer-schuelerinnen-ankommen-integration-materialtipps\/#breadcrumb"},"inLanguage":"de","potentialAction":[{"@type":"ReadAction","target":["https:\/\/fobizz.com\/de\/unterstuetzung-ukrainischer-schuelerinnen-ankommen-integration-materialtipps\/"]}]},{"@type":"ImageObject","inLanguage":"de","@id":"https:\/\/fobizz.com\/de\/unterstuetzung-ukrainischer-schuelerinnen-ankommen-integration-materialtipps\/#primaryimage","url":"https:\/\/fobizz.com\/wp-content\/uploads\/2022\/03\/Ukraine-Material-scaled.jpg","contentUrl":"https:\/\/fobizz.com\/wp-content\/uploads\/2022\/03\/Ukraine-Material-scaled.jpg","width":2560,"height":1714,"caption":"Ukraine Hand"},{"@type":"BreadcrumbList","@id":"https:\/\/fobizz.com\/de\/unterstuetzung-ukrainischer-schuelerinnen-ankommen-integration-materialtipps\/#breadcrumb","itemListElement":[{"@type":"ListItem","position":1,"name":"Startseite","item":"https:\/\/fobizz.com\/de\/startpage\/"},{"@type":"ListItem","position":2,"name":"Unterst\u00fctzung ukrainischer Sch\u00fcler*innen \u2013 Ankommen, Integration &#038; Materialtipps"}]},{"@type":"WebSite","@id":"https:\/\/fobizz.com\/de\/#website","url":"https:\/\/fobizz.com\/de\/","name":"fobizz","description":"AI &amp; digital Tools for Teachers","publisher":{"@id":"https:\/\/fobizz.com\/de\/#organization"},"potentialAction":[{"@type":"SearchAction","target":{"@type":"EntryPoint","urlTemplate":"https:\/\/fobizz.com\/de\/?s={search_term_string}"},"query-input":{"@type":"PropertyValueSpecification","valueRequired":true,"valueName":"search_term_string"}}],"inLanguage":"de"},{"@type":"Organization","@id":"https:\/\/fobizz.com\/de\/#organization","name":"fobizz","url":"https:\/\/fobizz.com\/de\/","logo":{"@type":"ImageObject","inLanguage":"de","@id":"https:\/\/fobizz.com\/de\/#\/schema\/logo\/image\/","url":"https:\/\/fobizz.com\/wp-content\/uploads\/2023\/07\/fobi_autor_fobizz.png","contentUrl":"https:\/\/fobizz.com\/wp-content\/uploads\/2023\/07\/fobi_autor_fobizz.png","width":200,"height":200,"caption":"fobizz"},"image":{"@id":"https:\/\/fobizz.com\/de\/#\/schema\/logo\/image\/"},"sameAs":["https:\/\/www.facebook.com\/fobizz\/","https:\/\/x.com\/fobizz","https:\/\/www.instagram.com\/fobizz_com\/","https:\/\/www.youtube.com\/@fobizz702","https:\/\/www.pinterest.de\/fobizz_com"]},{"@type":"Person","@id":"https:\/\/fobizz.com\/de\/#\/schema\/person\/f400eeba4d469a7edad821c7f455c853","name":"Michelle","image":{"@type":"ImageObject","inLanguage":"de","@id":"https:\/\/secure.gravatar.com\/avatar\/7aaaac468c9eca874b4ebc81aa8bc1b1c23912318a2d136f6f17892f60098c1d?s=96&d=mm&r=g","url":"https:\/\/secure.gravatar.com\/avatar\/7aaaac468c9eca874b4ebc81aa8bc1b1c23912318a2d136f6f17892f60098c1d?s=96&d=mm&r=g","contentUrl":"https:\/\/secure.gravatar.com\/avatar\/7aaaac468c9eca874b4ebc81aa8bc1b1c23912318a2d136f6f17892f60098c1d?s=96&d=mm&r=g","caption":"Michelle"},"url":"https:\/\/fobizz.com\/de\/author\/michelle\/"}]}},"_links":{"self":[{"href":"https:\/\/fobizz.com\/de\/wp-json\/wp\/v2\/posts\/32002","targetHints":{"allow":["GET"]}}],"collection":[{"href":"https:\/\/fobizz.com\/de\/wp-json\/wp\/v2\/posts"}],"about":[{"href":"https:\/\/fobizz.com\/de\/wp-json\/wp\/v2\/types\/post"}],"author":[{"embeddable":true,"href":"https:\/\/fobizz.com\/de\/wp-json\/wp\/v2\/users\/16"}],"replies":[{"embeddable":true,"href":"https:\/\/fobizz.com\/de\/wp-json\/wp\/v2\/comments?post=32002"}],"version-history":[{"count":0,"href":"https:\/\/fobizz.com\/de\/wp-json\/wp\/v2\/posts\/32002\/revisions"}],"wp:featuredmedia":[{"embeddable":true,"href":"https:\/\/fobizz.com\/de\/wp-json\/wp\/v2\/media\/24485"}],"wp:attachment":[{"href":"https:\/\/fobizz.com\/de\/wp-json\/wp\/v2\/media?parent=32002"}],"wp:term":[{"taxonomy":"category","embeddable":true,"href":"https:\/\/fobizz.com\/de\/wp-json\/wp\/v2\/categories?post=32002"},{"taxonomy":"post_tag","embeddable":true,"href":"https:\/\/fobizz.com\/de\/wp-json\/wp\/v2\/tags?post=32002"}],"curies":[{"name":"wp","href":"https:\/\/api.w.org\/{rel}","templated":true}]}}