{"id":35033,"date":"2023-05-17T11:05:31","date_gmt":"2023-05-17T09:05:31","guid":{"rendered":"https:\/\/fobizz.com\/?p=35033"},"modified":"2023-08-09T16:57:21","modified_gmt":"2023-08-09T14:57:21","slug":"die-social-media-welt-von-schuelerinnen-verstehen","status":"publish","type":"post","link":"https:\/\/fobizz.com\/de\/die-social-media-welt-von-schuelerinnen-verstehen\/","title":{"rendered":"Die Social-Media-Welt von Sch\u00fcler*innen verstehen"},"content":{"rendered":"<div id='av_section_1'  class='avia-section av-av_section-9cd3a7ca64bd5fcf1030d2c25798811c main_color avia-section-default avia-no-border-styling  avia-builder-el-0  el_before_av_section  avia-builder-el-first  newdesign_hero-banner avia-bg-style-scroll container_wrap sidebar_right'  ><div class='container av-section-cont-open' ><main  role=\"main\" itemprop=\"mainContentOfPage\"  class='template-page content  av-content-small alpha units'><div class='post-entry post-entry-type-page post-entry-35033'><div class='entry-content-wrapper clearfix'>\n\n<style type=\"text\/css\" data-created_by=\"avia_inline_auto\" id=\"style-css-av-av_three_fifth-53b0b300fb3685750664fb085c5ad19d\">\n.flex_column.av-av_three_fifth-53b0b300fb3685750664fb085c5ad19d{\nborder-radius:0px 0px 0px 0px;\npadding:0px 0px 0px 0px;\n}\n<\/style>\n<div  class='flex_column av-av_three_fifth-53b0b300fb3685750664fb085c5ad19d av_three_fifth  avia-builder-el-1  el_before_av_two_fifth  avia-builder-el-first  first flex_column_div av-zero-column-padding  '     ><section  class='av_textblock_section av-lkv3ku5j-cf89f3c9821d0107b3ef0504d53c43ef '   itemscope=\"itemscope\" itemtype=\"https:\/\/schema.org\/BlogPosting\" itemprop=\"blogPost\" ><div class='avia_textblock newdesign_h1'  itemprop=\"text\" ><div class=\"av-special-heading av-special-heading-h1 custom-color-heading blockquote modern-quote avia-builder-el-8 el_before_av_textblock avia-builder-el-first av-thin-font \">\n<h1 class=\"av-special-heading-tag \"><strong>TikTok, Instagram und Snapchat \u2013 Die Social-Media-Welt von Sch\u00fcler*innen verstehen<\/strong><\/h1>\n<\/div>\n<\/div><\/section><br \/>\n<div  class='av-post-metadata-container av-a05q0ex-c18c4695935fc4efa98e31a270ae651f av-metadata-container-align-left  avia-builder-el-3  el_after_av_textblock  el_before_av_textblock  av-metadata-container-1'><div class='av-post-metadata-container-inner'><span class=\"av-post-metadata-content av-post-metadata-meta-content\"><span class=\"av-post-metadata-content av-post-metadata-category\"><span class=\"av-post-metadata-category-link\" ><a href=\"https:\/\/fobizz.com\/de\/category\/interview\/\" >Interview<\/a><\/span>, <span class=\"av-post-metadata-category-link\" ><a href=\"https:\/\/fobizz.com\/de\/category\/lehrerbildung\/\" >Lehrerbildung<\/a><\/span><\/span><\/span><\/div><\/div><br \/>\n<section  class='av_textblock_section av-lkv3l8q4-1864021c681e8c3d567d7791340009cb '   itemscope=\"itemscope\" itemtype=\"https:\/\/schema.org\/BlogPosting\" itemprop=\"blogPost\" ><div class='avia_textblock'  itemprop=\"text\" ><p>Im Interview mit Medienp\u00e4dagogin Kim Beck erf\u00e4hrst du, welche Bedeutung soziale Medien in der Lebenswelt unserer Sch\u00fcler*innen haben. Dabei werden sowohl Risiken als auch Chancen der Plattformen deutlich und wie wir im Unterricht durch und mit ihnen die n\u00f6tige Medienkompetenz f\u00f6rdern k\u00f6nnen \u2013 und m\u00fcssen.<\/p>\n<\/div><\/section><br \/>\n<div  class='av-post-metadata-container av-93q4tyx-4ad382639d492cab8708e8307a02cff1 av-metadata-container-align-left  avia-builder-el-5  el_after_av_textblock  avia-builder-el-last  av-metadata-container-2'><div class='av-post-metadata-container-inner'><span class=\"av-post-metadata-content av-post-metadata-meta-content\"><span class=\"av-post-metadata-content av-post-metadata-published\"><span class=\"av-post-metadata-published-date\" >16. September 2022<\/span><\/span><\/span><\/div><\/div><\/p><\/div>\n<style type=\"text\/css\" data-created_by=\"avia_inline_auto\" id=\"style-css-av-av_two_fifth-7984035d50f0055e2d8c0f71fa3ebd04\">\n.flex_column.av-av_two_fifth-7984035d50f0055e2d8c0f71fa3ebd04{\nborder-radius:0px 0px 0px 0px;\npadding:0px 0px 0px 0px;\n}\n<\/style>\n<div  class='flex_column av-av_two_fifth-7984035d50f0055e2d8c0f71fa3ebd04 av_two_fifth  avia-builder-el-6  el_after_av_three_fifth  avia-builder-el-last  flex_column_div av-zero-column-padding  '     ><style type=\"text\/css\" data-created_by=\"avia_inline_auto\" id=\"style-css-av-kuvjnvx9-da2cae4b7780ac4af37f715d36bbf625\">\n.avia-image-container.av-kuvjnvx9-da2cae4b7780ac4af37f715d36bbf625 img.avia_image{\nbox-shadow:none;\n}\n.avia-image-container.av-kuvjnvx9-da2cae4b7780ac4af37f715d36bbf625 .av-image-caption-overlay-center{\ncolor:#ffffff;\n}\n<\/style>\n<div  class='avia-image-container av-kuvjnvx9-da2cae4b7780ac4af37f715d36bbf625 av-styling- avia-align-center  avia-builder-el-7  avia-builder-el-no-sibling '   itemprop=\"image\" itemscope=\"itemscope\" itemtype=\"https:\/\/schema.org\/ImageObject\" ><div class=\"avia-image-container-inner\"><div class=\"avia-image-overlay-wrap\"><img fetchpriority=\"high\" class='wp-image-35157 avia-img-lazy-loading-not-35157 avia_image ' src='https:\/\/fobizz.com\/wp-content\/uploads\/2023\/05\/Ohne_Balken_Teaserbild_Social_Media_Welt-1030x539.jpg' alt='TikTok Medienwelten Fortbildung Titelbild' title='Ohne_Balken_Teaserbild_Social_Media_Welt'  height=\"539\" width=\"1030\"  itemprop=\"thumbnailUrl\"  \/><\/div><\/div><\/div><\/div>\n\n<\/div><\/div><\/main><!-- close content main element --><\/div><\/div><div id='av_section_2'  class='avia-section av-7hv3jrt-4344eba6b30cbd4441b1a28e93aecd6a main_color avia-section-no-padding avia-no-border-styling  avia-builder-el-8  el_after_av_section  el_before_av_section  avia-bg-style-scroll container_wrap sidebar_right'  ><div class='container av-section-cont-open' ><div class='template-page content  av-content-small alpha units'><div class='post-entry post-entry-type-page post-entry-35033'><div class='entry-content-wrapper clearfix'>\n<div  class='hr av-75yfg7t-965306f8e8db3367bf8ad05826a9305d hr-default  avia-builder-el-9  avia-builder-el-no-sibling '><span class='hr-inner '><span class=\"hr-inner-style\"><\/span><\/span><\/div>\n\n<\/div><\/div><\/div><!-- close content main div --><\/div><\/div><div id='av_section_3'  class='avia-section av-6qphsgp-3bddb951a928bd41017ef44b61a63cbe main_color avia-section-default avia-no-border-styling  avia-builder-el-10  el_after_av_section  el_before_av_section  newdesign-post-content avia-bg-style-scroll container_wrap sidebar_right'  ><div class='container av-section-cont-open' ><div class='template-page content  av-content-small alpha units'><div class='post-entry post-entry-type-page post-entry-35033'><div class='entry-content-wrapper clearfix'>\n<div  class='flex_column av-63pmjsp-589da4446aa9939d15b0b135d5a3b580 av_one_full  avia-builder-el-11  el_before_av_three_fourth  avia-builder-el-first  first flex_column_div  '     ><section  class='av_textblock_section av-lkv3mfkb-6a5b0e1bdf16089e4c77b1ea677440f3 '   itemscope=\"itemscope\" itemtype=\"https:\/\/schema.org\/BlogPosting\" itemprop=\"blogPost\" ><div class='avia_textblock'  itemprop=\"text\" ><h2><strong>Social Media ist nahezu jedem ein Begriff. Doch welche Bedeutung haben Snapchat, Instagram, TikTok und Co. gerade f\u00fcr Jugendliche &amp; Kinder?<\/strong><\/h2>\n<p><strong>Kim Beck: <\/strong> Kinder und Jugendliche nutzen diese Dienste entlang ihrer aktuellen und individuellen Bed\u00fcrfnisse. Das hei\u00dft, die gleiche App kann f\u00fcr unterschiedliche Jugendliche unterschiedliche Bedeutungen haben. Manche sehen die Apps prim\u00e4r als Unterhaltung und als M\u00f6glichkeit, dem eigenen Alltag zu entfliehen und den Kopf mal von Schule und Stress zu l\u00f6sen. F\u00fcr andere Jugendliche sind die Apps wichtig, weil sie damit Kontakt zu Gleichaltrigen herstellen und pflegen k\u00f6nnen. Wer am n\u00e4chsten Tag in der Pause mitreden will, will nat\u00fcrlich wissen, was gestern auf TikTok und Instagram los war.<\/p>\n<p>Dazu kann es auch geh\u00f6ren, aktuelle Memes und Trends der Plattformen zu kennen. Ein weiterer zentraler Faktor, der Kinder und Jugendliche eint, ist das Finden von Orientierung und Inspiration. Auf den Plattformen finden sie Vorbilder, von denen sie sich einiges abschauen k\u00f6nnen. Au\u00dferdem k\u00f6nnen sie nat\u00fcrlich auch selbst aktiv und kreativ werden und sich ausprobieren. Das ist ein zentrales Element der Identit\u00e4tsarbeit im Jugendalter. Auf die Selbstdarstellung erh\u00e4lt man auf Social-Media zudem sehr schnell Feedback und kann dann einsch\u00e4tzen, was gerade gut und was weniger gut bei der Peergroup ankommt.<\/p>\n<\/div><\/section><\/div><div  class='flex_column av-av_three_fourth-048119fdb636ea3d70edc0b975509c6c av_three_fourth  avia-builder-el-13  el_after_av_one_full  el_before_av_one_full  first flex_column_div  column-top-margin'     ><style type=\"text\/css\" data-created_by=\"avia_inline_auto\" id=\"style-css-av-av_image-642d73bc1dbfbda583e94ee5c701ca2d\">\n.avia-image-container.av-av_image-642d73bc1dbfbda583e94ee5c701ca2d img.avia_image{\nbox-shadow:none;\n}\n.avia-image-container.av-av_image-642d73bc1dbfbda583e94ee5c701ca2d .av-image-caption-overlay-center{\ncolor:#ffffff;\n}\n<\/style>\n<div  class='avia-image-container av-av_image-642d73bc1dbfbda583e94ee5c701ca2d av-styling- avia-align-center  avia-builder-el-14  avia-builder-el-no-sibling '   itemprop=\"image\" itemscope=\"itemscope\" itemtype=\"https:\/\/schema.org\/ImageObject\" ><div class=\"avia-image-container-inner\"><div class=\"avia-image-overlay-wrap\"><img fetchpriority=\"high\" class='wp-image-35038 avia-img-lazy-loading-not-35038 avia_image ' src='https:\/\/fobizz.com\/wp-content\/uploads\/2023\/04\/pexels-tracy-le-blanc-607812-1030x687.jpg' alt='TikTok Medienwelten Interviewbild' title='Interviewbild Tik Tok'  height=\"687\" width=\"1030\"  itemprop=\"thumbnailUrl\"  \/><\/div><\/div><\/div><\/div><div  class='flex_column av-av_one_full-048119fdb636ea3d70edc0b975509c6c av_one_full  avia-builder-el-15  el_after_av_three_fourth  avia-builder-el-last  first flex_column_div  column-top-margin'     ><section  class='av_textblock_section av-av_textblock-564067357eb74c20cdd60b282c9b50bd '   itemscope=\"itemscope\" itemtype=\"https:\/\/schema.org\/BlogPosting\" itemprop=\"blogPost\" ><div class='avia_textblock'  itemprop=\"text\" ><h2><strong>Warum ist es so wichtig, dass sich Lehrkr\u00e4fte mit den medialen Lebenswelten der Sch\u00fcler*innen auseinandersetzen?<\/strong><\/h2>\n<p><strong>Kim Beck: <\/strong> W\u00e4hrend wir h\u00e4ufig noch zwischen medialer und realer Lebenswelt unterscheiden, gibt es diese Trennung f\u00fcr junge Menschen l\u00e4ngst nicht mehr. Medien, allen voran Social-Media-Dienste wie Instagram, TikTok und Snapchat sind ein selbstverst\u00e4ndlicher Teil der Lebenswelt von Jugendlichen. Hier passieren f\u00fcr sie ganz essenzielle Dinge, hier spielt sich ein gro\u00dfer Teil ihres Alltags ab. Das, was sie hier erleben, bringen sie auch mit in den Klassenraum. Gibt es \u00c4rger oder Probleme auf Insta, dann wirkt sich das unter Umst\u00e4nden auf das Klassenklima oder die Leistung einzelner Sch\u00fcler*innen aus. Wer nachts stundenlang auf TikTok verbringt, kann in der Schule kaum konzentriert sein. Mit Sch\u00fcler*innen pr\u00e4ventiv \u00fcber diese Dienste zu sprechen ist also allein deshalb schon wichtig, weil man so eine gute Lern- und Arbeitsatmosph\u00e4re schafft.<\/p>\n<p>Au\u00dferdem ist nicht zu vergessen, dass ein Gro\u00dfteil der Jugendlichen jetzt schon angibt, Instagram sei f\u00fcr sie eine der wichtigsten Nachrichtenquellen. Wenn Sch\u00fcler*innen ihre Informationen mehr und mehr aus Social-Media-Apps beziehen, so ist es wichtig, sie dabei zu begleiten. Mit einem vereinfachten \u201eInformationen aus Social-Media kann man nicht trauen\u201c spricht man an der Realit\u00e4t vorbei. Sinnvoller ist es da, selbst gute Accounts empfehlen zu k\u00f6nnen und aufzuzeigen, warum man diese empfiehlt.<\/p>\n<\/div><\/section><\/div>\n\n<\/div><\/div><\/div><!-- close content main div --><\/div><\/div>\n<style type=\"text\/css\" data-created_by=\"avia_inline_auto\" id=\"style-css-av-av_section-0055df5a30855f157461da99d62ad91e\">\n.avia-section.av-av_section-0055df5a30855f157461da99d62ad91e{\nbackground-color:#d2f0f1;\nbackground-image:unset;\n}\n<\/style>\n<div id='av_section_4'  class='avia-section av-av_section-0055df5a30855f157461da99d62ad91e main_color avia-section-default avia-no-border-styling  avia-builder-el-17  el_after_av_section  el_before_av_section  newdesign_image_content avia-bg-style-scroll container_wrap sidebar_right'  ><div class='container av-section-cont-open' ><div class='template-page content  av-content-small alpha units'><div class='post-entry post-entry-type-page post-entry-35033'><div class='entry-content-wrapper clearfix'>\n<div class='flex_column_table av-av_one_half-b919bd0700b63f320c9354be5b9f02a5 sc-av_one_half av-equal-height-column-flextable'>\n<style type=\"text\/css\" data-created_by=\"avia_inline_auto\" id=\"style-css-av-av_one_half-b919bd0700b63f320c9354be5b9f02a5\">\n.flex_column.av-av_one_half-b919bd0700b63f320c9354be5b9f02a5{\nborder-radius:0px 0px 0px 0px;\npadding:0px 0px 0px 0px;\n}\n<\/style>\n<div  class='flex_column av-av_one_half-b919bd0700b63f320c9354be5b9f02a5 av_one_half  avia-builder-el-18  el_before_av_one_half  avia-builder-el-first  newdesign_image-column first flex_column_table_cell av-equal-height-column av-align-middle av-zero-column-padding  '     ><style type=\"text\/css\" data-created_by=\"avia_inline_auto\" id=\"style-css-av-knkb2gm3-5d2514b4926454970d6e5d02c12f1860\">\n.avia-image-container.av-knkb2gm3-5d2514b4926454970d6e5d02c12f1860 img.avia_image{\nbox-shadow:none;\n}\n.avia-image-container.av-knkb2gm3-5d2514b4926454970d6e5d02c12f1860 .av-image-caption-overlay-center{\ncolor:#ffffff;\n}\n<\/style>\n<div  class='avia-image-container av-knkb2gm3-5d2514b4926454970d6e5d02c12f1860 av-styling- avia-align-center  avia-builder-el-19  avia-builder-el-no-sibling '   itemprop=\"image\" itemscope=\"itemscope\" itemtype=\"https:\/\/schema.org\/ImageObject\" ><div class=\"avia-image-container-inner\"><div class=\"avia-image-overlay-wrap\"><img fetchpriority=\"high\" class='wp-image-35018 avia-img-lazy-loading-not-35018 avia_image ' src='https:\/\/fobizz.com\/wp-content\/uploads\/2023\/04\/kim-180x180.webp' alt='Autorenbild Kim Beck neu' title='Ki Beck'  height=\"180\" width=\"180\"  itemprop=\"thumbnailUrl\"  \/><\/div><\/div><\/div><\/div><div class='av-flex-placeholder'><\/div>\n<style type=\"text\/css\" data-created_by=\"avia_inline_auto\" id=\"style-css-av-av_one_half-1ec78bc27f38fc2cc80f8d99cf6becbe\">\n.flex_column.av-av_one_half-1ec78bc27f38fc2cc80f8d99cf6becbe{\nborder-radius:0 0 0 0;\npadding:0px 0px 0px 0px;\n}\n<\/style>\n<div  class='flex_column av-av_one_half-1ec78bc27f38fc2cc80f8d99cf6becbe av_one_half  avia-builder-el-20  el_after_av_one_half  avia-builder-el-last  flex_column_table_cell av-equal-height-column av-align-middle av-zero-column-padding  '     ><section  class='av_textblock_section av-2fgxsid-7dd25fbef7b942f9518237f7097cfde3 '   itemscope=\"itemscope\" itemtype=\"https:\/\/schema.org\/BlogPosting\" itemprop=\"blogPost\" ><div class='avia_textblock'  itemprop=\"text\" ><p><strong>Kim Beck<\/strong> ist Medienp\u00e4dagogin und zusammen mit Natascha K\u00f6nches regelm\u00e4\u00dfig im Medienkompetenz-Podcast <a href=\"https:\/\/medially.podigee.io\/\">medially<\/a> zu h\u00f6ren. Sie arbeitet in der medienp\u00e4dagogischen Praxis intensiv mit Kindern, Jugendlichen sowie Fachkr\u00e4ften und Eltern zusammen. Kim Beck konzipiert au\u00dferdem Unterrichtsmaterialien, mit denen Lehrkr\u00e4fte aktuelle mediale Ph\u00e4nomene rund um das Internet, Smartphones und Apps in der Schule thematisieren k\u00f6nnen.<\/p>\n<\/div><\/section><\/div><\/div><!--close column table wrapper. Autoclose: 1 --><\/div><\/div><\/div><!-- close content main div --><\/div><\/div><div id='av_section_5'  class='avia-section av-3dwvpzt-17cffdc82c0b29c4ead8cf3da90060c3 main_color avia-section-default avia-no-border-styling  avia-builder-el-22  el_after_av_section  el_before_av_section  newdesign-post-content avia-bg-style-scroll container_wrap sidebar_right'  ><div class='container av-section-cont-open' ><div class='template-page content  av-content-small alpha units'><div class='post-entry post-entry-type-page post-entry-35033'><div class='entry-content-wrapper clearfix'>\n<div class='flex_column_table av-lkv3y002-e736722bc1ba7118b29a8137b45c5dc4 sc-av_three_fourth av-equal-height-column-flextable'><div  class='flex_column av-lkv3y002-e736722bc1ba7118b29a8137b45c5dc4 av_three_fourth  avia-builder-el-23  el_before_av_one_fourth  avia-builder-el-first  first flex_column_table_cell av-equal-height-column av-align-middle  '     ><section  class='av_textblock_section av-lkv3ry3a-75ba6878658a05a1c8057c93abc0045e '   itemscope=\"itemscope\" itemtype=\"https:\/\/schema.org\/BlogPosting\" itemprop=\"blogPost\" ><div class='avia_textblock'  itemprop=\"text\" ><h2><strong>Worin besteht deiner Meinung nach die gr\u00f6\u00dfte Chance von Social Media und worin das gr\u00f6\u00dfte Risiko?<\/strong><\/h2>\n<p><strong>Kim Beck: <\/strong>Das ist sehr schwierig zu beantworten. Im Moment sehe ich die gr\u00f6\u00dfte Chance darin, dass Jugendliche durch Social-Media die M\u00f6glichkeit haben, wahnsinnig viel zu sehen und auszuprobieren. Sie k\u00f6nnen \u00fcber die Apps alle m\u00f6glichen Interessen, Hobbys und Lebensentw\u00fcrfe kennenlernen, die in ihrem eigenen Leben vielleicht (noch) keine Rolle spielen. Das kann Akzeptanz und Austausch schaffen. Eine gro\u00dfe Gefahr sehe ich darin, alle Verantwortung abzugeben und sich den Algorithmen der Plattformen ausgeliefert zu sehen. Stattdessen w\u00fcrde ich mir w\u00fcnschen, dass wir Jugendliche dabei unterst\u00fctzen, aktive und selbstbestimmte Nutzer*innen der Plattformen zu sein. Tats\u00e4chlich k\u00f6nnen sie schlie\u00dflich mitbestimmen, welche Inhalte erfolgreich werden und wie Social-Media in der Zukunft aussehen soll.<\/p>\n<\/div><\/section><\/div><div class='av-flex-placeholder'><\/div><div  class='flex_column av-zdwd5-45b1b8d5ba9b188bc902faf5a09c6f4f av_one_fourth  avia-builder-el-25  el_after_av_three_fourth  el_before_av_one_full  flex_column_table_cell av-equal-height-column av-align-middle  '     ><style type=\"text\/css\" data-created_by=\"avia_inline_auto\" id=\"style-css-av-1x57y49-af6292ac0298fdafe7eb38b52a6ca8bf\">\n.avia-image-container.av-1x57y49-af6292ac0298fdafe7eb38b52a6ca8bf img.avia_image{\nbox-shadow:none;\n}\n.avia-image-container.av-1x57y49-af6292ac0298fdafe7eb38b52a6ca8bf .av-image-caption-overlay-center{\ncolor:#ffffff;\n}\n<\/style>\n<div  class='avia-image-container av-1x57y49-af6292ac0298fdafe7eb38b52a6ca8bf av-styling- avia-align-center  avia-builder-el-26  avia-builder-el-no-sibling '   itemprop=\"image\" itemscope=\"itemscope\" itemtype=\"https:\/\/schema.org\/ImageObject\" ><div class=\"avia-image-container-inner\"><div class=\"avia-image-overlay-wrap\"><img fetchpriority=\"high\" class='wp-image-35039 avia-img-lazy-loading-not-35039 avia_image ' src='https:\/\/fobizz.com\/wp-content\/uploads\/2023\/04\/pexels-pixabay-267355-1030x688.jpg' alt='TikTok Medienwelten Interviewbild' title=''  height=\"688\" width=\"1030\"  itemprop=\"thumbnailUrl\"  \/><\/div><\/div><\/div><\/div><\/div><!--close column table wrapper. Autoclose: 1 --><div class='flex_column_table av-av_one_full-bc58666e8a381f11ddc5c699204ac202 sc-av_one_full av-equal-height-column-flextable'><div  class='flex_column av-av_one_full-bc58666e8a381f11ddc5c699204ac202 av_one_full  avia-builder-el-27  el_after_av_one_fourth  el_before_av_one_full  first flex_column_table_cell av-equal-height-column av-align-middle  column-top-margin'     ><section  class='av_textblock_section av-av_textblock-564067357eb74c20cdd60b282c9b50bd '   itemscope=\"itemscope\" itemtype=\"https:\/\/schema.org\/BlogPosting\" itemprop=\"blogPost\" ><div class='avia_textblock'  itemprop=\"text\" ><h2><b>Die Apps unterliegen einem st\u00e4ndigen Wandel &amp; viel Bewegung. Wie bleibt man am besten Up-to-date, und erh\u00e4lt die Verbindung zu den Sch\u00fcler*innen?<\/b><\/h2>\n<p><strong>Kim Beck:<\/strong> Immer alle Trends und neuesten Updates zu kennen, ist mittlerweile eigentlich utopisch. Doch das muss \u2013 finde ich \u2013 auch gar nicht sein. Wer Nutzungsmotive und Grundfunktionen von Plattformen kennt, kann sich schnell in Ver\u00e4nderungen eindenken und auch Trends verstehen. Wenn das mal nicht klappt, sind die beste Informationsquelle immer Jugendliche selbst. Ich frage ganz oft \u201eHey, ich hab geh\u00f6rt, bei Instagram gibt\u2019s was Neues. Kann mir das mal jemand erkl\u00e4ren?\u201c oder \u201eIch checke diesen TikTok-Trend einfach nicht. Kennt ihr den schon?\u201c und lasse Jugendliche in die Expert*innenrolle schl\u00fcpfen. Manchmal gibt es auch welche, die sich total f\u00fcr die Technik hinter den Plattformen interessieren. Dieses Wissen zu nutzen ist doch super f\u00fcr alle Beteiligten. Der Austausch mit anderen interessierten Lehrkr\u00e4ften und das regelm\u00e4\u00dfige Checken von Info-Webseiten ist nat\u00fcrlich auch empfehlenswert.<\/p>\n<\/div><\/section><\/div><\/div><!--close column table wrapper. Autoclose: 1 --><div class='flex_column_table av-av_one_full-bc58666e8a381f11ddc5c699204ac202 sc-av_one_full av-equal-height-column-flextable'><div  class='flex_column av-av_one_full-bc58666e8a381f11ddc5c699204ac202 av_one_full  avia-builder-el-29  el_after_av_one_full  avia-builder-el-last  first flex_column_table_cell av-equal-height-column av-align-middle  column-top-margin'     ><section  class='av_textblock_section av-av_textblock-564067357eb74c20cdd60b282c9b50bd '   itemscope=\"itemscope\" itemtype=\"https:\/\/schema.org\/BlogPosting\" itemprop=\"blogPost\" ><div class='avia_textblock'  itemprop=\"text\" ><h2><b>Ist dir ein besonderes Erlebnis im Rahmen deiner medienp\u00e4dagogischen Arbeit im Kopf geblieben?<\/b><\/h2>\n<p><strong>Kim Beck: <\/strong>Zu viele, aber eines passiert mir immer wieder. Wenn ich mit einer Klasse \u00fcber Influencer*innen oder Trends auf Plattformen spreche, endet die Stunde leider auch irgendwann mal. Auch wenn wohl jede*r die Pause liebt, bleiben ganz oft einige Sch\u00fcler*innen noch im Klassenzimmer, bilden teilweise eine Schlange, weil sie mir noch von einer Person oder einem Trend erz\u00e4hlen wollen, der sie gerade fasziniert. Ich schlie\u00dfe daraus, dass das Bed\u00fcrfnis, \u00fcber diese Themen zu sprechen und wahrgenommen zu werden, extrem hoch ist, sich bedauerlicherweise aber kaum Erwachsene daf\u00fcr interessieren. Eine tolle Chance also, mit Jugendlichen ins Gespr\u00e4ch zu kommen!<\/p>\n<\/div><\/section><\/div><\/div><!--close column table wrapper. Autoclose: 1 -->\n<\/p>\n<\/div><\/div><\/div><!-- close content main div --><\/div><\/div>\n<style type=\"text\/css\" data-created_by=\"avia_inline_auto\" id=\"style-css-av-av_section-0055df5a30855f157461da99d62ad91e\">\n.avia-section.av-av_section-0055df5a30855f157461da99d62ad91e{\nbackground-color:#d2f0f1;\nbackground-image:unset;\n}\n<\/style>\n<div id='av_section_6'  class='avia-section av-av_section-0055df5a30855f157461da99d62ad91e main_color avia-section-default avia-no-border-styling  avia-builder-el-31  el_after_av_section  el_before_av_section  newdesign_image_content avia-bg-style-scroll container_wrap sidebar_right'  ><div class='container av-section-cont-open' ><div class='template-page content  av-content-small alpha units'><div class='post-entry post-entry-type-page post-entry-35033'><div class='entry-content-wrapper clearfix'>\n<div class='flex_column_table av-av_one_half-b919bd0700b63f320c9354be5b9f02a5 sc-av_one_half av-equal-height-column-flextable'>\n<style type=\"text\/css\" data-created_by=\"avia_inline_auto\" id=\"style-css-av-av_one_half-b919bd0700b63f320c9354be5b9f02a5\">\n.flex_column.av-av_one_half-b919bd0700b63f320c9354be5b9f02a5{\nborder-radius:0px 0px 0px 0px;\npadding:0px 0px 0px 0px;\n}\n<\/style>\n<div  class='flex_column av-av_one_half-b919bd0700b63f320c9354be5b9f02a5 av_one_half  avia-builder-el-32  el_before_av_one_half  avia-builder-el-first  newdesign_image-column first flex_column_table_cell av-equal-height-column av-align-middle av-zero-column-padding  '     ><style type=\"text\/css\" data-created_by=\"avia_inline_auto\" id=\"style-css-av-2567t9h-fde24f4f7a38d283452b535e83bd211b\">\n.avia-image-container.av-2567t9h-fde24f4f7a38d283452b535e83bd211b img.avia_image{\nbox-shadow:none;\n}\n.avia-image-container.av-2567t9h-fde24f4f7a38d283452b535e83bd211b .av-image-caption-overlay-center{\ncolor:#ffffff;\n}\n<\/style>\n<div  class='avia-image-container av-2567t9h-fde24f4f7a38d283452b535e83bd211b av-styling- av-img-linked avia-align-center  avia-builder-el-33  avia-builder-el-no-sibling '   itemprop=\"image\" itemscope=\"itemscope\" itemtype=\"https:\/\/schema.org\/ImageObject\" ><div class=\"avia-image-container-inner\"><div class=\"avia-image-overlay-wrap\"><a href=\"https:\/\/plattform.fobizz.com\/fortbildungen\/811-tiktok-instagram-und-snapchat-die-social-media-welt-von-schueler-innen-verstehen\" class='avia_image '  aria-label='Schulkalender-23-24-social-media'><img fetchpriority=\"high\" class='wp-image-41241 avia-img-lazy-loading-not-41241 avia_image ' src='https:\/\/fobizz.com\/wp-content\/uploads\/2023\/07\/Schulkalender-23-24-social-media-1.jpg' alt='Vorschaubild der Fortbildung Social-Media-Welt von Sch\u00fcler*innen verstehen' title='Schulkalender-23-24-social-media'  height=\"500\" width=\"800\"  itemprop=\"thumbnailUrl\"  \/><\/a><\/div><\/div><\/div><\/div><div class='av-flex-placeholder'><\/div>\n<style type=\"text\/css\" data-created_by=\"avia_inline_auto\" id=\"style-css-av-av_one_half-1ec78bc27f38fc2cc80f8d99cf6becbe\">\n.flex_column.av-av_one_half-1ec78bc27f38fc2cc80f8d99cf6becbe{\nborder-radius:0 0 0 0;\npadding:0px 0px 0px 0px;\n}\n<\/style>\n<div  class='flex_column av-av_one_half-1ec78bc27f38fc2cc80f8d99cf6becbe av_one_half  avia-builder-el-34  el_after_av_one_half  avia-builder-el-last  flex_column_table_cell av-equal-height-column av-align-middle av-zero-column-padding  '     ><section  class='av_textblock_section av-ll3ut179-a6df821edb2d9dbd081bb5bda9422eb6 '   itemscope=\"itemscope\" itemtype=\"https:\/\/schema.org\/BlogPosting\" itemprop=\"blogPost\" ><div class='avia_textblock newdesign_h1'  itemprop=\"text\" ><h2>Online-Fortbildung<\/h2>\n<\/div><\/section><br \/>\n<section  class='av_textblock_section av-ll3us6ud-9f28e8f604072df5fc13ea075359be90 '   itemscope=\"itemscope\" itemtype=\"https:\/\/schema.org\/BlogPosting\" itemprop=\"blogPost\" ><div class='avia_textblock'  itemprop=\"text\" ><h3><strong>TikTok, Instagram und Snapchat \u2013 Die Social-Media-Welt von Sch\u00fcler*innen verstehen<\/strong><\/h3>\n<p>In dieser Fortbildung lernst du, wie du die Medienwelten von Sch\u00fcler*innen, wie Tiktok und Instagram verstehst und einsetzt.<\/p>\n<\/div><\/section><br \/>\n<div  class='avia-button-wrap av-ll3usfew-527a47c6c9e95ad6bc2ba968033fb767-wrap avia-button-left  avia-builder-el-37  el_after_av_textblock  avia-builder-el-last  newdesign_blue_button'><a href='https:\/\/plattform.fobizz.com\/fortbildungen\/811-tiktok-instagram-und-snapchat-die-social-media-welt-von-schueler-innen-verstehen'  class='avia-button av-ll3usfew-527a47c6c9e95ad6bc2ba968033fb767 av-link-btn avia-icon_select-no avia-size-small avia-position-left avia-color-theme-color'  target=\"_blank\"  rel=\"noopener noreferrer\"  aria-label=\"Zur Online-Fortbildung\"><span class='avia_iconbox_title' >Zur Online-Fortbildung<\/span><\/a><\/div><\/p><\/div><\/div><!--close column table wrapper. Autoclose: 1 --><\/div><\/div><\/div><!-- close content main div --><\/div><\/div><div id='av_section_7'  class='avia-section av-av_section-192fa152dd9ae007847efba20d78090c main_color avia-section-default avia-no-border-styling  avia-builder-el-38  el_after_av_section  avia-builder-el-last  newdesign_posts-slider avia-bg-style-scroll container_wrap sidebar_right'  ><div class='container av-section-cont-open' ><div class='template-page content  av-content-small alpha units'><div class='post-entry post-entry-type-page post-entry-35033'><div class='entry-content-wrapper clearfix'>\n\n<style type=\"text\/css\" data-created_by=\"avia_inline_auto\" id=\"style-css-av-av_heading-5816435df131c1d9b0b9bab212259b2f\">\n#top .av-special-heading.av-av_heading-5816435df131c1d9b0b9bab212259b2f{\npadding-bottom:10px;\n}\nbody .av-special-heading.av-av_heading-5816435df131c1d9b0b9bab212259b2f .av-special-heading-tag .heading-char{\nfont-size:25px;\n}\n.av-special-heading.av-av_heading-5816435df131c1d9b0b9bab212259b2f .av-subheading{\nfont-size:15px;\n}\n<\/style>\n<div  class='av-special-heading av-av_heading-5816435df131c1d9b0b9bab212259b2f av-special-heading-h2  avia-builder-el-39  el_before_av_postslider  avia-builder-el-first '><h2 class='av-special-heading-tag '  itemprop=\"headline\"  >Weitere Blogartikel<\/h2><div class=\"special-heading-border\"><div class=\"special-heading-inner-border\"><\/div><\/div><\/div>\n<div  data-slideshow-options=\"{&quot;animation&quot;:&quot;fade&quot;,&quot;autoplay&quot;:false,&quot;loop_autoplay&quot;:&quot;once&quot;,&quot;interval&quot;:&quot;5&quot;,&quot;loop_manual&quot;:&quot;manual-endless&quot;,&quot;autoplay_stopper&quot;:false,&quot;noNavigation&quot;:false,&quot;show_slide_delay&quot;:90}\" class='avia-content-slider avia-content-slider-active avia-content-slider1 avia-content-slider-odd  avia-builder-el-40  el_after_av_heading  el_before_av_postslider  av-slideshow-ui av-control-default   av-no-slider-navigation av-slideshow-manual av-loop-once av-loop-manual-endless  av-medium-hide av-small-hide av-mini-hide'  itemscope=\"itemscope\" itemtype=\"https:\/\/schema.org\/Blog\" ><div class=\"avia-content-slider-inner\"><div class=\"slide-entry-wrap\"><article class='slide-entry flex_column  post-entry post-entry-59483 slide-entry-overview slide-loop-1 slide-parity-odd  av_one_third first real-thumbnail posttype-post post-format-standard'  itemscope=\"itemscope\" itemtype=\"https:\/\/schema.org\/BlogPosting\" itemprop=\"blogPost\" ><a href='https:\/\/fobizz.com\/de\/schule_mit_kopf_herz_hand_ki\/' data-rel='slide-1' class='slide-image' title='Schule mit Kopf, Herz, Hand und KI  \u2013 Interview mit Johannes Claassen'><img decoding=\"async\" fetchpriority=\"high\" width=\"495\" height=\"400\" src=\"https:\/\/fobizz.com\/wp-content\/uploads\/2026\/04\/Buch_KI_Herz_Hand-495x400.jpeg\" class=\"wp-image-59488 avia-img-lazy-loading-not-59488 attachment-portfolio size-portfolio wp-post-image\" alt=\"\" \/><\/a><div class=\"slide-content\"><header class=\"entry-content-header\"><h3 class='slide-entry-title entry-title '  itemprop=\"headline\" ><a href='https:\/\/fobizz.com\/de\/schule_mit_kopf_herz_hand_ki\/' title='Schule mit Kopf, Herz, Hand und KI  \u2013 Interview mit Johannes Claassen'>Schule mit Kopf, Herz, Hand und KI  \u2013 Interview mit Johannes Claassen<\/a><\/h3><span class=\"blog-categories minor-meta\"><a href=\"https:\/\/fobizz.com\/de\/category\/digitale-bildung\/\" rel=\"tag\">Digitale Bildung<\/a>, <a href=\"https:\/\/fobizz.com\/de\/category\/interview\/\" rel=\"tag\">Interview<\/a>, <a href=\"https:\/\/fobizz.com\/de\/category\/lehrerbildung\/\" rel=\"tag\">Lehrerbildung<\/a> <\/span><span class=\"av-vertical-delimiter\"><\/span><\/header><div class='slide-entry-excerpt entry-content'  itemprop=\"text\" ><div class=\"excerpt-text\">KI ver\u00e4ndert unser Bildungssystem \u2013 doch wie k\u00f6nnen wir unsere Schule mit zunehmender Technologie noch menschlicher machen?<\/div><div class='time-wrap'><time class='slide-meta-time updated'  itemprop=\"datePublished\" datetime=\"2026-04-10T10:51:03+02:00\" >10. April 2026<\/time><\/div><div class=\"read-more-link\"><a href=\"https:\/\/fobizz.com\/de\/schule_mit_kopf_herz_hand_ki\/\" class=\"more-link\">Weiterlesen<\/a><\/div><\/div><\/div><span class='hidden'>\n\t\t\t\t<span class='av-structured-data'  itemprop=\"image\" itemscope=\"itemscope\" itemtype=\"https:\/\/schema.org\/ImageObject\" >\n\t\t\t\t\t\t<span itemprop='url'>https:\/\/fobizz.com\/wp-content\/uploads\/2026\/04\/Buch_KI_Herz_Hand.jpeg<\/span>\n\t\t\t\t\t\t<span itemprop='height'>481<\/span>\n\t\t\t\t\t\t<span itemprop='width'>587<\/span>\n\t\t\t\t<\/span>\n\t\t\t\t<span class='av-structured-data'  itemprop=\"publisher\" itemtype=\"https:\/\/schema.org\/Organization\" itemscope=\"itemscope\" >\n\t\t\t\t\t\t<span itemprop='name'>Michelle<\/span>\n\t\t\t\t\t\t<span itemprop='logo' itemscope itemtype='https:\/\/schema.org\/ImageObject'>\n\t\t\t\t\t\t\t<span itemprop='url'>https:\/\/fobizz.com\/wp-content\/uploads\/2024\/01\/fobizz_logo-min-495x244.png<\/span>\n\t\t\t\t\t\t<\/span>\n\t\t\t\t<\/span><span class='av-structured-data'  itemprop=\"author\" itemscope=\"itemscope\" itemtype=\"https:\/\/schema.org\/Person\" ><span itemprop='name'>Michelle<\/span><\/span><span class='av-structured-data'  itemprop=\"datePublished\" datetime=\"2023-05-17T11:05:31+02:00\" >2026-04-10 10:51:03<\/span><span class='av-structured-data'  itemprop=\"dateModified\" itemtype=\"https:\/\/schema.org\/dateModified\" >2026-04-10 10:51:03<\/span><span class='av-structured-data'  itemprop=\"mainEntityOfPage\" itemtype=\"https:\/\/schema.org\/mainEntityOfPage\" ><span itemprop='name'>Schule mit Kopf, Herz, Hand und KI  \u2013 Interview mit Johannes Claassen<\/span><\/span><\/span><\/article><article class='slide-entry flex_column  post-entry post-entry-59437 slide-entry-overview slide-loop-2 slide-parity-even  av_one_third  real-thumbnail posttype-post post-format-standard'  itemscope=\"itemscope\" itemtype=\"https:\/\/schema.org\/BlogPosting\" itemprop=\"blogPost\" ><a href='https:\/\/fobizz.com\/de\/kinder-mit-traumaerfahrung-verstehen-und-begleiten\/' data-rel='slide-1' class='slide-image' title='Kinder mit Traumaerfahrung verstehen und begleiten'><img decoding=\"async\" fetchpriority=\"high\" width=\"495\" height=\"400\" src=\"https:\/\/fobizz.com\/wp-content\/uploads\/2026\/04\/Kinder-mit-Traumaerfahrung-verstehen-und-begleiten-495x400.jpg\" class=\"wp-image-59441 avia-img-lazy-loading-not-59441 attachment-portfolio size-portfolio wp-post-image\" alt=\"\" \/><\/a><div class=\"slide-content\"><header class=\"entry-content-header\"><h3 class='slide-entry-title entry-title '  itemprop=\"headline\" ><a href='https:\/\/fobizz.com\/de\/kinder-mit-traumaerfahrung-verstehen-und-begleiten\/' title='Kinder mit Traumaerfahrung verstehen und begleiten'>Kinder mit Traumaerfahrung verstehen und begleiten<\/a><\/h3><span class=\"blog-categories minor-meta\"><a href=\"https:\/\/fobizz.com\/de\/category\/interview\/\" rel=\"tag\">Interview<\/a>, <a href=\"https:\/\/fobizz.com\/de\/category\/lehrerbildung\/\" rel=\"tag\">Lehrerbildung<\/a>, <a href=\"https:\/\/fobizz.com\/de\/category\/nachhaltige-entwicklung\/\" rel=\"tag\">Nachhaltige Entwicklung<\/a> <\/span><span class=\"av-vertical-delimiter\"><\/span><\/header><div class='slide-entry-excerpt entry-content'  itemprop=\"text\" ><div class=\"excerpt-text\">Erfahre im Interview mit Feline Lunge, wie du deinen Unterricht traumasensibel gestalten kannst.<\/div><div class='time-wrap'><time class='slide-meta-time updated'  itemprop=\"datePublished\" datetime=\"2026-04-09T10:47:47+02:00\" >9. April 2026<\/time><\/div><div class=\"read-more-link\"><a href=\"https:\/\/fobizz.com\/de\/kinder-mit-traumaerfahrung-verstehen-und-begleiten\/\" class=\"more-link\">Weiterlesen<\/a><\/div><\/div><\/div><span class='hidden'>\n\t\t\t\t<span class='av-structured-data'  itemprop=\"image\" itemscope=\"itemscope\" itemtype=\"https:\/\/schema.org\/ImageObject\" >\n\t\t\t\t\t\t<span itemprop='url'>https:\/\/fobizz.com\/wp-content\/uploads\/2026\/04\/Kinder-mit-Traumaerfahrung-verstehen-und-begleiten.jpg<\/span>\n\t\t\t\t\t\t<span itemprop='height'>500<\/span>\n\t\t\t\t\t\t<span itemprop='width'>800<\/span>\n\t\t\t\t<\/span>\n\t\t\t\t<span class='av-structured-data'  itemprop=\"publisher\" itemtype=\"https:\/\/schema.org\/Organization\" itemscope=\"itemscope\" >\n\t\t\t\t\t\t<span itemprop='name'>Tanja Schneider<\/span>\n\t\t\t\t\t\t<span itemprop='logo' itemscope itemtype='https:\/\/schema.org\/ImageObject'>\n\t\t\t\t\t\t\t<span itemprop='url'>https:\/\/fobizz.com\/wp-content\/uploads\/2024\/01\/fobizz_logo-min-495x244.png<\/span>\n\t\t\t\t\t\t<\/span>\n\t\t\t\t<\/span><span class='av-structured-data'  itemprop=\"author\" itemscope=\"itemscope\" itemtype=\"https:\/\/schema.org\/Person\" ><span itemprop='name'>Tanja Schneider<\/span><\/span><span class='av-structured-data'  itemprop=\"datePublished\" datetime=\"2023-05-17T11:05:31+02:00\" >2026-04-09 10:47:47<\/span><span class='av-structured-data'  itemprop=\"dateModified\" itemtype=\"https:\/\/schema.org\/dateModified\" >2026-04-09 11:19:32<\/span><span class='av-structured-data'  itemprop=\"mainEntityOfPage\" itemtype=\"https:\/\/schema.org\/mainEntityOfPage\" ><span itemprop='name'>Kinder mit Traumaerfahrung verstehen und begleiten<\/span><\/span><\/span><\/article><article class='slide-entry flex_column  post-entry post-entry-59456 slide-entry-overview slide-loop-3 slide-parity-odd  av_one_third  real-thumbnail posttype-post post-format-standard'  itemscope=\"itemscope\" itemtype=\"https:\/\/schema.org\/BlogPosting\" itemprop=\"blogPost\" ><a href='https:\/\/fobizz.com\/de\/grundschulalltag-diskriminierungskritisch-gestalten\/' data-rel='slide-1' class='slide-image' title='Grundschulalltag diskriminierungskritisch gestalten'><img decoding=\"async\" fetchpriority=\"high\" width=\"495\" height=\"400\" src=\"https:\/\/fobizz.com\/wp-content\/uploads\/2026\/04\/Grundschulalltag-diskriminierungskritisch-gestalten-495x400.jpg\" class=\"wp-image-59457 avia-img-lazy-loading-not-59457 attachment-portfolio size-portfolio wp-post-image\" alt=\"\" \/><\/a><div class=\"slide-content\"><header class=\"entry-content-header\"><h3 class='slide-entry-title entry-title '  itemprop=\"headline\" ><a href='https:\/\/fobizz.com\/de\/grundschulalltag-diskriminierungskritisch-gestalten\/' title='Grundschulalltag diskriminierungskritisch gestalten'>Grundschulalltag diskriminierungskritisch gestalten<\/a><\/h3><span class=\"blog-categories minor-meta\"><a href=\"https:\/\/fobizz.com\/de\/category\/interview\/\" rel=\"tag\">Interview<\/a>, <a href=\"https:\/\/fobizz.com\/de\/category\/lehrerbildung\/\" rel=\"tag\">Lehrerbildung<\/a>, <a href=\"https:\/\/fobizz.com\/de\/category\/nachhaltige-entwicklung\/\" rel=\"tag\">Nachhaltige Entwicklung<\/a> <\/span><span class=\"av-vertical-delimiter\"><\/span><\/header><div class='slide-entry-excerpt entry-content'  itemprop=\"text\" ><div class=\"excerpt-text\">Erfahre im Interview mit Anna Lena Lutz, warum du deinen Schulalltag diskriminierungskritisch gestalten solltest.<\/div><div class='time-wrap'><time class='slide-meta-time updated'  itemprop=\"datePublished\" datetime=\"2026-04-09T10:45:31+02:00\" >9. April 2026<\/time><\/div><div class=\"read-more-link\"><a href=\"https:\/\/fobizz.com\/de\/grundschulalltag-diskriminierungskritisch-gestalten\/\" class=\"more-link\">Weiterlesen<\/a><\/div><\/div><\/div><span class='hidden'>\n\t\t\t\t<span class='av-structured-data'  itemprop=\"image\" itemscope=\"itemscope\" itemtype=\"https:\/\/schema.org\/ImageObject\" >\n\t\t\t\t\t\t<span itemprop='url'>https:\/\/fobizz.com\/wp-content\/uploads\/2026\/04\/Grundschulalltag-diskriminierungskritisch-gestalten.jpg<\/span>\n\t\t\t\t\t\t<span itemprop='height'>500<\/span>\n\t\t\t\t\t\t<span itemprop='width'>800<\/span>\n\t\t\t\t<\/span>\n\t\t\t\t<span class='av-structured-data'  itemprop=\"publisher\" itemtype=\"https:\/\/schema.org\/Organization\" itemscope=\"itemscope\" >\n\t\t\t\t\t\t<span itemprop='name'>Tanja Schneider<\/span>\n\t\t\t\t\t\t<span itemprop='logo' itemscope itemtype='https:\/\/schema.org\/ImageObject'>\n\t\t\t\t\t\t\t<span itemprop='url'>https:\/\/fobizz.com\/wp-content\/uploads\/2024\/01\/fobizz_logo-min-495x244.png<\/span>\n\t\t\t\t\t\t<\/span>\n\t\t\t\t<\/span><span class='av-structured-data'  itemprop=\"author\" itemscope=\"itemscope\" itemtype=\"https:\/\/schema.org\/Person\" ><span itemprop='name'>Tanja Schneider<\/span><\/span><span class='av-structured-data'  itemprop=\"datePublished\" datetime=\"2023-05-17T11:05:31+02:00\" >2026-04-09 10:45:31<\/span><span class='av-structured-data'  itemprop=\"dateModified\" itemtype=\"https:\/\/schema.org\/dateModified\" >2026-04-09 11:18:42<\/span><span class='av-structured-data'  itemprop=\"mainEntityOfPage\" itemtype=\"https:\/\/schema.org\/mainEntityOfPage\" ><span itemprop='name'>Grundschulalltag diskriminierungskritisch gestalten<\/span><\/span><\/span><\/article><\/div><div class=\"slide-entry-wrap\"><article class='slide-entry flex_column  post-entry post-entry-59367 slide-entry-overview slide-loop-4 slide-parity-odd  av_one_third first real-thumbnail posttype-post post-format-standard'  itemscope=\"itemscope\" itemtype=\"https:\/\/schema.org\/BlogPosting\" itemprop=\"blogPost\" ><a href='https:\/\/fobizz.com\/de\/demokratie-lernen-interview-poitzmann-ahl\/' data-rel='slide-1' class='slide-image' title='Demokratie lernen  \u2013 Interview mit Nikola Poitzmann &#038; Kati Ahl'><img decoding=\"async\" fetchpriority=\"high\" width=\"495\" height=\"400\" src=\"https:\/\/fobizz.com\/wp-content\/uploads\/2023\/07\/Schulkalender-23-24-classroom-management-495x400.jpg\" class=\"wp-image-41470 avia-img-lazy-loading-not-41470 attachment-portfolio size-portfolio wp-post-image\" alt=\"Vorschaubild der Fortbildung Classroom Management\" \/><\/a><div class=\"slide-content\"><header class=\"entry-content-header\"><h3 class='slide-entry-title entry-title '  itemprop=\"headline\" ><a href='https:\/\/fobizz.com\/de\/demokratie-lernen-interview-poitzmann-ahl\/' title='Demokratie lernen  \u2013 Interview mit Nikola Poitzmann &#038; Kati Ahl'>Demokratie lernen  \u2013 Interview mit Nikola Poitzmann &#038; Kati Ahl<\/a><\/h3><span class=\"blog-categories minor-meta\"><a href=\"https:\/\/fobizz.com\/de\/category\/digitale-bildung\/\" rel=\"tag\">Digitale Bildung<\/a>, <a href=\"https:\/\/fobizz.com\/de\/category\/interview\/\" rel=\"tag\">Interview<\/a>, <a href=\"https:\/\/fobizz.com\/de\/category\/lehrerbildung\/\" rel=\"tag\">Lehrerbildung<\/a> <\/span><span class=\"av-vertical-delimiter\"><\/span><\/header><div class='slide-entry-excerpt entry-content'  itemprop=\"text\" ><div class=\"excerpt-text\">Trotz wachsender gesellschaftlicher Spannungen bleibt die Schule ein besonderer Ort: Hier treffen Menschen mit unterschiedlichen Hintergr\u00fcnden, Meinungen und Erfahrungen aufeinander. Gerade deshalb bietet Schule gro\u00dfes Potenzial als Raum des Wandels \u2013 ein Ort, an dem Gemeinschaft gelebt und demokratische Werte im Alltag erfahrbar werden.\r\nDoch wie gelingt es, Sch\u00fcler:innen so zu st\u00e4rken, dass sie sich aktiv, selbstbestimmt und kritisch in gesellschaftliche Prozesse einbringen k\u00f6nnen?<\/div><div class='time-wrap'><time class='slide-meta-time updated'  itemprop=\"datePublished\" datetime=\"2026-04-02T06:25:32+02:00\" >2. April 2026<\/time><\/div><div class=\"read-more-link\"><a href=\"https:\/\/fobizz.com\/de\/demokratie-lernen-interview-poitzmann-ahl\/\" class=\"more-link\">Weiterlesen<\/a><\/div><\/div><\/div><span class='hidden'>\n\t\t\t\t<span class='av-structured-data'  itemprop=\"image\" itemscope=\"itemscope\" itemtype=\"https:\/\/schema.org\/ImageObject\" >\n\t\t\t\t\t\t<span itemprop='url'>https:\/\/fobizz.com\/wp-content\/uploads\/2023\/07\/Schulkalender-23-24-classroom-management.jpg<\/span>\n\t\t\t\t\t\t<span itemprop='height'>628<\/span>\n\t\t\t\t\t\t<span itemprop='width'>1200<\/span>\n\t\t\t\t<\/span>\n\t\t\t\t<span class='av-structured-data'  itemprop=\"publisher\" itemtype=\"https:\/\/schema.org\/Organization\" itemscope=\"itemscope\" >\n\t\t\t\t\t\t<span itemprop='name'>Michelle<\/span>\n\t\t\t\t\t\t<span itemprop='logo' itemscope itemtype='https:\/\/schema.org\/ImageObject'>\n\t\t\t\t\t\t\t<span itemprop='url'>https:\/\/fobizz.com\/wp-content\/uploads\/2024\/01\/fobizz_logo-min-495x244.png<\/span>\n\t\t\t\t\t\t<\/span>\n\t\t\t\t<\/span><span class='av-structured-data'  itemprop=\"author\" itemscope=\"itemscope\" itemtype=\"https:\/\/schema.org\/Person\" ><span itemprop='name'>Michelle<\/span><\/span><span class='av-structured-data'  itemprop=\"datePublished\" datetime=\"2023-05-17T11:05:31+02:00\" >2026-04-02 06:25:32<\/span><span class='av-structured-data'  itemprop=\"dateModified\" itemtype=\"https:\/\/schema.org\/dateModified\" >2026-04-13 17:48:54<\/span><span class='av-structured-data'  itemprop=\"mainEntityOfPage\" itemtype=\"https:\/\/schema.org\/mainEntityOfPage\" ><span itemprop='name'>Demokratie lernen  \u2013 Interview mit Nikola Poitzmann &#038; Kati Ahl<\/span><\/span><\/span><\/article><article class='slide-entry flex_column  post-entry post-entry-59354 slide-entry-overview slide-loop-5 slide-parity-even  av_one_third  real-thumbnail posttype-post post-format-standard'  itemscope=\"itemscope\" itemtype=\"https:\/\/schema.org\/BlogPosting\" itemprop=\"blogPost\" ><a href='https:\/\/fobizz.com\/de\/kinder-die-durchs-raster-fallen-interview-mit-corina-elfe\/' data-rel='slide-1' class='slide-image' title='Kinder, die durchs Raster fallen  \u2013 Interview mit Corina Elfe'><img decoding=\"async\" fetchpriority=\"high\" width=\"495\" height=\"400\" src=\"https:\/\/fobizz.com\/wp-content\/uploads\/2026\/04\/Kinder_Neurodivergenz-495x400.jpg\" class=\"wp-image-59361 avia-img-lazy-loading-not-59361 attachment-portfolio size-portfolio wp-post-image\" alt=\"\" \/><\/a><div class=\"slide-content\"><header class=\"entry-content-header\"><h3 class='slide-entry-title entry-title '  itemprop=\"headline\" ><a href='https:\/\/fobizz.com\/de\/kinder-die-durchs-raster-fallen-interview-mit-corina-elfe\/' title='Kinder, die durchs Raster fallen  \u2013 Interview mit Corina Elfe'>Kinder, die durchs Raster fallen  \u2013 Interview mit Corina Elfe<\/a><\/h3><span class=\"blog-categories minor-meta\"><a href=\"https:\/\/fobizz.com\/de\/category\/digitale-bildung\/\" rel=\"tag\">Digitale Bildung<\/a>, <a href=\"https:\/\/fobizz.com\/de\/category\/interview\/\" rel=\"tag\">Interview<\/a>, <a href=\"https:\/\/fobizz.com\/de\/category\/lehrerbildung\/\" rel=\"tag\">Lehrerbildung<\/a> <\/span><span class=\"av-vertical-delimiter\"><\/span><\/header><div class='slide-entry-excerpt entry-content'  itemprop=\"text\" ><div class=\"excerpt-text\">Digitales Arbeiten und Unterrichten \u2013 der Einsatz von K\u00fcnstlicher Intelligenz wird f\u00fcr Lehrkr\u00e4fte immer relevanter. Wie textgenerierende KI-Systeme wie ChatGPT sinnvoll in den Schulalltag integriert werden k\u00f6nnen und welche Potenziale und Grenzen sie haben, zeigen Micha Busch und Christian K\u00f6hler in 33 praxisnahen Ideen f\u00fcr Unterricht und Organisation.<\/div><div class='time-wrap'><time class='slide-meta-time updated'  itemprop=\"datePublished\" datetime=\"2026-04-01T17:20:21+02:00\" >1. April 2026<\/time><\/div><div class=\"read-more-link\"><a href=\"https:\/\/fobizz.com\/de\/kinder-die-durchs-raster-fallen-interview-mit-corina-elfe\/\" class=\"more-link\">Weiterlesen<\/a><\/div><\/div><\/div><span class='hidden'>\n\t\t\t\t<span class='av-structured-data'  itemprop=\"image\" itemscope=\"itemscope\" itemtype=\"https:\/\/schema.org\/ImageObject\" >\n\t\t\t\t\t\t<span itemprop='url'>https:\/\/fobizz.com\/wp-content\/uploads\/2026\/04\/Kinder_Neurodivergenz.jpg<\/span>\n\t\t\t\t\t\t<span itemprop='height'>768<\/span>\n\t\t\t\t\t\t<span itemprop='width'>1408<\/span>\n\t\t\t\t<\/span>\n\t\t\t\t<span class='av-structured-data'  itemprop=\"publisher\" itemtype=\"https:\/\/schema.org\/Organization\" itemscope=\"itemscope\" >\n\t\t\t\t\t\t<span itemprop='name'>Michelle<\/span>\n\t\t\t\t\t\t<span itemprop='logo' itemscope itemtype='https:\/\/schema.org\/ImageObject'>\n\t\t\t\t\t\t\t<span itemprop='url'>https:\/\/fobizz.com\/wp-content\/uploads\/2024\/01\/fobizz_logo-min-495x244.png<\/span>\n\t\t\t\t\t\t<\/span>\n\t\t\t\t<\/span><span class='av-structured-data'  itemprop=\"author\" itemscope=\"itemscope\" itemtype=\"https:\/\/schema.org\/Person\" ><span itemprop='name'>Michelle<\/span><\/span><span class='av-structured-data'  itemprop=\"datePublished\" datetime=\"2023-05-17T11:05:31+02:00\" >2026-04-01 17:20:21<\/span><span class='av-structured-data'  itemprop=\"dateModified\" itemtype=\"https:\/\/schema.org\/dateModified\" >2026-04-13 17:49:10<\/span><span class='av-structured-data'  itemprop=\"mainEntityOfPage\" itemtype=\"https:\/\/schema.org\/mainEntityOfPage\" ><span itemprop='name'>Kinder, die durchs Raster fallen  \u2013 Interview mit Corina Elfe<\/span><\/span><\/span><\/article><article class='slide-entry flex_column  post-entry post-entry-58864 slide-entry-overview slide-loop-6 slide-parity-odd  av_one_third  real-thumbnail posttype-post post-format-standard'  itemscope=\"itemscope\" itemtype=\"https:\/\/schema.org\/BlogPosting\" itemprop=\"blogPost\" ><a href='https:\/\/fobizz.com\/de\/scratch-einstieg-ins-visuelle-programmieren\/' data-rel='slide-1' class='slide-image' title='Scratch: Einstieg ins visuelle Programmieren'><img decoding=\"async\" fetchpriority=\"high\" width=\"495\" height=\"400\" src=\"https:\/\/fobizz.com\/wp-content\/uploads\/2026\/03\/Scratch-Einstieg-ins-visuelle-Programmieren-495x400.jpg\" class=\"wp-image-58867 avia-img-lazy-loading-not-58867 attachment-portfolio size-portfolio wp-post-image\" alt=\"\" \/><\/a><div class=\"slide-content\"><header class=\"entry-content-header\"><h3 class='slide-entry-title entry-title '  itemprop=\"headline\" ><a href='https:\/\/fobizz.com\/de\/scratch-einstieg-ins-visuelle-programmieren\/' title='Scratch: Einstieg ins visuelle Programmieren'>Scratch: Einstieg ins visuelle Programmieren<\/a><\/h3><span class=\"blog-categories minor-meta\"><a href=\"https:\/\/fobizz.com\/de\/category\/digitale-bildung\/\" rel=\"tag\">Digitale Bildung<\/a>, <a href=\"https:\/\/fobizz.com\/de\/category\/digitale-medien\/\" rel=\"tag\">Digitale Medien<\/a>, <a href=\"https:\/\/fobizz.com\/de\/category\/interview\/\" rel=\"tag\">Interview<\/a>, <a href=\"https:\/\/fobizz.com\/de\/category\/lehrerbildung\/\" rel=\"tag\">Lehrerbildung<\/a> <\/span><span class=\"av-vertical-delimiter\"><\/span><\/header><div class='slide-entry-excerpt entry-content'  itemprop=\"text\" ><div class=\"excerpt-text\">Erfahre im Interview mit Tom Wiedemann, wie du Scratch sinnvoll in deinen Unterricht einbringen kannst.<\/div><div class='time-wrap'><time class='slide-meta-time updated'  itemprop=\"datePublished\" datetime=\"2026-03-12T11:07:22+01:00\" >12. M\u00e4rz 2026<\/time><\/div><div class=\"read-more-link\"><a href=\"https:\/\/fobizz.com\/de\/scratch-einstieg-ins-visuelle-programmieren\/\" class=\"more-link\">Weiterlesen<\/a><\/div><\/div><\/div><span class='hidden'>\n\t\t\t\t<span class='av-structured-data'  itemprop=\"image\" itemscope=\"itemscope\" itemtype=\"https:\/\/schema.org\/ImageObject\" >\n\t\t\t\t\t\t<span itemprop='url'>https:\/\/fobizz.com\/wp-content\/uploads\/2026\/03\/Scratch-Einstieg-ins-visuelle-Programmieren.jpg<\/span>\n\t\t\t\t\t\t<span itemprop='height'>500<\/span>\n\t\t\t\t\t\t<span itemprop='width'>800<\/span>\n\t\t\t\t<\/span>\n\t\t\t\t<span class='av-structured-data'  itemprop=\"publisher\" itemtype=\"https:\/\/schema.org\/Organization\" itemscope=\"itemscope\" >\n\t\t\t\t\t\t<span itemprop='name'>Tanja Schneider<\/span>\n\t\t\t\t\t\t<span itemprop='logo' itemscope itemtype='https:\/\/schema.org\/ImageObject'>\n\t\t\t\t\t\t\t<span itemprop='url'>https:\/\/fobizz.com\/wp-content\/uploads\/2024\/01\/fobizz_logo-min-495x244.png<\/span>\n\t\t\t\t\t\t<\/span>\n\t\t\t\t<\/span><span class='av-structured-data'  itemprop=\"author\" itemscope=\"itemscope\" itemtype=\"https:\/\/schema.org\/Person\" ><span itemprop='name'>Tanja Schneider<\/span><\/span><span class='av-structured-data'  itemprop=\"datePublished\" datetime=\"2023-05-17T11:05:31+02:00\" >2026-03-12 11:07:22<\/span><span class='av-structured-data'  itemprop=\"dateModified\" itemtype=\"https:\/\/schema.org\/dateModified\" >2026-03-12 11:34:55<\/span><span class='av-structured-data'  itemprop=\"mainEntityOfPage\" itemtype=\"https:\/\/schema.org\/mainEntityOfPage\" ><span itemprop='name'>Scratch: Einstieg ins visuelle Programmieren<\/span><\/span><\/span><\/article><\/div><div class=\"slide-entry-wrap\"><article class='slide-entry flex_column  post-entry post-entry-58852 slide-entry-overview slide-loop-7 slide-parity-odd  av_one_third first real-thumbnail posttype-post post-format-standard'  itemscope=\"itemscope\" itemtype=\"https:\/\/schema.org\/BlogPosting\" itemprop=\"blogPost\" ><a href='https:\/\/fobizz.com\/de\/goodnotes-grundlagen-organisation-von-unterrichtsnotizen\/' data-rel='slide-1' class='slide-image' title='Goodnotes Grundlagen: Organisation von Unterrichtsnotizen'><img decoding=\"async\" fetchpriority=\"high\" width=\"495\" height=\"400\" src=\"https:\/\/fobizz.com\/wp-content\/uploads\/2026\/03\/Goodnotes-Grundlagen-Organisation-von-Unterrichtsnotizen-495x400.jpg\" class=\"wp-image-58853 avia-img-lazy-loading-not-58853 attachment-portfolio size-portfolio wp-post-image\" alt=\"\" \/><\/a><div class=\"slide-content\"><header class=\"entry-content-header\"><h3 class='slide-entry-title entry-title '  itemprop=\"headline\" ><a href='https:\/\/fobizz.com\/de\/goodnotes-grundlagen-organisation-von-unterrichtsnotizen\/' title='Goodnotes Grundlagen: Organisation von Unterrichtsnotizen'>Goodnotes Grundlagen: Organisation von Unterrichtsnotizen<\/a><\/h3><span class=\"blog-categories minor-meta\"><a href=\"https:\/\/fobizz.com\/de\/category\/digitale-bildung\/\" rel=\"tag\">Digitale Bildung<\/a>, <a href=\"https:\/\/fobizz.com\/de\/category\/digitale-medien\/\" rel=\"tag\">Digitale Medien<\/a>, <a href=\"https:\/\/fobizz.com\/de\/category\/interview\/\" rel=\"tag\">Interview<\/a>, <a href=\"https:\/\/fobizz.com\/de\/category\/lehrerbildung\/\" rel=\"tag\">Lehrerbildung<\/a> <\/span><span class=\"av-vertical-delimiter\"><\/span><\/header><div class='slide-entry-excerpt entry-content'  itemprop=\"text\" ><div class=\"excerpt-text\">Im Interview mit Dr. Ulla Hauptmann erf\u00e4hrst du, wie du mit Goodnotes 7 den Unterricht kreativ gestalten und deine Unterrichtsmaterialien ordnen kannst.<\/div><div class='time-wrap'><time class='slide-meta-time updated'  itemprop=\"datePublished\" datetime=\"2026-03-12T11:06:50+01:00\" >12. M\u00e4rz 2026<\/time><\/div><div class=\"read-more-link\"><a href=\"https:\/\/fobizz.com\/de\/goodnotes-grundlagen-organisation-von-unterrichtsnotizen\/\" class=\"more-link\">Weiterlesen<\/a><\/div><\/div><\/div><span class='hidden'>\n\t\t\t\t<span class='av-structured-data'  itemprop=\"image\" itemscope=\"itemscope\" itemtype=\"https:\/\/schema.org\/ImageObject\" >\n\t\t\t\t\t\t<span itemprop='url'>https:\/\/fobizz.com\/wp-content\/uploads\/2026\/03\/Goodnotes-Grundlagen-Organisation-von-Unterrichtsnotizen.jpg<\/span>\n\t\t\t\t\t\t<span itemprop='height'>500<\/span>\n\t\t\t\t\t\t<span itemprop='width'>800<\/span>\n\t\t\t\t<\/span>\n\t\t\t\t<span class='av-structured-data'  itemprop=\"publisher\" itemtype=\"https:\/\/schema.org\/Organization\" itemscope=\"itemscope\" >\n\t\t\t\t\t\t<span itemprop='name'>Tanja Schneider<\/span>\n\t\t\t\t\t\t<span itemprop='logo' itemscope itemtype='https:\/\/schema.org\/ImageObject'>\n\t\t\t\t\t\t\t<span itemprop='url'>https:\/\/fobizz.com\/wp-content\/uploads\/2024\/01\/fobizz_logo-min-495x244.png<\/span>\n\t\t\t\t\t\t<\/span>\n\t\t\t\t<\/span><span class='av-structured-data'  itemprop=\"author\" itemscope=\"itemscope\" itemtype=\"https:\/\/schema.org\/Person\" ><span itemprop='name'>Tanja Schneider<\/span><\/span><span class='av-structured-data'  itemprop=\"datePublished\" datetime=\"2023-05-17T11:05:31+02:00\" >2026-03-12 11:06:50<\/span><span class='av-structured-data'  itemprop=\"dateModified\" itemtype=\"https:\/\/schema.org\/dateModified\" >2026-03-12 11:35:36<\/span><span class='av-structured-data'  itemprop=\"mainEntityOfPage\" itemtype=\"https:\/\/schema.org\/mainEntityOfPage\" ><span itemprop='name'>Goodnotes Grundlagen: Organisation von Unterrichtsnotizen<\/span><\/span><\/span><\/article><article class='slide-entry flex_column  post-entry post-entry-58357 slide-entry-overview slide-loop-8 slide-parity-even  av_one_third  real-thumbnail posttype-post post-format-standard'  itemscope=\"itemscope\" itemtype=\"https:\/\/schema.org\/BlogPosting\" itemprop=\"blogPost\" ><a href='https:\/\/fobizz.com\/de\/einsatz-von-schulhunden-im-unterrichtsalltag\/' data-rel='slide-1' class='slide-image' title='Einsatz von Schulhunden im Unterrichtsalltag'><img decoding=\"async\" fetchpriority=\"high\" width=\"495\" height=\"400\" src=\"https:\/\/fobizz.com\/wp-content\/uploads\/2026\/02\/Blogbeitrag-Einsatz-von-Schulhunden-im-Unterrichtsalltag-1-495x400.jpg\" class=\"wp-image-58503 avia-img-lazy-loading-not-58503 attachment-portfolio size-portfolio wp-post-image\" alt=\"\" \/><\/a><div class=\"slide-content\"><header class=\"entry-content-header\"><h3 class='slide-entry-title entry-title '  itemprop=\"headline\" ><a href='https:\/\/fobizz.com\/de\/einsatz-von-schulhunden-im-unterrichtsalltag\/' title='Einsatz von Schulhunden im Unterrichtsalltag'>Einsatz von Schulhunden im Unterrichtsalltag<\/a><\/h3><span class=\"blog-categories minor-meta\"><a href=\"https:\/\/fobizz.com\/de\/category\/interview\/\" rel=\"tag\">Interview<\/a>, <a href=\"https:\/\/fobizz.com\/de\/category\/lehrerbildung\/\" rel=\"tag\">Lehrerbildung<\/a>, <a href=\"https:\/\/fobizz.com\/de\/category\/nachhaltige-entwicklung\/\" rel=\"tag\">Nachhaltige Entwicklung<\/a>, <a href=\"https:\/\/fobizz.com\/de\/category\/neue-lernkultur\/\" rel=\"tag\">Neue Lernkultur<\/a> <\/span><span class=\"av-vertical-delimiter\"><\/span><\/header><div class='slide-entry-excerpt entry-content'  itemprop=\"text\" ><div class=\"excerpt-text\">Im Interview mit Judith Bohlmann erf\u00e4hrst du, wie Schulhunde den Unterricht bereichern k\u00f6nnen.<\/div><div class='time-wrap'><time class='slide-meta-time updated'  itemprop=\"datePublished\" datetime=\"2026-02-12T10:00:28+01:00\" >12. Februar 2026<\/time><\/div><div class=\"read-more-link\"><a href=\"https:\/\/fobizz.com\/de\/einsatz-von-schulhunden-im-unterrichtsalltag\/\" class=\"more-link\">Weiterlesen<\/a><\/div><\/div><\/div><span class='hidden'>\n\t\t\t\t<span class='av-structured-data'  itemprop=\"image\" itemscope=\"itemscope\" itemtype=\"https:\/\/schema.org\/ImageObject\" >\n\t\t\t\t\t\t<span itemprop='url'>https:\/\/fobizz.com\/wp-content\/uploads\/2026\/02\/Blogbeitrag-Einsatz-von-Schulhunden-im-Unterrichtsalltag-1.jpg<\/span>\n\t\t\t\t\t\t<span itemprop='height'>1080<\/span>\n\t\t\t\t\t\t<span itemprop='width'>1920<\/span>\n\t\t\t\t<\/span>\n\t\t\t\t<span class='av-structured-data'  itemprop=\"publisher\" itemtype=\"https:\/\/schema.org\/Organization\" itemscope=\"itemscope\" >\n\t\t\t\t\t\t<span itemprop='name'>Tanja Schneider<\/span>\n\t\t\t\t\t\t<span itemprop='logo' itemscope itemtype='https:\/\/schema.org\/ImageObject'>\n\t\t\t\t\t\t\t<span itemprop='url'>https:\/\/fobizz.com\/wp-content\/uploads\/2024\/01\/fobizz_logo-min-495x244.png<\/span>\n\t\t\t\t\t\t<\/span>\n\t\t\t\t<\/span><span class='av-structured-data'  itemprop=\"author\" itemscope=\"itemscope\" itemtype=\"https:\/\/schema.org\/Person\" ><span itemprop='name'>Tanja Schneider<\/span><\/span><span class='av-structured-data'  itemprop=\"datePublished\" datetime=\"2023-05-17T11:05:31+02:00\" >2026-02-12 10:00:28<\/span><span class='av-structured-data'  itemprop=\"dateModified\" itemtype=\"https:\/\/schema.org\/dateModified\" >2026-02-11 14:23:03<\/span><span class='av-structured-data'  itemprop=\"mainEntityOfPage\" itemtype=\"https:\/\/schema.org\/mainEntityOfPage\" ><span itemprop='name'>Einsatz von Schulhunden im Unterrichtsalltag<\/span><\/span><\/span><\/article><article class='slide-entry flex_column  post-entry post-entry-58425 slide-entry-overview slide-loop-9 slide-parity-odd  post-entry-last  av_one_third  real-thumbnail posttype-post post-format-standard'  itemscope=\"itemscope\" itemtype=\"https:\/\/schema.org\/BlogPosting\" itemprop=\"blogPost\" ><a href='https:\/\/fobizz.com\/de\/einsatz-von-ki-im-lateinunterricht\/' data-rel='slide-1' class='slide-image' title='Einsatz von KI im Lateinunterricht'><img decoding=\"async\" fetchpriority=\"high\" width=\"495\" height=\"400\" src=\"https:\/\/fobizz.com\/wp-content\/uploads\/2026\/02\/Einsatz-von-KI-im-Lateinunterricht-1-495x400.jpg\" class=\"wp-image-58369 avia-img-lazy-loading-not-58369 attachment-portfolio size-portfolio wp-post-image\" alt=\"\" \/><\/a><div class=\"slide-content\"><header class=\"entry-content-header\"><h3 class='slide-entry-title entry-title '  itemprop=\"headline\" ><a href='https:\/\/fobizz.com\/de\/einsatz-von-ki-im-lateinunterricht\/' title='Einsatz von KI im Lateinunterricht'>Einsatz von KI im Lateinunterricht<\/a><\/h3><span class=\"blog-categories minor-meta\"><a href=\"https:\/\/fobizz.com\/de\/category\/interview\/\" rel=\"tag\">Interview<\/a>, <a href=\"https:\/\/fobizz.com\/de\/category\/kunstliche-intelligenz\/\" rel=\"tag\">K\u00fcnstliche Intelligenz<\/a>, <a href=\"https:\/\/fobizz.com\/de\/category\/lehrerbildung\/\" rel=\"tag\">Lehrerbildung<\/a>, <a href=\"https:\/\/fobizz.com\/de\/category\/neue-lernkultur\/\" rel=\"tag\">Neue Lernkultur<\/a> <\/span><span class=\"av-vertical-delimiter\"><\/span><\/header><div class='slide-entry-excerpt entry-content'  itemprop=\"text\" ><div class=\"excerpt-text\">Im Interview mit Daniel Conley erf\u00e4hrst du, wie du KI im Lateinunterricht gewinnbringend einsetzen kannst.<\/div><div class='time-wrap'><time class='slide-meta-time updated'  itemprop=\"datePublished\" datetime=\"2026-02-12T10:00:21+01:00\" >12. Februar 2026<\/time><\/div><div class=\"read-more-link\"><a href=\"https:\/\/fobizz.com\/de\/einsatz-von-ki-im-lateinunterricht\/\" class=\"more-link\">Weiterlesen<\/a><\/div><\/div><\/div><span class='hidden'>\n\t\t\t\t<span class='av-structured-data'  itemprop=\"image\" itemscope=\"itemscope\" itemtype=\"https:\/\/schema.org\/ImageObject\" >\n\t\t\t\t\t\t<span itemprop='url'>https:\/\/fobizz.com\/wp-content\/uploads\/2026\/02\/Einsatz-von-KI-im-Lateinunterricht-1.jpg<\/span>\n\t\t\t\t\t\t<span itemprop='height'>1080<\/span>\n\t\t\t\t\t\t<span itemprop='width'>1920<\/span>\n\t\t\t\t<\/span>\n\t\t\t\t<span class='av-structured-data'  itemprop=\"publisher\" itemtype=\"https:\/\/schema.org\/Organization\" itemscope=\"itemscope\" >\n\t\t\t\t\t\t<span itemprop='name'>Tanja Schneider<\/span>\n\t\t\t\t\t\t<span itemprop='logo' itemscope itemtype='https:\/\/schema.org\/ImageObject'>\n\t\t\t\t\t\t\t<span itemprop='url'>https:\/\/fobizz.com\/wp-content\/uploads\/2024\/01\/fobizz_logo-min-495x244.png<\/span>\n\t\t\t\t\t\t<\/span>\n\t\t\t\t<\/span><span class='av-structured-data'  itemprop=\"author\" itemscope=\"itemscope\" itemtype=\"https:\/\/schema.org\/Person\" ><span itemprop='name'>Tanja Schneider<\/span><\/span><span class='av-structured-data'  itemprop=\"datePublished\" datetime=\"2023-05-17T11:05:31+02:00\" >2026-02-12 10:00:21<\/span><span class='av-structured-data'  itemprop=\"dateModified\" itemtype=\"https:\/\/schema.org\/dateModified\" >2026-03-12 12:18:21<\/span><span class='av-structured-data'  itemprop=\"mainEntityOfPage\" itemtype=\"https:\/\/schema.org\/mainEntityOfPage\" ><span itemprop='name'>Einsatz von KI im Lateinunterricht<\/span><\/span><\/span><\/article><\/div><\/div><div class='avia-slideshow-arrows avia-slideshow-controls' ><a href='#prev' class='prev-slide ' data-av_icon='\ue87c' data-av_iconfont='entypo-fontello' aria-hidden=\"true\" title=\"Zur\u00fcck\" desc=\"Zur\u00fcck\" tabindex='-1' ><span class='avia_hidden_link_text'>Zur\u00fcck<\/span><\/a><a href='#next' class='next-slide ' data-av_icon='\ue87d' data-av_iconfont='entypo-fontello' aria-hidden=\"true\" title=\"Weiter\" desc=\"Weiter\" tabindex='-1' ><span class='avia_hidden_link_text'>Weiter<\/span><\/a><\/div><\/div>\n<div  data-slideshow-options=\"{&quot;animation&quot;:&quot;fade&quot;,&quot;autoplay&quot;:false,&quot;loop_autoplay&quot;:&quot;once&quot;,&quot;interval&quot;:&quot;5&quot;,&quot;loop_manual&quot;:&quot;manual-endless&quot;,&quot;autoplay_stopper&quot;:false,&quot;noNavigation&quot;:false,&quot;show_slide_delay&quot;:90}\" class='avia-content-slider avia-content-slider-active avia-content-slider2 avia-content-slider-even  avia-builder-el-41  el_after_av_postslider  el_before_av_postslider  av-slideshow-ui av-control-default   av-no-slider-navigation av-slideshow-manual av-loop-once av-loop-manual-endless  av-desktop-hide av-small-hide av-mini-hide'  itemscope=\"itemscope\" itemtype=\"https:\/\/schema.org\/Blog\" ><div class=\"avia-content-slider-inner\"><div class=\"slide-entry-wrap\"><article class='slide-entry flex_column  post-entry post-entry-59483 slide-entry-overview slide-loop-1 slide-parity-odd  av_one_half first real-thumbnail posttype-post post-format-standard'  itemscope=\"itemscope\" itemtype=\"https:\/\/schema.org\/BlogPosting\" itemprop=\"blogPost\" ><a href='https:\/\/fobizz.com\/de\/schule_mit_kopf_herz_hand_ki\/' data-rel='slide-2' class='slide-image' title='Schule mit Kopf, Herz, Hand und KI  \u2013 Interview mit Johannes Claassen'><img decoding=\"async\" fetchpriority=\"high\" width=\"495\" height=\"400\" src=\"https:\/\/fobizz.com\/wp-content\/uploads\/2026\/04\/Buch_KI_Herz_Hand-495x400.jpeg\" class=\"wp-image-59488 avia-img-lazy-loading-not-59488 attachment-portfolio size-portfolio wp-post-image\" alt=\"\" \/><\/a><div class=\"slide-content\"><header class=\"entry-content-header\"><h3 class='slide-entry-title entry-title '  itemprop=\"headline\" ><a href='https:\/\/fobizz.com\/de\/schule_mit_kopf_herz_hand_ki\/' title='Schule mit Kopf, Herz, Hand und KI  \u2013 Interview mit Johannes Claassen'>Schule mit Kopf, Herz, Hand und KI  \u2013 Interview mit Johannes Claassen<\/a><\/h3><span class=\"blog-categories minor-meta\"><a href=\"https:\/\/fobizz.com\/de\/category\/digitale-bildung\/\" rel=\"tag\">Digitale Bildung<\/a>, <a href=\"https:\/\/fobizz.com\/de\/category\/interview\/\" rel=\"tag\">Interview<\/a>, <a href=\"https:\/\/fobizz.com\/de\/category\/lehrerbildung\/\" rel=\"tag\">Lehrerbildung<\/a> <\/span><span class=\"av-vertical-delimiter\"><\/span><\/header><div class='slide-entry-excerpt entry-content'  itemprop=\"text\" ><div class=\"excerpt-text\">KI ver\u00e4ndert unser Bildungssystem \u2013 doch wie k\u00f6nnen wir unsere Schule mit zunehmender Technologie noch menschlicher machen?<\/div><div class='time-wrap'><time class='slide-meta-time updated'  itemprop=\"datePublished\" datetime=\"2026-04-10T10:51:03+02:00\" >10. April 2026<\/time><\/div><div class=\"read-more-link\"><a href=\"https:\/\/fobizz.com\/de\/schule_mit_kopf_herz_hand_ki\/\" class=\"more-link\">Weiterlesen<\/a><\/div><\/div><\/div><span class='hidden'>\n\t\t\t\t<span class='av-structured-data'  itemprop=\"image\" itemscope=\"itemscope\" itemtype=\"https:\/\/schema.org\/ImageObject\" >\n\t\t\t\t\t\t<span itemprop='url'>https:\/\/fobizz.com\/wp-content\/uploads\/2026\/04\/Buch_KI_Herz_Hand.jpeg<\/span>\n\t\t\t\t\t\t<span itemprop='height'>481<\/span>\n\t\t\t\t\t\t<span itemprop='width'>587<\/span>\n\t\t\t\t<\/span>\n\t\t\t\t<span class='av-structured-data'  itemprop=\"publisher\" itemtype=\"https:\/\/schema.org\/Organization\" itemscope=\"itemscope\" >\n\t\t\t\t\t\t<span itemprop='name'>Michelle<\/span>\n\t\t\t\t\t\t<span itemprop='logo' itemscope itemtype='https:\/\/schema.org\/ImageObject'>\n\t\t\t\t\t\t\t<span itemprop='url'>https:\/\/fobizz.com\/wp-content\/uploads\/2024\/01\/fobizz_logo-min-495x244.png<\/span>\n\t\t\t\t\t\t<\/span>\n\t\t\t\t<\/span><span class='av-structured-data'  itemprop=\"author\" itemscope=\"itemscope\" itemtype=\"https:\/\/schema.org\/Person\" ><span itemprop='name'>Michelle<\/span><\/span><span class='av-structured-data'  itemprop=\"datePublished\" datetime=\"2023-05-17T11:05:31+02:00\" >2026-04-10 10:51:03<\/span><span class='av-structured-data'  itemprop=\"dateModified\" itemtype=\"https:\/\/schema.org\/dateModified\" >2026-04-10 10:51:03<\/span><span class='av-structured-data'  itemprop=\"mainEntityOfPage\" itemtype=\"https:\/\/schema.org\/mainEntityOfPage\" ><span itemprop='name'>Schule mit Kopf, Herz, Hand und KI  \u2013 Interview mit Johannes Claassen<\/span><\/span><\/span><\/article><article class='slide-entry flex_column  post-entry post-entry-59437 slide-entry-overview slide-loop-2 slide-parity-even  av_one_half  real-thumbnail posttype-post post-format-standard'  itemscope=\"itemscope\" itemtype=\"https:\/\/schema.org\/BlogPosting\" itemprop=\"blogPost\" ><a href='https:\/\/fobizz.com\/de\/kinder-mit-traumaerfahrung-verstehen-und-begleiten\/' data-rel='slide-2' class='slide-image' title='Kinder mit Traumaerfahrung verstehen und begleiten'><img decoding=\"async\" fetchpriority=\"high\" width=\"495\" height=\"400\" src=\"https:\/\/fobizz.com\/wp-content\/uploads\/2026\/04\/Kinder-mit-Traumaerfahrung-verstehen-und-begleiten-495x400.jpg\" class=\"wp-image-59441 avia-img-lazy-loading-not-59441 attachment-portfolio size-portfolio wp-post-image\" alt=\"\" \/><\/a><div class=\"slide-content\"><header class=\"entry-content-header\"><h3 class='slide-entry-title entry-title '  itemprop=\"headline\" ><a href='https:\/\/fobizz.com\/de\/kinder-mit-traumaerfahrung-verstehen-und-begleiten\/' title='Kinder mit Traumaerfahrung verstehen und begleiten'>Kinder mit Traumaerfahrung verstehen und begleiten<\/a><\/h3><span class=\"blog-categories minor-meta\"><a href=\"https:\/\/fobizz.com\/de\/category\/interview\/\" rel=\"tag\">Interview<\/a>, <a href=\"https:\/\/fobizz.com\/de\/category\/lehrerbildung\/\" rel=\"tag\">Lehrerbildung<\/a>, <a href=\"https:\/\/fobizz.com\/de\/category\/nachhaltige-entwicklung\/\" rel=\"tag\">Nachhaltige Entwicklung<\/a> <\/span><span class=\"av-vertical-delimiter\"><\/span><\/header><div class='slide-entry-excerpt entry-content'  itemprop=\"text\" ><div class=\"excerpt-text\">Erfahre im Interview mit Feline Lunge, wie du deinen Unterricht traumasensibel gestalten kannst.<\/div><div class='time-wrap'><time class='slide-meta-time updated'  itemprop=\"datePublished\" datetime=\"2026-04-09T10:47:47+02:00\" >9. April 2026<\/time><\/div><div class=\"read-more-link\"><a href=\"https:\/\/fobizz.com\/de\/kinder-mit-traumaerfahrung-verstehen-und-begleiten\/\" class=\"more-link\">Weiterlesen<\/a><\/div><\/div><\/div><span class='hidden'>\n\t\t\t\t<span class='av-structured-data'  itemprop=\"image\" itemscope=\"itemscope\" itemtype=\"https:\/\/schema.org\/ImageObject\" >\n\t\t\t\t\t\t<span itemprop='url'>https:\/\/fobizz.com\/wp-content\/uploads\/2026\/04\/Kinder-mit-Traumaerfahrung-verstehen-und-begleiten.jpg<\/span>\n\t\t\t\t\t\t<span itemprop='height'>500<\/span>\n\t\t\t\t\t\t<span itemprop='width'>800<\/span>\n\t\t\t\t<\/span>\n\t\t\t\t<span class='av-structured-data'  itemprop=\"publisher\" itemtype=\"https:\/\/schema.org\/Organization\" itemscope=\"itemscope\" >\n\t\t\t\t\t\t<span itemprop='name'>Tanja Schneider<\/span>\n\t\t\t\t\t\t<span itemprop='logo' itemscope itemtype='https:\/\/schema.org\/ImageObject'>\n\t\t\t\t\t\t\t<span itemprop='url'>https:\/\/fobizz.com\/wp-content\/uploads\/2024\/01\/fobizz_logo-min-495x244.png<\/span>\n\t\t\t\t\t\t<\/span>\n\t\t\t\t<\/span><span class='av-structured-data'  itemprop=\"author\" itemscope=\"itemscope\" itemtype=\"https:\/\/schema.org\/Person\" ><span itemprop='name'>Tanja Schneider<\/span><\/span><span class='av-structured-data'  itemprop=\"datePublished\" datetime=\"2023-05-17T11:05:31+02:00\" >2026-04-09 10:47:47<\/span><span class='av-structured-data'  itemprop=\"dateModified\" itemtype=\"https:\/\/schema.org\/dateModified\" >2026-04-09 11:19:32<\/span><span class='av-structured-data'  itemprop=\"mainEntityOfPage\" itemtype=\"https:\/\/schema.org\/mainEntityOfPage\" ><span itemprop='name'>Kinder mit Traumaerfahrung verstehen und begleiten<\/span><\/span><\/span><\/article><\/div><div class=\"slide-entry-wrap\"><article class='slide-entry flex_column  post-entry post-entry-59456 slide-entry-overview slide-loop-3 slide-parity-odd  av_one_half first real-thumbnail posttype-post post-format-standard'  itemscope=\"itemscope\" itemtype=\"https:\/\/schema.org\/BlogPosting\" itemprop=\"blogPost\" ><a href='https:\/\/fobizz.com\/de\/grundschulalltag-diskriminierungskritisch-gestalten\/' data-rel='slide-2' class='slide-image' title='Grundschulalltag diskriminierungskritisch gestalten'><img decoding=\"async\" fetchpriority=\"high\" width=\"495\" height=\"400\" src=\"https:\/\/fobizz.com\/wp-content\/uploads\/2026\/04\/Grundschulalltag-diskriminierungskritisch-gestalten-495x400.jpg\" class=\"wp-image-59457 avia-img-lazy-loading-not-59457 attachment-portfolio size-portfolio wp-post-image\" alt=\"\" \/><\/a><div class=\"slide-content\"><header class=\"entry-content-header\"><h3 class='slide-entry-title entry-title '  itemprop=\"headline\" ><a href='https:\/\/fobizz.com\/de\/grundschulalltag-diskriminierungskritisch-gestalten\/' title='Grundschulalltag diskriminierungskritisch gestalten'>Grundschulalltag diskriminierungskritisch gestalten<\/a><\/h3><span class=\"blog-categories minor-meta\"><a href=\"https:\/\/fobizz.com\/de\/category\/interview\/\" rel=\"tag\">Interview<\/a>, <a href=\"https:\/\/fobizz.com\/de\/category\/lehrerbildung\/\" rel=\"tag\">Lehrerbildung<\/a>, <a href=\"https:\/\/fobizz.com\/de\/category\/nachhaltige-entwicklung\/\" rel=\"tag\">Nachhaltige Entwicklung<\/a> <\/span><span class=\"av-vertical-delimiter\"><\/span><\/header><div class='slide-entry-excerpt entry-content'  itemprop=\"text\" ><div class=\"excerpt-text\">Erfahre im Interview mit Anna Lena Lutz, warum du deinen Schulalltag diskriminierungskritisch gestalten solltest.<\/div><div class='time-wrap'><time class='slide-meta-time updated'  itemprop=\"datePublished\" datetime=\"2026-04-09T10:45:31+02:00\" >9. April 2026<\/time><\/div><div class=\"read-more-link\"><a href=\"https:\/\/fobizz.com\/de\/grundschulalltag-diskriminierungskritisch-gestalten\/\" class=\"more-link\">Weiterlesen<\/a><\/div><\/div><\/div><span class='hidden'>\n\t\t\t\t<span class='av-structured-data'  itemprop=\"image\" itemscope=\"itemscope\" itemtype=\"https:\/\/schema.org\/ImageObject\" >\n\t\t\t\t\t\t<span itemprop='url'>https:\/\/fobizz.com\/wp-content\/uploads\/2026\/04\/Grundschulalltag-diskriminierungskritisch-gestalten.jpg<\/span>\n\t\t\t\t\t\t<span itemprop='height'>500<\/span>\n\t\t\t\t\t\t<span itemprop='width'>800<\/span>\n\t\t\t\t<\/span>\n\t\t\t\t<span class='av-structured-data'  itemprop=\"publisher\" itemtype=\"https:\/\/schema.org\/Organization\" itemscope=\"itemscope\" >\n\t\t\t\t\t\t<span itemprop='name'>Tanja Schneider<\/span>\n\t\t\t\t\t\t<span itemprop='logo' itemscope itemtype='https:\/\/schema.org\/ImageObject'>\n\t\t\t\t\t\t\t<span itemprop='url'>https:\/\/fobizz.com\/wp-content\/uploads\/2024\/01\/fobizz_logo-min-495x244.png<\/span>\n\t\t\t\t\t\t<\/span>\n\t\t\t\t<\/span><span class='av-structured-data'  itemprop=\"author\" itemscope=\"itemscope\" itemtype=\"https:\/\/schema.org\/Person\" ><span itemprop='name'>Tanja Schneider<\/span><\/span><span class='av-structured-data'  itemprop=\"datePublished\" datetime=\"2023-05-17T11:05:31+02:00\" >2026-04-09 10:45:31<\/span><span class='av-structured-data'  itemprop=\"dateModified\" itemtype=\"https:\/\/schema.org\/dateModified\" >2026-04-09 11:18:42<\/span><span class='av-structured-data'  itemprop=\"mainEntityOfPage\" itemtype=\"https:\/\/schema.org\/mainEntityOfPage\" ><span itemprop='name'>Grundschulalltag diskriminierungskritisch gestalten<\/span><\/span><\/span><\/article><article class='slide-entry flex_column  post-entry post-entry-59367 slide-entry-overview slide-loop-4 slide-parity-even  av_one_half  real-thumbnail posttype-post post-format-standard'  itemscope=\"itemscope\" itemtype=\"https:\/\/schema.org\/BlogPosting\" itemprop=\"blogPost\" ><a href='https:\/\/fobizz.com\/de\/demokratie-lernen-interview-poitzmann-ahl\/' data-rel='slide-2' class='slide-image' title='Demokratie lernen  \u2013 Interview mit Nikola Poitzmann &#038; Kati Ahl'><img decoding=\"async\" fetchpriority=\"high\" width=\"495\" height=\"400\" src=\"https:\/\/fobizz.com\/wp-content\/uploads\/2023\/07\/Schulkalender-23-24-classroom-management-495x400.jpg\" class=\"wp-image-41470 avia-img-lazy-loading-not-41470 attachment-portfolio size-portfolio wp-post-image\" alt=\"Vorschaubild der Fortbildung Classroom Management\" \/><\/a><div class=\"slide-content\"><header class=\"entry-content-header\"><h3 class='slide-entry-title entry-title '  itemprop=\"headline\" ><a href='https:\/\/fobizz.com\/de\/demokratie-lernen-interview-poitzmann-ahl\/' title='Demokratie lernen  \u2013 Interview mit Nikola Poitzmann &#038; Kati Ahl'>Demokratie lernen  \u2013 Interview mit Nikola Poitzmann &#038; Kati Ahl<\/a><\/h3><span class=\"blog-categories minor-meta\"><a href=\"https:\/\/fobizz.com\/de\/category\/digitale-bildung\/\" rel=\"tag\">Digitale Bildung<\/a>, <a href=\"https:\/\/fobizz.com\/de\/category\/interview\/\" rel=\"tag\">Interview<\/a>, <a href=\"https:\/\/fobizz.com\/de\/category\/lehrerbildung\/\" rel=\"tag\">Lehrerbildung<\/a> <\/span><span class=\"av-vertical-delimiter\"><\/span><\/header><div class='slide-entry-excerpt entry-content'  itemprop=\"text\" ><div class=\"excerpt-text\">Trotz wachsender gesellschaftlicher Spannungen bleibt die Schule ein besonderer Ort: Hier treffen Menschen mit unterschiedlichen Hintergr\u00fcnden, Meinungen und Erfahrungen aufeinander. Gerade deshalb bietet Schule gro\u00dfes Potenzial als Raum des Wandels \u2013 ein Ort, an dem Gemeinschaft gelebt und demokratische Werte im Alltag erfahrbar werden.\r\nDoch wie gelingt es, Sch\u00fcler:innen so zu st\u00e4rken, dass sie sich aktiv, selbstbestimmt und kritisch in gesellschaftliche Prozesse einbringen k\u00f6nnen?<\/div><div class='time-wrap'><time class='slide-meta-time updated'  itemprop=\"datePublished\" datetime=\"2026-04-02T06:25:32+02:00\" >2. April 2026<\/time><\/div><div class=\"read-more-link\"><a href=\"https:\/\/fobizz.com\/de\/demokratie-lernen-interview-poitzmann-ahl\/\" class=\"more-link\">Weiterlesen<\/a><\/div><\/div><\/div><span class='hidden'>\n\t\t\t\t<span class='av-structured-data'  itemprop=\"image\" itemscope=\"itemscope\" itemtype=\"https:\/\/schema.org\/ImageObject\" >\n\t\t\t\t\t\t<span itemprop='url'>https:\/\/fobizz.com\/wp-content\/uploads\/2023\/07\/Schulkalender-23-24-classroom-management.jpg<\/span>\n\t\t\t\t\t\t<span itemprop='height'>628<\/span>\n\t\t\t\t\t\t<span itemprop='width'>1200<\/span>\n\t\t\t\t<\/span>\n\t\t\t\t<span class='av-structured-data'  itemprop=\"publisher\" itemtype=\"https:\/\/schema.org\/Organization\" itemscope=\"itemscope\" >\n\t\t\t\t\t\t<span itemprop='name'>Michelle<\/span>\n\t\t\t\t\t\t<span itemprop='logo' itemscope itemtype='https:\/\/schema.org\/ImageObject'>\n\t\t\t\t\t\t\t<span itemprop='url'>https:\/\/fobizz.com\/wp-content\/uploads\/2024\/01\/fobizz_logo-min-495x244.png<\/span>\n\t\t\t\t\t\t<\/span>\n\t\t\t\t<\/span><span class='av-structured-data'  itemprop=\"author\" itemscope=\"itemscope\" itemtype=\"https:\/\/schema.org\/Person\" ><span itemprop='name'>Michelle<\/span><\/span><span class='av-structured-data'  itemprop=\"datePublished\" datetime=\"2023-05-17T11:05:31+02:00\" >2026-04-02 06:25:32<\/span><span class='av-structured-data'  itemprop=\"dateModified\" itemtype=\"https:\/\/schema.org\/dateModified\" >2026-04-13 17:48:54<\/span><span class='av-structured-data'  itemprop=\"mainEntityOfPage\" itemtype=\"https:\/\/schema.org\/mainEntityOfPage\" ><span itemprop='name'>Demokratie lernen  \u2013 Interview mit Nikola Poitzmann &#038; Kati Ahl<\/span><\/span><\/span><\/article><\/div><div class=\"slide-entry-wrap\"><article class='slide-entry flex_column  post-entry post-entry-59354 slide-entry-overview slide-loop-5 slide-parity-odd  av_one_half first real-thumbnail posttype-post post-format-standard'  itemscope=\"itemscope\" itemtype=\"https:\/\/schema.org\/BlogPosting\" itemprop=\"blogPost\" ><a href='https:\/\/fobizz.com\/de\/kinder-die-durchs-raster-fallen-interview-mit-corina-elfe\/' data-rel='slide-2' class='slide-image' title='Kinder, die durchs Raster fallen  \u2013 Interview mit Corina Elfe'><img decoding=\"async\" fetchpriority=\"high\" width=\"495\" height=\"400\" src=\"https:\/\/fobizz.com\/wp-content\/uploads\/2026\/04\/Kinder_Neurodivergenz-495x400.jpg\" class=\"wp-image-59361 avia-img-lazy-loading-not-59361 attachment-portfolio size-portfolio wp-post-image\" alt=\"\" \/><\/a><div class=\"slide-content\"><header class=\"entry-content-header\"><h3 class='slide-entry-title entry-title '  itemprop=\"headline\" ><a href='https:\/\/fobizz.com\/de\/kinder-die-durchs-raster-fallen-interview-mit-corina-elfe\/' title='Kinder, die durchs Raster fallen  \u2013 Interview mit Corina Elfe'>Kinder, die durchs Raster fallen  \u2013 Interview mit Corina Elfe<\/a><\/h3><span class=\"blog-categories minor-meta\"><a href=\"https:\/\/fobizz.com\/de\/category\/digitale-bildung\/\" rel=\"tag\">Digitale Bildung<\/a>, <a href=\"https:\/\/fobizz.com\/de\/category\/interview\/\" rel=\"tag\">Interview<\/a>, <a href=\"https:\/\/fobizz.com\/de\/category\/lehrerbildung\/\" rel=\"tag\">Lehrerbildung<\/a> <\/span><span class=\"av-vertical-delimiter\"><\/span><\/header><div class='slide-entry-excerpt entry-content'  itemprop=\"text\" ><div class=\"excerpt-text\">Digitales Arbeiten und Unterrichten \u2013 der Einsatz von K\u00fcnstlicher Intelligenz wird f\u00fcr Lehrkr\u00e4fte immer relevanter. Wie textgenerierende KI-Systeme wie ChatGPT sinnvoll in den Schulalltag integriert werden k\u00f6nnen und welche Potenziale und Grenzen sie haben, zeigen Micha Busch und Christian K\u00f6hler in 33 praxisnahen Ideen f\u00fcr Unterricht und Organisation.<\/div><div class='time-wrap'><time class='slide-meta-time updated'  itemprop=\"datePublished\" datetime=\"2026-04-01T17:20:21+02:00\" >1. April 2026<\/time><\/div><div class=\"read-more-link\"><a href=\"https:\/\/fobizz.com\/de\/kinder-die-durchs-raster-fallen-interview-mit-corina-elfe\/\" class=\"more-link\">Weiterlesen<\/a><\/div><\/div><\/div><span class='hidden'>\n\t\t\t\t<span class='av-structured-data'  itemprop=\"image\" itemscope=\"itemscope\" itemtype=\"https:\/\/schema.org\/ImageObject\" >\n\t\t\t\t\t\t<span itemprop='url'>https:\/\/fobizz.com\/wp-content\/uploads\/2026\/04\/Kinder_Neurodivergenz.jpg<\/span>\n\t\t\t\t\t\t<span itemprop='height'>768<\/span>\n\t\t\t\t\t\t<span itemprop='width'>1408<\/span>\n\t\t\t\t<\/span>\n\t\t\t\t<span class='av-structured-data'  itemprop=\"publisher\" itemtype=\"https:\/\/schema.org\/Organization\" itemscope=\"itemscope\" >\n\t\t\t\t\t\t<span itemprop='name'>Michelle<\/span>\n\t\t\t\t\t\t<span itemprop='logo' itemscope itemtype='https:\/\/schema.org\/ImageObject'>\n\t\t\t\t\t\t\t<span itemprop='url'>https:\/\/fobizz.com\/wp-content\/uploads\/2024\/01\/fobizz_logo-min-495x244.png<\/span>\n\t\t\t\t\t\t<\/span>\n\t\t\t\t<\/span><span class='av-structured-data'  itemprop=\"author\" itemscope=\"itemscope\" itemtype=\"https:\/\/schema.org\/Person\" ><span itemprop='name'>Michelle<\/span><\/span><span class='av-structured-data'  itemprop=\"datePublished\" datetime=\"2023-05-17T11:05:31+02:00\" >2026-04-01 17:20:21<\/span><span class='av-structured-data'  itemprop=\"dateModified\" itemtype=\"https:\/\/schema.org\/dateModified\" >2026-04-13 17:49:10<\/span><span class='av-structured-data'  itemprop=\"mainEntityOfPage\" itemtype=\"https:\/\/schema.org\/mainEntityOfPage\" ><span itemprop='name'>Kinder, die durchs Raster fallen  \u2013 Interview mit Corina Elfe<\/span><\/span><\/span><\/article><article class='slide-entry flex_column  post-entry post-entry-58864 slide-entry-overview slide-loop-6 slide-parity-even  av_one_half  real-thumbnail posttype-post post-format-standard'  itemscope=\"itemscope\" itemtype=\"https:\/\/schema.org\/BlogPosting\" itemprop=\"blogPost\" ><a href='https:\/\/fobizz.com\/de\/scratch-einstieg-ins-visuelle-programmieren\/' data-rel='slide-2' class='slide-image' title='Scratch: Einstieg ins visuelle Programmieren'><img decoding=\"async\" fetchpriority=\"high\" width=\"495\" height=\"400\" src=\"https:\/\/fobizz.com\/wp-content\/uploads\/2026\/03\/Scratch-Einstieg-ins-visuelle-Programmieren-495x400.jpg\" class=\"wp-image-58867 avia-img-lazy-loading-not-58867 attachment-portfolio size-portfolio wp-post-image\" alt=\"\" \/><\/a><div class=\"slide-content\"><header class=\"entry-content-header\"><h3 class='slide-entry-title entry-title '  itemprop=\"headline\" ><a href='https:\/\/fobizz.com\/de\/scratch-einstieg-ins-visuelle-programmieren\/' title='Scratch: Einstieg ins visuelle Programmieren'>Scratch: Einstieg ins visuelle Programmieren<\/a><\/h3><span class=\"blog-categories minor-meta\"><a href=\"https:\/\/fobizz.com\/de\/category\/digitale-bildung\/\" rel=\"tag\">Digitale Bildung<\/a>, <a href=\"https:\/\/fobizz.com\/de\/category\/digitale-medien\/\" rel=\"tag\">Digitale Medien<\/a>, <a href=\"https:\/\/fobizz.com\/de\/category\/interview\/\" rel=\"tag\">Interview<\/a>, <a href=\"https:\/\/fobizz.com\/de\/category\/lehrerbildung\/\" rel=\"tag\">Lehrerbildung<\/a> <\/span><span class=\"av-vertical-delimiter\"><\/span><\/header><div class='slide-entry-excerpt entry-content'  itemprop=\"text\" ><div class=\"excerpt-text\">Erfahre im Interview mit Tom Wiedemann, wie du Scratch sinnvoll in deinen Unterricht einbringen kannst.<\/div><div class='time-wrap'><time class='slide-meta-time updated'  itemprop=\"datePublished\" datetime=\"2026-03-12T11:07:22+01:00\" >12. M\u00e4rz 2026<\/time><\/div><div class=\"read-more-link\"><a href=\"https:\/\/fobizz.com\/de\/scratch-einstieg-ins-visuelle-programmieren\/\" class=\"more-link\">Weiterlesen<\/a><\/div><\/div><\/div><span class='hidden'>\n\t\t\t\t<span class='av-structured-data'  itemprop=\"image\" itemscope=\"itemscope\" itemtype=\"https:\/\/schema.org\/ImageObject\" >\n\t\t\t\t\t\t<span itemprop='url'>https:\/\/fobizz.com\/wp-content\/uploads\/2026\/03\/Scratch-Einstieg-ins-visuelle-Programmieren.jpg<\/span>\n\t\t\t\t\t\t<span itemprop='height'>500<\/span>\n\t\t\t\t\t\t<span itemprop='width'>800<\/span>\n\t\t\t\t<\/span>\n\t\t\t\t<span class='av-structured-data'  itemprop=\"publisher\" itemtype=\"https:\/\/schema.org\/Organization\" itemscope=\"itemscope\" >\n\t\t\t\t\t\t<span itemprop='name'>Tanja Schneider<\/span>\n\t\t\t\t\t\t<span itemprop='logo' itemscope itemtype='https:\/\/schema.org\/ImageObject'>\n\t\t\t\t\t\t\t<span itemprop='url'>https:\/\/fobizz.com\/wp-content\/uploads\/2024\/01\/fobizz_logo-min-495x244.png<\/span>\n\t\t\t\t\t\t<\/span>\n\t\t\t\t<\/span><span class='av-structured-data'  itemprop=\"author\" itemscope=\"itemscope\" itemtype=\"https:\/\/schema.org\/Person\" ><span itemprop='name'>Tanja Schneider<\/span><\/span><span class='av-structured-data'  itemprop=\"datePublished\" datetime=\"2023-05-17T11:05:31+02:00\" >2026-03-12 11:07:22<\/span><span class='av-structured-data'  itemprop=\"dateModified\" itemtype=\"https:\/\/schema.org\/dateModified\" >2026-03-12 11:34:55<\/span><span class='av-structured-data'  itemprop=\"mainEntityOfPage\" itemtype=\"https:\/\/schema.org\/mainEntityOfPage\" ><span itemprop='name'>Scratch: Einstieg ins visuelle Programmieren<\/span><\/span><\/span><\/article><\/div><div class=\"slide-entry-wrap\"><article class='slide-entry flex_column  post-entry post-entry-58852 slide-entry-overview slide-loop-7 slide-parity-odd  av_one_half first real-thumbnail posttype-post post-format-standard'  itemscope=\"itemscope\" itemtype=\"https:\/\/schema.org\/BlogPosting\" itemprop=\"blogPost\" ><a href='https:\/\/fobizz.com\/de\/goodnotes-grundlagen-organisation-von-unterrichtsnotizen\/' data-rel='slide-2' class='slide-image' title='Goodnotes Grundlagen: Organisation von Unterrichtsnotizen'><img decoding=\"async\" fetchpriority=\"high\" width=\"495\" height=\"400\" src=\"https:\/\/fobizz.com\/wp-content\/uploads\/2026\/03\/Goodnotes-Grundlagen-Organisation-von-Unterrichtsnotizen-495x400.jpg\" class=\"wp-image-58853 avia-img-lazy-loading-not-58853 attachment-portfolio size-portfolio wp-post-image\" alt=\"\" \/><\/a><div class=\"slide-content\"><header class=\"entry-content-header\"><h3 class='slide-entry-title entry-title '  itemprop=\"headline\" ><a href='https:\/\/fobizz.com\/de\/goodnotes-grundlagen-organisation-von-unterrichtsnotizen\/' title='Goodnotes Grundlagen: Organisation von Unterrichtsnotizen'>Goodnotes Grundlagen: Organisation von Unterrichtsnotizen<\/a><\/h3><span class=\"blog-categories minor-meta\"><a href=\"https:\/\/fobizz.com\/de\/category\/digitale-bildung\/\" rel=\"tag\">Digitale Bildung<\/a>, <a href=\"https:\/\/fobizz.com\/de\/category\/digitale-medien\/\" rel=\"tag\">Digitale Medien<\/a>, <a href=\"https:\/\/fobizz.com\/de\/category\/interview\/\" rel=\"tag\">Interview<\/a>, <a href=\"https:\/\/fobizz.com\/de\/category\/lehrerbildung\/\" rel=\"tag\">Lehrerbildung<\/a> <\/span><span class=\"av-vertical-delimiter\"><\/span><\/header><div class='slide-entry-excerpt entry-content'  itemprop=\"text\" ><div class=\"excerpt-text\">Im Interview mit Dr. Ulla Hauptmann erf\u00e4hrst du, wie du mit Goodnotes 7 den Unterricht kreativ gestalten und deine Unterrichtsmaterialien ordnen kannst.<\/div><div class='time-wrap'><time class='slide-meta-time updated'  itemprop=\"datePublished\" datetime=\"2026-03-12T11:06:50+01:00\" >12. M\u00e4rz 2026<\/time><\/div><div class=\"read-more-link\"><a href=\"https:\/\/fobizz.com\/de\/goodnotes-grundlagen-organisation-von-unterrichtsnotizen\/\" class=\"more-link\">Weiterlesen<\/a><\/div><\/div><\/div><span class='hidden'>\n\t\t\t\t<span class='av-structured-data'  itemprop=\"image\" itemscope=\"itemscope\" itemtype=\"https:\/\/schema.org\/ImageObject\" >\n\t\t\t\t\t\t<span itemprop='url'>https:\/\/fobizz.com\/wp-content\/uploads\/2026\/03\/Goodnotes-Grundlagen-Organisation-von-Unterrichtsnotizen.jpg<\/span>\n\t\t\t\t\t\t<span itemprop='height'>500<\/span>\n\t\t\t\t\t\t<span itemprop='width'>800<\/span>\n\t\t\t\t<\/span>\n\t\t\t\t<span class='av-structured-data'  itemprop=\"publisher\" itemtype=\"https:\/\/schema.org\/Organization\" itemscope=\"itemscope\" >\n\t\t\t\t\t\t<span itemprop='name'>Tanja Schneider<\/span>\n\t\t\t\t\t\t<span itemprop='logo' itemscope itemtype='https:\/\/schema.org\/ImageObject'>\n\t\t\t\t\t\t\t<span itemprop='url'>https:\/\/fobizz.com\/wp-content\/uploads\/2024\/01\/fobizz_logo-min-495x244.png<\/span>\n\t\t\t\t\t\t<\/span>\n\t\t\t\t<\/span><span class='av-structured-data'  itemprop=\"author\" itemscope=\"itemscope\" itemtype=\"https:\/\/schema.org\/Person\" ><span itemprop='name'>Tanja Schneider<\/span><\/span><span class='av-structured-data'  itemprop=\"datePublished\" datetime=\"2023-05-17T11:05:31+02:00\" >2026-03-12 11:06:50<\/span><span class='av-structured-data'  itemprop=\"dateModified\" itemtype=\"https:\/\/schema.org\/dateModified\" >2026-03-12 11:35:36<\/span><span class='av-structured-data'  itemprop=\"mainEntityOfPage\" itemtype=\"https:\/\/schema.org\/mainEntityOfPage\" ><span itemprop='name'>Goodnotes Grundlagen: Organisation von Unterrichtsnotizen<\/span><\/span><\/span><\/article><article class='slide-entry flex_column  post-entry post-entry-58357 slide-entry-overview slide-loop-8 slide-parity-even  av_one_half  real-thumbnail posttype-post post-format-standard'  itemscope=\"itemscope\" itemtype=\"https:\/\/schema.org\/BlogPosting\" itemprop=\"blogPost\" ><a href='https:\/\/fobizz.com\/de\/einsatz-von-schulhunden-im-unterrichtsalltag\/' data-rel='slide-2' class='slide-image' title='Einsatz von Schulhunden im Unterrichtsalltag'><img decoding=\"async\" fetchpriority=\"high\" width=\"495\" height=\"400\" src=\"https:\/\/fobizz.com\/wp-content\/uploads\/2026\/02\/Blogbeitrag-Einsatz-von-Schulhunden-im-Unterrichtsalltag-1-495x400.jpg\" class=\"wp-image-58503 avia-img-lazy-loading-not-58503 attachment-portfolio size-portfolio wp-post-image\" alt=\"\" \/><\/a><div class=\"slide-content\"><header class=\"entry-content-header\"><h3 class='slide-entry-title entry-title '  itemprop=\"headline\" ><a href='https:\/\/fobizz.com\/de\/einsatz-von-schulhunden-im-unterrichtsalltag\/' title='Einsatz von Schulhunden im Unterrichtsalltag'>Einsatz von Schulhunden im Unterrichtsalltag<\/a><\/h3><span class=\"blog-categories minor-meta\"><a href=\"https:\/\/fobizz.com\/de\/category\/interview\/\" rel=\"tag\">Interview<\/a>, <a href=\"https:\/\/fobizz.com\/de\/category\/lehrerbildung\/\" rel=\"tag\">Lehrerbildung<\/a>, <a href=\"https:\/\/fobizz.com\/de\/category\/nachhaltige-entwicklung\/\" rel=\"tag\">Nachhaltige Entwicklung<\/a>, <a href=\"https:\/\/fobizz.com\/de\/category\/neue-lernkultur\/\" rel=\"tag\">Neue Lernkultur<\/a> <\/span><span class=\"av-vertical-delimiter\"><\/span><\/header><div class='slide-entry-excerpt entry-content'  itemprop=\"text\" ><div class=\"excerpt-text\">Im Interview mit Judith Bohlmann erf\u00e4hrst du, wie Schulhunde den Unterricht bereichern k\u00f6nnen.<\/div><div class='time-wrap'><time class='slide-meta-time updated'  itemprop=\"datePublished\" datetime=\"2026-02-12T10:00:28+01:00\" >12. Februar 2026<\/time><\/div><div class=\"read-more-link\"><a href=\"https:\/\/fobizz.com\/de\/einsatz-von-schulhunden-im-unterrichtsalltag\/\" class=\"more-link\">Weiterlesen<\/a><\/div><\/div><\/div><span class='hidden'>\n\t\t\t\t<span class='av-structured-data'  itemprop=\"image\" itemscope=\"itemscope\" itemtype=\"https:\/\/schema.org\/ImageObject\" >\n\t\t\t\t\t\t<span itemprop='url'>https:\/\/fobizz.com\/wp-content\/uploads\/2026\/02\/Blogbeitrag-Einsatz-von-Schulhunden-im-Unterrichtsalltag-1.jpg<\/span>\n\t\t\t\t\t\t<span itemprop='height'>1080<\/span>\n\t\t\t\t\t\t<span itemprop='width'>1920<\/span>\n\t\t\t\t<\/span>\n\t\t\t\t<span class='av-structured-data'  itemprop=\"publisher\" itemtype=\"https:\/\/schema.org\/Organization\" itemscope=\"itemscope\" >\n\t\t\t\t\t\t<span itemprop='name'>Tanja Schneider<\/span>\n\t\t\t\t\t\t<span itemprop='logo' itemscope itemtype='https:\/\/schema.org\/ImageObject'>\n\t\t\t\t\t\t\t<span itemprop='url'>https:\/\/fobizz.com\/wp-content\/uploads\/2024\/01\/fobizz_logo-min-495x244.png<\/span>\n\t\t\t\t\t\t<\/span>\n\t\t\t\t<\/span><span class='av-structured-data'  itemprop=\"author\" itemscope=\"itemscope\" itemtype=\"https:\/\/schema.org\/Person\" ><span itemprop='name'>Tanja Schneider<\/span><\/span><span class='av-structured-data'  itemprop=\"datePublished\" datetime=\"2023-05-17T11:05:31+02:00\" >2026-02-12 10:00:28<\/span><span class='av-structured-data'  itemprop=\"dateModified\" itemtype=\"https:\/\/schema.org\/dateModified\" >2026-02-11 14:23:03<\/span><span class='av-structured-data'  itemprop=\"mainEntityOfPage\" itemtype=\"https:\/\/schema.org\/mainEntityOfPage\" ><span itemprop='name'>Einsatz von Schulhunden im Unterrichtsalltag<\/span><\/span><\/span><\/article><\/div><div class=\"slide-entry-wrap\"><article class='slide-entry flex_column  post-entry post-entry-58425 slide-entry-overview slide-loop-9 slide-parity-odd  post-entry-last  av_one_half first real-thumbnail posttype-post post-format-standard'  itemscope=\"itemscope\" itemtype=\"https:\/\/schema.org\/BlogPosting\" itemprop=\"blogPost\" ><a href='https:\/\/fobizz.com\/de\/einsatz-von-ki-im-lateinunterricht\/' data-rel='slide-2' class='slide-image' title='Einsatz von KI im Lateinunterricht'><img decoding=\"async\" fetchpriority=\"high\" width=\"495\" height=\"400\" src=\"https:\/\/fobizz.com\/wp-content\/uploads\/2026\/02\/Einsatz-von-KI-im-Lateinunterricht-1-495x400.jpg\" class=\"wp-image-58369 avia-img-lazy-loading-not-58369 attachment-portfolio size-portfolio wp-post-image\" alt=\"\" \/><\/a><div class=\"slide-content\"><header class=\"entry-content-header\"><h3 class='slide-entry-title entry-title '  itemprop=\"headline\" ><a href='https:\/\/fobizz.com\/de\/einsatz-von-ki-im-lateinunterricht\/' title='Einsatz von KI im Lateinunterricht'>Einsatz von KI im Lateinunterricht<\/a><\/h3><span class=\"blog-categories minor-meta\"><a href=\"https:\/\/fobizz.com\/de\/category\/interview\/\" rel=\"tag\">Interview<\/a>, <a href=\"https:\/\/fobizz.com\/de\/category\/kunstliche-intelligenz\/\" rel=\"tag\">K\u00fcnstliche Intelligenz<\/a>, <a href=\"https:\/\/fobizz.com\/de\/category\/lehrerbildung\/\" rel=\"tag\">Lehrerbildung<\/a>, <a href=\"https:\/\/fobizz.com\/de\/category\/neue-lernkultur\/\" rel=\"tag\">Neue Lernkultur<\/a> <\/span><span class=\"av-vertical-delimiter\"><\/span><\/header><div class='slide-entry-excerpt entry-content'  itemprop=\"text\" ><div class=\"excerpt-text\">Im Interview mit Daniel Conley erf\u00e4hrst du, wie du KI im Lateinunterricht gewinnbringend einsetzen kannst.<\/div><div class='time-wrap'><time class='slide-meta-time updated'  itemprop=\"datePublished\" datetime=\"2026-02-12T10:00:21+01:00\" >12. Februar 2026<\/time><\/div><div class=\"read-more-link\"><a href=\"https:\/\/fobizz.com\/de\/einsatz-von-ki-im-lateinunterricht\/\" class=\"more-link\">Weiterlesen<\/a><\/div><\/div><\/div><span class='hidden'>\n\t\t\t\t<span class='av-structured-data'  itemprop=\"image\" itemscope=\"itemscope\" itemtype=\"https:\/\/schema.org\/ImageObject\" >\n\t\t\t\t\t\t<span itemprop='url'>https:\/\/fobizz.com\/wp-content\/uploads\/2026\/02\/Einsatz-von-KI-im-Lateinunterricht-1.jpg<\/span>\n\t\t\t\t\t\t<span itemprop='height'>1080<\/span>\n\t\t\t\t\t\t<span itemprop='width'>1920<\/span>\n\t\t\t\t<\/span>\n\t\t\t\t<span class='av-structured-data'  itemprop=\"publisher\" itemtype=\"https:\/\/schema.org\/Organization\" itemscope=\"itemscope\" >\n\t\t\t\t\t\t<span itemprop='name'>Tanja Schneider<\/span>\n\t\t\t\t\t\t<span itemprop='logo' itemscope itemtype='https:\/\/schema.org\/ImageObject'>\n\t\t\t\t\t\t\t<span itemprop='url'>https:\/\/fobizz.com\/wp-content\/uploads\/2024\/01\/fobizz_logo-min-495x244.png<\/span>\n\t\t\t\t\t\t<\/span>\n\t\t\t\t<\/span><span class='av-structured-data'  itemprop=\"author\" itemscope=\"itemscope\" itemtype=\"https:\/\/schema.org\/Person\" ><span itemprop='name'>Tanja Schneider<\/span><\/span><span class='av-structured-data'  itemprop=\"datePublished\" datetime=\"2023-05-17T11:05:31+02:00\" >2026-02-12 10:00:21<\/span><span class='av-structured-data'  itemprop=\"dateModified\" itemtype=\"https:\/\/schema.org\/dateModified\" >2026-03-12 12:18:21<\/span><span class='av-structured-data'  itemprop=\"mainEntityOfPage\" itemtype=\"https:\/\/schema.org\/mainEntityOfPage\" ><span itemprop='name'>Einsatz von KI im Lateinunterricht<\/span><\/span><\/span><\/article><\/div><\/div><div class='avia-slideshow-arrows avia-slideshow-controls' ><a href='#prev' class='prev-slide ' data-av_icon='\ue87c' data-av_iconfont='entypo-fontello' aria-hidden=\"true\" title=\"Zur\u00fcck\" desc=\"Zur\u00fcck\" tabindex='-1' ><span class='avia_hidden_link_text'>Zur\u00fcck<\/span><\/a><a href='#next' class='next-slide ' data-av_icon='\ue87d' data-av_iconfont='entypo-fontello' aria-hidden=\"true\" title=\"Weiter\" desc=\"Weiter\" tabindex='-1' ><span class='avia_hidden_link_text'>Weiter<\/span><\/a><\/div><\/div>\n<div  data-slideshow-options=\"{&quot;animation&quot;:&quot;fade&quot;,&quot;autoplay&quot;:false,&quot;loop_autoplay&quot;:&quot;once&quot;,&quot;interval&quot;:&quot;5&quot;,&quot;loop_manual&quot;:&quot;manual-endless&quot;,&quot;autoplay_stopper&quot;:false,&quot;noNavigation&quot;:false,&quot;show_slide_delay&quot;:90}\" class='avia-content-slider avia-content-slider-active avia-content-slider3 avia-content-slider-odd  avia-builder-el-42  el_after_av_postslider  avia-builder-el-last  av-slideshow-ui av-control-default   av-no-slider-navigation av-slideshow-manual av-loop-once av-loop-manual-endless  av-desktop-hide av-medium-hide'  itemscope=\"itemscope\" itemtype=\"https:\/\/schema.org\/Blog\" ><div class=\"avia-content-slider-inner\"><div class=\"slide-entry-wrap\"><article class='slide-entry flex_column  post-entry post-entry-59483 slide-entry-overview slide-loop-1 slide-parity-odd  av_fullwidth first real-thumbnail posttype-post post-format-standard'  itemscope=\"itemscope\" itemtype=\"https:\/\/schema.org\/BlogPosting\" itemprop=\"blogPost\" ><a href='https:\/\/fobizz.com\/de\/schule_mit_kopf_herz_hand_ki\/' data-rel='slide-3' class='slide-image' title='Schule mit Kopf, Herz, Hand und KI  \u2013 Interview mit Johannes Claassen'><img decoding=\"async\" fetchpriority=\"high\" width=\"587\" height=\"481\" src=\"https:\/\/fobizz.com\/wp-content\/uploads\/2026\/04\/Buch_KI_Herz_Hand.jpeg\" class=\"wp-image-59488 avia-img-lazy-loading-not-59488 attachment-large size-large wp-post-image\" alt=\"\" \/><\/a><div class=\"slide-content\"><header class=\"entry-content-header\"><h3 class='slide-entry-title entry-title '  itemprop=\"headline\" ><a href='https:\/\/fobizz.com\/de\/schule_mit_kopf_herz_hand_ki\/' title='Schule mit Kopf, Herz, Hand und KI  \u2013 Interview mit Johannes Claassen'>Schule mit Kopf, Herz, Hand und KI  \u2013 Interview mit Johannes Claassen<\/a><\/h3><span class=\"blog-categories minor-meta\"><a href=\"https:\/\/fobizz.com\/de\/category\/digitale-bildung\/\" rel=\"tag\">Digitale Bildung<\/a>, <a href=\"https:\/\/fobizz.com\/de\/category\/interview\/\" rel=\"tag\">Interview<\/a>, <a href=\"https:\/\/fobizz.com\/de\/category\/lehrerbildung\/\" rel=\"tag\">Lehrerbildung<\/a> <\/span><span class=\"av-vertical-delimiter\"><\/span><\/header><div class='slide-entry-excerpt entry-content'  itemprop=\"text\" ><div class=\"excerpt-text\">KI ver\u00e4ndert unser Bildungssystem \u2013 doch wie k\u00f6nnen wir unsere Schule mit zunehmender Technologie noch menschlicher machen?<\/div><div class='time-wrap'><time class='slide-meta-time updated'  itemprop=\"datePublished\" datetime=\"2026-04-10T10:51:03+02:00\" >10. April 2026<\/time><\/div><div class=\"read-more-link\"><a href=\"https:\/\/fobizz.com\/de\/schule_mit_kopf_herz_hand_ki\/\" class=\"more-link\">Weiterlesen<\/a><\/div><\/div><\/div><span class='hidden'>\n\t\t\t\t<span class='av-structured-data'  itemprop=\"image\" itemscope=\"itemscope\" itemtype=\"https:\/\/schema.org\/ImageObject\" >\n\t\t\t\t\t\t<span itemprop='url'>https:\/\/fobizz.com\/wp-content\/uploads\/2026\/04\/Buch_KI_Herz_Hand.jpeg<\/span>\n\t\t\t\t\t\t<span itemprop='height'>481<\/span>\n\t\t\t\t\t\t<span itemprop='width'>587<\/span>\n\t\t\t\t<\/span>\n\t\t\t\t<span class='av-structured-data'  itemprop=\"publisher\" itemtype=\"https:\/\/schema.org\/Organization\" itemscope=\"itemscope\" >\n\t\t\t\t\t\t<span itemprop='name'>Michelle<\/span>\n\t\t\t\t\t\t<span itemprop='logo' itemscope itemtype='https:\/\/schema.org\/ImageObject'>\n\t\t\t\t\t\t\t<span itemprop='url'>https:\/\/fobizz.com\/wp-content\/uploads\/2024\/01\/fobizz_logo-min-495x244.png<\/span>\n\t\t\t\t\t\t<\/span>\n\t\t\t\t<\/span><span class='av-structured-data'  itemprop=\"author\" itemscope=\"itemscope\" itemtype=\"https:\/\/schema.org\/Person\" ><span itemprop='name'>Michelle<\/span><\/span><span class='av-structured-data'  itemprop=\"datePublished\" datetime=\"2023-05-17T11:05:31+02:00\" >2026-04-10 10:51:03<\/span><span class='av-structured-data'  itemprop=\"dateModified\" itemtype=\"https:\/\/schema.org\/dateModified\" >2026-04-10 10:51:03<\/span><span class='av-structured-data'  itemprop=\"mainEntityOfPage\" itemtype=\"https:\/\/schema.org\/mainEntityOfPage\" ><span itemprop='name'>Schule mit Kopf, Herz, Hand und KI  \u2013 Interview mit Johannes Claassen<\/span><\/span><\/span><\/article><\/div><div class=\"slide-entry-wrap\"><article class='slide-entry flex_column  post-entry post-entry-59437 slide-entry-overview slide-loop-2 slide-parity-odd  av_fullwidth first real-thumbnail posttype-post post-format-standard'  itemscope=\"itemscope\" itemtype=\"https:\/\/schema.org\/BlogPosting\" itemprop=\"blogPost\" ><a href='https:\/\/fobizz.com\/de\/kinder-mit-traumaerfahrung-verstehen-und-begleiten\/' data-rel='slide-3' class='slide-image' title='Kinder mit Traumaerfahrung verstehen und begleiten'><img decoding=\"async\" fetchpriority=\"high\" width=\"800\" height=\"500\" src=\"https:\/\/fobizz.com\/wp-content\/uploads\/2026\/04\/Kinder-mit-Traumaerfahrung-verstehen-und-begleiten.jpg\" class=\"wp-image-59441 avia-img-lazy-loading-not-59441 attachment-large size-large wp-post-image\" alt=\"\" \/><\/a><div class=\"slide-content\"><header class=\"entry-content-header\"><h3 class='slide-entry-title entry-title '  itemprop=\"headline\" ><a href='https:\/\/fobizz.com\/de\/kinder-mit-traumaerfahrung-verstehen-und-begleiten\/' title='Kinder mit Traumaerfahrung verstehen und begleiten'>Kinder mit Traumaerfahrung verstehen und begleiten<\/a><\/h3><span class=\"blog-categories minor-meta\"><a href=\"https:\/\/fobizz.com\/de\/category\/interview\/\" rel=\"tag\">Interview<\/a>, <a href=\"https:\/\/fobizz.com\/de\/category\/lehrerbildung\/\" rel=\"tag\">Lehrerbildung<\/a>, <a href=\"https:\/\/fobizz.com\/de\/category\/nachhaltige-entwicklung\/\" rel=\"tag\">Nachhaltige Entwicklung<\/a> <\/span><span class=\"av-vertical-delimiter\"><\/span><\/header><div class='slide-entry-excerpt entry-content'  itemprop=\"text\" ><div class=\"excerpt-text\">Erfahre im Interview mit Feline Lunge, wie du deinen Unterricht traumasensibel gestalten kannst.<\/div><div class='time-wrap'><time class='slide-meta-time updated'  itemprop=\"datePublished\" datetime=\"2026-04-09T10:47:47+02:00\" >9. April 2026<\/time><\/div><div class=\"read-more-link\"><a href=\"https:\/\/fobizz.com\/de\/kinder-mit-traumaerfahrung-verstehen-und-begleiten\/\" class=\"more-link\">Weiterlesen<\/a><\/div><\/div><\/div><span class='hidden'>\n\t\t\t\t<span class='av-structured-data'  itemprop=\"image\" itemscope=\"itemscope\" itemtype=\"https:\/\/schema.org\/ImageObject\" >\n\t\t\t\t\t\t<span itemprop='url'>https:\/\/fobizz.com\/wp-content\/uploads\/2026\/04\/Kinder-mit-Traumaerfahrung-verstehen-und-begleiten.jpg<\/span>\n\t\t\t\t\t\t<span itemprop='height'>500<\/span>\n\t\t\t\t\t\t<span itemprop='width'>800<\/span>\n\t\t\t\t<\/span>\n\t\t\t\t<span class='av-structured-data'  itemprop=\"publisher\" itemtype=\"https:\/\/schema.org\/Organization\" itemscope=\"itemscope\" >\n\t\t\t\t\t\t<span itemprop='name'>Tanja Schneider<\/span>\n\t\t\t\t\t\t<span itemprop='logo' itemscope itemtype='https:\/\/schema.org\/ImageObject'>\n\t\t\t\t\t\t\t<span itemprop='url'>https:\/\/fobizz.com\/wp-content\/uploads\/2024\/01\/fobizz_logo-min-495x244.png<\/span>\n\t\t\t\t\t\t<\/span>\n\t\t\t\t<\/span><span class='av-structured-data'  itemprop=\"author\" itemscope=\"itemscope\" itemtype=\"https:\/\/schema.org\/Person\" ><span itemprop='name'>Tanja Schneider<\/span><\/span><span class='av-structured-data'  itemprop=\"datePublished\" datetime=\"2023-05-17T11:05:31+02:00\" >2026-04-09 10:47:47<\/span><span class='av-structured-data'  itemprop=\"dateModified\" itemtype=\"https:\/\/schema.org\/dateModified\" >2026-04-09 11:19:32<\/span><span class='av-structured-data'  itemprop=\"mainEntityOfPage\" itemtype=\"https:\/\/schema.org\/mainEntityOfPage\" ><span itemprop='name'>Kinder mit Traumaerfahrung verstehen und begleiten<\/span><\/span><\/span><\/article><\/div><div class=\"slide-entry-wrap\"><article class='slide-entry flex_column  post-entry post-entry-59456 slide-entry-overview slide-loop-3 slide-parity-odd  av_fullwidth first real-thumbnail posttype-post post-format-standard'  itemscope=\"itemscope\" itemtype=\"https:\/\/schema.org\/BlogPosting\" itemprop=\"blogPost\" ><a href='https:\/\/fobizz.com\/de\/grundschulalltag-diskriminierungskritisch-gestalten\/' data-rel='slide-3' class='slide-image' title='Grundschulalltag diskriminierungskritisch gestalten'><img decoding=\"async\" fetchpriority=\"high\" width=\"800\" height=\"500\" src=\"https:\/\/fobizz.com\/wp-content\/uploads\/2026\/04\/Grundschulalltag-diskriminierungskritisch-gestalten.jpg\" class=\"wp-image-59457 avia-img-lazy-loading-not-59457 attachment-large size-large wp-post-image\" alt=\"\" \/><\/a><div class=\"slide-content\"><header class=\"entry-content-header\"><h3 class='slide-entry-title entry-title '  itemprop=\"headline\" ><a href='https:\/\/fobizz.com\/de\/grundschulalltag-diskriminierungskritisch-gestalten\/' title='Grundschulalltag diskriminierungskritisch gestalten'>Grundschulalltag diskriminierungskritisch gestalten<\/a><\/h3><span class=\"blog-categories minor-meta\"><a href=\"https:\/\/fobizz.com\/de\/category\/interview\/\" rel=\"tag\">Interview<\/a>, <a href=\"https:\/\/fobizz.com\/de\/category\/lehrerbildung\/\" rel=\"tag\">Lehrerbildung<\/a>, <a href=\"https:\/\/fobizz.com\/de\/category\/nachhaltige-entwicklung\/\" rel=\"tag\">Nachhaltige Entwicklung<\/a> <\/span><span class=\"av-vertical-delimiter\"><\/span><\/header><div class='slide-entry-excerpt entry-content'  itemprop=\"text\" ><div class=\"excerpt-text\">Erfahre im Interview mit Anna Lena Lutz, warum du deinen Schulalltag diskriminierungskritisch gestalten solltest.<\/div><div class='time-wrap'><time class='slide-meta-time updated'  itemprop=\"datePublished\" datetime=\"2026-04-09T10:45:31+02:00\" >9. April 2026<\/time><\/div><div class=\"read-more-link\"><a href=\"https:\/\/fobizz.com\/de\/grundschulalltag-diskriminierungskritisch-gestalten\/\" class=\"more-link\">Weiterlesen<\/a><\/div><\/div><\/div><span class='hidden'>\n\t\t\t\t<span class='av-structured-data'  itemprop=\"image\" itemscope=\"itemscope\" itemtype=\"https:\/\/schema.org\/ImageObject\" >\n\t\t\t\t\t\t<span itemprop='url'>https:\/\/fobizz.com\/wp-content\/uploads\/2026\/04\/Grundschulalltag-diskriminierungskritisch-gestalten.jpg<\/span>\n\t\t\t\t\t\t<span itemprop='height'>500<\/span>\n\t\t\t\t\t\t<span itemprop='width'>800<\/span>\n\t\t\t\t<\/span>\n\t\t\t\t<span class='av-structured-data'  itemprop=\"publisher\" itemtype=\"https:\/\/schema.org\/Organization\" itemscope=\"itemscope\" >\n\t\t\t\t\t\t<span itemprop='name'>Tanja Schneider<\/span>\n\t\t\t\t\t\t<span itemprop='logo' itemscope itemtype='https:\/\/schema.org\/ImageObject'>\n\t\t\t\t\t\t\t<span itemprop='url'>https:\/\/fobizz.com\/wp-content\/uploads\/2024\/01\/fobizz_logo-min-495x244.png<\/span>\n\t\t\t\t\t\t<\/span>\n\t\t\t\t<\/span><span class='av-structured-data'  itemprop=\"author\" itemscope=\"itemscope\" itemtype=\"https:\/\/schema.org\/Person\" ><span itemprop='name'>Tanja Schneider<\/span><\/span><span class='av-structured-data'  itemprop=\"datePublished\" datetime=\"2023-05-17T11:05:31+02:00\" >2026-04-09 10:45:31<\/span><span class='av-structured-data'  itemprop=\"dateModified\" itemtype=\"https:\/\/schema.org\/dateModified\" >2026-04-09 11:18:42<\/span><span class='av-structured-data'  itemprop=\"mainEntityOfPage\" itemtype=\"https:\/\/schema.org\/mainEntityOfPage\" ><span itemprop='name'>Grundschulalltag diskriminierungskritisch gestalten<\/span><\/span><\/span><\/article><\/div><div class=\"slide-entry-wrap\"><article class='slide-entry flex_column  post-entry post-entry-59367 slide-entry-overview slide-loop-4 slide-parity-odd  av_fullwidth first real-thumbnail posttype-post post-format-standard'  itemscope=\"itemscope\" itemtype=\"https:\/\/schema.org\/BlogPosting\" itemprop=\"blogPost\" ><a href='https:\/\/fobizz.com\/de\/demokratie-lernen-interview-poitzmann-ahl\/' data-rel='slide-3' class='slide-image' title='Demokratie lernen  \u2013 Interview mit Nikola Poitzmann &#038; Kati Ahl'><img decoding=\"async\" fetchpriority=\"high\" width=\"1030\" height=\"539\" src=\"https:\/\/fobizz.com\/wp-content\/uploads\/2023\/07\/Schulkalender-23-24-classroom-management-1030x539.jpg\" class=\"wp-image-41470 avia-img-lazy-loading-not-41470 attachment-large size-large wp-post-image\" alt=\"Vorschaubild der Fortbildung Classroom Management\" \/><\/a><div class=\"slide-content\"><header class=\"entry-content-header\"><h3 class='slide-entry-title entry-title '  itemprop=\"headline\" ><a href='https:\/\/fobizz.com\/de\/demokratie-lernen-interview-poitzmann-ahl\/' title='Demokratie lernen  \u2013 Interview mit Nikola Poitzmann &#038; Kati Ahl'>Demokratie lernen  \u2013 Interview mit Nikola Poitzmann &#038; Kati Ahl<\/a><\/h3><span class=\"blog-categories minor-meta\"><a href=\"https:\/\/fobizz.com\/de\/category\/digitale-bildung\/\" rel=\"tag\">Digitale Bildung<\/a>, <a href=\"https:\/\/fobizz.com\/de\/category\/interview\/\" rel=\"tag\">Interview<\/a>, <a href=\"https:\/\/fobizz.com\/de\/category\/lehrerbildung\/\" rel=\"tag\">Lehrerbildung<\/a> <\/span><span class=\"av-vertical-delimiter\"><\/span><\/header><div class='slide-entry-excerpt entry-content'  itemprop=\"text\" ><div class=\"excerpt-text\">Trotz wachsender gesellschaftlicher Spannungen bleibt die Schule ein besonderer Ort: Hier treffen Menschen mit unterschiedlichen Hintergr\u00fcnden, Meinungen und Erfahrungen aufeinander. Gerade deshalb bietet Schule gro\u00dfes Potenzial als Raum des Wandels \u2013 ein Ort, an dem Gemeinschaft gelebt und demokratische Werte im Alltag erfahrbar werden.\r\nDoch wie gelingt es, Sch\u00fcler:innen so zu st\u00e4rken, dass sie sich aktiv, selbstbestimmt und kritisch in gesellschaftliche Prozesse einbringen k\u00f6nnen?<\/div><div class='time-wrap'><time class='slide-meta-time updated'  itemprop=\"datePublished\" datetime=\"2026-04-02T06:25:32+02:00\" >2. April 2026<\/time><\/div><div class=\"read-more-link\"><a href=\"https:\/\/fobizz.com\/de\/demokratie-lernen-interview-poitzmann-ahl\/\" class=\"more-link\">Weiterlesen<\/a><\/div><\/div><\/div><span class='hidden'>\n\t\t\t\t<span class='av-structured-data'  itemprop=\"image\" itemscope=\"itemscope\" itemtype=\"https:\/\/schema.org\/ImageObject\" >\n\t\t\t\t\t\t<span itemprop='url'>https:\/\/fobizz.com\/wp-content\/uploads\/2023\/07\/Schulkalender-23-24-classroom-management.jpg<\/span>\n\t\t\t\t\t\t<span itemprop='height'>628<\/span>\n\t\t\t\t\t\t<span itemprop='width'>1200<\/span>\n\t\t\t\t<\/span>\n\t\t\t\t<span class='av-structured-data'  itemprop=\"publisher\" itemtype=\"https:\/\/schema.org\/Organization\" itemscope=\"itemscope\" >\n\t\t\t\t\t\t<span itemprop='name'>Michelle<\/span>\n\t\t\t\t\t\t<span itemprop='logo' itemscope itemtype='https:\/\/schema.org\/ImageObject'>\n\t\t\t\t\t\t\t<span itemprop='url'>https:\/\/fobizz.com\/wp-content\/uploads\/2024\/01\/fobizz_logo-min-495x244.png<\/span>\n\t\t\t\t\t\t<\/span>\n\t\t\t\t<\/span><span class='av-structured-data'  itemprop=\"author\" itemscope=\"itemscope\" itemtype=\"https:\/\/schema.org\/Person\" ><span itemprop='name'>Michelle<\/span><\/span><span class='av-structured-data'  itemprop=\"datePublished\" datetime=\"2023-05-17T11:05:31+02:00\" >2026-04-02 06:25:32<\/span><span class='av-structured-data'  itemprop=\"dateModified\" itemtype=\"https:\/\/schema.org\/dateModified\" >2026-04-13 17:48:54<\/span><span class='av-structured-data'  itemprop=\"mainEntityOfPage\" itemtype=\"https:\/\/schema.org\/mainEntityOfPage\" ><span itemprop='name'>Demokratie lernen  \u2013 Interview mit Nikola Poitzmann &#038; Kati Ahl<\/span><\/span><\/span><\/article><\/div><div class=\"slide-entry-wrap\"><article class='slide-entry flex_column  post-entry post-entry-59354 slide-entry-overview slide-loop-5 slide-parity-odd  av_fullwidth first real-thumbnail posttype-post post-format-standard'  itemscope=\"itemscope\" itemtype=\"https:\/\/schema.org\/BlogPosting\" itemprop=\"blogPost\" ><a href='https:\/\/fobizz.com\/de\/kinder-die-durchs-raster-fallen-interview-mit-corina-elfe\/' data-rel='slide-3' class='slide-image' title='Kinder, die durchs Raster fallen  \u2013 Interview mit Corina Elfe'><img decoding=\"async\" fetchpriority=\"high\" width=\"1030\" height=\"562\" src=\"https:\/\/fobizz.com\/wp-content\/uploads\/2026\/04\/Kinder_Neurodivergenz-1030x562.jpg\" class=\"wp-image-59361 avia-img-lazy-loading-not-59361 attachment-large size-large wp-post-image\" alt=\"\" \/><\/a><div class=\"slide-content\"><header class=\"entry-content-header\"><h3 class='slide-entry-title entry-title '  itemprop=\"headline\" ><a href='https:\/\/fobizz.com\/de\/kinder-die-durchs-raster-fallen-interview-mit-corina-elfe\/' title='Kinder, die durchs Raster fallen  \u2013 Interview mit Corina Elfe'>Kinder, die durchs Raster fallen  \u2013 Interview mit Corina Elfe<\/a><\/h3><span class=\"blog-categories minor-meta\"><a href=\"https:\/\/fobizz.com\/de\/category\/digitale-bildung\/\" rel=\"tag\">Digitale Bildung<\/a>, <a href=\"https:\/\/fobizz.com\/de\/category\/interview\/\" rel=\"tag\">Interview<\/a>, <a href=\"https:\/\/fobizz.com\/de\/category\/lehrerbildung\/\" rel=\"tag\">Lehrerbildung<\/a> <\/span><span class=\"av-vertical-delimiter\"><\/span><\/header><div class='slide-entry-excerpt entry-content'  itemprop=\"text\" ><div class=\"excerpt-text\">Digitales Arbeiten und Unterrichten \u2013 der Einsatz von K\u00fcnstlicher Intelligenz wird f\u00fcr Lehrkr\u00e4fte immer relevanter. Wie textgenerierende KI-Systeme wie ChatGPT sinnvoll in den Schulalltag integriert werden k\u00f6nnen und welche Potenziale und Grenzen sie haben, zeigen Micha Busch und Christian K\u00f6hler in 33 praxisnahen Ideen f\u00fcr Unterricht und Organisation.<\/div><div class='time-wrap'><time class='slide-meta-time updated'  itemprop=\"datePublished\" datetime=\"2026-04-01T17:20:21+02:00\" >1. April 2026<\/time><\/div><div class=\"read-more-link\"><a href=\"https:\/\/fobizz.com\/de\/kinder-die-durchs-raster-fallen-interview-mit-corina-elfe\/\" class=\"more-link\">Weiterlesen<\/a><\/div><\/div><\/div><span class='hidden'>\n\t\t\t\t<span class='av-structured-data'  itemprop=\"image\" itemscope=\"itemscope\" itemtype=\"https:\/\/schema.org\/ImageObject\" >\n\t\t\t\t\t\t<span itemprop='url'>https:\/\/fobizz.com\/wp-content\/uploads\/2026\/04\/Kinder_Neurodivergenz.jpg<\/span>\n\t\t\t\t\t\t<span itemprop='height'>768<\/span>\n\t\t\t\t\t\t<span itemprop='width'>1408<\/span>\n\t\t\t\t<\/span>\n\t\t\t\t<span class='av-structured-data'  itemprop=\"publisher\" itemtype=\"https:\/\/schema.org\/Organization\" itemscope=\"itemscope\" >\n\t\t\t\t\t\t<span itemprop='name'>Michelle<\/span>\n\t\t\t\t\t\t<span itemprop='logo' itemscope itemtype='https:\/\/schema.org\/ImageObject'>\n\t\t\t\t\t\t\t<span itemprop='url'>https:\/\/fobizz.com\/wp-content\/uploads\/2024\/01\/fobizz_logo-min-495x244.png<\/span>\n\t\t\t\t\t\t<\/span>\n\t\t\t\t<\/span><span class='av-structured-data'  itemprop=\"author\" itemscope=\"itemscope\" itemtype=\"https:\/\/schema.org\/Person\" ><span itemprop='name'>Michelle<\/span><\/span><span class='av-structured-data'  itemprop=\"datePublished\" datetime=\"2023-05-17T11:05:31+02:00\" >2026-04-01 17:20:21<\/span><span class='av-structured-data'  itemprop=\"dateModified\" itemtype=\"https:\/\/schema.org\/dateModified\" >2026-04-13 17:49:10<\/span><span class='av-structured-data'  itemprop=\"mainEntityOfPage\" itemtype=\"https:\/\/schema.org\/mainEntityOfPage\" ><span itemprop='name'>Kinder, die durchs Raster fallen  \u2013 Interview mit Corina Elfe<\/span><\/span><\/span><\/article><\/div><div class=\"slide-entry-wrap\"><article class='slide-entry flex_column  post-entry post-entry-58864 slide-entry-overview slide-loop-6 slide-parity-odd  av_fullwidth first real-thumbnail posttype-post post-format-standard'  itemscope=\"itemscope\" itemtype=\"https:\/\/schema.org\/BlogPosting\" itemprop=\"blogPost\" ><a href='https:\/\/fobizz.com\/de\/scratch-einstieg-ins-visuelle-programmieren\/' data-rel='slide-3' class='slide-image' title='Scratch: Einstieg ins visuelle Programmieren'><img decoding=\"async\" fetchpriority=\"high\" width=\"800\" height=\"500\" src=\"https:\/\/fobizz.com\/wp-content\/uploads\/2026\/03\/Scratch-Einstieg-ins-visuelle-Programmieren.jpg\" class=\"wp-image-58867 avia-img-lazy-loading-not-58867 attachment-large size-large wp-post-image\" alt=\"\" \/><\/a><div class=\"slide-content\"><header class=\"entry-content-header\"><h3 class='slide-entry-title entry-title '  itemprop=\"headline\" ><a href='https:\/\/fobizz.com\/de\/scratch-einstieg-ins-visuelle-programmieren\/' title='Scratch: Einstieg ins visuelle Programmieren'>Scratch: Einstieg ins visuelle Programmieren<\/a><\/h3><span class=\"blog-categories minor-meta\"><a href=\"https:\/\/fobizz.com\/de\/category\/digitale-bildung\/\" rel=\"tag\">Digitale Bildung<\/a>, <a href=\"https:\/\/fobizz.com\/de\/category\/digitale-medien\/\" rel=\"tag\">Digitale Medien<\/a>, <a href=\"https:\/\/fobizz.com\/de\/category\/interview\/\" rel=\"tag\">Interview<\/a>, <a href=\"https:\/\/fobizz.com\/de\/category\/lehrerbildung\/\" rel=\"tag\">Lehrerbildung<\/a> <\/span><span class=\"av-vertical-delimiter\"><\/span><\/header><div class='slide-entry-excerpt entry-content'  itemprop=\"text\" ><div class=\"excerpt-text\">Erfahre im Interview mit Tom Wiedemann, wie du Scratch sinnvoll in deinen Unterricht einbringen kannst.<\/div><div class='time-wrap'><time class='slide-meta-time updated'  itemprop=\"datePublished\" datetime=\"2026-03-12T11:07:22+01:00\" >12. M\u00e4rz 2026<\/time><\/div><div class=\"read-more-link\"><a href=\"https:\/\/fobizz.com\/de\/scratch-einstieg-ins-visuelle-programmieren\/\" class=\"more-link\">Weiterlesen<\/a><\/div><\/div><\/div><span class='hidden'>\n\t\t\t\t<span class='av-structured-data'  itemprop=\"image\" itemscope=\"itemscope\" itemtype=\"https:\/\/schema.org\/ImageObject\" >\n\t\t\t\t\t\t<span itemprop='url'>https:\/\/fobizz.com\/wp-content\/uploads\/2026\/03\/Scratch-Einstieg-ins-visuelle-Programmieren.jpg<\/span>\n\t\t\t\t\t\t<span itemprop='height'>500<\/span>\n\t\t\t\t\t\t<span itemprop='width'>800<\/span>\n\t\t\t\t<\/span>\n\t\t\t\t<span class='av-structured-data'  itemprop=\"publisher\" itemtype=\"https:\/\/schema.org\/Organization\" itemscope=\"itemscope\" >\n\t\t\t\t\t\t<span itemprop='name'>Tanja Schneider<\/span>\n\t\t\t\t\t\t<span itemprop='logo' itemscope itemtype='https:\/\/schema.org\/ImageObject'>\n\t\t\t\t\t\t\t<span itemprop='url'>https:\/\/fobizz.com\/wp-content\/uploads\/2024\/01\/fobizz_logo-min-495x244.png<\/span>\n\t\t\t\t\t\t<\/span>\n\t\t\t\t<\/span><span class='av-structured-data'  itemprop=\"author\" itemscope=\"itemscope\" itemtype=\"https:\/\/schema.org\/Person\" ><span itemprop='name'>Tanja Schneider<\/span><\/span><span class='av-structured-data'  itemprop=\"datePublished\" datetime=\"2023-05-17T11:05:31+02:00\" >2026-03-12 11:07:22<\/span><span class='av-structured-data'  itemprop=\"dateModified\" itemtype=\"https:\/\/schema.org\/dateModified\" >2026-03-12 11:34:55<\/span><span class='av-structured-data'  itemprop=\"mainEntityOfPage\" itemtype=\"https:\/\/schema.org\/mainEntityOfPage\" ><span itemprop='name'>Scratch: Einstieg ins visuelle Programmieren<\/span><\/span><\/span><\/article><\/div><div class=\"slide-entry-wrap\"><article class='slide-entry flex_column  post-entry post-entry-58852 slide-entry-overview slide-loop-7 slide-parity-odd  av_fullwidth first real-thumbnail posttype-post post-format-standard'  itemscope=\"itemscope\" itemtype=\"https:\/\/schema.org\/BlogPosting\" itemprop=\"blogPost\" ><a href='https:\/\/fobizz.com\/de\/goodnotes-grundlagen-organisation-von-unterrichtsnotizen\/' data-rel='slide-3' class='slide-image' title='Goodnotes Grundlagen: Organisation von Unterrichtsnotizen'><img decoding=\"async\" fetchpriority=\"high\" width=\"800\" height=\"500\" src=\"https:\/\/fobizz.com\/wp-content\/uploads\/2026\/03\/Goodnotes-Grundlagen-Organisation-von-Unterrichtsnotizen.jpg\" class=\"wp-image-58853 avia-img-lazy-loading-not-58853 attachment-large size-large wp-post-image\" alt=\"\" \/><\/a><div class=\"slide-content\"><header class=\"entry-content-header\"><h3 class='slide-entry-title entry-title '  itemprop=\"headline\" ><a href='https:\/\/fobizz.com\/de\/goodnotes-grundlagen-organisation-von-unterrichtsnotizen\/' title='Goodnotes Grundlagen: Organisation von Unterrichtsnotizen'>Goodnotes Grundlagen: Organisation von Unterrichtsnotizen<\/a><\/h3><span class=\"blog-categories minor-meta\"><a href=\"https:\/\/fobizz.com\/de\/category\/digitale-bildung\/\" rel=\"tag\">Digitale Bildung<\/a>, <a href=\"https:\/\/fobizz.com\/de\/category\/digitale-medien\/\" rel=\"tag\">Digitale Medien<\/a>, <a href=\"https:\/\/fobizz.com\/de\/category\/interview\/\" rel=\"tag\">Interview<\/a>, <a href=\"https:\/\/fobizz.com\/de\/category\/lehrerbildung\/\" rel=\"tag\">Lehrerbildung<\/a> <\/span><span class=\"av-vertical-delimiter\"><\/span><\/header><div class='slide-entry-excerpt entry-content'  itemprop=\"text\" ><div class=\"excerpt-text\">Im Interview mit Dr. Ulla Hauptmann erf\u00e4hrst du, wie du mit Goodnotes 7 den Unterricht kreativ gestalten und deine Unterrichtsmaterialien ordnen kannst.<\/div><div class='time-wrap'><time class='slide-meta-time updated'  itemprop=\"datePublished\" datetime=\"2026-03-12T11:06:50+01:00\" >12. M\u00e4rz 2026<\/time><\/div><div class=\"read-more-link\"><a href=\"https:\/\/fobizz.com\/de\/goodnotes-grundlagen-organisation-von-unterrichtsnotizen\/\" class=\"more-link\">Weiterlesen<\/a><\/div><\/div><\/div><span class='hidden'>\n\t\t\t\t<span class='av-structured-data'  itemprop=\"image\" itemscope=\"itemscope\" itemtype=\"https:\/\/schema.org\/ImageObject\" >\n\t\t\t\t\t\t<span itemprop='url'>https:\/\/fobizz.com\/wp-content\/uploads\/2026\/03\/Goodnotes-Grundlagen-Organisation-von-Unterrichtsnotizen.jpg<\/span>\n\t\t\t\t\t\t<span itemprop='height'>500<\/span>\n\t\t\t\t\t\t<span itemprop='width'>800<\/span>\n\t\t\t\t<\/span>\n\t\t\t\t<span class='av-structured-data'  itemprop=\"publisher\" itemtype=\"https:\/\/schema.org\/Organization\" itemscope=\"itemscope\" >\n\t\t\t\t\t\t<span itemprop='name'>Tanja Schneider<\/span>\n\t\t\t\t\t\t<span itemprop='logo' itemscope itemtype='https:\/\/schema.org\/ImageObject'>\n\t\t\t\t\t\t\t<span itemprop='url'>https:\/\/fobizz.com\/wp-content\/uploads\/2024\/01\/fobizz_logo-min-495x244.png<\/span>\n\t\t\t\t\t\t<\/span>\n\t\t\t\t<\/span><span class='av-structured-data'  itemprop=\"author\" itemscope=\"itemscope\" itemtype=\"https:\/\/schema.org\/Person\" ><span itemprop='name'>Tanja Schneider<\/span><\/span><span class='av-structured-data'  itemprop=\"datePublished\" datetime=\"2023-05-17T11:05:31+02:00\" >2026-03-12 11:06:50<\/span><span class='av-structured-data'  itemprop=\"dateModified\" itemtype=\"https:\/\/schema.org\/dateModified\" >2026-03-12 11:35:36<\/span><span class='av-structured-data'  itemprop=\"mainEntityOfPage\" itemtype=\"https:\/\/schema.org\/mainEntityOfPage\" ><span itemprop='name'>Goodnotes Grundlagen: Organisation von Unterrichtsnotizen<\/span><\/span><\/span><\/article><\/div><div class=\"slide-entry-wrap\"><article class='slide-entry flex_column  post-entry post-entry-58357 slide-entry-overview slide-loop-8 slide-parity-odd  av_fullwidth first real-thumbnail posttype-post post-format-standard'  itemscope=\"itemscope\" itemtype=\"https:\/\/schema.org\/BlogPosting\" itemprop=\"blogPost\" ><a href='https:\/\/fobizz.com\/de\/einsatz-von-schulhunden-im-unterrichtsalltag\/' data-rel='slide-3' class='slide-image' title='Einsatz von Schulhunden im Unterrichtsalltag'><img decoding=\"async\" fetchpriority=\"high\" width=\"1030\" height=\"579\" src=\"https:\/\/fobizz.com\/wp-content\/uploads\/2026\/02\/Blogbeitrag-Einsatz-von-Schulhunden-im-Unterrichtsalltag-1-1030x579.jpg\" class=\"wp-image-58503 avia-img-lazy-loading-not-58503 attachment-large size-large wp-post-image\" alt=\"\" \/><\/a><div class=\"slide-content\"><header class=\"entry-content-header\"><h3 class='slide-entry-title entry-title '  itemprop=\"headline\" ><a href='https:\/\/fobizz.com\/de\/einsatz-von-schulhunden-im-unterrichtsalltag\/' title='Einsatz von Schulhunden im Unterrichtsalltag'>Einsatz von Schulhunden im Unterrichtsalltag<\/a><\/h3><span class=\"blog-categories minor-meta\"><a href=\"https:\/\/fobizz.com\/de\/category\/interview\/\" rel=\"tag\">Interview<\/a>, <a href=\"https:\/\/fobizz.com\/de\/category\/lehrerbildung\/\" rel=\"tag\">Lehrerbildung<\/a>, <a href=\"https:\/\/fobizz.com\/de\/category\/nachhaltige-entwicklung\/\" rel=\"tag\">Nachhaltige Entwicklung<\/a>, <a href=\"https:\/\/fobizz.com\/de\/category\/neue-lernkultur\/\" rel=\"tag\">Neue Lernkultur<\/a> <\/span><span class=\"av-vertical-delimiter\"><\/span><\/header><div class='slide-entry-excerpt entry-content'  itemprop=\"text\" ><div class=\"excerpt-text\">Im Interview mit Judith Bohlmann erf\u00e4hrst du, wie Schulhunde den Unterricht bereichern k\u00f6nnen.<\/div><div class='time-wrap'><time class='slide-meta-time updated'  itemprop=\"datePublished\" datetime=\"2026-02-12T10:00:28+01:00\" >12. Februar 2026<\/time><\/div><div class=\"read-more-link\"><a href=\"https:\/\/fobizz.com\/de\/einsatz-von-schulhunden-im-unterrichtsalltag\/\" class=\"more-link\">Weiterlesen<\/a><\/div><\/div><\/div><span class='hidden'>\n\t\t\t\t<span class='av-structured-data'  itemprop=\"image\" itemscope=\"itemscope\" itemtype=\"https:\/\/schema.org\/ImageObject\" >\n\t\t\t\t\t\t<span itemprop='url'>https:\/\/fobizz.com\/wp-content\/uploads\/2026\/02\/Blogbeitrag-Einsatz-von-Schulhunden-im-Unterrichtsalltag-1.jpg<\/span>\n\t\t\t\t\t\t<span itemprop='height'>1080<\/span>\n\t\t\t\t\t\t<span itemprop='width'>1920<\/span>\n\t\t\t\t<\/span>\n\t\t\t\t<span class='av-structured-data'  itemprop=\"publisher\" itemtype=\"https:\/\/schema.org\/Organization\" itemscope=\"itemscope\" >\n\t\t\t\t\t\t<span itemprop='name'>Tanja Schneider<\/span>\n\t\t\t\t\t\t<span itemprop='logo' itemscope itemtype='https:\/\/schema.org\/ImageObject'>\n\t\t\t\t\t\t\t<span itemprop='url'>https:\/\/fobizz.com\/wp-content\/uploads\/2024\/01\/fobizz_logo-min-495x244.png<\/span>\n\t\t\t\t\t\t<\/span>\n\t\t\t\t<\/span><span class='av-structured-data'  itemprop=\"author\" itemscope=\"itemscope\" itemtype=\"https:\/\/schema.org\/Person\" ><span itemprop='name'>Tanja Schneider<\/span><\/span><span class='av-structured-data'  itemprop=\"datePublished\" datetime=\"2023-05-17T11:05:31+02:00\" >2026-02-12 10:00:28<\/span><span class='av-structured-data'  itemprop=\"dateModified\" itemtype=\"https:\/\/schema.org\/dateModified\" >2026-02-11 14:23:03<\/span><span class='av-structured-data'  itemprop=\"mainEntityOfPage\" itemtype=\"https:\/\/schema.org\/mainEntityOfPage\" ><span itemprop='name'>Einsatz von Schulhunden im Unterrichtsalltag<\/span><\/span><\/span><\/article><\/div><div class=\"slide-entry-wrap\"><article class='slide-entry flex_column  post-entry post-entry-58425 slide-entry-overview slide-loop-9 slide-parity-odd  post-entry-last  av_fullwidth first real-thumbnail posttype-post post-format-standard'  itemscope=\"itemscope\" itemtype=\"https:\/\/schema.org\/BlogPosting\" itemprop=\"blogPost\" ><a href='https:\/\/fobizz.com\/de\/einsatz-von-ki-im-lateinunterricht\/' data-rel='slide-3' class='slide-image' title='Einsatz von KI im Lateinunterricht'><img decoding=\"async\" fetchpriority=\"high\" width=\"1030\" height=\"579\" src=\"https:\/\/fobizz.com\/wp-content\/uploads\/2026\/02\/Einsatz-von-KI-im-Lateinunterricht-1-1030x579.jpg\" class=\"wp-image-58369 avia-img-lazy-loading-not-58369 attachment-large size-large wp-post-image\" alt=\"\" \/><\/a><div class=\"slide-content\"><header class=\"entry-content-header\"><h3 class='slide-entry-title entry-title '  itemprop=\"headline\" ><a href='https:\/\/fobizz.com\/de\/einsatz-von-ki-im-lateinunterricht\/' title='Einsatz von KI im Lateinunterricht'>Einsatz von KI im Lateinunterricht<\/a><\/h3><span class=\"blog-categories minor-meta\"><a href=\"https:\/\/fobizz.com\/de\/category\/interview\/\" rel=\"tag\">Interview<\/a>, <a href=\"https:\/\/fobizz.com\/de\/category\/kunstliche-intelligenz\/\" rel=\"tag\">K\u00fcnstliche Intelligenz<\/a>, <a href=\"https:\/\/fobizz.com\/de\/category\/lehrerbildung\/\" rel=\"tag\">Lehrerbildung<\/a>, <a href=\"https:\/\/fobizz.com\/de\/category\/neue-lernkultur\/\" rel=\"tag\">Neue Lernkultur<\/a> <\/span><span class=\"av-vertical-delimiter\"><\/span><\/header><div class='slide-entry-excerpt entry-content'  itemprop=\"text\" ><div class=\"excerpt-text\">Im Interview mit Daniel Conley erf\u00e4hrst du, wie du KI im Lateinunterricht gewinnbringend einsetzen kannst.<\/div><div class='time-wrap'><time class='slide-meta-time updated'  itemprop=\"datePublished\" datetime=\"2026-02-12T10:00:21+01:00\" >12. Februar 2026<\/time><\/div><div class=\"read-more-link\"><a href=\"https:\/\/fobizz.com\/de\/einsatz-von-ki-im-lateinunterricht\/\" class=\"more-link\">Weiterlesen<\/a><\/div><\/div><\/div><span class='hidden'>\n\t\t\t\t<span class='av-structured-data'  itemprop=\"image\" itemscope=\"itemscope\" itemtype=\"https:\/\/schema.org\/ImageObject\" >\n\t\t\t\t\t\t<span itemprop='url'>https:\/\/fobizz.com\/wp-content\/uploads\/2026\/02\/Einsatz-von-KI-im-Lateinunterricht-1.jpg<\/span>\n\t\t\t\t\t\t<span itemprop='height'>1080<\/span>\n\t\t\t\t\t\t<span itemprop='width'>1920<\/span>\n\t\t\t\t<\/span>\n\t\t\t\t<span class='av-structured-data'  itemprop=\"publisher\" itemtype=\"https:\/\/schema.org\/Organization\" itemscope=\"itemscope\" >\n\t\t\t\t\t\t<span itemprop='name'>Tanja Schneider<\/span>\n\t\t\t\t\t\t<span itemprop='logo' itemscope itemtype='https:\/\/schema.org\/ImageObject'>\n\t\t\t\t\t\t\t<span itemprop='url'>https:\/\/fobizz.com\/wp-content\/uploads\/2024\/01\/fobizz_logo-min-495x244.png<\/span>\n\t\t\t\t\t\t<\/span>\n\t\t\t\t<\/span><span class='av-structured-data'  itemprop=\"author\" itemscope=\"itemscope\" itemtype=\"https:\/\/schema.org\/Person\" ><span itemprop='name'>Tanja Schneider<\/span><\/span><span class='av-structured-data'  itemprop=\"datePublished\" datetime=\"2023-05-17T11:05:31+02:00\" >2026-02-12 10:00:21<\/span><span class='av-structured-data'  itemprop=\"dateModified\" itemtype=\"https:\/\/schema.org\/dateModified\" >2026-03-12 12:18:21<\/span><span class='av-structured-data'  itemprop=\"mainEntityOfPage\" itemtype=\"https:\/\/schema.org\/mainEntityOfPage\" ><span itemprop='name'>Einsatz von KI im Lateinunterricht<\/span><\/span><\/span><\/article><\/div><\/div><div class='avia-slideshow-arrows avia-slideshow-controls' ><a href='#prev' class='prev-slide ' data-av_icon='\ue87c' data-av_iconfont='entypo-fontello' aria-hidden=\"true\" title=\"Zur\u00fcck\" desc=\"Zur\u00fcck\" tabindex='-1' ><span class='avia_hidden_link_text'>Zur\u00fcck<\/span><\/a><a href='#next' class='next-slide ' data-av_icon='\ue87d' data-av_iconfont='entypo-fontello' aria-hidden=\"true\" title=\"Weiter\" desc=\"Weiter\" tabindex='-1' ><span class='avia_hidden_link_text'>Weiter<\/span><\/a><\/div><\/div>\n<\/div><\/div><\/div><!-- close content main div --><\/div><\/div><div id='after_section_7'  class='main_color av_default_container_wrap container_wrap sidebar_right'  ><div class='container av-section-cont-open' ><div class='template-page content  av-content-small alpha units'><div class='post-entry post-entry-type-page post-entry-35033'><div class='entry-content-wrapper clearfix'><\/p>\n","protected":false},"excerpt":{"rendered":"<p>In diesem Interview erkl\u00e4ren dir Kim Beck, wie du die digitalen Welten, wie TikTok und Instagram von Sch\u00fcler*innen verstehst.<\/p>\n","protected":false},"author":18,"featured_media":35157,"comment_status":"open","ping_status":"open","sticky":false,"template":"","format":"standard","meta":{"_monsterinsights_skip_tracking":false,"_monsterinsights_sitenote_active":false,"_monsterinsights_sitenote_note":"","_monsterinsights_sitenote_category":0,"_uf_show_specific_survey":0,"_uf_disable_surveys":false,"footnotes":""},"categories":[472,168],"tags":[1218,659,1217,1219],"class_list":["post-35033","post","type-post","status-publish","format-standard","has-post-thumbnail","hentry","category-interview","category-lehrerbildung","tag-instagram","tag-medienbildung","tag-medienwelten","tag-tiktok"],"acf":[],"yoast_head":"<!-- This site is optimized with the Yoast SEO Premium plugin v26.2 (Yoast SEO v27.4) - https:\/\/yoast.com\/product\/yoast-seo-premium-wordpress\/ -->\n<title>Die Social-Media-Welt von Sch\u00fcler*innen verstehen - fobizz<\/title>\n<meta name=\"description\" content=\"Im Interview mit Medienp\u00e4dagogin Kim Beck wird erkl\u00e4rt, warum Social Media in Form von TikTok und Instagram Teil des Unterrichts werden muss.\" \/>\n<meta name=\"robots\" content=\"index, follow, max-snippet:-1, max-image-preview:large, max-video-preview:-1\" \/>\n<link rel=\"canonical\" href=\"https:\/\/fobizz.com\/de\/die-social-media-welt-von-schuelerinnen-verstehen\/\" \/>\n<meta name=\"twitter:card\" content=\"summary_large_image\" \/>\n<meta name=\"twitter:title\" content=\"Die Social-Media-Welt von Sch\u00fcler*innen verstehen - fobizz\" \/>\n<meta name=\"twitter:description\" content=\"Im Interview mit Medienp\u00e4dagogin Kim Beck wird erkl\u00e4rt, warum Social Media in Form von TikTok und Instagram Teil des Unterrichts werden muss.\" \/>\n<meta name=\"twitter:image\" content=\"https:\/\/fobizz.com\/wp-content\/uploads\/2023\/05\/Ohne_Balken_Teaserbild_Social_Media_Welt.jpg\" \/>\n<meta name=\"twitter:creator\" content=\"@fobizz\" \/>\n<meta name=\"twitter:site\" content=\"@fobizz\" \/>\n<meta name=\"twitter:label1\" content=\"Verfasst von\" \/>\n\t<meta name=\"twitter:data1\" content=\"Lena\" \/>\n\t<meta name=\"twitter:label2\" content=\"Gesch\u00e4tzte Lesezeit\" \/>\n\t<meta name=\"twitter:data2\" content=\"18\u00a0Minuten\" \/>\n<script type=\"application\/ld+json\" class=\"yoast-schema-graph\">{\"@context\":\"https:\\\/\\\/schema.org\",\"@graph\":[{\"@type\":\"Article\",\"@id\":\"https:\\\/\\\/fobizz.com\\\/de\\\/die-social-media-welt-von-schuelerinnen-verstehen\\\/#article\",\"isPartOf\":{\"@id\":\"https:\\\/\\\/fobizz.com\\\/de\\\/die-social-media-welt-von-schuelerinnen-verstehen\\\/\"},\"author\":{\"name\":\"Lena\",\"@id\":\"https:\\\/\\\/fobizz.com\\\/de\\\/#\\\/schema\\\/person\\\/799fa1ebc4c113756a3cfe88f96df3b3\"},\"headline\":\"Die Social-Media-Welt von Sch\u00fcler*innen verstehen\",\"datePublished\":\"2023-05-17T09:05:31+00:00\",\"dateModified\":\"2023-08-09T14:57:21+00:00\",\"mainEntityOfPage\":{\"@id\":\"https:\\\/\\\/fobizz.com\\\/de\\\/die-social-media-welt-von-schuelerinnen-verstehen\\\/\"},\"wordCount\":8714,\"commentCount\":0,\"publisher\":{\"@id\":\"https:\\\/\\\/fobizz.com\\\/de\\\/#organization\"},\"image\":{\"@id\":\"https:\\\/\\\/fobizz.com\\\/de\\\/die-social-media-welt-von-schuelerinnen-verstehen\\\/#primaryimage\"},\"thumbnailUrl\":\"https:\\\/\\\/fobizz.com\\\/wp-content\\\/uploads\\\/2023\\\/05\\\/Ohne_Balken_Teaserbild_Social_Media_Welt.jpg\",\"keywords\":[\"Instagram\",\"Medienbildung\",\"Medienwelten\",\"TikTok\"],\"articleSection\":[\"Interview\",\"Lehrerbildung\"],\"inLanguage\":\"de\",\"potentialAction\":[{\"@type\":\"CommentAction\",\"name\":\"Comment\",\"target\":[\"https:\\\/\\\/fobizz.com\\\/de\\\/die-social-media-welt-von-schuelerinnen-verstehen\\\/#respond\"]}]},{\"@type\":\"WebPage\",\"@id\":\"https:\\\/\\\/fobizz.com\\\/de\\\/die-social-media-welt-von-schuelerinnen-verstehen\\\/\",\"url\":\"https:\\\/\\\/fobizz.com\\\/de\\\/die-social-media-welt-von-schuelerinnen-verstehen\\\/\",\"name\":\"Die Social-Media-Welt von Sch\u00fcler*innen verstehen - fobizz\",\"isPartOf\":{\"@id\":\"https:\\\/\\\/fobizz.com\\\/de\\\/#website\"},\"primaryImageOfPage\":{\"@id\":\"https:\\\/\\\/fobizz.com\\\/de\\\/die-social-media-welt-von-schuelerinnen-verstehen\\\/#primaryimage\"},\"image\":{\"@id\":\"https:\\\/\\\/fobizz.com\\\/de\\\/die-social-media-welt-von-schuelerinnen-verstehen\\\/#primaryimage\"},\"thumbnailUrl\":\"https:\\\/\\\/fobizz.com\\\/wp-content\\\/uploads\\\/2023\\\/05\\\/Ohne_Balken_Teaserbild_Social_Media_Welt.jpg\",\"datePublished\":\"2023-05-17T09:05:31+00:00\",\"dateModified\":\"2023-08-09T14:57:21+00:00\",\"description\":\"Im Interview mit Medienp\u00e4dagogin Kim Beck wird erkl\u00e4rt, warum Social Media in Form von TikTok und Instagram Teil des Unterrichts werden muss.\",\"breadcrumb\":{\"@id\":\"https:\\\/\\\/fobizz.com\\\/de\\\/die-social-media-welt-von-schuelerinnen-verstehen\\\/#breadcrumb\"},\"inLanguage\":\"de\",\"potentialAction\":[{\"@type\":\"ReadAction\",\"target\":[\"https:\\\/\\\/fobizz.com\\\/de\\\/die-social-media-welt-von-schuelerinnen-verstehen\\\/\"]}]},{\"@type\":\"ImageObject\",\"inLanguage\":\"de\",\"@id\":\"https:\\\/\\\/fobizz.com\\\/de\\\/die-social-media-welt-von-schuelerinnen-verstehen\\\/#primaryimage\",\"url\":\"https:\\\/\\\/fobizz.com\\\/wp-content\\\/uploads\\\/2023\\\/05\\\/Ohne_Balken_Teaserbild_Social_Media_Welt.jpg\",\"contentUrl\":\"https:\\\/\\\/fobizz.com\\\/wp-content\\\/uploads\\\/2023\\\/05\\\/Ohne_Balken_Teaserbild_Social_Media_Welt.jpg\",\"width\":1200,\"height\":628,\"caption\":\"TikTok Medienwelten Fortbildung Titelbild\"},{\"@type\":\"BreadcrumbList\",\"@id\":\"https:\\\/\\\/fobizz.com\\\/de\\\/die-social-media-welt-von-schuelerinnen-verstehen\\\/#breadcrumb\",\"itemListElement\":[{\"@type\":\"ListItem\",\"position\":1,\"name\":\"Startseite\",\"item\":\"https:\\\/\\\/fobizz.com\\\/de\\\/startpage\\\/\"},{\"@type\":\"ListItem\",\"position\":2,\"name\":\"Die Social-Media-Welt von Sch\u00fcler*innen verstehen\"}]},{\"@type\":\"WebSite\",\"@id\":\"https:\\\/\\\/fobizz.com\\\/de\\\/#website\",\"url\":\"https:\\\/\\\/fobizz.com\\\/de\\\/\",\"name\":\"fobizz\",\"description\":\"AI &amp; digital Tools for Teachers\",\"publisher\":{\"@id\":\"https:\\\/\\\/fobizz.com\\\/de\\\/#organization\"},\"potentialAction\":[{\"@type\":\"SearchAction\",\"target\":{\"@type\":\"EntryPoint\",\"urlTemplate\":\"https:\\\/\\\/fobizz.com\\\/de\\\/?s={search_term_string}\"},\"query-input\":{\"@type\":\"PropertyValueSpecification\",\"valueRequired\":true,\"valueName\":\"search_term_string\"}}],\"inLanguage\":\"de\"},{\"@type\":\"Organization\",\"@id\":\"https:\\\/\\\/fobizz.com\\\/de\\\/#organization\",\"name\":\"fobizz\",\"url\":\"https:\\\/\\\/fobizz.com\\\/de\\\/\",\"logo\":{\"@type\":\"ImageObject\",\"inLanguage\":\"de\",\"@id\":\"https:\\\/\\\/fobizz.com\\\/de\\\/#\\\/schema\\\/logo\\\/image\\\/\",\"url\":\"https:\\\/\\\/fobizz.com\\\/wp-content\\\/uploads\\\/2023\\\/07\\\/fobi_autor_fobizz.png\",\"contentUrl\":\"https:\\\/\\\/fobizz.com\\\/wp-content\\\/uploads\\\/2023\\\/07\\\/fobi_autor_fobizz.png\",\"width\":200,\"height\":200,\"caption\":\"fobizz\"},\"image\":{\"@id\":\"https:\\\/\\\/fobizz.com\\\/de\\\/#\\\/schema\\\/logo\\\/image\\\/\"},\"sameAs\":[\"https:\\\/\\\/www.facebook.com\\\/fobizz\\\/\",\"https:\\\/\\\/x.com\\\/fobizz\",\"https:\\\/\\\/www.instagram.com\\\/fobizz_com\\\/\",\"https:\\\/\\\/www.youtube.com\\\/@fobizz702\",\"https:\\\/\\\/www.pinterest.de\\\/fobizz_com\"]},{\"@type\":\"Person\",\"@id\":\"https:\\\/\\\/fobizz.com\\\/de\\\/#\\\/schema\\\/person\\\/799fa1ebc4c113756a3cfe88f96df3b3\",\"name\":\"Lena\",\"image\":{\"@type\":\"ImageObject\",\"inLanguage\":\"de\",\"@id\":\"https:\\\/\\\/secure.gravatar.com\\\/avatar\\\/1e7f1c8d0c0555cee7576d682956e5614f33510b8f6addd7b4fb1e23b1f6cd73?s=96&d=mm&r=g\",\"url\":\"https:\\\/\\\/secure.gravatar.com\\\/avatar\\\/1e7f1c8d0c0555cee7576d682956e5614f33510b8f6addd7b4fb1e23b1f6cd73?s=96&d=mm&r=g\",\"contentUrl\":\"https:\\\/\\\/secure.gravatar.com\\\/avatar\\\/1e7f1c8d0c0555cee7576d682956e5614f33510b8f6addd7b4fb1e23b1f6cd73?s=96&d=mm&r=g\",\"caption\":\"Lena\"},\"url\":\"https:\\\/\\\/fobizz.com\\\/de\\\/author\\\/lena\\\/\"}]}<\/script>\n<!-- \/ Yoast SEO Premium plugin. -->","yoast_head_json":{"title":"Die Social-Media-Welt von Sch\u00fcler*innen verstehen - fobizz","description":"Im Interview mit Medienp\u00e4dagogin Kim Beck wird erkl\u00e4rt, warum Social Media in Form von TikTok und Instagram Teil des Unterrichts werden muss.","robots":{"index":"index","follow":"follow","max-snippet":"max-snippet:-1","max-image-preview":"max-image-preview:large","max-video-preview":"max-video-preview:-1"},"canonical":"https:\/\/fobizz.com\/de\/die-social-media-welt-von-schuelerinnen-verstehen\/","twitter_card":"summary_large_image","twitter_title":"Die Social-Media-Welt von Sch\u00fcler*innen verstehen - fobizz","twitter_description":"Im Interview mit Medienp\u00e4dagogin Kim Beck wird erkl\u00e4rt, warum Social Media in Form von TikTok und Instagram Teil des Unterrichts werden muss.","twitter_image":"https:\/\/fobizz.com\/wp-content\/uploads\/2023\/05\/Ohne_Balken_Teaserbild_Social_Media_Welt.jpg","twitter_creator":"@fobizz","twitter_site":"@fobizz","twitter_misc":{"Verfasst von":"Lena","Gesch\u00e4tzte Lesezeit":"18\u00a0Minuten"},"schema":{"@context":"https:\/\/schema.org","@graph":[{"@type":"Article","@id":"https:\/\/fobizz.com\/de\/die-social-media-welt-von-schuelerinnen-verstehen\/#article","isPartOf":{"@id":"https:\/\/fobizz.com\/de\/die-social-media-welt-von-schuelerinnen-verstehen\/"},"author":{"name":"Lena","@id":"https:\/\/fobizz.com\/de\/#\/schema\/person\/799fa1ebc4c113756a3cfe88f96df3b3"},"headline":"Die Social-Media-Welt von Sch\u00fcler*innen verstehen","datePublished":"2023-05-17T09:05:31+00:00","dateModified":"2023-08-09T14:57:21+00:00","mainEntityOfPage":{"@id":"https:\/\/fobizz.com\/de\/die-social-media-welt-von-schuelerinnen-verstehen\/"},"wordCount":8714,"commentCount":0,"publisher":{"@id":"https:\/\/fobizz.com\/de\/#organization"},"image":{"@id":"https:\/\/fobizz.com\/de\/die-social-media-welt-von-schuelerinnen-verstehen\/#primaryimage"},"thumbnailUrl":"https:\/\/fobizz.com\/wp-content\/uploads\/2023\/05\/Ohne_Balken_Teaserbild_Social_Media_Welt.jpg","keywords":["Instagram","Medienbildung","Medienwelten","TikTok"],"articleSection":["Interview","Lehrerbildung"],"inLanguage":"de","potentialAction":[{"@type":"CommentAction","name":"Comment","target":["https:\/\/fobizz.com\/de\/die-social-media-welt-von-schuelerinnen-verstehen\/#respond"]}]},{"@type":"WebPage","@id":"https:\/\/fobizz.com\/de\/die-social-media-welt-von-schuelerinnen-verstehen\/","url":"https:\/\/fobizz.com\/de\/die-social-media-welt-von-schuelerinnen-verstehen\/","name":"Die Social-Media-Welt von Sch\u00fcler*innen verstehen - fobizz","isPartOf":{"@id":"https:\/\/fobizz.com\/de\/#website"},"primaryImageOfPage":{"@id":"https:\/\/fobizz.com\/de\/die-social-media-welt-von-schuelerinnen-verstehen\/#primaryimage"},"image":{"@id":"https:\/\/fobizz.com\/de\/die-social-media-welt-von-schuelerinnen-verstehen\/#primaryimage"},"thumbnailUrl":"https:\/\/fobizz.com\/wp-content\/uploads\/2023\/05\/Ohne_Balken_Teaserbild_Social_Media_Welt.jpg","datePublished":"2023-05-17T09:05:31+00:00","dateModified":"2023-08-09T14:57:21+00:00","description":"Im Interview mit Medienp\u00e4dagogin Kim Beck wird erkl\u00e4rt, warum Social Media in Form von TikTok und Instagram Teil des Unterrichts werden muss.","breadcrumb":{"@id":"https:\/\/fobizz.com\/de\/die-social-media-welt-von-schuelerinnen-verstehen\/#breadcrumb"},"inLanguage":"de","potentialAction":[{"@type":"ReadAction","target":["https:\/\/fobizz.com\/de\/die-social-media-welt-von-schuelerinnen-verstehen\/"]}]},{"@type":"ImageObject","inLanguage":"de","@id":"https:\/\/fobizz.com\/de\/die-social-media-welt-von-schuelerinnen-verstehen\/#primaryimage","url":"https:\/\/fobizz.com\/wp-content\/uploads\/2023\/05\/Ohne_Balken_Teaserbild_Social_Media_Welt.jpg","contentUrl":"https:\/\/fobizz.com\/wp-content\/uploads\/2023\/05\/Ohne_Balken_Teaserbild_Social_Media_Welt.jpg","width":1200,"height":628,"caption":"TikTok Medienwelten Fortbildung Titelbild"},{"@type":"BreadcrumbList","@id":"https:\/\/fobizz.com\/de\/die-social-media-welt-von-schuelerinnen-verstehen\/#breadcrumb","itemListElement":[{"@type":"ListItem","position":1,"name":"Startseite","item":"https:\/\/fobizz.com\/de\/startpage\/"},{"@type":"ListItem","position":2,"name":"Die Social-Media-Welt von Sch\u00fcler*innen verstehen"}]},{"@type":"WebSite","@id":"https:\/\/fobizz.com\/de\/#website","url":"https:\/\/fobizz.com\/de\/","name":"fobizz","description":"AI &amp; digital Tools for Teachers","publisher":{"@id":"https:\/\/fobizz.com\/de\/#organization"},"potentialAction":[{"@type":"SearchAction","target":{"@type":"EntryPoint","urlTemplate":"https:\/\/fobizz.com\/de\/?s={search_term_string}"},"query-input":{"@type":"PropertyValueSpecification","valueRequired":true,"valueName":"search_term_string"}}],"inLanguage":"de"},{"@type":"Organization","@id":"https:\/\/fobizz.com\/de\/#organization","name":"fobizz","url":"https:\/\/fobizz.com\/de\/","logo":{"@type":"ImageObject","inLanguage":"de","@id":"https:\/\/fobizz.com\/de\/#\/schema\/logo\/image\/","url":"https:\/\/fobizz.com\/wp-content\/uploads\/2023\/07\/fobi_autor_fobizz.png","contentUrl":"https:\/\/fobizz.com\/wp-content\/uploads\/2023\/07\/fobi_autor_fobizz.png","width":200,"height":200,"caption":"fobizz"},"image":{"@id":"https:\/\/fobizz.com\/de\/#\/schema\/logo\/image\/"},"sameAs":["https:\/\/www.facebook.com\/fobizz\/","https:\/\/x.com\/fobizz","https:\/\/www.instagram.com\/fobizz_com\/","https:\/\/www.youtube.com\/@fobizz702","https:\/\/www.pinterest.de\/fobizz_com"]},{"@type":"Person","@id":"https:\/\/fobizz.com\/de\/#\/schema\/person\/799fa1ebc4c113756a3cfe88f96df3b3","name":"Lena","image":{"@type":"ImageObject","inLanguage":"de","@id":"https:\/\/secure.gravatar.com\/avatar\/1e7f1c8d0c0555cee7576d682956e5614f33510b8f6addd7b4fb1e23b1f6cd73?s=96&d=mm&r=g","url":"https:\/\/secure.gravatar.com\/avatar\/1e7f1c8d0c0555cee7576d682956e5614f33510b8f6addd7b4fb1e23b1f6cd73?s=96&d=mm&r=g","contentUrl":"https:\/\/secure.gravatar.com\/avatar\/1e7f1c8d0c0555cee7576d682956e5614f33510b8f6addd7b4fb1e23b1f6cd73?s=96&d=mm&r=g","caption":"Lena"},"url":"https:\/\/fobizz.com\/de\/author\/lena\/"}]}},"_links":{"self":[{"href":"https:\/\/fobizz.com\/de\/wp-json\/wp\/v2\/posts\/35033","targetHints":{"allow":["GET"]}}],"collection":[{"href":"https:\/\/fobizz.com\/de\/wp-json\/wp\/v2\/posts"}],"about":[{"href":"https:\/\/fobizz.com\/de\/wp-json\/wp\/v2\/types\/post"}],"author":[{"embeddable":true,"href":"https:\/\/fobizz.com\/de\/wp-json\/wp\/v2\/users\/18"}],"replies":[{"embeddable":true,"href":"https:\/\/fobizz.com\/de\/wp-json\/wp\/v2\/comments?post=35033"}],"version-history":[{"count":1,"href":"https:\/\/fobizz.com\/de\/wp-json\/wp\/v2\/posts\/35033\/revisions"}],"predecessor-version":[{"id":58945,"href":"https:\/\/fobizz.com\/de\/wp-json\/wp\/v2\/posts\/35033\/revisions\/58945"}],"wp:featuredmedia":[{"embeddable":true,"href":"https:\/\/fobizz.com\/de\/wp-json\/wp\/v2\/media\/35157"}],"wp:attachment":[{"href":"https:\/\/fobizz.com\/de\/wp-json\/wp\/v2\/media?parent=35033"}],"wp:term":[{"taxonomy":"category","embeddable":true,"href":"https:\/\/fobizz.com\/de\/wp-json\/wp\/v2\/categories?post=35033"},{"taxonomy":"post_tag","embeddable":true,"href":"https:\/\/fobizz.com\/de\/wp-json\/wp\/v2\/tags?post=35033"}],"curies":[{"name":"wp","href":"https:\/\/api.w.org\/{rel}","templated":true}]}}