{"id":41574,"date":"2023-08-24T12:43:05","date_gmt":"2023-08-24T10:43:05","guid":{"rendered":"https:\/\/fobizz.com\/?p=41574"},"modified":"2023-08-24T12:43:05","modified_gmt":"2023-08-24T10:43:05","slug":"energizer-im-unterricht-einsetzen","status":"publish","type":"post","link":"https:\/\/fobizz.com\/de\/energizer-im-unterricht-einsetzen\/","title":{"rendered":"Energizer im Unterricht einsetzen"},"content":{"rendered":"<div id='av_section_1'  class='avia-section av-9ij47ra-2e9b592f7947d31552e8d6e250ebf2dd main_color avia-section-default avia-no-border-styling  avia-builder-el-0  el_before_av_section  avia-builder-el-first  newdesign_hero-banner avia-bg-style-scroll container_wrap sidebar_right'  ><div class='container av-section-cont-open' ><main  role=\"main\" itemprop=\"mainContentOfPage\"  class='template-page content  av-content-small alpha units'><div class='post-entry post-entry-type-page post-entry-41574'><div class='entry-content-wrapper clearfix'>\n<div  class='flex_column av-914hhk6-ae8ff6642d0dc2f891da4515e4a0f165 av_one_half  avia-builder-el-1  el_before_av_one_half  avia-builder-el-first  first flex_column_div  '     ><section  class='av_textblock_section av-lki5yvvb-de0d46e786d9b26c9d92e5a145c5ca4b '   itemscope=\"itemscope\" itemtype=\"https:\/\/schema.org\/BlogPosting\" itemprop=\"blogPost\" ><div class='avia_textblock newdesign_h1'  itemprop=\"text\" ><h1>Energizer im Unterricht einsetzen<\/h1>\n<\/div><\/section><br \/>\n<div  class='av-post-metadata-container av-ugn77q-3b897b5fb20fe18662c883f9c4817bbe av-metadata-container-align-left  avia-builder-el-3  el_after_av_textblock  el_before_av_textblock  av-metadata-container-1'><div class='av-post-metadata-container-inner'><span class=\"av-post-metadata-content av-post-metadata-meta-content\"><span class=\"av-post-metadata-content av-post-metadata-category\"><span class=\"av-post-metadata-category-link\" ><a href=\"https:\/\/fobizz.com\/de\/category\/interview\/\" >Interview<\/a><\/span>, <span class=\"av-post-metadata-category-link\" ><a href=\"https:\/\/fobizz.com\/de\/category\/lehrerbildung\/\" >Lehrerbildung<\/a><\/span><\/span><\/span><\/div><\/div><br \/>\n<section  class='av_textblock_section av-lki5z1pz-438295ba44b14086cff3c6836e51647d '   itemscope=\"itemscope\" itemtype=\"https:\/\/schema.org\/BlogPosting\" itemprop=\"blogPost\" ><div class='avia_textblock'  itemprop=\"text\" ><p>Im Interview mit Fortbilderin Stefanie Fischer bekommst du erkl\u00e4rt, was Energizer genau sind, welche Vorteile diese bringen und wie du sie im Unterricht einsetzen kannst.<\/p>\n<\/div><\/section><br \/>\n<div  class='av-post-metadata-container av-7nzqxly-a0c220a20fedd2fdd622d41ccdf62fc8 av-metadata-container-align-left  avia-builder-el-5  el_after_av_textblock  avia-builder-el-last  av-metadata-container-2'><div class='av-post-metadata-container-inner'><span class=\"av-post-metadata-content av-post-metadata-meta-content\"><span class=\"av-post-metadata-content av-post-metadata-published\"><span class=\"av-post-metadata-published-date\" >24. August 2023<\/span><\/span><\/span><\/div><\/div><\/p><\/div><div  class='flex_column av-6oztf8m-534d9073097178d0bb7fe7b37c489a7e av_one_half  avia-builder-el-6  el_after_av_one_half  avia-builder-el-last  flex_column_div  '     ><style type=\"text\/css\" data-created_by=\"avia_inline_auto\" id=\"style-css-av-lki5yp0t-486d50c4501d93db7c5325656bb0b08d\">\n.avia-image-container.av-lki5yp0t-486d50c4501d93db7c5325656bb0b08d img.avia_image{\nbox-shadow:none;\n}\n.avia-image-container.av-lki5yp0t-486d50c4501d93db7c5325656bb0b08d .av-image-caption-overlay-center{\ncolor:#ffffff;\n}\n<\/style>\n<div  class='avia-image-container av-lki5yp0t-486d50c4501d93db7c5325656bb0b08d av-styling- avia-align-center  avia-builder-el-7  avia-builder-el-no-sibling '   itemprop=\"image\" itemscope=\"itemscope\" itemtype=\"https:\/\/schema.org\/ImageObject\" ><div class=\"avia-image-container-inner\"><div class=\"avia-image-overlay-wrap\"><img fetchpriority=\"high\" class='wp-image-41575 avia-img-lazy-loading-not-41575 avia_image ' src='https:\/\/fobizz.com\/wp-content\/uploads\/2023\/07\/Ohne_Balken_Teaserbild_Energizer-1030x539.jpg' alt='Teaserbild Energizer' title='Ohne_Balken_Teaserbild_Energizer'  height=\"539\" width=\"1030\"  itemprop=\"thumbnailUrl\"  \/><\/div><\/div><\/div><\/div>\n\n<\/div><\/div><\/main><!-- close content main element --><\/div><\/div><div id='av_section_2'  class='avia-section av-lki5uq76-627c990afe553992db93205d44ee15ff main_color avia-section-no-padding avia-no-border-styling  avia-builder-el-8  el_after_av_section  el_before_av_section  avia-bg-style-scroll container_wrap sidebar_right'  ><div class='container av-section-cont-open' ><div class='template-page content  av-content-small alpha units'><div class='post-entry post-entry-type-page post-entry-41574'><div class='entry-content-wrapper clearfix'>\n<div  class='hr av-6d9tdnq-e48c4eb6c36f5bc8f4177216ea8ca4e2 hr-default  avia-builder-el-9  avia-builder-el-no-sibling '><span class='hr-inner '><span class=\"hr-inner-style\"><\/span><\/span><\/div>\n\n<\/div><\/div><\/div><!-- close content main div --><\/div><\/div><div id='av_section_3'  class='avia-section av-5l73x46-fcd76fb13749a899b9f0449ca304df9f main_color avia-section-default avia-no-border-styling  avia-builder-el-10  el_after_av_section  el_before_av_section  newdesign-post-content avia-bg-style-scroll container_wrap sidebar_right'  ><div class='container av-section-cont-open' ><div class='template-page content  av-content-small alpha units'><div class='post-entry post-entry-type-page post-entry-41574'><div class='entry-content-wrapper clearfix'>\n<div  class='flex_column av-5d1cn8m-5699edaa142bee1eb787825408172f31 av_one_full  avia-builder-el-11  avia-builder-el-no-sibling  first flex_column_div  '     ><section  class='av_textblock_section av-lki60nzo-09f08e2b321f6d25454cb4b05ec84fc6 '   itemscope=\"itemscope\" itemtype=\"https:\/\/schema.org\/BlogPosting\" itemprop=\"blogPost\" ><div class='avia_textblock'  itemprop=\"text\" ><h2>&#8222;Es gibt verschiedene M\u00f6glichkeiten, Energizer im Laufe des Unterrichts sinnvoll einzusetzen: bei nachlassender Konzentration, bei Erm\u00fcdungserscheinungen, bei fehlender Motivation, zum Stressabbau.&#8220;<\/h2>\n<p>In deiner neuen Online-Fortbildung bei fobizz geht es um das Einsetzen von Energizern im Unterricht, was genau versteht man darunter?<\/p>\n<p><strong>Stefanie Fischer: <\/strong> Energizer sind kleine Einheiten, die schnell in den Unterricht integriert werden k\u00f6nnen und verschiedene Funktionen haben. Wenn das Konzentrationslevel nachl\u00e4sst oder die SuS nach einer anstrengenden Lerneinheit eine kurze Pause brauchen, sind sie der Schl\u00fcssel, um den Unterricht wieder in Schwung zu bringen. Es handelt sich dabei um aktivierende Impulse, die den K\u00f6rper und m\u00f6glichst viele Sinne miteinbeziehen.<\/p>\n<p><img loading=\"lazy\" decoding=\"async\" class=\"alignnone size-large wp-image-41579\" src=\"https:\/\/fobizz.com\/wp-content\/uploads\/2023\/07\/Bildschirmfoto-2023-07-11-um-09.56.04-1030x586.jpg\" alt=\"Energizer Interviewbild\" width=\"1030\" height=\"586\" \/><\/p>\n<h2><strong>Warum k\u00f6nnen Energizer im Unterricht wichtig sein?<\/strong><\/h2>\n<p><strong>Stefanie Fischer:<\/strong> Interaktionen zwischen den SuS sorgen f\u00fcr ein positives Gruppengef\u00fchl und erm\u00f6glichen dadurch einen effektiveren Lernprozess. Sie stellen sich jedoch oft nicht von allein ein, sondern m\u00fcssen aktiv angesto\u00dfen werden. Energizer sind daher eine gute M\u00f6glichkeit, um soziale Kontakte der SuS zu erleichtern und zu unterst\u00fctzen. Diese kleinen Unterbrechungen des Unterrichts stellen also keineswegs verlorene Unterrichtszeit dar, sondern wirken sich auf die SuS und auch auf die Lehrkraft positiv aus.<\/p>\n<\/div><\/section><\/div><\/div><\/div><\/div><!-- close content main div --><\/div><\/div>\n<style type=\"text\/css\" data-created_by=\"avia_inline_auto\" id=\"style-css-av-4tdkjae-95f6179fc90810f666cc777b9922df2a\">\n.avia-section.av-4tdkjae-95f6179fc90810f666cc777b9922df2a{\nbackground-color:#d2f0f1;\nbackground-image:unset;\n}\n<\/style>\n<div id='av_section_4'  class='avia-section av-4tdkjae-95f6179fc90810f666cc777b9922df2a main_color avia-section-default avia-no-border-styling  avia-builder-el-13  el_after_av_section  el_before_av_section  newdesign_image_content avia-bg-style-scroll container_wrap sidebar_right'  ><div class='container av-section-cont-open' ><div class='template-page content  av-content-small alpha units'><div class='post-entry post-entry-type-page post-entry-41574'><div class='entry-content-wrapper clearfix'>\n\n<style type=\"text\/css\" data-created_by=\"avia_inline_auto\" id=\"style-css-av-4ft8sx2-ae1d203baa4286dc68755e22445e1756\">\n.flex_column.av-4ft8sx2-ae1d203baa4286dc68755e22445e1756{\nborder-radius:0px 0px 0px 0px;\npadding:0px 0px 0px 0px;\n}\n<\/style>\n<div  class='flex_column av-4ft8sx2-ae1d203baa4286dc68755e22445e1756 av_one_half  avia-builder-el-14  el_before_av_one_half  avia-builder-el-first  newdesign_image-column first flex_column_div av-zero-column-padding  '     ><style type=\"text\/css\" data-created_by=\"avia_inline_auto\" id=\"style-css-av-lki61f5p-2e0e6ef5a52cd1c4569b56b4464d3944\">\n.avia-image-container.av-lki61f5p-2e0e6ef5a52cd1c4569b56b4464d3944 img.avia_image{\nbox-shadow:none;\n}\n.avia-image-container.av-lki61f5p-2e0e6ef5a52cd1c4569b56b4464d3944 .av-image-caption-overlay-center{\ncolor:#ffffff;\n}\n<\/style>\n<div  class='avia-image-container av-lki61f5p-2e0e6ef5a52cd1c4569b56b4464d3944 av-styling- avia-align-center  avia-builder-el-15  avia-builder-el-no-sibling '   itemprop=\"image\" itemscope=\"itemscope\" itemtype=\"https:\/\/schema.org\/ImageObject\" ><div class=\"avia-image-container-inner\"><div class=\"avia-image-overlay-wrap\"><img fetchpriority=\"high\" class='wp-image-41581 avia-img-lazy-loading-not-41581 avia_image ' src='https:\/\/fobizz.com\/wp-content\/uploads\/2023\/07\/Stefanie-Fischer.jpeg' alt='Autoren Bild Stefanie Fischer' title='Stefanie Fischer'  height=\"200\" width=\"200\"  itemprop=\"thumbnailUrl\"  \/><\/div><\/div><\/div><\/div>\n<style type=\"text\/css\" data-created_by=\"avia_inline_auto\" id=\"style-css-av-3y11e4m-728c2076f26761592e212c12877abd06\">\n.flex_column.av-3y11e4m-728c2076f26761592e212c12877abd06{\nborder-radius:0 0 0 0;\npadding:0px 0px 0px 0px;\n}\n<\/style>\n<div  class='flex_column av-3y11e4m-728c2076f26761592e212c12877abd06 av_one_half  avia-builder-el-16  el_after_av_one_half  avia-builder-el-last  flex_column_div av-zero-column-padding  '     ><section  class='av_textblock_section av-lki61jt0-12f001ad6283c37b8493b917e87af6db '   itemscope=\"itemscope\" itemtype=\"https:\/\/schema.org\/BlogPosting\" itemprop=\"blogPost\" ><div class='avia_textblock newdesign_post_author-info'  itemprop=\"text\" ><p><strong>Stefanie Fischer <\/strong> arbeitet seit vielen Jahren als Lehrkraft und Fortbildnerin an Goethe-Instituten im In- und Ausland. Au\u00dferdem ist sie als langj\u00e4hrige Pr\u00fcferin mit allen Niveaustufen des Gemeinsamen Europ\u00e4ischen Referenzrahmens (GER) vertraut und als Online-Tutorin sowie Online-Autorin t\u00e4tig. F\u00fcr den Hueber Verlag ist sie ebenfalls schon lange als Bildungsreferentin aktiv. Ihre Themenschwerpunkte umfassen die Bereiche Blended Learning, Medienkompetenz, Methodik und Didaktik im Sprachunterricht sowie Interkulturelle Kommunikation.<\/p>\n<\/div><\/section><\/div>\n<\/p>\n<\/div><\/div><\/div><!-- close content main div --><\/div><\/div><div id='av_section_5'  class='avia-section av-3e8uoau-64ee757f5df3c982e516db4e57201bef main_color avia-section-default avia-no-border-styling  avia-builder-el-18  el_after_av_section  el_before_av_section  newdesign-post-content avia-bg-style-scroll container_wrap sidebar_right'  ><div class='container av-section-cont-open' ><div class='template-page content  av-content-small alpha units'><div class='post-entry post-entry-type-page post-entry-41574'><div class='entry-content-wrapper clearfix'>\n<div  class='flex_column av-bkq6di-27710597066900caa7b7bfa1cf7f86b8 av_one_full  avia-builder-el-19  avia-builder-el-no-sibling  first flex_column_div  '     ><section  class='av_textblock_section av-lki642md-c373fdb95724d0d8cbebefaa781d47bb '   itemscope=\"itemscope\" itemtype=\"https:\/\/schema.org\/BlogPosting\" itemprop=\"blogPost\" ><div class='avia_textblock'  itemprop=\"text\" ><h2>Wann setze ich Energizer bestm\u00f6glich in meinem Unterricht ein?<\/h2>\n<p><strong> Stefanie Fischer: <\/strong> Es gibt verschiedene M\u00f6glichkeiten, Energizer im Laufe des Unterrichts sinnvoll einzusetzen: bei nachlassender Konzentration, bei Erm\u00fcdungserscheinungen, bei fehlender Motivation, zum Stressabbau, zur Aktivierung, Entlastung und Auflockerung oder zum Abschluss einer Unterrichtseinheit bzw. zur Vorbereitung auf die n\u00e4chste Unterrichtseinheit.<\/p>\n<p><img loading=\"lazy\" decoding=\"async\" class=\"alignnone size-large wp-image-41584\" src=\"https:\/\/fobizz.com\/wp-content\/uploads\/2023\/07\/pexels-yan-krukau-8617584-1030x686.jpg\" alt=\"Energizer Interviewbild\" width=\"1030\" height=\"686\" \/><\/p>\n<h2>Welche verschiedenen Arten von Energizern gibt es?<\/h2>\n<p><strong>Stefanie Fischer:<\/strong> Ich unterscheide in dieser Fortbildung folgende Kategorien:<br \/>\n&#8211; Energizer zur Steuerung gruppendynamischer Aktivit\u00e4ten, d.h. Icebreaker zum Kennenlernen, Warmups zum Einstieg in den Unterricht und Teambuilding-Elemente zur Verbesserung des Arbeitsklimas<br \/>\n&#8211; Energizer zur F\u00f6rderung von Lernprozessen, d.h. Kreativit\u00e4tsbooster und Brainstorming-Tools, Konzentrations- und Fokussierungselemente zur Erzielung von Lernergebnissen, \u00dcbungen zur Reflexion des Unterrichts sowie Feedback-Aktivit\u00e4ten<br \/>\n&#8211; Energizer als Minipausen \u201ezwischendurch\u201c, d.h. Aktivierung der SuS durch Bewegungsspiele sowie Entspannungs\u00fcbungen zum Cooldown<br \/>\nIm Hinblick auf die verschiedenen Unterrichtsphasen empfiehlt es sich, Icebreaker und Warmups zu Beginn des Unterrichts einzusetzen. Teambuilding und Kreativit\u00e4tsbooster k\u00f6nnen zur Aktivierung von Vorwissen oder bei der Bearbeitung von Lerninhalten eingesetzt werden. Konzentrations- und Fokussierungs\u00fcbungen eignen sich vor der Ergebnissicherung oder dem Transfer. \u00dcbungen zur Reflexion, zum Feedback oder zum Cooldown sollten am Ende des Unterrichts eingesetzt werden.<\/p>\n<h2>Und zum Abschluss: Was ist dein Lieblings-Energizer?<\/h2>\n<p><strong>Stefanie Fischer:<\/strong> Das ist gar nicht so leicht zu beantworten, denn ich finde Energizer im Unterricht generell eine prima Sache. Am besten gefallen mir wahrscheinlich die Kreativit\u00e4tsbooster, weil die vielen tollen Ideen der SuS mich immer wieder \u00fcberraschen und sie oft f\u00fcr einen richtigen Motivationsschub im Unterricht sorgen.<\/p>\n<\/div><\/section><\/div><\/div><\/div><\/div><!-- close content main div --><\/div><\/div>\n<style type=\"text\/css\" data-created_by=\"avia_inline_auto\" id=\"style-css-av-lki66z3i-32855818af06a075ba9479bcd26b6e83\">\n.avia-section.av-lki66z3i-32855818af06a075ba9479bcd26b6e83{\nbackground-color:#d2f0f1;\nbackground-image:unset;\n}\n<\/style>\n<div id='av_section_6'  class='avia-section av-lki66z3i-32855818af06a075ba9479bcd26b6e83 main_color avia-section-default avia-no-border-styling  avia-builder-el-21  el_after_av_section  el_before_av_section  newdesign_image_content avia-bg-style-scroll container_wrap sidebar_right'  ><div class='container av-section-cont-open' ><div class='template-page content  av-content-small alpha units'><div class='post-entry post-entry-type-page post-entry-41574'><div class='entry-content-wrapper clearfix'>\n\n<style type=\"text\/css\" data-created_by=\"avia_inline_auto\" id=\"style-css-av-2iu6dd2-ea1aadea66345cea54eedc7a742e8641\">\n.flex_column.av-2iu6dd2-ea1aadea66345cea54eedc7a742e8641{\nborder-radius:0px 0px 0px 0px;\npadding:0px 0px 0px 0px;\n}\n<\/style>\n<div  class='flex_column av-2iu6dd2-ea1aadea66345cea54eedc7a742e8641 av_one_half  avia-builder-el-22  el_before_av_one_half  avia-builder-el-first  newdesign_image-column first flex_column_div av-zero-column-padding  '     ><style type=\"text\/css\" data-created_by=\"avia_inline_auto\" id=\"style-css-av-lki65izh-13b6d3118d3b09002720b5beacd2918e\">\n.avia-image-container.av-lki65izh-13b6d3118d3b09002720b5beacd2918e img.avia_image{\nbox-shadow:none;\n}\n.avia-image-container.av-lki65izh-13b6d3118d3b09002720b5beacd2918e .av-image-caption-overlay-center{\ncolor:#ffffff;\n}\n<\/style>\n<div  class='avia-image-container av-lki65izh-13b6d3118d3b09002720b5beacd2918e av-styling- av-img-linked avia-align-center  avia-builder-el-23  avia-builder-el-no-sibling '   itemprop=\"image\" itemscope=\"itemscope\" itemtype=\"https:\/\/schema.org\/ImageObject\" ><div class=\"avia-image-container-inner\"><div class=\"avia-image-overlay-wrap\"><a href=\"https:\/\/plattform.fobizz.com\/fortbildungen\/643-energizer-im-unterricht-einsetzen\" class='avia_image '  aria-label='Ohne_Balken_Teaserbild_Energizer'><img fetchpriority=\"high\" class='wp-image-41575 avia-img-lazy-loading-not-41575 avia_image ' src='https:\/\/fobizz.com\/wp-content\/uploads\/2023\/07\/Ohne_Balken_Teaserbild_Energizer-1030x539.jpg' alt='Teaserbild Energizer' title='Ohne_Balken_Teaserbild_Energizer'  height=\"539\" width=\"1030\"  itemprop=\"thumbnailUrl\"  \/><\/a><\/div><\/div><\/div><\/div>\n<style type=\"text\/css\" data-created_by=\"avia_inline_auto\" id=\"style-css-av-1yy01s6-3162632baa5614bb35dc841c270f91f6\">\n.flex_column.av-1yy01s6-3162632baa5614bb35dc841c270f91f6{\nborder-radius:0 0 0 0;\npadding:0px 0px 0px 0px;\n}\n<\/style>\n<div  class='flex_column av-1yy01s6-3162632baa5614bb35dc841c270f91f6 av_one_half  avia-builder-el-24  el_after_av_one_half  avia-builder-el-last  flex_column_div av-zero-column-padding  '     ><section  class='av_textblock_section av-lki65u8m-4dc6157c8d2ec008743e53b5b7cd4d19 '   itemscope=\"itemscope\" itemtype=\"https:\/\/schema.org\/BlogPosting\" itemprop=\"blogPost\" ><div class='avia_textblock newdesign_h1'  itemprop=\"text\" ><h2>Online-Fortbildung:<\/h2>\n<\/div><\/section><br \/>\n<section  class='av_textblock_section av-lki665ds-919c6d4f167448d84687706152e4725e '   itemscope=\"itemscope\" itemtype=\"https:\/\/schema.org\/BlogPosting\" itemprop=\"blogPost\" ><div class='avia_textblock'  itemprop=\"text\" ><h3 class=\"sidebar__title\" data-cy=\"course-title\"><strong>Energizer im Unterricht einsetzen<\/strong><\/h3>\n<p class=\"sidebar__title\" data-cy=\"course-title\"><span style=\"font-size: 16px;\">In dieser Online-Fortbildung lernst du, warum Energizer f\u00fcr deinen Unterricht wichtig sind.<\/span><\/p>\n<\/div><\/section><br \/>\n<div  class='avia-button-wrap av-lki66kl8-6c07d91f1f27e29c68c313f3470ae90b-wrap avia-button-left  avia-builder-el-27  el_after_av_textblock  avia-builder-el-last  newdesign_blue_button'><a href='https:\/\/plattform.fobizz.com\/fortbildungen\/643-energizer-im-unterricht-einsetzen'  class='avia-button av-lki66kl8-6c07d91f1f27e29c68c313f3470ae90b av-link-btn avia-icon_select-no avia-size-small avia-position-left avia-color-theme-color'  target=\"_blank\"  rel=\"noopener noreferrer\"  aria-label=\"Zur Online-Fortbildung\"><span class='avia_iconbox_title' >Zur Online-Fortbildung<\/span><\/a><\/div><\/p><\/div>\n<\/p>\n<\/div><\/div><\/div><!-- close content main div --><\/div><\/div><div id='av_section_7'  class='avia-section av-1hkfwh2-4df5ed11a10fb0c55165f7a07e6f48ae main_color avia-section-default avia-no-border-styling  avia-builder-el-28  el_after_av_section  avia-builder-el-last  newdesign_posts-slider avia-bg-style-scroll container_wrap sidebar_right'  ><div class='container av-section-cont-open' ><div class='template-page content  av-content-small alpha units'><div class='post-entry post-entry-type-page post-entry-41574'><div class='entry-content-wrapper clearfix'>\n\n<style type=\"text\/css\" data-created_by=\"avia_inline_auto\" id=\"style-css-av-yxvdty-15bc6ebb91e3367403226521c96689c7\">\n#top .av-special-heading.av-yxvdty-15bc6ebb91e3367403226521c96689c7{\npadding-bottom:10px;\n}\nbody .av-special-heading.av-yxvdty-15bc6ebb91e3367403226521c96689c7 .av-special-heading-tag .heading-char{\nfont-size:25px;\n}\n.av-special-heading.av-yxvdty-15bc6ebb91e3367403226521c96689c7 .av-subheading{\nfont-size:15px;\n}\n<\/style>\n<div  class='av-special-heading av-yxvdty-15bc6ebb91e3367403226521c96689c7 av-special-heading-h2  avia-builder-el-29  el_before_av_postslider  avia-builder-el-first '><h2 class='av-special-heading-tag '  itemprop=\"headline\"  >Weitere Blogartikel<\/h2><div class=\"special-heading-border\"><div class=\"special-heading-inner-border\"><\/div><\/div><\/div>\n<div  data-slideshow-options=\"{&quot;animation&quot;:&quot;fade&quot;,&quot;autoplay&quot;:false,&quot;loop_autoplay&quot;:&quot;once&quot;,&quot;interval&quot;:&quot;5&quot;,&quot;loop_manual&quot;:&quot;manual-endless&quot;,&quot;autoplay_stopper&quot;:false,&quot;noNavigation&quot;:false,&quot;show_slide_delay&quot;:90}\" class='avia-content-slider avia-content-slider-active avia-content-slider1 avia-content-slider-odd  avia-builder-el-30  el_after_av_heading  avia-builder-el-last  av-slideshow-ui av-control-default   av-no-slider-navigation av-slideshow-manual av-loop-once av-loop-manual-endless '  itemscope=\"itemscope\" itemtype=\"https:\/\/schema.org\/Blog\" ><div class=\"avia-content-slider-inner\"><div class=\"slide-entry-wrap\"><article class='slide-entry flex_column  post-entry post-entry-59483 slide-entry-overview slide-loop-1 slide-parity-odd  av_one_third first real-thumbnail posttype-post post-format-standard'  itemscope=\"itemscope\" itemtype=\"https:\/\/schema.org\/BlogPosting\" itemprop=\"blogPost\" ><a href='https:\/\/fobizz.com\/de\/schule_mit_kopf_herz_hand_ki\/' data-rel='slide-1' class='slide-image' title='Schule mit Kopf, Herz, Hand und KI  \u2013 Interview mit Johannes Claassen'><img decoding=\"async\" fetchpriority=\"high\" width=\"495\" height=\"400\" src=\"https:\/\/fobizz.com\/wp-content\/uploads\/2026\/04\/Buch_KI_Herz_Hand-495x400.jpeg\" class=\"wp-image-59488 avia-img-lazy-loading-not-59488 attachment-portfolio size-portfolio wp-post-image\" alt=\"\" \/><\/a><div class=\"slide-content\"><header class=\"entry-content-header\"><h3 class='slide-entry-title entry-title '  itemprop=\"headline\" ><a href='https:\/\/fobizz.com\/de\/schule_mit_kopf_herz_hand_ki\/' title='Schule mit Kopf, Herz, Hand und KI  \u2013 Interview mit Johannes Claassen'>Schule mit Kopf, Herz, Hand und KI  \u2013 Interview mit Johannes Claassen<\/a><\/h3><span class=\"blog-categories minor-meta\"><a href=\"https:\/\/fobizz.com\/de\/category\/digitale-bildung\/\" rel=\"tag\">Digitale Bildung<\/a>, <a href=\"https:\/\/fobizz.com\/de\/category\/interview\/\" rel=\"tag\">Interview<\/a>, <a href=\"https:\/\/fobizz.com\/de\/category\/lehrerbildung\/\" rel=\"tag\">Lehrerbildung<\/a> <\/span><span class=\"av-vertical-delimiter\"><\/span><\/header><div class='slide-entry-excerpt entry-content'  itemprop=\"text\" ><div class=\"excerpt-text\">KI ver\u00e4ndert unser Bildungssystem \u2013 doch wie k\u00f6nnen wir unsere Schule mit zunehmender Technologie noch menschlicher machen?<\/div><div class='time-wrap'><time class='slide-meta-time updated'  itemprop=\"datePublished\" datetime=\"2026-04-10T10:51:03+02:00\" >10. April 2026<\/time><\/div><div class=\"read-more-link\"><a href=\"https:\/\/fobizz.com\/de\/schule_mit_kopf_herz_hand_ki\/\" class=\"more-link\">Weiterlesen<\/a><\/div><\/div><\/div><span class='hidden'>\n\t\t\t\t<span class='av-structured-data'  itemprop=\"image\" itemscope=\"itemscope\" itemtype=\"https:\/\/schema.org\/ImageObject\" >\n\t\t\t\t\t\t<span itemprop='url'>https:\/\/fobizz.com\/wp-content\/uploads\/2026\/04\/Buch_KI_Herz_Hand.jpeg<\/span>\n\t\t\t\t\t\t<span itemprop='height'>481<\/span>\n\t\t\t\t\t\t<span itemprop='width'>587<\/span>\n\t\t\t\t<\/span>\n\t\t\t\t<span class='av-structured-data'  itemprop=\"publisher\" itemtype=\"https:\/\/schema.org\/Organization\" itemscope=\"itemscope\" >\n\t\t\t\t\t\t<span itemprop='name'>Michelle<\/span>\n\t\t\t\t\t\t<span itemprop='logo' itemscope itemtype='https:\/\/schema.org\/ImageObject'>\n\t\t\t\t\t\t\t<span itemprop='url'>https:\/\/fobizz.com\/wp-content\/uploads\/2024\/01\/fobizz_logo-min-495x244.png<\/span>\n\t\t\t\t\t\t<\/span>\n\t\t\t\t<\/span><span class='av-structured-data'  itemprop=\"author\" itemscope=\"itemscope\" itemtype=\"https:\/\/schema.org\/Person\" ><span itemprop='name'>Michelle<\/span><\/span><span class='av-structured-data'  itemprop=\"datePublished\" datetime=\"2023-08-24T12:43:05+02:00\" >2026-04-10 10:51:03<\/span><span class='av-structured-data'  itemprop=\"dateModified\" itemtype=\"https:\/\/schema.org\/dateModified\" >2026-04-10 10:51:03<\/span><span class='av-structured-data'  itemprop=\"mainEntityOfPage\" itemtype=\"https:\/\/schema.org\/mainEntityOfPage\" ><span itemprop='name'>Schule mit Kopf, Herz, Hand und KI  \u2013 Interview mit Johannes Claassen<\/span><\/span><\/span><\/article><article class='slide-entry flex_column  post-entry post-entry-59437 slide-entry-overview slide-loop-2 slide-parity-even  av_one_third  real-thumbnail posttype-post post-format-standard'  itemscope=\"itemscope\" itemtype=\"https:\/\/schema.org\/BlogPosting\" itemprop=\"blogPost\" ><a href='https:\/\/fobizz.com\/de\/kinder-mit-traumaerfahrung-verstehen-und-begleiten\/' data-rel='slide-1' class='slide-image' title='Kinder mit Traumaerfahrung verstehen und begleiten'><img decoding=\"async\" fetchpriority=\"high\" width=\"495\" height=\"400\" src=\"https:\/\/fobizz.com\/wp-content\/uploads\/2026\/04\/Kinder-mit-Traumaerfahrung-verstehen-und-begleiten-495x400.jpg\" class=\"wp-image-59441 avia-img-lazy-loading-not-59441 attachment-portfolio size-portfolio wp-post-image\" alt=\"\" \/><\/a><div class=\"slide-content\"><header class=\"entry-content-header\"><h3 class='slide-entry-title entry-title '  itemprop=\"headline\" ><a href='https:\/\/fobizz.com\/de\/kinder-mit-traumaerfahrung-verstehen-und-begleiten\/' title='Kinder mit Traumaerfahrung verstehen und begleiten'>Kinder mit Traumaerfahrung verstehen und begleiten<\/a><\/h3><span class=\"blog-categories minor-meta\"><a href=\"https:\/\/fobizz.com\/de\/category\/interview\/\" rel=\"tag\">Interview<\/a>, <a href=\"https:\/\/fobizz.com\/de\/category\/lehrerbildung\/\" rel=\"tag\">Lehrerbildung<\/a>, <a href=\"https:\/\/fobizz.com\/de\/category\/nachhaltige-entwicklung\/\" rel=\"tag\">Nachhaltige Entwicklung<\/a> <\/span><span class=\"av-vertical-delimiter\"><\/span><\/header><div class='slide-entry-excerpt entry-content'  itemprop=\"text\" ><div class=\"excerpt-text\">Erfahre im Interview mit Feline Lunge, wie du deinen Unterricht traumasensibel gestalten kannst.<\/div><div class='time-wrap'><time class='slide-meta-time updated'  itemprop=\"datePublished\" datetime=\"2026-04-09T10:47:47+02:00\" >9. April 2026<\/time><\/div><div class=\"read-more-link\"><a href=\"https:\/\/fobizz.com\/de\/kinder-mit-traumaerfahrung-verstehen-und-begleiten\/\" class=\"more-link\">Weiterlesen<\/a><\/div><\/div><\/div><span class='hidden'>\n\t\t\t\t<span class='av-structured-data'  itemprop=\"image\" itemscope=\"itemscope\" itemtype=\"https:\/\/schema.org\/ImageObject\" >\n\t\t\t\t\t\t<span itemprop='url'>https:\/\/fobizz.com\/wp-content\/uploads\/2026\/04\/Kinder-mit-Traumaerfahrung-verstehen-und-begleiten.jpg<\/span>\n\t\t\t\t\t\t<span itemprop='height'>500<\/span>\n\t\t\t\t\t\t<span itemprop='width'>800<\/span>\n\t\t\t\t<\/span>\n\t\t\t\t<span class='av-structured-data'  itemprop=\"publisher\" itemtype=\"https:\/\/schema.org\/Organization\" itemscope=\"itemscope\" >\n\t\t\t\t\t\t<span itemprop='name'>Tanja Schneider<\/span>\n\t\t\t\t\t\t<span itemprop='logo' itemscope itemtype='https:\/\/schema.org\/ImageObject'>\n\t\t\t\t\t\t\t<span itemprop='url'>https:\/\/fobizz.com\/wp-content\/uploads\/2024\/01\/fobizz_logo-min-495x244.png<\/span>\n\t\t\t\t\t\t<\/span>\n\t\t\t\t<\/span><span class='av-structured-data'  itemprop=\"author\" itemscope=\"itemscope\" itemtype=\"https:\/\/schema.org\/Person\" ><span itemprop='name'>Tanja Schneider<\/span><\/span><span class='av-structured-data'  itemprop=\"datePublished\" datetime=\"2023-08-24T12:43:05+02:00\" >2026-04-09 10:47:47<\/span><span class='av-structured-data'  itemprop=\"dateModified\" itemtype=\"https:\/\/schema.org\/dateModified\" >2026-04-09 11:19:32<\/span><span class='av-structured-data'  itemprop=\"mainEntityOfPage\" itemtype=\"https:\/\/schema.org\/mainEntityOfPage\" ><span itemprop='name'>Kinder mit Traumaerfahrung verstehen und begleiten<\/span><\/span><\/span><\/article><article class='slide-entry flex_column  post-entry post-entry-59456 slide-entry-overview slide-loop-3 slide-parity-odd  av_one_third  real-thumbnail posttype-post post-format-standard'  itemscope=\"itemscope\" itemtype=\"https:\/\/schema.org\/BlogPosting\" itemprop=\"blogPost\" ><a href='https:\/\/fobizz.com\/de\/grundschulalltag-diskriminierungskritisch-gestalten\/' data-rel='slide-1' class='slide-image' title='Grundschulalltag diskriminierungskritisch gestalten'><img decoding=\"async\" fetchpriority=\"high\" width=\"495\" height=\"400\" src=\"https:\/\/fobizz.com\/wp-content\/uploads\/2026\/04\/Grundschulalltag-diskriminierungskritisch-gestalten-495x400.jpg\" class=\"wp-image-59457 avia-img-lazy-loading-not-59457 attachment-portfolio size-portfolio wp-post-image\" alt=\"\" \/><\/a><div class=\"slide-content\"><header class=\"entry-content-header\"><h3 class='slide-entry-title entry-title '  itemprop=\"headline\" ><a href='https:\/\/fobizz.com\/de\/grundschulalltag-diskriminierungskritisch-gestalten\/' title='Grundschulalltag diskriminierungskritisch gestalten'>Grundschulalltag diskriminierungskritisch gestalten<\/a><\/h3><span class=\"blog-categories minor-meta\"><a href=\"https:\/\/fobizz.com\/de\/category\/interview\/\" rel=\"tag\">Interview<\/a>, <a href=\"https:\/\/fobizz.com\/de\/category\/lehrerbildung\/\" rel=\"tag\">Lehrerbildung<\/a>, <a href=\"https:\/\/fobizz.com\/de\/category\/nachhaltige-entwicklung\/\" rel=\"tag\">Nachhaltige Entwicklung<\/a> <\/span><span class=\"av-vertical-delimiter\"><\/span><\/header><div class='slide-entry-excerpt entry-content'  itemprop=\"text\" ><div class=\"excerpt-text\">Erfahre im Interview mit Anna Lena Lutz, warum du deinen Schulalltag diskriminierungskritisch gestalten solltest.<\/div><div class='time-wrap'><time class='slide-meta-time updated'  itemprop=\"datePublished\" datetime=\"2026-04-09T10:45:31+02:00\" >9. April 2026<\/time><\/div><div class=\"read-more-link\"><a href=\"https:\/\/fobizz.com\/de\/grundschulalltag-diskriminierungskritisch-gestalten\/\" class=\"more-link\">Weiterlesen<\/a><\/div><\/div><\/div><span class='hidden'>\n\t\t\t\t<span class='av-structured-data'  itemprop=\"image\" itemscope=\"itemscope\" itemtype=\"https:\/\/schema.org\/ImageObject\" >\n\t\t\t\t\t\t<span itemprop='url'>https:\/\/fobizz.com\/wp-content\/uploads\/2026\/04\/Grundschulalltag-diskriminierungskritisch-gestalten.jpg<\/span>\n\t\t\t\t\t\t<span itemprop='height'>500<\/span>\n\t\t\t\t\t\t<span itemprop='width'>800<\/span>\n\t\t\t\t<\/span>\n\t\t\t\t<span class='av-structured-data'  itemprop=\"publisher\" itemtype=\"https:\/\/schema.org\/Organization\" itemscope=\"itemscope\" >\n\t\t\t\t\t\t<span itemprop='name'>Tanja Schneider<\/span>\n\t\t\t\t\t\t<span itemprop='logo' itemscope itemtype='https:\/\/schema.org\/ImageObject'>\n\t\t\t\t\t\t\t<span itemprop='url'>https:\/\/fobizz.com\/wp-content\/uploads\/2024\/01\/fobizz_logo-min-495x244.png<\/span>\n\t\t\t\t\t\t<\/span>\n\t\t\t\t<\/span><span class='av-structured-data'  itemprop=\"author\" itemscope=\"itemscope\" itemtype=\"https:\/\/schema.org\/Person\" ><span itemprop='name'>Tanja Schneider<\/span><\/span><span class='av-structured-data'  itemprop=\"datePublished\" datetime=\"2023-08-24T12:43:05+02:00\" >2026-04-09 10:45:31<\/span><span class='av-structured-data'  itemprop=\"dateModified\" itemtype=\"https:\/\/schema.org\/dateModified\" >2026-04-09 11:18:42<\/span><span class='av-structured-data'  itemprop=\"mainEntityOfPage\" itemtype=\"https:\/\/schema.org\/mainEntityOfPage\" ><span itemprop='name'>Grundschulalltag diskriminierungskritisch gestalten<\/span><\/span><\/span><\/article><\/div><div class=\"slide-entry-wrap\"><article class='slide-entry flex_column  post-entry post-entry-59367 slide-entry-overview slide-loop-4 slide-parity-odd  av_one_third first real-thumbnail posttype-post post-format-standard'  itemscope=\"itemscope\" itemtype=\"https:\/\/schema.org\/BlogPosting\" itemprop=\"blogPost\" ><a href='https:\/\/fobizz.com\/de\/demokratie-lernen-interview-poitzmann-ahl\/' data-rel='slide-1' class='slide-image' title='Demokratie lernen  \u2013 Interview mit Nikola Poitzmann &#038; Kati Ahl'><img decoding=\"async\" fetchpriority=\"high\" width=\"495\" height=\"400\" src=\"https:\/\/fobizz.com\/wp-content\/uploads\/2023\/07\/Schulkalender-23-24-classroom-management-495x400.jpg\" class=\"wp-image-41470 avia-img-lazy-loading-not-41470 attachment-portfolio size-portfolio wp-post-image\" alt=\"Vorschaubild der Fortbildung Classroom Management\" \/><\/a><div class=\"slide-content\"><header class=\"entry-content-header\"><h3 class='slide-entry-title entry-title '  itemprop=\"headline\" ><a href='https:\/\/fobizz.com\/de\/demokratie-lernen-interview-poitzmann-ahl\/' title='Demokratie lernen  \u2013 Interview mit Nikola Poitzmann &#038; Kati Ahl'>Demokratie lernen  \u2013 Interview mit Nikola Poitzmann &#038; Kati Ahl<\/a><\/h3><span class=\"blog-categories minor-meta\"><a href=\"https:\/\/fobizz.com\/de\/category\/digitale-bildung\/\" rel=\"tag\">Digitale Bildung<\/a>, <a href=\"https:\/\/fobizz.com\/de\/category\/interview\/\" rel=\"tag\">Interview<\/a>, <a href=\"https:\/\/fobizz.com\/de\/category\/lehrerbildung\/\" rel=\"tag\">Lehrerbildung<\/a> <\/span><span class=\"av-vertical-delimiter\"><\/span><\/header><div class='slide-entry-excerpt entry-content'  itemprop=\"text\" ><div class=\"excerpt-text\">Trotz wachsender gesellschaftlicher Spannungen bleibt die Schule ein besonderer Ort: Hier treffen Menschen mit unterschiedlichen Hintergr\u00fcnden, Meinungen und Erfahrungen aufeinander. Gerade deshalb bietet Schule gro\u00dfes Potenzial als Raum des Wandels \u2013 ein Ort, an dem Gemeinschaft gelebt und demokratische Werte im Alltag erfahrbar werden.\r\nDoch wie gelingt es, Sch\u00fcler:innen so zu st\u00e4rken, dass sie sich aktiv, selbstbestimmt und kritisch in gesellschaftliche Prozesse einbringen k\u00f6nnen?<\/div><div class='time-wrap'><time class='slide-meta-time updated'  itemprop=\"datePublished\" datetime=\"2026-04-02T06:25:32+02:00\" >2. April 2026<\/time><\/div><div class=\"read-more-link\"><a href=\"https:\/\/fobizz.com\/de\/demokratie-lernen-interview-poitzmann-ahl\/\" class=\"more-link\">Weiterlesen<\/a><\/div><\/div><\/div><span class='hidden'>\n\t\t\t\t<span class='av-structured-data'  itemprop=\"image\" itemscope=\"itemscope\" itemtype=\"https:\/\/schema.org\/ImageObject\" >\n\t\t\t\t\t\t<span itemprop='url'>https:\/\/fobizz.com\/wp-content\/uploads\/2023\/07\/Schulkalender-23-24-classroom-management.jpg<\/span>\n\t\t\t\t\t\t<span itemprop='height'>628<\/span>\n\t\t\t\t\t\t<span itemprop='width'>1200<\/span>\n\t\t\t\t<\/span>\n\t\t\t\t<span class='av-structured-data'  itemprop=\"publisher\" itemtype=\"https:\/\/schema.org\/Organization\" itemscope=\"itemscope\" >\n\t\t\t\t\t\t<span itemprop='name'>Michelle<\/span>\n\t\t\t\t\t\t<span itemprop='logo' itemscope itemtype='https:\/\/schema.org\/ImageObject'>\n\t\t\t\t\t\t\t<span itemprop='url'>https:\/\/fobizz.com\/wp-content\/uploads\/2024\/01\/fobizz_logo-min-495x244.png<\/span>\n\t\t\t\t\t\t<\/span>\n\t\t\t\t<\/span><span class='av-structured-data'  itemprop=\"author\" itemscope=\"itemscope\" itemtype=\"https:\/\/schema.org\/Person\" ><span itemprop='name'>Michelle<\/span><\/span><span class='av-structured-data'  itemprop=\"datePublished\" datetime=\"2023-08-24T12:43:05+02:00\" >2026-04-02 06:25:32<\/span><span class='av-structured-data'  itemprop=\"dateModified\" itemtype=\"https:\/\/schema.org\/dateModified\" >2026-04-13 17:48:54<\/span><span class='av-structured-data'  itemprop=\"mainEntityOfPage\" itemtype=\"https:\/\/schema.org\/mainEntityOfPage\" ><span itemprop='name'>Demokratie lernen  \u2013 Interview mit Nikola Poitzmann &#038; Kati Ahl<\/span><\/span><\/span><\/article><article class='slide-entry flex_column  post-entry post-entry-59354 slide-entry-overview slide-loop-5 slide-parity-even  av_one_third  real-thumbnail posttype-post post-format-standard'  itemscope=\"itemscope\" itemtype=\"https:\/\/schema.org\/BlogPosting\" itemprop=\"blogPost\" ><a href='https:\/\/fobizz.com\/de\/kinder-die-durchs-raster-fallen-interview-mit-corina-elfe\/' data-rel='slide-1' class='slide-image' title='Kinder, die durchs Raster fallen  \u2013 Interview mit Corina Elfe'><img decoding=\"async\" fetchpriority=\"high\" width=\"495\" height=\"400\" src=\"https:\/\/fobizz.com\/wp-content\/uploads\/2026\/04\/Kinder_Neurodivergenz-495x400.jpg\" class=\"wp-image-59361 avia-img-lazy-loading-not-59361 attachment-portfolio size-portfolio wp-post-image\" alt=\"\" \/><\/a><div class=\"slide-content\"><header class=\"entry-content-header\"><h3 class='slide-entry-title entry-title '  itemprop=\"headline\" ><a href='https:\/\/fobizz.com\/de\/kinder-die-durchs-raster-fallen-interview-mit-corina-elfe\/' title='Kinder, die durchs Raster fallen  \u2013 Interview mit Corina Elfe'>Kinder, die durchs Raster fallen  \u2013 Interview mit Corina Elfe<\/a><\/h3><span class=\"blog-categories minor-meta\"><a href=\"https:\/\/fobizz.com\/de\/category\/digitale-bildung\/\" rel=\"tag\">Digitale Bildung<\/a>, <a href=\"https:\/\/fobizz.com\/de\/category\/interview\/\" rel=\"tag\">Interview<\/a>, <a href=\"https:\/\/fobizz.com\/de\/category\/lehrerbildung\/\" rel=\"tag\">Lehrerbildung<\/a> <\/span><span class=\"av-vertical-delimiter\"><\/span><\/header><div class='slide-entry-excerpt entry-content'  itemprop=\"text\" ><div class=\"excerpt-text\">Digitales Arbeiten und Unterrichten \u2013 der Einsatz von K\u00fcnstlicher Intelligenz wird f\u00fcr Lehrkr\u00e4fte immer relevanter. Wie textgenerierende KI-Systeme wie ChatGPT sinnvoll in den Schulalltag integriert werden k\u00f6nnen und welche Potenziale und Grenzen sie haben, zeigen Micha Busch und Christian K\u00f6hler in 33 praxisnahen Ideen f\u00fcr Unterricht und Organisation.<\/div><div class='time-wrap'><time class='slide-meta-time updated'  itemprop=\"datePublished\" datetime=\"2026-04-01T17:20:21+02:00\" >1. April 2026<\/time><\/div><div class=\"read-more-link\"><a href=\"https:\/\/fobizz.com\/de\/kinder-die-durchs-raster-fallen-interview-mit-corina-elfe\/\" class=\"more-link\">Weiterlesen<\/a><\/div><\/div><\/div><span class='hidden'>\n\t\t\t\t<span class='av-structured-data'  itemprop=\"image\" itemscope=\"itemscope\" itemtype=\"https:\/\/schema.org\/ImageObject\" >\n\t\t\t\t\t\t<span itemprop='url'>https:\/\/fobizz.com\/wp-content\/uploads\/2026\/04\/Kinder_Neurodivergenz.jpg<\/span>\n\t\t\t\t\t\t<span itemprop='height'>768<\/span>\n\t\t\t\t\t\t<span itemprop='width'>1408<\/span>\n\t\t\t\t<\/span>\n\t\t\t\t<span class='av-structured-data'  itemprop=\"publisher\" itemtype=\"https:\/\/schema.org\/Organization\" itemscope=\"itemscope\" >\n\t\t\t\t\t\t<span itemprop='name'>Michelle<\/span>\n\t\t\t\t\t\t<span itemprop='logo' itemscope itemtype='https:\/\/schema.org\/ImageObject'>\n\t\t\t\t\t\t\t<span itemprop='url'>https:\/\/fobizz.com\/wp-content\/uploads\/2024\/01\/fobizz_logo-min-495x244.png<\/span>\n\t\t\t\t\t\t<\/span>\n\t\t\t\t<\/span><span class='av-structured-data'  itemprop=\"author\" itemscope=\"itemscope\" itemtype=\"https:\/\/schema.org\/Person\" ><span itemprop='name'>Michelle<\/span><\/span><span class='av-structured-data'  itemprop=\"datePublished\" datetime=\"2023-08-24T12:43:05+02:00\" >2026-04-01 17:20:21<\/span><span class='av-structured-data'  itemprop=\"dateModified\" itemtype=\"https:\/\/schema.org\/dateModified\" >2026-04-13 17:49:10<\/span><span class='av-structured-data'  itemprop=\"mainEntityOfPage\" itemtype=\"https:\/\/schema.org\/mainEntityOfPage\" ><span itemprop='name'>Kinder, die durchs Raster fallen  \u2013 Interview mit Corina Elfe<\/span><\/span><\/span><\/article><article class='slide-entry flex_column  post-entry post-entry-58864 slide-entry-overview slide-loop-6 slide-parity-odd  av_one_third  real-thumbnail posttype-post post-format-standard'  itemscope=\"itemscope\" itemtype=\"https:\/\/schema.org\/BlogPosting\" itemprop=\"blogPost\" ><a href='https:\/\/fobizz.com\/de\/scratch-einstieg-ins-visuelle-programmieren\/' data-rel='slide-1' class='slide-image' title='Scratch: Einstieg ins visuelle Programmieren'><img decoding=\"async\" fetchpriority=\"high\" width=\"495\" height=\"400\" src=\"https:\/\/fobizz.com\/wp-content\/uploads\/2026\/03\/Scratch-Einstieg-ins-visuelle-Programmieren-495x400.jpg\" class=\"wp-image-58867 avia-img-lazy-loading-not-58867 attachment-portfolio size-portfolio wp-post-image\" alt=\"\" \/><\/a><div class=\"slide-content\"><header class=\"entry-content-header\"><h3 class='slide-entry-title entry-title '  itemprop=\"headline\" ><a href='https:\/\/fobizz.com\/de\/scratch-einstieg-ins-visuelle-programmieren\/' title='Scratch: Einstieg ins visuelle Programmieren'>Scratch: Einstieg ins visuelle Programmieren<\/a><\/h3><span class=\"blog-categories minor-meta\"><a href=\"https:\/\/fobizz.com\/de\/category\/digitale-bildung\/\" rel=\"tag\">Digitale Bildung<\/a>, <a href=\"https:\/\/fobizz.com\/de\/category\/digitale-medien\/\" rel=\"tag\">Digitale Medien<\/a>, <a href=\"https:\/\/fobizz.com\/de\/category\/interview\/\" rel=\"tag\">Interview<\/a>, <a href=\"https:\/\/fobizz.com\/de\/category\/lehrerbildung\/\" rel=\"tag\">Lehrerbildung<\/a> <\/span><span class=\"av-vertical-delimiter\"><\/span><\/header><div class='slide-entry-excerpt entry-content'  itemprop=\"text\" ><div class=\"excerpt-text\">Erfahre im Interview mit Tom Wiedemann, wie du Scratch sinnvoll in deinen Unterricht einbringen kannst.<\/div><div class='time-wrap'><time class='slide-meta-time updated'  itemprop=\"datePublished\" datetime=\"2026-03-12T11:07:22+01:00\" >12. M\u00e4rz 2026<\/time><\/div><div class=\"read-more-link\"><a href=\"https:\/\/fobizz.com\/de\/scratch-einstieg-ins-visuelle-programmieren\/\" class=\"more-link\">Weiterlesen<\/a><\/div><\/div><\/div><span class='hidden'>\n\t\t\t\t<span class='av-structured-data'  itemprop=\"image\" itemscope=\"itemscope\" itemtype=\"https:\/\/schema.org\/ImageObject\" >\n\t\t\t\t\t\t<span itemprop='url'>https:\/\/fobizz.com\/wp-content\/uploads\/2026\/03\/Scratch-Einstieg-ins-visuelle-Programmieren.jpg<\/span>\n\t\t\t\t\t\t<span itemprop='height'>500<\/span>\n\t\t\t\t\t\t<span itemprop='width'>800<\/span>\n\t\t\t\t<\/span>\n\t\t\t\t<span class='av-structured-data'  itemprop=\"publisher\" itemtype=\"https:\/\/schema.org\/Organization\" itemscope=\"itemscope\" >\n\t\t\t\t\t\t<span itemprop='name'>Tanja Schneider<\/span>\n\t\t\t\t\t\t<span itemprop='logo' itemscope itemtype='https:\/\/schema.org\/ImageObject'>\n\t\t\t\t\t\t\t<span itemprop='url'>https:\/\/fobizz.com\/wp-content\/uploads\/2024\/01\/fobizz_logo-min-495x244.png<\/span>\n\t\t\t\t\t\t<\/span>\n\t\t\t\t<\/span><span class='av-structured-data'  itemprop=\"author\" itemscope=\"itemscope\" itemtype=\"https:\/\/schema.org\/Person\" ><span itemprop='name'>Tanja Schneider<\/span><\/span><span class='av-structured-data'  itemprop=\"datePublished\" datetime=\"2023-08-24T12:43:05+02:00\" >2026-03-12 11:07:22<\/span><span class='av-structured-data'  itemprop=\"dateModified\" itemtype=\"https:\/\/schema.org\/dateModified\" >2026-03-12 11:34:55<\/span><span class='av-structured-data'  itemprop=\"mainEntityOfPage\" itemtype=\"https:\/\/schema.org\/mainEntityOfPage\" ><span itemprop='name'>Scratch: Einstieg ins visuelle Programmieren<\/span><\/span><\/span><\/article><\/div><div class=\"slide-entry-wrap\"><article class='slide-entry flex_column  post-entry post-entry-58852 slide-entry-overview slide-loop-7 slide-parity-odd  av_one_third first real-thumbnail posttype-post post-format-standard'  itemscope=\"itemscope\" itemtype=\"https:\/\/schema.org\/BlogPosting\" itemprop=\"blogPost\" ><a href='https:\/\/fobizz.com\/de\/goodnotes-grundlagen-organisation-von-unterrichtsnotizen\/' data-rel='slide-1' class='slide-image' title='Goodnotes Grundlagen: Organisation von Unterrichtsnotizen'><img decoding=\"async\" fetchpriority=\"high\" width=\"495\" height=\"400\" src=\"https:\/\/fobizz.com\/wp-content\/uploads\/2026\/03\/Goodnotes-Grundlagen-Organisation-von-Unterrichtsnotizen-495x400.jpg\" class=\"wp-image-58853 avia-img-lazy-loading-not-58853 attachment-portfolio size-portfolio wp-post-image\" alt=\"\" \/><\/a><div class=\"slide-content\"><header class=\"entry-content-header\"><h3 class='slide-entry-title entry-title '  itemprop=\"headline\" ><a href='https:\/\/fobizz.com\/de\/goodnotes-grundlagen-organisation-von-unterrichtsnotizen\/' title='Goodnotes Grundlagen: Organisation von Unterrichtsnotizen'>Goodnotes Grundlagen: Organisation von Unterrichtsnotizen<\/a><\/h3><span class=\"blog-categories minor-meta\"><a href=\"https:\/\/fobizz.com\/de\/category\/digitale-bildung\/\" rel=\"tag\">Digitale Bildung<\/a>, <a href=\"https:\/\/fobizz.com\/de\/category\/digitale-medien\/\" rel=\"tag\">Digitale Medien<\/a>, <a href=\"https:\/\/fobizz.com\/de\/category\/interview\/\" rel=\"tag\">Interview<\/a>, <a href=\"https:\/\/fobizz.com\/de\/category\/lehrerbildung\/\" rel=\"tag\">Lehrerbildung<\/a> <\/span><span class=\"av-vertical-delimiter\"><\/span><\/header><div class='slide-entry-excerpt entry-content'  itemprop=\"text\" ><div class=\"excerpt-text\">Im Interview mit Dr. Ulla Hauptmann erf\u00e4hrst du, wie du mit Goodnotes 7 den Unterricht kreativ gestalten und deine Unterrichtsmaterialien ordnen kannst.<\/div><div class='time-wrap'><time class='slide-meta-time updated'  itemprop=\"datePublished\" datetime=\"2026-03-12T11:06:50+01:00\" >12. M\u00e4rz 2026<\/time><\/div><div class=\"read-more-link\"><a href=\"https:\/\/fobizz.com\/de\/goodnotes-grundlagen-organisation-von-unterrichtsnotizen\/\" class=\"more-link\">Weiterlesen<\/a><\/div><\/div><\/div><span class='hidden'>\n\t\t\t\t<span class='av-structured-data'  itemprop=\"image\" itemscope=\"itemscope\" itemtype=\"https:\/\/schema.org\/ImageObject\" >\n\t\t\t\t\t\t<span itemprop='url'>https:\/\/fobizz.com\/wp-content\/uploads\/2026\/03\/Goodnotes-Grundlagen-Organisation-von-Unterrichtsnotizen.jpg<\/span>\n\t\t\t\t\t\t<span itemprop='height'>500<\/span>\n\t\t\t\t\t\t<span itemprop='width'>800<\/span>\n\t\t\t\t<\/span>\n\t\t\t\t<span class='av-structured-data'  itemprop=\"publisher\" itemtype=\"https:\/\/schema.org\/Organization\" itemscope=\"itemscope\" >\n\t\t\t\t\t\t<span itemprop='name'>Tanja Schneider<\/span>\n\t\t\t\t\t\t<span itemprop='logo' itemscope itemtype='https:\/\/schema.org\/ImageObject'>\n\t\t\t\t\t\t\t<span itemprop='url'>https:\/\/fobizz.com\/wp-content\/uploads\/2024\/01\/fobizz_logo-min-495x244.png<\/span>\n\t\t\t\t\t\t<\/span>\n\t\t\t\t<\/span><span class='av-structured-data'  itemprop=\"author\" itemscope=\"itemscope\" itemtype=\"https:\/\/schema.org\/Person\" ><span itemprop='name'>Tanja Schneider<\/span><\/span><span class='av-structured-data'  itemprop=\"datePublished\" datetime=\"2023-08-24T12:43:05+02:00\" >2026-03-12 11:06:50<\/span><span class='av-structured-data'  itemprop=\"dateModified\" itemtype=\"https:\/\/schema.org\/dateModified\" >2026-03-12 11:35:36<\/span><span class='av-structured-data'  itemprop=\"mainEntityOfPage\" itemtype=\"https:\/\/schema.org\/mainEntityOfPage\" ><span itemprop='name'>Goodnotes Grundlagen: Organisation von Unterrichtsnotizen<\/span><\/span><\/span><\/article><article class='slide-entry flex_column  post-entry post-entry-58357 slide-entry-overview slide-loop-8 slide-parity-even  av_one_third  real-thumbnail posttype-post post-format-standard'  itemscope=\"itemscope\" itemtype=\"https:\/\/schema.org\/BlogPosting\" itemprop=\"blogPost\" ><a href='https:\/\/fobizz.com\/de\/einsatz-von-schulhunden-im-unterrichtsalltag\/' data-rel='slide-1' class='slide-image' title='Einsatz von Schulhunden im Unterrichtsalltag'><img decoding=\"async\" fetchpriority=\"high\" width=\"495\" height=\"400\" src=\"https:\/\/fobizz.com\/wp-content\/uploads\/2026\/02\/Blogbeitrag-Einsatz-von-Schulhunden-im-Unterrichtsalltag-1-495x400.jpg\" class=\"wp-image-58503 avia-img-lazy-loading-not-58503 attachment-portfolio size-portfolio wp-post-image\" alt=\"\" \/><\/a><div class=\"slide-content\"><header class=\"entry-content-header\"><h3 class='slide-entry-title entry-title '  itemprop=\"headline\" ><a href='https:\/\/fobizz.com\/de\/einsatz-von-schulhunden-im-unterrichtsalltag\/' title='Einsatz von Schulhunden im Unterrichtsalltag'>Einsatz von Schulhunden im Unterrichtsalltag<\/a><\/h3><span class=\"blog-categories minor-meta\"><a href=\"https:\/\/fobizz.com\/de\/category\/interview\/\" rel=\"tag\">Interview<\/a>, <a href=\"https:\/\/fobizz.com\/de\/category\/lehrerbildung\/\" rel=\"tag\">Lehrerbildung<\/a>, <a href=\"https:\/\/fobizz.com\/de\/category\/nachhaltige-entwicklung\/\" rel=\"tag\">Nachhaltige Entwicklung<\/a>, <a href=\"https:\/\/fobizz.com\/de\/category\/neue-lernkultur\/\" rel=\"tag\">Neue Lernkultur<\/a> <\/span><span class=\"av-vertical-delimiter\"><\/span><\/header><div class='slide-entry-excerpt entry-content'  itemprop=\"text\" ><div class=\"excerpt-text\">Im Interview mit Judith Bohlmann erf\u00e4hrst du, wie Schulhunde den Unterricht bereichern k\u00f6nnen.<\/div><div class='time-wrap'><time class='slide-meta-time updated'  itemprop=\"datePublished\" datetime=\"2026-02-12T10:00:28+01:00\" >12. Februar 2026<\/time><\/div><div class=\"read-more-link\"><a href=\"https:\/\/fobizz.com\/de\/einsatz-von-schulhunden-im-unterrichtsalltag\/\" class=\"more-link\">Weiterlesen<\/a><\/div><\/div><\/div><span class='hidden'>\n\t\t\t\t<span class='av-structured-data'  itemprop=\"image\" itemscope=\"itemscope\" itemtype=\"https:\/\/schema.org\/ImageObject\" >\n\t\t\t\t\t\t<span itemprop='url'>https:\/\/fobizz.com\/wp-content\/uploads\/2026\/02\/Blogbeitrag-Einsatz-von-Schulhunden-im-Unterrichtsalltag-1.jpg<\/span>\n\t\t\t\t\t\t<span itemprop='height'>1080<\/span>\n\t\t\t\t\t\t<span itemprop='width'>1920<\/span>\n\t\t\t\t<\/span>\n\t\t\t\t<span class='av-structured-data'  itemprop=\"publisher\" itemtype=\"https:\/\/schema.org\/Organization\" itemscope=\"itemscope\" >\n\t\t\t\t\t\t<span itemprop='name'>Tanja Schneider<\/span>\n\t\t\t\t\t\t<span itemprop='logo' itemscope itemtype='https:\/\/schema.org\/ImageObject'>\n\t\t\t\t\t\t\t<span itemprop='url'>https:\/\/fobizz.com\/wp-content\/uploads\/2024\/01\/fobizz_logo-min-495x244.png<\/span>\n\t\t\t\t\t\t<\/span>\n\t\t\t\t<\/span><span class='av-structured-data'  itemprop=\"author\" itemscope=\"itemscope\" itemtype=\"https:\/\/schema.org\/Person\" ><span itemprop='name'>Tanja Schneider<\/span><\/span><span class='av-structured-data'  itemprop=\"datePublished\" datetime=\"2023-08-24T12:43:05+02:00\" >2026-02-12 10:00:28<\/span><span class='av-structured-data'  itemprop=\"dateModified\" itemtype=\"https:\/\/schema.org\/dateModified\" >2026-02-11 14:23:03<\/span><span class='av-structured-data'  itemprop=\"mainEntityOfPage\" itemtype=\"https:\/\/schema.org\/mainEntityOfPage\" ><span itemprop='name'>Einsatz von Schulhunden im Unterrichtsalltag<\/span><\/span><\/span><\/article><article class='slide-entry flex_column  post-entry post-entry-58425 slide-entry-overview slide-loop-9 slide-parity-odd  post-entry-last  av_one_third  real-thumbnail posttype-post post-format-standard'  itemscope=\"itemscope\" itemtype=\"https:\/\/schema.org\/BlogPosting\" itemprop=\"blogPost\" ><a href='https:\/\/fobizz.com\/de\/einsatz-von-ki-im-lateinunterricht\/' data-rel='slide-1' class='slide-image' title='Einsatz von KI im Lateinunterricht'><img decoding=\"async\" fetchpriority=\"high\" width=\"495\" height=\"400\" src=\"https:\/\/fobizz.com\/wp-content\/uploads\/2026\/02\/Einsatz-von-KI-im-Lateinunterricht-1-495x400.jpg\" class=\"wp-image-58369 avia-img-lazy-loading-not-58369 attachment-portfolio size-portfolio wp-post-image\" alt=\"\" \/><\/a><div class=\"slide-content\"><header class=\"entry-content-header\"><h3 class='slide-entry-title entry-title '  itemprop=\"headline\" ><a href='https:\/\/fobizz.com\/de\/einsatz-von-ki-im-lateinunterricht\/' title='Einsatz von KI im Lateinunterricht'>Einsatz von KI im Lateinunterricht<\/a><\/h3><span class=\"blog-categories minor-meta\"><a href=\"https:\/\/fobizz.com\/de\/category\/interview\/\" rel=\"tag\">Interview<\/a>, <a href=\"https:\/\/fobizz.com\/de\/category\/kunstliche-intelligenz\/\" rel=\"tag\">K\u00fcnstliche Intelligenz<\/a>, <a href=\"https:\/\/fobizz.com\/de\/category\/lehrerbildung\/\" rel=\"tag\">Lehrerbildung<\/a>, <a href=\"https:\/\/fobizz.com\/de\/category\/neue-lernkultur\/\" rel=\"tag\">Neue Lernkultur<\/a> <\/span><span class=\"av-vertical-delimiter\"><\/span><\/header><div class='slide-entry-excerpt entry-content'  itemprop=\"text\" ><div class=\"excerpt-text\">Im Interview mit Daniel Conley erf\u00e4hrst du, wie du KI im Lateinunterricht gewinnbringend einsetzen kannst.<\/div><div class='time-wrap'><time class='slide-meta-time updated'  itemprop=\"datePublished\" datetime=\"2026-02-12T10:00:21+01:00\" >12. Februar 2026<\/time><\/div><div class=\"read-more-link\"><a href=\"https:\/\/fobizz.com\/de\/einsatz-von-ki-im-lateinunterricht\/\" class=\"more-link\">Weiterlesen<\/a><\/div><\/div><\/div><span class='hidden'>\n\t\t\t\t<span class='av-structured-data'  itemprop=\"image\" itemscope=\"itemscope\" itemtype=\"https:\/\/schema.org\/ImageObject\" >\n\t\t\t\t\t\t<span itemprop='url'>https:\/\/fobizz.com\/wp-content\/uploads\/2026\/02\/Einsatz-von-KI-im-Lateinunterricht-1.jpg<\/span>\n\t\t\t\t\t\t<span itemprop='height'>1080<\/span>\n\t\t\t\t\t\t<span itemprop='width'>1920<\/span>\n\t\t\t\t<\/span>\n\t\t\t\t<span class='av-structured-data'  itemprop=\"publisher\" itemtype=\"https:\/\/schema.org\/Organization\" itemscope=\"itemscope\" >\n\t\t\t\t\t\t<span itemprop='name'>Tanja Schneider<\/span>\n\t\t\t\t\t\t<span itemprop='logo' itemscope itemtype='https:\/\/schema.org\/ImageObject'>\n\t\t\t\t\t\t\t<span itemprop='url'>https:\/\/fobizz.com\/wp-content\/uploads\/2024\/01\/fobizz_logo-min-495x244.png<\/span>\n\t\t\t\t\t\t<\/span>\n\t\t\t\t<\/span><span class='av-structured-data'  itemprop=\"author\" itemscope=\"itemscope\" itemtype=\"https:\/\/schema.org\/Person\" ><span itemprop='name'>Tanja Schneider<\/span><\/span><span class='av-structured-data'  itemprop=\"datePublished\" datetime=\"2023-08-24T12:43:05+02:00\" >2026-02-12 10:00:21<\/span><span class='av-structured-data'  itemprop=\"dateModified\" itemtype=\"https:\/\/schema.org\/dateModified\" >2026-03-12 12:18:21<\/span><span class='av-structured-data'  itemprop=\"mainEntityOfPage\" itemtype=\"https:\/\/schema.org\/mainEntityOfPage\" ><span itemprop='name'>Einsatz von KI im Lateinunterricht<\/span><\/span><\/span><\/article><\/div><\/div><div class='avia-slideshow-arrows avia-slideshow-controls' ><a href='#prev' class='prev-slide ' data-av_icon='\ue87c' data-av_iconfont='entypo-fontello' aria-hidden=\"true\" title=\"Zur\u00fcck\" desc=\"Zur\u00fcck\" tabindex='-1' ><span class='avia_hidden_link_text'>Zur\u00fcck<\/span><\/a><a href='#next' class='next-slide ' data-av_icon='\ue87d' data-av_iconfont='entypo-fontello' aria-hidden=\"true\" title=\"Weiter\" desc=\"Weiter\" tabindex='-1' ><span class='avia_hidden_link_text'>Weiter<\/span><\/a><\/div><\/div>\n<\/div><\/div><\/div><!-- close content main div --><\/div><\/div><div id='after_section_7'  class='main_color av_default_container_wrap container_wrap sidebar_right'  ><div class='container av-section-cont-open' ><div class='template-page content  av-content-small alpha units'><div class='post-entry post-entry-type-page post-entry-41574'><div class='entry-content-wrapper clearfix'>\n","protected":false},"excerpt":{"rendered":"<p>Im Interview erkl\u00e4rt dir Stefanie Fischer, was Energizer sind und wie du diese in deinem Unterricht einsetzen kannst.<\/p>\n","protected":false},"author":24,"featured_media":41575,"comment_status":"closed","ping_status":"open","sticky":false,"template":"","format":"standard","meta":{"_monsterinsights_skip_tracking":false,"_monsterinsights_sitenote_active":false,"_monsterinsights_sitenote_note":"","_monsterinsights_sitenote_category":0,"_uf_show_specific_survey":0,"_uf_disable_surveys":false,"footnotes":""},"categories":[472,168],"tags":[1246,1247,850],"class_list":["post-41574","post","type-post","status-publish","format-standard","has-post-thumbnail","hentry","category-interview","category-lehrerbildung","tag-aktivierungsuebung","tag-energizer","tag-spiele"],"acf":[],"yoast_head":"<!-- This site is optimized with the Yoast SEO Premium plugin v26.2 (Yoast SEO v27.4) - https:\/\/yoast.com\/product\/yoast-seo-premium-wordpress\/ -->\n<title>Energizer im Unterricht einsetzen - fobizz<\/title>\n<meta name=\"description\" content=\"Im Interview erkl\u00e4rt dir Stefanie Fischer, was Energizer sind und wie du diese in deinem Unterricht einsetzen kannst.\" \/>\n<meta name=\"robots\" content=\"index, follow, max-snippet:-1, max-image-preview:large, max-video-preview:-1\" \/>\n<link rel=\"canonical\" href=\"https:\/\/fobizz.com\/de\/energizer-im-unterricht-einsetzen\/\" \/>\n<meta name=\"twitter:card\" content=\"summary_large_image\" \/>\n<meta name=\"twitter:title\" content=\"Energizer im Unterricht einsetzen - fobizz\" \/>\n<meta name=\"twitter:description\" content=\"Im Interview erkl\u00e4rt dir Stefanie Fischer, was Energizer sind und wie du diese in deinem Unterricht einsetzen kannst.\" \/>\n<meta name=\"twitter:image\" content=\"https:\/\/fobizz.com\/wp-content\/uploads\/2023\/07\/Ohne_Balken_Teaserbild_Energizer.jpg\" \/>\n<meta name=\"twitter:creator\" content=\"@fobizz\" \/>\n<meta name=\"twitter:site\" content=\"@fobizz\" \/>\n<meta name=\"twitter:label1\" content=\"Verfasst von\" \/>\n\t<meta name=\"twitter:data1\" content=\"Vanessa\" \/>\n\t<meta name=\"twitter:label2\" content=\"Gesch\u00e4tzte Lesezeit\" \/>\n\t<meta name=\"twitter:data2\" content=\"18\u00a0Minuten\" \/>\n<script type=\"application\/ld+json\" class=\"yoast-schema-graph\">{\"@context\":\"https:\\\/\\\/schema.org\",\"@graph\":[{\"@type\":\"Article\",\"@id\":\"https:\\\/\\\/fobizz.com\\\/de\\\/energizer-im-unterricht-einsetzen\\\/#article\",\"isPartOf\":{\"@id\":\"https:\\\/\\\/fobizz.com\\\/de\\\/energizer-im-unterricht-einsetzen\\\/\"},\"author\":{\"name\":\"Vanessa\",\"@id\":\"https:\\\/\\\/fobizz.com\\\/de\\\/#\\\/schema\\\/person\\\/b2b1f4725be0b4f260a878568cf1651c\"},\"headline\":\"Energizer im Unterricht einsetzen\",\"datePublished\":\"2023-08-24T10:43:05+00:00\",\"mainEntityOfPage\":{\"@id\":\"https:\\\/\\\/fobizz.com\\\/de\\\/energizer-im-unterricht-einsetzen\\\/\"},\"wordCount\":6972,\"publisher\":{\"@id\":\"https:\\\/\\\/fobizz.com\\\/de\\\/#organization\"},\"image\":{\"@id\":\"https:\\\/\\\/fobizz.com\\\/de\\\/energizer-im-unterricht-einsetzen\\\/#primaryimage\"},\"thumbnailUrl\":\"https:\\\/\\\/fobizz.com\\\/wp-content\\\/uploads\\\/2023\\\/07\\\/Ohne_Balken_Teaserbild_Energizer.jpg\",\"keywords\":[\"Aktivierungs\u00fcbung\",\"Energizer\",\"Spiele\"],\"articleSection\":[\"Interview\",\"Lehrerbildung\"],\"inLanguage\":\"de\"},{\"@type\":\"WebPage\",\"@id\":\"https:\\\/\\\/fobizz.com\\\/de\\\/energizer-im-unterricht-einsetzen\\\/\",\"url\":\"https:\\\/\\\/fobizz.com\\\/de\\\/energizer-im-unterricht-einsetzen\\\/\",\"name\":\"Energizer im Unterricht einsetzen - fobizz\",\"isPartOf\":{\"@id\":\"https:\\\/\\\/fobizz.com\\\/de\\\/#website\"},\"primaryImageOfPage\":{\"@id\":\"https:\\\/\\\/fobizz.com\\\/de\\\/energizer-im-unterricht-einsetzen\\\/#primaryimage\"},\"image\":{\"@id\":\"https:\\\/\\\/fobizz.com\\\/de\\\/energizer-im-unterricht-einsetzen\\\/#primaryimage\"},\"thumbnailUrl\":\"https:\\\/\\\/fobizz.com\\\/wp-content\\\/uploads\\\/2023\\\/07\\\/Ohne_Balken_Teaserbild_Energizer.jpg\",\"datePublished\":\"2023-08-24T10:43:05+00:00\",\"description\":\"Im Interview erkl\u00e4rt dir Stefanie Fischer, was Energizer sind und wie du diese in deinem Unterricht einsetzen kannst.\",\"breadcrumb\":{\"@id\":\"https:\\\/\\\/fobizz.com\\\/de\\\/energizer-im-unterricht-einsetzen\\\/#breadcrumb\"},\"inLanguage\":\"de\",\"potentialAction\":[{\"@type\":\"ReadAction\",\"target\":[\"https:\\\/\\\/fobizz.com\\\/de\\\/energizer-im-unterricht-einsetzen\\\/\"]}]},{\"@type\":\"ImageObject\",\"inLanguage\":\"de\",\"@id\":\"https:\\\/\\\/fobizz.com\\\/de\\\/energizer-im-unterricht-einsetzen\\\/#primaryimage\",\"url\":\"https:\\\/\\\/fobizz.com\\\/wp-content\\\/uploads\\\/2023\\\/07\\\/Ohne_Balken_Teaserbild_Energizer.jpg\",\"contentUrl\":\"https:\\\/\\\/fobizz.com\\\/wp-content\\\/uploads\\\/2023\\\/07\\\/Ohne_Balken_Teaserbild_Energizer.jpg\",\"width\":1200,\"height\":628,\"caption\":\"Teaserbild Energizer\"},{\"@type\":\"BreadcrumbList\",\"@id\":\"https:\\\/\\\/fobizz.com\\\/de\\\/energizer-im-unterricht-einsetzen\\\/#breadcrumb\",\"itemListElement\":[{\"@type\":\"ListItem\",\"position\":1,\"name\":\"Startseite\",\"item\":\"https:\\\/\\\/fobizz.com\\\/de\\\/startpage\\\/\"},{\"@type\":\"ListItem\",\"position\":2,\"name\":\"Energizer im Unterricht einsetzen\"}]},{\"@type\":\"WebSite\",\"@id\":\"https:\\\/\\\/fobizz.com\\\/de\\\/#website\",\"url\":\"https:\\\/\\\/fobizz.com\\\/de\\\/\",\"name\":\"fobizz\",\"description\":\"AI &amp; digital Tools for Teachers\",\"publisher\":{\"@id\":\"https:\\\/\\\/fobizz.com\\\/de\\\/#organization\"},\"potentialAction\":[{\"@type\":\"SearchAction\",\"target\":{\"@type\":\"EntryPoint\",\"urlTemplate\":\"https:\\\/\\\/fobizz.com\\\/de\\\/?s={search_term_string}\"},\"query-input\":{\"@type\":\"PropertyValueSpecification\",\"valueRequired\":true,\"valueName\":\"search_term_string\"}}],\"inLanguage\":\"de\"},{\"@type\":\"Organization\",\"@id\":\"https:\\\/\\\/fobizz.com\\\/de\\\/#organization\",\"name\":\"fobizz\",\"url\":\"https:\\\/\\\/fobizz.com\\\/de\\\/\",\"logo\":{\"@type\":\"ImageObject\",\"inLanguage\":\"de\",\"@id\":\"https:\\\/\\\/fobizz.com\\\/de\\\/#\\\/schema\\\/logo\\\/image\\\/\",\"url\":\"https:\\\/\\\/fobizz.com\\\/wp-content\\\/uploads\\\/2023\\\/07\\\/fobi_autor_fobizz.png\",\"contentUrl\":\"https:\\\/\\\/fobizz.com\\\/wp-content\\\/uploads\\\/2023\\\/07\\\/fobi_autor_fobizz.png\",\"width\":200,\"height\":200,\"caption\":\"fobizz\"},\"image\":{\"@id\":\"https:\\\/\\\/fobizz.com\\\/de\\\/#\\\/schema\\\/logo\\\/image\\\/\"},\"sameAs\":[\"https:\\\/\\\/www.facebook.com\\\/fobizz\\\/\",\"https:\\\/\\\/x.com\\\/fobizz\",\"https:\\\/\\\/www.instagram.com\\\/fobizz_com\\\/\",\"https:\\\/\\\/www.youtube.com\\\/@fobizz702\",\"https:\\\/\\\/www.pinterest.de\\\/fobizz_com\"]},{\"@type\":\"Person\",\"@id\":\"https:\\\/\\\/fobizz.com\\\/de\\\/#\\\/schema\\\/person\\\/b2b1f4725be0b4f260a878568cf1651c\",\"name\":\"Vanessa\",\"image\":{\"@type\":\"ImageObject\",\"inLanguage\":\"de\",\"@id\":\"https:\\\/\\\/secure.gravatar.com\\\/avatar\\\/fa1cf68cda3639f7c1f63465e736ed713495b7dc5fec329b1c3b521e1b81f412?s=96&d=mm&r=g\",\"url\":\"https:\\\/\\\/secure.gravatar.com\\\/avatar\\\/fa1cf68cda3639f7c1f63465e736ed713495b7dc5fec329b1c3b521e1b81f412?s=96&d=mm&r=g\",\"contentUrl\":\"https:\\\/\\\/secure.gravatar.com\\\/avatar\\\/fa1cf68cda3639f7c1f63465e736ed713495b7dc5fec329b1c3b521e1b81f412?s=96&d=mm&r=g\",\"caption\":\"Vanessa\"},\"url\":\"https:\\\/\\\/fobizz.com\\\/de\\\/author\\\/vanessa\\\/\"}]}<\/script>\n<!-- \/ Yoast SEO Premium plugin. -->","yoast_head_json":{"title":"Energizer im Unterricht einsetzen - fobizz","description":"Im Interview erkl\u00e4rt dir Stefanie Fischer, was Energizer sind und wie du diese in deinem Unterricht einsetzen kannst.","robots":{"index":"index","follow":"follow","max-snippet":"max-snippet:-1","max-image-preview":"max-image-preview:large","max-video-preview":"max-video-preview:-1"},"canonical":"https:\/\/fobizz.com\/de\/energizer-im-unterricht-einsetzen\/","twitter_card":"summary_large_image","twitter_title":"Energizer im Unterricht einsetzen - fobizz","twitter_description":"Im Interview erkl\u00e4rt dir Stefanie Fischer, was Energizer sind und wie du diese in deinem Unterricht einsetzen kannst.","twitter_image":"https:\/\/fobizz.com\/wp-content\/uploads\/2023\/07\/Ohne_Balken_Teaserbild_Energizer.jpg","twitter_creator":"@fobizz","twitter_site":"@fobizz","twitter_misc":{"Verfasst von":"Vanessa","Gesch\u00e4tzte Lesezeit":"18\u00a0Minuten"},"schema":{"@context":"https:\/\/schema.org","@graph":[{"@type":"Article","@id":"https:\/\/fobizz.com\/de\/energizer-im-unterricht-einsetzen\/#article","isPartOf":{"@id":"https:\/\/fobizz.com\/de\/energizer-im-unterricht-einsetzen\/"},"author":{"name":"Vanessa","@id":"https:\/\/fobizz.com\/de\/#\/schema\/person\/b2b1f4725be0b4f260a878568cf1651c"},"headline":"Energizer im Unterricht einsetzen","datePublished":"2023-08-24T10:43:05+00:00","mainEntityOfPage":{"@id":"https:\/\/fobizz.com\/de\/energizer-im-unterricht-einsetzen\/"},"wordCount":6972,"publisher":{"@id":"https:\/\/fobizz.com\/de\/#organization"},"image":{"@id":"https:\/\/fobizz.com\/de\/energizer-im-unterricht-einsetzen\/#primaryimage"},"thumbnailUrl":"https:\/\/fobizz.com\/wp-content\/uploads\/2023\/07\/Ohne_Balken_Teaserbild_Energizer.jpg","keywords":["Aktivierungs\u00fcbung","Energizer","Spiele"],"articleSection":["Interview","Lehrerbildung"],"inLanguage":"de"},{"@type":"WebPage","@id":"https:\/\/fobizz.com\/de\/energizer-im-unterricht-einsetzen\/","url":"https:\/\/fobizz.com\/de\/energizer-im-unterricht-einsetzen\/","name":"Energizer im Unterricht einsetzen - fobizz","isPartOf":{"@id":"https:\/\/fobizz.com\/de\/#website"},"primaryImageOfPage":{"@id":"https:\/\/fobizz.com\/de\/energizer-im-unterricht-einsetzen\/#primaryimage"},"image":{"@id":"https:\/\/fobizz.com\/de\/energizer-im-unterricht-einsetzen\/#primaryimage"},"thumbnailUrl":"https:\/\/fobizz.com\/wp-content\/uploads\/2023\/07\/Ohne_Balken_Teaserbild_Energizer.jpg","datePublished":"2023-08-24T10:43:05+00:00","description":"Im Interview erkl\u00e4rt dir Stefanie Fischer, was Energizer sind und wie du diese in deinem Unterricht einsetzen kannst.","breadcrumb":{"@id":"https:\/\/fobizz.com\/de\/energizer-im-unterricht-einsetzen\/#breadcrumb"},"inLanguage":"de","potentialAction":[{"@type":"ReadAction","target":["https:\/\/fobizz.com\/de\/energizer-im-unterricht-einsetzen\/"]}]},{"@type":"ImageObject","inLanguage":"de","@id":"https:\/\/fobizz.com\/de\/energizer-im-unterricht-einsetzen\/#primaryimage","url":"https:\/\/fobizz.com\/wp-content\/uploads\/2023\/07\/Ohne_Balken_Teaserbild_Energizer.jpg","contentUrl":"https:\/\/fobizz.com\/wp-content\/uploads\/2023\/07\/Ohne_Balken_Teaserbild_Energizer.jpg","width":1200,"height":628,"caption":"Teaserbild Energizer"},{"@type":"BreadcrumbList","@id":"https:\/\/fobizz.com\/de\/energizer-im-unterricht-einsetzen\/#breadcrumb","itemListElement":[{"@type":"ListItem","position":1,"name":"Startseite","item":"https:\/\/fobizz.com\/de\/startpage\/"},{"@type":"ListItem","position":2,"name":"Energizer im Unterricht einsetzen"}]},{"@type":"WebSite","@id":"https:\/\/fobizz.com\/de\/#website","url":"https:\/\/fobizz.com\/de\/","name":"fobizz","description":"AI &amp; digital Tools for Teachers","publisher":{"@id":"https:\/\/fobizz.com\/de\/#organization"},"potentialAction":[{"@type":"SearchAction","target":{"@type":"EntryPoint","urlTemplate":"https:\/\/fobizz.com\/de\/?s={search_term_string}"},"query-input":{"@type":"PropertyValueSpecification","valueRequired":true,"valueName":"search_term_string"}}],"inLanguage":"de"},{"@type":"Organization","@id":"https:\/\/fobizz.com\/de\/#organization","name":"fobizz","url":"https:\/\/fobizz.com\/de\/","logo":{"@type":"ImageObject","inLanguage":"de","@id":"https:\/\/fobizz.com\/de\/#\/schema\/logo\/image\/","url":"https:\/\/fobizz.com\/wp-content\/uploads\/2023\/07\/fobi_autor_fobizz.png","contentUrl":"https:\/\/fobizz.com\/wp-content\/uploads\/2023\/07\/fobi_autor_fobizz.png","width":200,"height":200,"caption":"fobizz"},"image":{"@id":"https:\/\/fobizz.com\/de\/#\/schema\/logo\/image\/"},"sameAs":["https:\/\/www.facebook.com\/fobizz\/","https:\/\/x.com\/fobizz","https:\/\/www.instagram.com\/fobizz_com\/","https:\/\/www.youtube.com\/@fobizz702","https:\/\/www.pinterest.de\/fobizz_com"]},{"@type":"Person","@id":"https:\/\/fobizz.com\/de\/#\/schema\/person\/b2b1f4725be0b4f260a878568cf1651c","name":"Vanessa","image":{"@type":"ImageObject","inLanguage":"de","@id":"https:\/\/secure.gravatar.com\/avatar\/fa1cf68cda3639f7c1f63465e736ed713495b7dc5fec329b1c3b521e1b81f412?s=96&d=mm&r=g","url":"https:\/\/secure.gravatar.com\/avatar\/fa1cf68cda3639f7c1f63465e736ed713495b7dc5fec329b1c3b521e1b81f412?s=96&d=mm&r=g","contentUrl":"https:\/\/secure.gravatar.com\/avatar\/fa1cf68cda3639f7c1f63465e736ed713495b7dc5fec329b1c3b521e1b81f412?s=96&d=mm&r=g","caption":"Vanessa"},"url":"https:\/\/fobizz.com\/de\/author\/vanessa\/"}]}},"_links":{"self":[{"href":"https:\/\/fobizz.com\/de\/wp-json\/wp\/v2\/posts\/41574","targetHints":{"allow":["GET"]}}],"collection":[{"href":"https:\/\/fobizz.com\/de\/wp-json\/wp\/v2\/posts"}],"about":[{"href":"https:\/\/fobizz.com\/de\/wp-json\/wp\/v2\/types\/post"}],"author":[{"embeddable":true,"href":"https:\/\/fobizz.com\/de\/wp-json\/wp\/v2\/users\/24"}],"replies":[{"embeddable":true,"href":"https:\/\/fobizz.com\/de\/wp-json\/wp\/v2\/comments?post=41574"}],"version-history":[{"count":0,"href":"https:\/\/fobizz.com\/de\/wp-json\/wp\/v2\/posts\/41574\/revisions"}],"wp:featuredmedia":[{"embeddable":true,"href":"https:\/\/fobizz.com\/de\/wp-json\/wp\/v2\/media\/41575"}],"wp:attachment":[{"href":"https:\/\/fobizz.com\/de\/wp-json\/wp\/v2\/media?parent=41574"}],"wp:term":[{"taxonomy":"category","embeddable":true,"href":"https:\/\/fobizz.com\/de\/wp-json\/wp\/v2\/categories?post=41574"},{"taxonomy":"post_tag","embeddable":true,"href":"https:\/\/fobizz.com\/de\/wp-json\/wp\/v2\/tags?post=41574"}],"curies":[{"name":"wp","href":"https:\/\/api.w.org\/{rel}","templated":true}]}}