{"id":47765,"date":"2024-04-04T11:08:25","date_gmt":"2024-04-04T09:08:25","guid":{"rendered":"https:\/\/fobizz.com\/?p=47765"},"modified":"2024-04-04T11:08:25","modified_gmt":"2024-04-04T09:08:25","slug":"individualisierung-im-unterricht-theorie-und-praxis-fuer-mehr-lernerfolg","status":"publish","type":"post","link":"https:\/\/fobizz.com\/de\/individualisierung-im-unterricht-theorie-und-praxis-fuer-mehr-lernerfolg\/","title":{"rendered":"Individualisierung im Unterricht: Theorie und Praxis f\u00fcr mehr Lernerfolg"},"content":{"rendered":"<div id='av_section_1'  class='avia-section av-eir5bee-f6a443ca123d69dbfb2a029b8e0656d7 main_color avia-section-default avia-no-border-styling  avia-builder-el-0  el_before_av_section  avia-builder-el-first  newdesign_hero-banner avia-bg-style-scroll container_wrap sidebar_right'  ><div class='container av-section-cont-open' ><main  role=\"main\" itemprop=\"mainContentOfPage\"  class='template-page content  av-content-small alpha units'><div class='post-entry post-entry-type-page post-entry-47765'><div class='entry-content-wrapper clearfix'>\n<div  class='flex_column av-e4mvk9i-5dde06b42d139061d333d345db48c3b0 av_one_half  avia-builder-el-1  el_before_av_one_half  avia-builder-el-first  first flex_column_div  '     ><section  class='av_textblock_section av-dodsw3a-cda541a0ecb986df2b8812bbd03b119f '   itemscope=\"itemscope\" itemtype=\"https:\/\/schema.org\/BlogPosting\" itemprop=\"blogPost\" ><div class='avia_textblock newdesign_h1'  itemprop=\"text\" ><h1>Individualisierung im Unterricht: Theorie und Praxis f\u00fcr mehr Lernerfolg<\/h1>\n<\/div><\/section><br \/>\n<div  class='av-post-metadata-container av-1bojq9i-807599426f9f8231590709e0b9f8cdb5 av-metadata-container-align-left  avia-builder-el-3  el_after_av_textblock  el_before_av_textblock  av-metadata-container-1'><div class='av-post-metadata-container-inner'><span class=\"av-post-metadata-content av-post-metadata-meta-content\"><span class=\"av-post-metadata-content av-post-metadata-category\"><span class=\"av-post-metadata-category-link\" ><a href=\"https:\/\/fobizz.com\/de\/category\/innovative-methoden\/\" >Innovative Methoden<\/a><\/span>, <span class=\"av-post-metadata-category-link\" ><a href=\"https:\/\/fobizz.com\/de\/category\/interview\/\" >Interview<\/a><\/span>, <span class=\"av-post-metadata-category-link\" ><a href=\"https:\/\/fobizz.com\/de\/category\/kunstliche-intelligenz\/\" >K\u00fcnstliche Intelligenz<\/a><\/span>, <span class=\"av-post-metadata-category-link\" ><a href=\"https:\/\/fobizz.com\/de\/category\/lehrerbildung\/\" >Lehrerbildung<\/a><\/span><\/span><\/span><\/div><\/div><br \/>\n<section  class='av_textblock_section av-c2pdipi-c6c5ceb0d0a557ee5a3f403285b5c098 '   itemscope=\"itemscope\" itemtype=\"https:\/\/schema.org\/BlogPosting\" itemprop=\"blogPost\" ><div class='avia_textblock'  itemprop=\"text\" ><p>Im Interview mit Andreas Terfloth erf\u00e4hrst du mehr \u00fcber Individualisierung im Unterricht, damit deine Sch\u00fcler:innen in ihrem Tempo lernen.<\/p>\n<\/div><\/section><br \/>\n<div  class='av-post-metadata-container av-bo3wc6u-ca5d6c8c90e7175044f147904fd0abed av-metadata-container-align-left  avia-builder-el-5  el_after_av_textblock  avia-builder-el-last  av-metadata-container-2'><div class='av-post-metadata-container-inner'><span class=\"av-post-metadata-content av-post-metadata-meta-content\"><span class=\"av-post-metadata-content av-post-metadata-published\"><span class=\"av-post-metadata-published-date\" >4. April 2024<\/span><\/span><\/span><\/div><\/div><\/p><\/div><div  class='flex_column av-aw16vna-0f0aaa74146acd04a29ff8a3309454e7 av_one_half  avia-builder-el-6  el_after_av_one_half  avia-builder-el-last  flex_column_div  '     ><style type=\"text\/css\" data-created_by=\"avia_inline_auto\" id=\"style-css-av-a6ahok6-40c0db2fb64a45a852815badb7d2b1f9\">\n.avia-image-container.av-a6ahok6-40c0db2fb64a45a852815badb7d2b1f9 img.avia_image{\nbox-shadow:none;\n}\n.avia-image-container.av-a6ahok6-40c0db2fb64a45a852815badb7d2b1f9 .av-image-caption-overlay-center{\ncolor:#ffffff;\n}\n<\/style>\n<div  class='avia-image-container av-a6ahok6-40c0db2fb64a45a852815badb7d2b1f9 av-styling- avia-align-center  avia-builder-el-7  avia-builder-el-no-sibling '   itemprop=\"image\" itemscope=\"itemscope\" itemtype=\"https:\/\/schema.org\/ImageObject\" ><div class=\"avia-image-container-inner\"><div class=\"avia-image-overlay-wrap\"><img fetchpriority=\"high\" class='wp-image-47791 avia-img-lazy-loading-not-47791 avia_image ' src='https:\/\/fobizz.com\/wp-content\/uploads\/2024\/03\/Individualisierung-im-Unterricht-Theorie-und-Praxis-fuer-mehr-Lernerfolg-1-1030x579.jpg' alt='Individualisierung im Unterricht Theorie und Praxis f\u00fcr mehr Lernerfolg Bild Beitrag und FoBi' title='Individualisierung im Unterricht Theorie und Praxis f\u00fcr mehr Lernerfolg'  height=\"579\" width=\"1030\"  itemprop=\"thumbnailUrl\"  \/><\/div><\/div><\/div><\/div><\/div><\/div><\/main><!-- close content main element --><\/div><\/div><div id='av_section_2'  class='avia-section av-lki5bpbh-e1fa8b13f9f91fa663cb352f947527b5 main_color avia-section-no-padding avia-no-border-styling  avia-builder-el-8  el_after_av_section  el_before_av_section  avia-bg-style-scroll container_wrap sidebar_right'  ><div class='container av-section-cont-open' ><div class='template-page content  av-content-small alpha units'><div class='post-entry post-entry-type-page post-entry-47765'><div class='entry-content-wrapper clearfix'>\n<div  class='hr av-u7y9rq-cfb56aa357fd8d2b7b9e320c7c57a7b7 hr-default  avia-builder-el-9  avia-builder-el-no-sibling '><span class='hr-inner '><span class=\"hr-inner-style\"><\/span><\/span><\/div>\n<\/p>\n<\/div><\/div><\/div><!-- close content main div --><\/div><\/div><div id='av_section_3'  class='avia-section av-9rd3txy-ee48d1bd13eb0f10d75e59d5c54ce464 main_color avia-section-default avia-no-border-styling  avia-builder-el-10  el_after_av_section  el_before_av_section  newdesign-post-content avia-bg-style-scroll container_wrap sidebar_right'  ><div class='container av-section-cont-open' ><div class='template-page content  av-content-small alpha units'><div class='post-entry post-entry-type-page post-entry-47765'><div class='entry-content-wrapper clearfix'>\n<div  class='flex_column av-9jhahva-f99c4325d9cff142474261deb35a132a av_one_full  avia-builder-el-11  avia-builder-el-no-sibling  first flex_column_div  '     ><section  class='av_textblock_section av-8s5o9cm-a9c5d03d8f30b5cc3c0b5f422d4a70d5 '   itemscope=\"itemscope\" itemtype=\"https:\/\/schema.org\/BlogPosting\" itemprop=\"blogPost\" ><div class='avia_textblock'  itemprop=\"text\" ><h2><strong> Was macht das Thema Individualisierung im Klassenzimmer so wichtig?<br \/>\n<\/strong><\/h2>\n<p><strong>Andreas Terfloth: <\/strong>Die Individualisierung im Klassenzimmer ist von entscheidender Bedeutung, da sie sicherstellt, dass der Unterricht den unterschiedlichen Bed\u00fcrfnissen, Lernstilen und F\u00e4higkeiten der Sch\u00fcler gerecht wird. Dies ist nicht nur eine Frage der (sozialen) Gerechtigkeit, sondern auch wichtig f\u00fcr den individuellen Lernfortschritt der Sch\u00fcler:innen, da so sichergestellt wird, dass alle Lernenden die M\u00f6glichkeit haben, ihr volles Potenzial zu entfalten, ohne dass jemand zur\u00fcckgelassen wird.<\/p>\n<p><img loading=\"lazy\" decoding=\"async\" class=\"alignnone wp-image-47774 size-large\" src=\"https:\/\/fobizz.com\/wp-content\/uploads\/2024\/03\/Individualisierung-im-Unterricht-Theorie-und-Praxis-fuer-mehr-Lernerfolg-Interviewbild-1-1030x579.jpg\" alt=\"Individualisierung im Unterricht Theorie und Praxis f\u00fcr mehr Lernerfolg Beitragsbild 1\" width=\"1030\" height=\"579\" \/><\/p>\n<blockquote>\n<h2 style=\"text-align: left;\"><em>&#8222;Dies ist nicht nur eine Frage der (sozialen) Gerechtigkeit, sondern auch wichtig f\u00fcr den individuellen Lernfortschritt der Sch\u00fcler:innen.\u201c<\/em><\/h2>\n<\/blockquote>\n<h2><strong> Welche Gruppen sollte man bei der Individualisierung genauer ins Auge fassen?<\/strong><\/h2>\n<p><strong>Andreas Terfloth: <\/strong>Bei der Individualisierung im Unterricht ist es wichtig, bestimmte Gruppen genauer zu betrachten, darunter Sch\u00fcler:innen mit besonderen Lernbed\u00fcrfnissen, wie z.B. Sch\u00fcler:innen mit Lernschwierigkeiten oder Hochbegabte. Ebenso sollten Lernende, die sprachliche Barrieren haben, besonders ber\u00fccksichtigt werden.<\/p>\n<\/div><\/section><\/div>\n\n<\/div><\/div><\/div><!-- close content main div --><\/div><\/div>\n<style type=\"text\/css\" data-created_by=\"avia_inline_auto\" id=\"style-css-av-31r2uu-c77e6d6b2f2e697f4f24ddf00a98ee0f\">\n.avia-section.av-31r2uu-c77e6d6b2f2e697f4f24ddf00a98ee0f{\nbackground-color:#d2f0f1;\nbackground-image:unset;\n}\n<\/style>\n<div id='av_section_4'  class='avia-section av-31r2uu-c77e6d6b2f2e697f4f24ddf00a98ee0f main_color avia-section-default avia-no-border-styling  avia-builder-el-13  el_after_av_section  el_before_av_section  newdesign_image_content avia-bg-style-scroll container_wrap sidebar_right'  ><div class='container av-section-cont-open' ><div class='template-page content  av-content-small alpha units'><div class='post-entry post-entry-type-page post-entry-47765'><div class='entry-content-wrapper clearfix'>\n\n<style type=\"text\/css\" data-created_by=\"avia_inline_auto\" id=\"style-css-av-7yelg2e-63fb56a8a1672cd89c5d15f8e85f1c96\">\n.flex_column.av-7yelg2e-63fb56a8a1672cd89c5d15f8e85f1c96{\nborder-radius:0px 0px 0px 0px;\npadding:0px 0px 0px 0px;\n}\n<\/style>\n<div  class='flex_column av-7yelg2e-63fb56a8a1672cd89c5d15f8e85f1c96 av_one_half  avia-builder-el-14  el_before_av_one_half  avia-builder-el-first  newdesign_image-column first flex_column_div av-zero-column-padding  '     ><style type=\"text\/css\" data-created_by=\"avia_inline_auto\" id=\"style-css-av-7qlra0m-3a50baa05780e7dedd87e88327bddf90\">\n.avia-image-container.av-7qlra0m-3a50baa05780e7dedd87e88327bddf90 img.avia_image{\nbox-shadow:none;\n}\n.avia-image-container.av-7qlra0m-3a50baa05780e7dedd87e88327bddf90 .av-image-caption-overlay-center{\ncolor:#ffffff;\n}\n<\/style>\n<div  class='avia-image-container av-7qlra0m-3a50baa05780e7dedd87e88327bddf90 av-styling- avia-align-center  avia-builder-el-15  avia-builder-el-no-sibling '   itemprop=\"image\" itemscope=\"itemscope\" itemtype=\"https:\/\/schema.org\/ImageObject\" ><div class=\"avia-image-container-inner\"><div class=\"avia-image-overlay-wrap\"><img fetchpriority=\"high\" class='wp-image-16902 avia-img-lazy-loading-not-16902 avia_image ' src='https:\/\/fobizz.com\/wp-content\/uploads\/2021\/01\/Bildschirmfoto-2021-01-14-um-17.08.54-300x300.jpg' alt='Portr\u00e4t Andreas Terfloth' title='Portr\u00e4t Andreas Terfloth'  height=\"300\" width=\"300\"  itemprop=\"thumbnailUrl\"  \/><\/div><\/div><\/div><\/div>\n<style type=\"text\/css\" data-created_by=\"avia_inline_auto\" id=\"style-css-av-72weonq-0dae27df0051ac132c56c33197135001\">\n.flex_column.av-72weonq-0dae27df0051ac132c56c33197135001{\nborder-radius:0 0 0 0;\npadding:0px 0px 0px 0px;\n}\n<\/style>\n<div  class='flex_column av-72weonq-0dae27df0051ac132c56c33197135001 av_one_half  avia-builder-el-16  el_after_av_one_half  avia-builder-el-last  flex_column_div av-zero-column-padding  '     ><section  class='av_textblock_section av-nwgjiu-3e1910331b95b3d268b80daf9c3a5735 '   itemscope=\"itemscope\" itemtype=\"https:\/\/schema.org\/BlogPosting\" itemprop=\"blogPost\" ><div class='avia_textblock newdesign_post_author-info'  itemprop=\"text\" ><p><strong>Andreas Terfloth<\/strong> leitet eine Schulberatungsagentur und ist zu Themen der Unterrichtsgestaltung und Schulentwicklung unterwegs. Zudem gestaltet er bundesweit an Schulen p\u00e4dagogische Tage, Webinare und Seminare zu didaktischen Fragen. In seinen Fortbildungen verfolgt er das Ziel, Onlinetools zielgerichtet f\u00fcr einen individualisierten Unterricht zu nutzen, sodass alle Sch\u00fcler:innen optimal gef\u00f6rdert werden.<\/p>\n<\/div><\/section><\/div>\n\n<\/div><\/div><\/div><!-- close content main div --><\/div><\/div><div id='av_section_5'  class='avia-section av-6aq4mhi-0dd008385e879da7291aa42b767e659d main_color avia-section-default avia-no-border-styling  avia-builder-el-18  el_after_av_section  el_before_av_section  newdesign-post-content avia-bg-style-scroll container_wrap sidebar_right'  ><div class='container av-section-cont-open' ><div class='template-page content  av-content-small alpha units'><div class='post-entry post-entry-type-page post-entry-47765'><div class='entry-content-wrapper clearfix'>\n<div  class='flex_column av-5x94x3q-5bed76aa0039bbeb952e2b1badfe9122 av_one_full  avia-builder-el-19  avia-builder-el-no-sibling  first flex_column_div  '     ><section  class='av_textblock_section av-v5lcpb-18131b61bc26b0d8fb951e9b1df4ea4a '   itemscope=\"itemscope\" itemtype=\"https:\/\/schema.org\/BlogPosting\" itemprop=\"blogPost\" ><div class='avia_textblock'  itemprop=\"text\" ><h2><strong>Welche Rolle spielen digitale Tools in Bezug auf die Individualisierung?<\/strong><\/h2>\n<p><strong>Andreas Terfloth: <\/strong> Digitale Tools spielen eine wichtige Rolle bei der Individualisierung im Klassenzimmer, da sie es den Lehrkr\u00e4ften erm\u00f6glichen, auf vielf\u00e4ltige Weise auf die unterschiedlichen Bed\u00fcrfnisse der Sch\u00fclerinnen einzugehen. Sie er\u00f6ffnen gleichzeitig unterschiedliche Lernr\u00e4ume im Klassenzimmer, indem sie den Sch\u00fclerinnen die M\u00f6glichkeit geben, in ihrem eigenen Tempo zu lernen und auf f\u00fcr sie relevante Inhalte zuzugreifen. Sie erm\u00f6glichen personalisierte Lernwege und interaktive Lernmaterialien zur Unterst\u00fctzung des individuellen Lernprozesses.<\/p>\n<p><img loading=\"lazy\" decoding=\"async\" class=\"alignnone wp-image-47778 size-large\" src=\"https:\/\/fobizz.com\/wp-content\/uploads\/2024\/03\/Individualisierung-im-Unterricht-Theorie-und-Praxis-fuer-mehr-Lernerfolg-Interviewbild-2-1030x579.jpg\" alt=\"Individualisierung im Unterricht Theorie und Praxis f\u00fcr mehr Lernerfolg Beitragsbild 2\" width=\"1030\" height=\"579\" \/><\/p>\n<h2><b> Welche Vorteile siehst du bei offenen Unterrichtsformen gegen\u00fcber Frontalunterricht und Stillarbeit?\u202f<\/b><\/h2>\n<p><strong>Andreas Terfloth:<\/strong> Offene Unterrichtsformen f\u00f6rdern die aktive Beteiligung der Sch\u00fcler:innen, da sie Raum f\u00fcr Selbstbestimmung und Eigenverantwortung bieten. Die Sch\u00fcler:innen haben die M\u00f6glichkeit, in ihrem eigenen Tempo zu arbeiten und ihre individuellen Interessen zu verfolgen, was die Motivation und das Engagement erh\u00f6ht. Zudem unterst\u00fctzen offene Unterrichtsformen differenziertes Lernen, da sie es den Lehrkr\u00e4ften erm\u00f6glichen, auf die vielf\u00e4ltigen Bed\u00fcrfnisse der Sch\u00fcler:innen einzugehen. Trotz dieser Vorteile hat jede Unterrichtsform ihren eigenen Wert und ihre Vor- und Nachteile. W\u00e4hrend offene Unterrichtsformen aktive Beteiligung, Motivation und differenziertes Lernen f\u00f6rdern, bietet Frontalunterricht mehr Struktur und erm\u00f6glicht eine effiziente Informationsvermittlung. Stillarbeit kann Sch\u00fclerinnen helfen, sich zu konzentrieren und selbstst\u00e4ndig zu arbeiten.<\/p>\n<h2><b> Warum ist K\u00fcnstliche Intelligenz in Bezug auf Individualisierung so ein wertvolles Werkzeug?\u202f<\/b><\/h2>\n<p><strong>Andreas Terfloth:<\/strong> K\u00fcnstliche Intelligenz ist ein absoluter Gamechanger in der Unterrichtsvorbereitung, weil sie uns Lehrkr\u00e4fte entlastet, indem sie beispielsweise einen Text auf drei Niveaustufen aufbereitet oder Hilfekarten erstellt. Auch das Erkl\u00e4ren von verschiedenen Abschnitten in einer Fremdsprache und das Erstellen von besonders komplexen und herausfordernden Aufgaben ist m\u00f6glich.<br \/>\nEbenso k\u00f6nnen Sch\u00fcler:innen direkt mit der KI interagieren und sich z.B. Textabschnitte erkl\u00e4ren lassen oder zu herausfordernden Themen vertieft forschen.<\/p>\n<\/div><\/section><\/div>\n\n<\/div><\/div><\/div><!-- close content main div --><\/div><\/div>\n<style type=\"text\/css\" data-created_by=\"avia_inline_auto\" id=\"style-css-av-h10sie-84c57ecb2bc33e20e667c797ac371a8a\">\n.avia-section.av-h10sie-84c57ecb2bc33e20e667c797ac371a8a{\nbackground-color:#d2f0f1;\nbackground-image:unset;\n}\n<\/style>\n<div id='av_section_6'  class='avia-section av-h10sie-84c57ecb2bc33e20e667c797ac371a8a main_color avia-section-default avia-no-border-styling  avia-builder-el-21  el_after_av_section  el_before_av_section  newdesign_image_content avia-bg-style-scroll container_wrap sidebar_right'  ><div class='container av-section-cont-open' ><div class='template-page content  av-content-small alpha units'><div class='post-entry post-entry-type-page post-entry-47765'><div class='entry-content-wrapper clearfix'>\n\n<style type=\"text\/css\" data-created_by=\"avia_inline_auto\" id=\"style-css-av-4fs8d6e-7291ea6bbb0126a8f3d061cc65d2085f\">\n.flex_column.av-4fs8d6e-7291ea6bbb0126a8f3d061cc65d2085f{\nborder-radius:0px 0px 0px 0px;\npadding:0px 0px 0px 0px;\n}\n<\/style>\n<div  class='flex_column av-4fs8d6e-7291ea6bbb0126a8f3d061cc65d2085f av_one_half  avia-builder-el-22  el_before_av_one_half  avia-builder-el-first  newdesign_image-column first flex_column_div av-zero-column-padding  '     ><style type=\"text\/css\" data-created_by=\"avia_inline_auto\" id=\"style-css-av-djim6u-9806a95c86e891c4cab6ffd2ec75508f\">\n.avia-image-container.av-djim6u-9806a95c86e891c4cab6ffd2ec75508f img.avia_image{\nbox-shadow:none;\n}\n.avia-image-container.av-djim6u-9806a95c86e891c4cab6ffd2ec75508f .av-image-caption-overlay-center{\ncolor:#ffffff;\n}\n<\/style>\n<div  class='avia-image-container av-djim6u-9806a95c86e891c4cab6ffd2ec75508f av-styling- av-img-linked avia-align-center  avia-builder-el-23  avia-builder-el-no-sibling '   itemprop=\"image\" itemscope=\"itemscope\" itemtype=\"https:\/\/schema.org\/ImageObject\" ><div class=\"avia-image-container-inner\"><div class=\"avia-image-overlay-wrap\"><a href=\"https:\/\/plattform.fobizz.com\/fortbildungen\/1110-individualisierung-im-unterricht-theorie-und-praxis-fuer-mehr-lernerfolg\" class='avia_image '  aria-label='Individualisierung im Unterricht Theorie und Praxis f\u00fcr mehr Lernerfolg'><img fetchpriority=\"high\" class='wp-image-47791 avia-img-lazy-loading-not-47791 avia_image ' src='https:\/\/fobizz.com\/wp-content\/uploads\/2024\/03\/Individualisierung-im-Unterricht-Theorie-und-Praxis-fuer-mehr-Lernerfolg-1-1030x579.jpg' alt='Individualisierung im Unterricht Theorie und Praxis f\u00fcr mehr Lernerfolg Bild Beitrag und FoBi' title='Individualisierung im Unterricht Theorie und Praxis f\u00fcr mehr Lernerfolg'  height=\"579\" width=\"1030\"  itemprop=\"thumbnailUrl\"  \/><\/a><\/div><\/div><\/div><\/div>\n<style type=\"text\/css\" data-created_by=\"avia_inline_auto\" id=\"style-css-av-3epgo2e-a1afafc214cd0ea1b007f8fccf73e4cc\">\n.flex_column.av-3epgo2e-a1afafc214cd0ea1b007f8fccf73e4cc{\nborder-radius:0 0 0 0;\npadding:0px 0px 0px 0px;\n}\n<\/style>\n<div  class='flex_column av-3epgo2e-a1afafc214cd0ea1b007f8fccf73e4cc av_one_half  avia-builder-el-24  el_after_av_one_half  avia-builder-el-last  flex_column_div av-zero-column-padding  '     ><section  class='av_textblock_section av-334eit2-15078d7da61ce3a582e5a9140af73754 '   itemscope=\"itemscope\" itemtype=\"https:\/\/schema.org\/BlogPosting\" itemprop=\"blogPost\" ><div class='avia_textblock newdesign_h1'  itemprop=\"text\" ><h2>Online-Fortbildung:<\/h2>\n<\/div><\/section><br \/>\n<section  class='av_textblock_section av-2k1n0ie-a2d3175d657f091c021ec1da2046aed1 '   itemscope=\"itemscope\" itemtype=\"https:\/\/schema.org\/BlogPosting\" itemprop=\"blogPost\" ><div class='avia_textblock'  itemprop=\"text\" ><h3 class=\"sidebar__title\">Individualisierung im Unterricht: Theorie und Praxis f\u00fcr mehr Lernerfolg<\/h3>\n<p class=\"sidebar__title\" data-cy=\"course-title\">Die Fortbildung von Andreas Terfloth zeigt dir, wie du mehr Individualisierung im Unterricht erreichst und dabei auch K\u00fcnstliche Intelligenz und andere, digitale Tolls einsetzen kannst.<\/p>\n<\/div><\/section><br \/>\n<div  class='avia-button-wrap av-26dojcm-54fadea73a6a5e37992c5858f81ca8c3-wrap avia-button-left  avia-builder-el-27  el_after_av_textblock  avia-builder-el-last  newdesign_blue_button'><a href='https:\/\/plattform.fobizz.com\/fortbildungen\/1110-individualisierung-im-unterricht-theorie-und-praxis-fuer-mehr-lernerfolg'  class='avia-button av-26dojcm-54fadea73a6a5e37992c5858f81ca8c3 av-link-btn avia-icon_select-no avia-size-small avia-position-left avia-color-theme-color'  target=\"_blank\"  rel=\"noopener noreferrer\"  aria-label=\"Zur Online-Fortbildung\"><span class='avia_iconbox_title' >Zur Online-Fortbildung<\/span><\/a><\/div><\/p><\/div><\/div><\/div><\/div><!-- close content main div --><\/div><\/div><div id='av_section_7'  class='avia-section av-1hqzo46-ca15d9ca3d7cb81f1898d146f4a869e9 main_color avia-section-default avia-no-border-styling  avia-builder-el-28  el_after_av_section  avia-builder-el-last  newdesign_posts-slider avia-bg-style-scroll container_wrap sidebar_right'  ><div class='container av-section-cont-open' ><div class='template-page content  av-content-small alpha units'><div class='post-entry post-entry-type-page post-entry-47765'><div class='entry-content-wrapper clearfix'>\n\n<style type=\"text\/css\" data-created_by=\"avia_inline_auto\" id=\"style-css-av-1as5qye-37422d65fa94940213daf0748dc1ff8f\">\n#top .av-special-heading.av-1as5qye-37422d65fa94940213daf0748dc1ff8f{\npadding-bottom:10px;\n}\nbody .av-special-heading.av-1as5qye-37422d65fa94940213daf0748dc1ff8f .av-special-heading-tag .heading-char{\nfont-size:25px;\n}\n.av-special-heading.av-1as5qye-37422d65fa94940213daf0748dc1ff8f .av-subheading{\nfont-size:15px;\n}\n<\/style>\n<div  class='av-special-heading av-1as5qye-37422d65fa94940213daf0748dc1ff8f av-special-heading-h2  avia-builder-el-29  el_before_av_postslider  avia-builder-el-first '><h2 class='av-special-heading-tag '  itemprop=\"headline\"  >Weitere Blogartikel<\/h2><div class=\"special-heading-border\"><div class=\"special-heading-inner-border\"><\/div><\/div><\/div>\n<div  data-slideshow-options=\"{&quot;animation&quot;:&quot;fade&quot;,&quot;autoplay&quot;:false,&quot;loop_autoplay&quot;:&quot;once&quot;,&quot;interval&quot;:&quot;5&quot;,&quot;loop_manual&quot;:&quot;manual-endless&quot;,&quot;autoplay_stopper&quot;:false,&quot;noNavigation&quot;:false,&quot;show_slide_delay&quot;:90}\" class='avia-content-slider avia-content-slider-active avia-content-slider1 avia-content-slider-odd  avia-builder-el-30  el_after_av_heading  avia-builder-el-last  av-slideshow-ui av-control-default   av-no-slider-navigation av-slideshow-manual av-loop-once av-loop-manual-endless '  itemscope=\"itemscope\" itemtype=\"https:\/\/schema.org\/Blog\" ><div class=\"avia-content-slider-inner\"><div class=\"slide-entry-wrap\"><article class='slide-entry flex_column  post-entry post-entry-59483 slide-entry-overview slide-loop-1 slide-parity-odd  av_one_third first real-thumbnail posttype-post post-format-standard'  itemscope=\"itemscope\" itemtype=\"https:\/\/schema.org\/BlogPosting\" itemprop=\"blogPost\" ><a href='https:\/\/fobizz.com\/de\/schule_mit_kopf_herz_hand_ki\/' data-rel='slide-1' class='slide-image' title='Schule mit Kopf, Herz, Hand und KI  \u2013 Interview mit Johannes Claassen'><img decoding=\"async\" fetchpriority=\"high\" width=\"495\" height=\"400\" src=\"https:\/\/fobizz.com\/wp-content\/uploads\/2026\/04\/Buch_KI_Herz_Hand-495x400.jpeg\" class=\"wp-image-59488 avia-img-lazy-loading-not-59488 attachment-portfolio size-portfolio wp-post-image\" alt=\"\" \/><\/a><div class=\"slide-content\"><header class=\"entry-content-header\"><h3 class='slide-entry-title entry-title '  itemprop=\"headline\" ><a href='https:\/\/fobizz.com\/de\/schule_mit_kopf_herz_hand_ki\/' title='Schule mit Kopf, Herz, Hand und KI  \u2013 Interview mit Johannes Claassen'>Schule mit Kopf, Herz, Hand und KI  \u2013 Interview mit Johannes Claassen<\/a><\/h3><span class=\"blog-categories minor-meta\"><a href=\"https:\/\/fobizz.com\/de\/category\/digitale-bildung\/\" rel=\"tag\">Digitale Bildung<\/a>, <a href=\"https:\/\/fobizz.com\/de\/category\/interview\/\" rel=\"tag\">Interview<\/a>, <a href=\"https:\/\/fobizz.com\/de\/category\/lehrerbildung\/\" rel=\"tag\">Lehrerbildung<\/a> <\/span><span class=\"av-vertical-delimiter\"><\/span><\/header><div class='slide-entry-excerpt entry-content'  itemprop=\"text\" ><div class=\"excerpt-text\">KI ver\u00e4ndert unser Bildungssystem \u2013 doch wie k\u00f6nnen wir unsere Schule mit zunehmender Technologie noch menschlicher machen?<\/div><div class='time-wrap'><time class='slide-meta-time updated'  itemprop=\"datePublished\" datetime=\"2026-04-10T10:51:03+02:00\" >10. April 2026<\/time><\/div><div class=\"read-more-link\"><a href=\"https:\/\/fobizz.com\/de\/schule_mit_kopf_herz_hand_ki\/\" class=\"more-link\">Weiterlesen<\/a><\/div><\/div><\/div><span class='hidden'>\n\t\t\t\t<span class='av-structured-data'  itemprop=\"image\" itemscope=\"itemscope\" itemtype=\"https:\/\/schema.org\/ImageObject\" >\n\t\t\t\t\t\t<span itemprop='url'>https:\/\/fobizz.com\/wp-content\/uploads\/2026\/04\/Buch_KI_Herz_Hand.jpeg<\/span>\n\t\t\t\t\t\t<span itemprop='height'>481<\/span>\n\t\t\t\t\t\t<span itemprop='width'>587<\/span>\n\t\t\t\t<\/span>\n\t\t\t\t<span class='av-structured-data'  itemprop=\"publisher\" itemtype=\"https:\/\/schema.org\/Organization\" itemscope=\"itemscope\" >\n\t\t\t\t\t\t<span itemprop='name'>Michelle<\/span>\n\t\t\t\t\t\t<span itemprop='logo' itemscope itemtype='https:\/\/schema.org\/ImageObject'>\n\t\t\t\t\t\t\t<span itemprop='url'>https:\/\/fobizz.com\/wp-content\/uploads\/2024\/01\/fobizz_logo-min-495x244.png<\/span>\n\t\t\t\t\t\t<\/span>\n\t\t\t\t<\/span><span class='av-structured-data'  itemprop=\"author\" itemscope=\"itemscope\" itemtype=\"https:\/\/schema.org\/Person\" ><span itemprop='name'>Michelle<\/span><\/span><span class='av-structured-data'  itemprop=\"datePublished\" datetime=\"2024-04-04T11:08:25+02:00\" >2026-04-10 10:51:03<\/span><span class='av-structured-data'  itemprop=\"dateModified\" itemtype=\"https:\/\/schema.org\/dateModified\" >2026-04-10 10:51:03<\/span><span class='av-structured-data'  itemprop=\"mainEntityOfPage\" itemtype=\"https:\/\/schema.org\/mainEntityOfPage\" ><span itemprop='name'>Schule mit Kopf, Herz, Hand und KI  \u2013 Interview mit Johannes Claassen<\/span><\/span><\/span><\/article><article class='slide-entry flex_column  post-entry post-entry-59437 slide-entry-overview slide-loop-2 slide-parity-even  av_one_third  real-thumbnail posttype-post post-format-standard'  itemscope=\"itemscope\" itemtype=\"https:\/\/schema.org\/BlogPosting\" itemprop=\"blogPost\" ><a href='https:\/\/fobizz.com\/de\/kinder-mit-traumaerfahrung-verstehen-und-begleiten\/' data-rel='slide-1' class='slide-image' title='Kinder mit Traumaerfahrung verstehen und begleiten'><img decoding=\"async\" fetchpriority=\"high\" width=\"495\" height=\"400\" src=\"https:\/\/fobizz.com\/wp-content\/uploads\/2026\/04\/Kinder-mit-Traumaerfahrung-verstehen-und-begleiten-495x400.jpg\" class=\"wp-image-59441 avia-img-lazy-loading-not-59441 attachment-portfolio size-portfolio wp-post-image\" alt=\"\" \/><\/a><div class=\"slide-content\"><header class=\"entry-content-header\"><h3 class='slide-entry-title entry-title '  itemprop=\"headline\" ><a href='https:\/\/fobizz.com\/de\/kinder-mit-traumaerfahrung-verstehen-und-begleiten\/' title='Kinder mit Traumaerfahrung verstehen und begleiten'>Kinder mit Traumaerfahrung verstehen und begleiten<\/a><\/h3><span class=\"blog-categories minor-meta\"><a href=\"https:\/\/fobizz.com\/de\/category\/interview\/\" rel=\"tag\">Interview<\/a>, <a href=\"https:\/\/fobizz.com\/de\/category\/lehrerbildung\/\" rel=\"tag\">Lehrerbildung<\/a>, <a href=\"https:\/\/fobizz.com\/de\/category\/nachhaltige-entwicklung\/\" rel=\"tag\">Nachhaltige Entwicklung<\/a> <\/span><span class=\"av-vertical-delimiter\"><\/span><\/header><div class='slide-entry-excerpt entry-content'  itemprop=\"text\" ><div class=\"excerpt-text\">Erfahre im Interview mit Feline Lunge, wie du deinen Unterricht traumasensibel gestalten kannst.<\/div><div class='time-wrap'><time class='slide-meta-time updated'  itemprop=\"datePublished\" datetime=\"2026-04-09T10:47:47+02:00\" >9. April 2026<\/time><\/div><div class=\"read-more-link\"><a href=\"https:\/\/fobizz.com\/de\/kinder-mit-traumaerfahrung-verstehen-und-begleiten\/\" class=\"more-link\">Weiterlesen<\/a><\/div><\/div><\/div><span class='hidden'>\n\t\t\t\t<span class='av-structured-data'  itemprop=\"image\" itemscope=\"itemscope\" itemtype=\"https:\/\/schema.org\/ImageObject\" >\n\t\t\t\t\t\t<span itemprop='url'>https:\/\/fobizz.com\/wp-content\/uploads\/2026\/04\/Kinder-mit-Traumaerfahrung-verstehen-und-begleiten.jpg<\/span>\n\t\t\t\t\t\t<span itemprop='height'>500<\/span>\n\t\t\t\t\t\t<span itemprop='width'>800<\/span>\n\t\t\t\t<\/span>\n\t\t\t\t<span class='av-structured-data'  itemprop=\"publisher\" itemtype=\"https:\/\/schema.org\/Organization\" itemscope=\"itemscope\" >\n\t\t\t\t\t\t<span itemprop='name'>Tanja Schneider<\/span>\n\t\t\t\t\t\t<span itemprop='logo' itemscope itemtype='https:\/\/schema.org\/ImageObject'>\n\t\t\t\t\t\t\t<span itemprop='url'>https:\/\/fobizz.com\/wp-content\/uploads\/2024\/01\/fobizz_logo-min-495x244.png<\/span>\n\t\t\t\t\t\t<\/span>\n\t\t\t\t<\/span><span class='av-structured-data'  itemprop=\"author\" itemscope=\"itemscope\" itemtype=\"https:\/\/schema.org\/Person\" ><span itemprop='name'>Tanja Schneider<\/span><\/span><span class='av-structured-data'  itemprop=\"datePublished\" datetime=\"2024-04-04T11:08:25+02:00\" >2026-04-09 10:47:47<\/span><span class='av-structured-data'  itemprop=\"dateModified\" itemtype=\"https:\/\/schema.org\/dateModified\" >2026-04-09 11:19:32<\/span><span class='av-structured-data'  itemprop=\"mainEntityOfPage\" itemtype=\"https:\/\/schema.org\/mainEntityOfPage\" ><span itemprop='name'>Kinder mit Traumaerfahrung verstehen und begleiten<\/span><\/span><\/span><\/article><article class='slide-entry flex_column  post-entry post-entry-59456 slide-entry-overview slide-loop-3 slide-parity-odd  av_one_third  real-thumbnail posttype-post post-format-standard'  itemscope=\"itemscope\" itemtype=\"https:\/\/schema.org\/BlogPosting\" itemprop=\"blogPost\" ><a href='https:\/\/fobizz.com\/de\/grundschulalltag-diskriminierungskritisch-gestalten\/' data-rel='slide-1' class='slide-image' title='Grundschulalltag diskriminierungskritisch gestalten'><img decoding=\"async\" fetchpriority=\"high\" width=\"495\" height=\"400\" src=\"https:\/\/fobizz.com\/wp-content\/uploads\/2026\/04\/Grundschulalltag-diskriminierungskritisch-gestalten-495x400.jpg\" class=\"wp-image-59457 avia-img-lazy-loading-not-59457 attachment-portfolio size-portfolio wp-post-image\" alt=\"\" \/><\/a><div class=\"slide-content\"><header class=\"entry-content-header\"><h3 class='slide-entry-title entry-title '  itemprop=\"headline\" ><a href='https:\/\/fobizz.com\/de\/grundschulalltag-diskriminierungskritisch-gestalten\/' title='Grundschulalltag diskriminierungskritisch gestalten'>Grundschulalltag diskriminierungskritisch gestalten<\/a><\/h3><span class=\"blog-categories minor-meta\"><a href=\"https:\/\/fobizz.com\/de\/category\/interview\/\" rel=\"tag\">Interview<\/a>, <a href=\"https:\/\/fobizz.com\/de\/category\/lehrerbildung\/\" rel=\"tag\">Lehrerbildung<\/a>, <a href=\"https:\/\/fobizz.com\/de\/category\/nachhaltige-entwicklung\/\" rel=\"tag\">Nachhaltige Entwicklung<\/a> <\/span><span class=\"av-vertical-delimiter\"><\/span><\/header><div class='slide-entry-excerpt entry-content'  itemprop=\"text\" ><div class=\"excerpt-text\">Erfahre im Interview mit Anna Lena Lutz, warum du deinen Schulalltag diskriminierungskritisch gestalten solltest.<\/div><div class='time-wrap'><time class='slide-meta-time updated'  itemprop=\"datePublished\" datetime=\"2026-04-09T10:45:31+02:00\" >9. April 2026<\/time><\/div><div class=\"read-more-link\"><a href=\"https:\/\/fobizz.com\/de\/grundschulalltag-diskriminierungskritisch-gestalten\/\" class=\"more-link\">Weiterlesen<\/a><\/div><\/div><\/div><span class='hidden'>\n\t\t\t\t<span class='av-structured-data'  itemprop=\"image\" itemscope=\"itemscope\" itemtype=\"https:\/\/schema.org\/ImageObject\" >\n\t\t\t\t\t\t<span itemprop='url'>https:\/\/fobizz.com\/wp-content\/uploads\/2026\/04\/Grundschulalltag-diskriminierungskritisch-gestalten.jpg<\/span>\n\t\t\t\t\t\t<span itemprop='height'>500<\/span>\n\t\t\t\t\t\t<span itemprop='width'>800<\/span>\n\t\t\t\t<\/span>\n\t\t\t\t<span class='av-structured-data'  itemprop=\"publisher\" itemtype=\"https:\/\/schema.org\/Organization\" itemscope=\"itemscope\" >\n\t\t\t\t\t\t<span itemprop='name'>Tanja Schneider<\/span>\n\t\t\t\t\t\t<span itemprop='logo' itemscope itemtype='https:\/\/schema.org\/ImageObject'>\n\t\t\t\t\t\t\t<span itemprop='url'>https:\/\/fobizz.com\/wp-content\/uploads\/2024\/01\/fobizz_logo-min-495x244.png<\/span>\n\t\t\t\t\t\t<\/span>\n\t\t\t\t<\/span><span class='av-structured-data'  itemprop=\"author\" itemscope=\"itemscope\" itemtype=\"https:\/\/schema.org\/Person\" ><span itemprop='name'>Tanja Schneider<\/span><\/span><span class='av-structured-data'  itemprop=\"datePublished\" datetime=\"2024-04-04T11:08:25+02:00\" >2026-04-09 10:45:31<\/span><span class='av-structured-data'  itemprop=\"dateModified\" itemtype=\"https:\/\/schema.org\/dateModified\" >2026-04-09 11:18:42<\/span><span class='av-structured-data'  itemprop=\"mainEntityOfPage\" itemtype=\"https:\/\/schema.org\/mainEntityOfPage\" ><span itemprop='name'>Grundschulalltag diskriminierungskritisch gestalten<\/span><\/span><\/span><\/article><\/div><div class=\"slide-entry-wrap\"><article class='slide-entry flex_column  post-entry post-entry-59367 slide-entry-overview slide-loop-4 slide-parity-odd  av_one_third first real-thumbnail posttype-post post-format-standard'  itemscope=\"itemscope\" itemtype=\"https:\/\/schema.org\/BlogPosting\" itemprop=\"blogPost\" ><a href='https:\/\/fobizz.com\/de\/demokratie-lernen-interview-poitzmann-ahl\/' data-rel='slide-1' class='slide-image' title='Demokratie lernen  \u2013 Interview mit Nikola Poitzmann &#038; Kati Ahl'><img decoding=\"async\" fetchpriority=\"high\" width=\"495\" height=\"400\" src=\"https:\/\/fobizz.com\/wp-content\/uploads\/2023\/07\/Schulkalender-23-24-classroom-management-495x400.jpg\" class=\"wp-image-41470 avia-img-lazy-loading-not-41470 attachment-portfolio size-portfolio wp-post-image\" alt=\"Vorschaubild der Fortbildung Classroom Management\" \/><\/a><div class=\"slide-content\"><header class=\"entry-content-header\"><h3 class='slide-entry-title entry-title '  itemprop=\"headline\" ><a href='https:\/\/fobizz.com\/de\/demokratie-lernen-interview-poitzmann-ahl\/' title='Demokratie lernen  \u2013 Interview mit Nikola Poitzmann &#038; Kati Ahl'>Demokratie lernen  \u2013 Interview mit Nikola Poitzmann &#038; Kati Ahl<\/a><\/h3><span class=\"blog-categories minor-meta\"><a href=\"https:\/\/fobizz.com\/de\/category\/digitale-bildung\/\" rel=\"tag\">Digitale Bildung<\/a>, <a href=\"https:\/\/fobizz.com\/de\/category\/interview\/\" rel=\"tag\">Interview<\/a>, <a href=\"https:\/\/fobizz.com\/de\/category\/lehrerbildung\/\" rel=\"tag\">Lehrerbildung<\/a> <\/span><span class=\"av-vertical-delimiter\"><\/span><\/header><div class='slide-entry-excerpt entry-content'  itemprop=\"text\" ><div class=\"excerpt-text\">Trotz wachsender gesellschaftlicher Spannungen bleibt die Schule ein besonderer Ort: Hier treffen Menschen mit unterschiedlichen Hintergr\u00fcnden, Meinungen und Erfahrungen aufeinander. Gerade deshalb bietet Schule gro\u00dfes Potenzial als Raum des Wandels \u2013 ein Ort, an dem Gemeinschaft gelebt und demokratische Werte im Alltag erfahrbar werden.\r\nDoch wie gelingt es, Sch\u00fcler:innen so zu st\u00e4rken, dass sie sich aktiv, selbstbestimmt und kritisch in gesellschaftliche Prozesse einbringen k\u00f6nnen?<\/div><div class='time-wrap'><time class='slide-meta-time updated'  itemprop=\"datePublished\" datetime=\"2026-04-02T06:25:32+02:00\" >2. April 2026<\/time><\/div><div class=\"read-more-link\"><a href=\"https:\/\/fobizz.com\/de\/demokratie-lernen-interview-poitzmann-ahl\/\" class=\"more-link\">Weiterlesen<\/a><\/div><\/div><\/div><span class='hidden'>\n\t\t\t\t<span class='av-structured-data'  itemprop=\"image\" itemscope=\"itemscope\" itemtype=\"https:\/\/schema.org\/ImageObject\" >\n\t\t\t\t\t\t<span itemprop='url'>https:\/\/fobizz.com\/wp-content\/uploads\/2023\/07\/Schulkalender-23-24-classroom-management.jpg<\/span>\n\t\t\t\t\t\t<span itemprop='height'>628<\/span>\n\t\t\t\t\t\t<span itemprop='width'>1200<\/span>\n\t\t\t\t<\/span>\n\t\t\t\t<span class='av-structured-data'  itemprop=\"publisher\" itemtype=\"https:\/\/schema.org\/Organization\" itemscope=\"itemscope\" >\n\t\t\t\t\t\t<span itemprop='name'>Michelle<\/span>\n\t\t\t\t\t\t<span itemprop='logo' itemscope itemtype='https:\/\/schema.org\/ImageObject'>\n\t\t\t\t\t\t\t<span itemprop='url'>https:\/\/fobizz.com\/wp-content\/uploads\/2024\/01\/fobizz_logo-min-495x244.png<\/span>\n\t\t\t\t\t\t<\/span>\n\t\t\t\t<\/span><span class='av-structured-data'  itemprop=\"author\" itemscope=\"itemscope\" itemtype=\"https:\/\/schema.org\/Person\" ><span itemprop='name'>Michelle<\/span><\/span><span class='av-structured-data'  itemprop=\"datePublished\" datetime=\"2024-04-04T11:08:25+02:00\" >2026-04-02 06:25:32<\/span><span class='av-structured-data'  itemprop=\"dateModified\" itemtype=\"https:\/\/schema.org\/dateModified\" >2026-04-13 17:48:54<\/span><span class='av-structured-data'  itemprop=\"mainEntityOfPage\" itemtype=\"https:\/\/schema.org\/mainEntityOfPage\" ><span itemprop='name'>Demokratie lernen  \u2013 Interview mit Nikola Poitzmann &#038; Kati Ahl<\/span><\/span><\/span><\/article><article class='slide-entry flex_column  post-entry post-entry-59354 slide-entry-overview slide-loop-5 slide-parity-even  av_one_third  real-thumbnail posttype-post post-format-standard'  itemscope=\"itemscope\" itemtype=\"https:\/\/schema.org\/BlogPosting\" itemprop=\"blogPost\" ><a href='https:\/\/fobizz.com\/de\/kinder-die-durchs-raster-fallen-interview-mit-corina-elfe\/' data-rel='slide-1' class='slide-image' title='Kinder, die durchs Raster fallen  \u2013 Interview mit Corina Elfe'><img decoding=\"async\" fetchpriority=\"high\" width=\"495\" height=\"400\" src=\"https:\/\/fobizz.com\/wp-content\/uploads\/2026\/04\/Kinder_Neurodivergenz-495x400.jpg\" class=\"wp-image-59361 avia-img-lazy-loading-not-59361 attachment-portfolio size-portfolio wp-post-image\" alt=\"\" \/><\/a><div class=\"slide-content\"><header class=\"entry-content-header\"><h3 class='slide-entry-title entry-title '  itemprop=\"headline\" ><a href='https:\/\/fobizz.com\/de\/kinder-die-durchs-raster-fallen-interview-mit-corina-elfe\/' title='Kinder, die durchs Raster fallen  \u2013 Interview mit Corina Elfe'>Kinder, die durchs Raster fallen  \u2013 Interview mit Corina Elfe<\/a><\/h3><span class=\"blog-categories minor-meta\"><a href=\"https:\/\/fobizz.com\/de\/category\/digitale-bildung\/\" rel=\"tag\">Digitale Bildung<\/a>, <a href=\"https:\/\/fobizz.com\/de\/category\/interview\/\" rel=\"tag\">Interview<\/a>, <a href=\"https:\/\/fobizz.com\/de\/category\/lehrerbildung\/\" rel=\"tag\">Lehrerbildung<\/a> <\/span><span class=\"av-vertical-delimiter\"><\/span><\/header><div class='slide-entry-excerpt entry-content'  itemprop=\"text\" ><div class=\"excerpt-text\">Digitales Arbeiten und Unterrichten \u2013 der Einsatz von K\u00fcnstlicher Intelligenz wird f\u00fcr Lehrkr\u00e4fte immer relevanter. Wie textgenerierende KI-Systeme wie ChatGPT sinnvoll in den Schulalltag integriert werden k\u00f6nnen und welche Potenziale und Grenzen sie haben, zeigen Micha Busch und Christian K\u00f6hler in 33 praxisnahen Ideen f\u00fcr Unterricht und Organisation.<\/div><div class='time-wrap'><time class='slide-meta-time updated'  itemprop=\"datePublished\" datetime=\"2026-04-01T17:20:21+02:00\" >1. April 2026<\/time><\/div><div class=\"read-more-link\"><a href=\"https:\/\/fobizz.com\/de\/kinder-die-durchs-raster-fallen-interview-mit-corina-elfe\/\" class=\"more-link\">Weiterlesen<\/a><\/div><\/div><\/div><span class='hidden'>\n\t\t\t\t<span class='av-structured-data'  itemprop=\"image\" itemscope=\"itemscope\" itemtype=\"https:\/\/schema.org\/ImageObject\" >\n\t\t\t\t\t\t<span itemprop='url'>https:\/\/fobizz.com\/wp-content\/uploads\/2026\/04\/Kinder_Neurodivergenz.jpg<\/span>\n\t\t\t\t\t\t<span itemprop='height'>768<\/span>\n\t\t\t\t\t\t<span itemprop='width'>1408<\/span>\n\t\t\t\t<\/span>\n\t\t\t\t<span class='av-structured-data'  itemprop=\"publisher\" itemtype=\"https:\/\/schema.org\/Organization\" itemscope=\"itemscope\" >\n\t\t\t\t\t\t<span itemprop='name'>Michelle<\/span>\n\t\t\t\t\t\t<span itemprop='logo' itemscope itemtype='https:\/\/schema.org\/ImageObject'>\n\t\t\t\t\t\t\t<span itemprop='url'>https:\/\/fobizz.com\/wp-content\/uploads\/2024\/01\/fobizz_logo-min-495x244.png<\/span>\n\t\t\t\t\t\t<\/span>\n\t\t\t\t<\/span><span class='av-structured-data'  itemprop=\"author\" itemscope=\"itemscope\" itemtype=\"https:\/\/schema.org\/Person\" ><span itemprop='name'>Michelle<\/span><\/span><span class='av-structured-data'  itemprop=\"datePublished\" datetime=\"2024-04-04T11:08:25+02:00\" >2026-04-01 17:20:21<\/span><span class='av-structured-data'  itemprop=\"dateModified\" itemtype=\"https:\/\/schema.org\/dateModified\" >2026-04-13 17:49:10<\/span><span class='av-structured-data'  itemprop=\"mainEntityOfPage\" itemtype=\"https:\/\/schema.org\/mainEntityOfPage\" ><span itemprop='name'>Kinder, die durchs Raster fallen  \u2013 Interview mit Corina Elfe<\/span><\/span><\/span><\/article><article class='slide-entry flex_column  post-entry post-entry-58864 slide-entry-overview slide-loop-6 slide-parity-odd  av_one_third  real-thumbnail posttype-post post-format-standard'  itemscope=\"itemscope\" itemtype=\"https:\/\/schema.org\/BlogPosting\" itemprop=\"blogPost\" ><a href='https:\/\/fobizz.com\/de\/scratch-einstieg-ins-visuelle-programmieren\/' data-rel='slide-1' class='slide-image' title='Scratch: Einstieg ins visuelle Programmieren'><img decoding=\"async\" fetchpriority=\"high\" width=\"495\" height=\"400\" src=\"https:\/\/fobizz.com\/wp-content\/uploads\/2026\/03\/Scratch-Einstieg-ins-visuelle-Programmieren-495x400.jpg\" class=\"wp-image-58867 avia-img-lazy-loading-not-58867 attachment-portfolio size-portfolio wp-post-image\" alt=\"\" \/><\/a><div class=\"slide-content\"><header class=\"entry-content-header\"><h3 class='slide-entry-title entry-title '  itemprop=\"headline\" ><a href='https:\/\/fobizz.com\/de\/scratch-einstieg-ins-visuelle-programmieren\/' title='Scratch: Einstieg ins visuelle Programmieren'>Scratch: Einstieg ins visuelle Programmieren<\/a><\/h3><span class=\"blog-categories minor-meta\"><a href=\"https:\/\/fobizz.com\/de\/category\/digitale-bildung\/\" rel=\"tag\">Digitale Bildung<\/a>, <a href=\"https:\/\/fobizz.com\/de\/category\/digitale-medien\/\" rel=\"tag\">Digitale Medien<\/a>, <a href=\"https:\/\/fobizz.com\/de\/category\/interview\/\" rel=\"tag\">Interview<\/a>, <a href=\"https:\/\/fobizz.com\/de\/category\/lehrerbildung\/\" rel=\"tag\">Lehrerbildung<\/a> <\/span><span class=\"av-vertical-delimiter\"><\/span><\/header><div class='slide-entry-excerpt entry-content'  itemprop=\"text\" ><div class=\"excerpt-text\">Erfahre im Interview mit Tom Wiedemann, wie du Scratch sinnvoll in deinen Unterricht einbringen kannst.<\/div><div class='time-wrap'><time class='slide-meta-time updated'  itemprop=\"datePublished\" datetime=\"2026-03-12T11:07:22+01:00\" >12. M\u00e4rz 2026<\/time><\/div><div class=\"read-more-link\"><a href=\"https:\/\/fobizz.com\/de\/scratch-einstieg-ins-visuelle-programmieren\/\" class=\"more-link\">Weiterlesen<\/a><\/div><\/div><\/div><span class='hidden'>\n\t\t\t\t<span class='av-structured-data'  itemprop=\"image\" itemscope=\"itemscope\" itemtype=\"https:\/\/schema.org\/ImageObject\" >\n\t\t\t\t\t\t<span itemprop='url'>https:\/\/fobizz.com\/wp-content\/uploads\/2026\/03\/Scratch-Einstieg-ins-visuelle-Programmieren.jpg<\/span>\n\t\t\t\t\t\t<span itemprop='height'>500<\/span>\n\t\t\t\t\t\t<span itemprop='width'>800<\/span>\n\t\t\t\t<\/span>\n\t\t\t\t<span class='av-structured-data'  itemprop=\"publisher\" itemtype=\"https:\/\/schema.org\/Organization\" itemscope=\"itemscope\" >\n\t\t\t\t\t\t<span itemprop='name'>Tanja Schneider<\/span>\n\t\t\t\t\t\t<span itemprop='logo' itemscope itemtype='https:\/\/schema.org\/ImageObject'>\n\t\t\t\t\t\t\t<span itemprop='url'>https:\/\/fobizz.com\/wp-content\/uploads\/2024\/01\/fobizz_logo-min-495x244.png<\/span>\n\t\t\t\t\t\t<\/span>\n\t\t\t\t<\/span><span class='av-structured-data'  itemprop=\"author\" itemscope=\"itemscope\" itemtype=\"https:\/\/schema.org\/Person\" ><span itemprop='name'>Tanja Schneider<\/span><\/span><span class='av-structured-data'  itemprop=\"datePublished\" datetime=\"2024-04-04T11:08:25+02:00\" >2026-03-12 11:07:22<\/span><span class='av-structured-data'  itemprop=\"dateModified\" itemtype=\"https:\/\/schema.org\/dateModified\" >2026-03-12 11:34:55<\/span><span class='av-structured-data'  itemprop=\"mainEntityOfPage\" itemtype=\"https:\/\/schema.org\/mainEntityOfPage\" ><span itemprop='name'>Scratch: Einstieg ins visuelle Programmieren<\/span><\/span><\/span><\/article><\/div><div class=\"slide-entry-wrap\"><article class='slide-entry flex_column  post-entry post-entry-58852 slide-entry-overview slide-loop-7 slide-parity-odd  av_one_third first real-thumbnail posttype-post post-format-standard'  itemscope=\"itemscope\" itemtype=\"https:\/\/schema.org\/BlogPosting\" itemprop=\"blogPost\" ><a href='https:\/\/fobizz.com\/de\/goodnotes-grundlagen-organisation-von-unterrichtsnotizen\/' data-rel='slide-1' class='slide-image' title='Goodnotes Grundlagen: Organisation von Unterrichtsnotizen'><img decoding=\"async\" fetchpriority=\"high\" width=\"495\" height=\"400\" src=\"https:\/\/fobizz.com\/wp-content\/uploads\/2026\/03\/Goodnotes-Grundlagen-Organisation-von-Unterrichtsnotizen-495x400.jpg\" class=\"wp-image-58853 avia-img-lazy-loading-not-58853 attachment-portfolio size-portfolio wp-post-image\" alt=\"\" \/><\/a><div class=\"slide-content\"><header class=\"entry-content-header\"><h3 class='slide-entry-title entry-title '  itemprop=\"headline\" ><a href='https:\/\/fobizz.com\/de\/goodnotes-grundlagen-organisation-von-unterrichtsnotizen\/' title='Goodnotes Grundlagen: Organisation von Unterrichtsnotizen'>Goodnotes Grundlagen: Organisation von Unterrichtsnotizen<\/a><\/h3><span class=\"blog-categories minor-meta\"><a href=\"https:\/\/fobizz.com\/de\/category\/digitale-bildung\/\" rel=\"tag\">Digitale Bildung<\/a>, <a href=\"https:\/\/fobizz.com\/de\/category\/digitale-medien\/\" rel=\"tag\">Digitale Medien<\/a>, <a href=\"https:\/\/fobizz.com\/de\/category\/interview\/\" rel=\"tag\">Interview<\/a>, <a href=\"https:\/\/fobizz.com\/de\/category\/lehrerbildung\/\" rel=\"tag\">Lehrerbildung<\/a> <\/span><span class=\"av-vertical-delimiter\"><\/span><\/header><div class='slide-entry-excerpt entry-content'  itemprop=\"text\" ><div class=\"excerpt-text\">Im Interview mit Dr. Ulla Hauptmann erf\u00e4hrst du, wie du mit Goodnotes 7 den Unterricht kreativ gestalten und deine Unterrichtsmaterialien ordnen kannst.<\/div><div class='time-wrap'><time class='slide-meta-time updated'  itemprop=\"datePublished\" datetime=\"2026-03-12T11:06:50+01:00\" >12. M\u00e4rz 2026<\/time><\/div><div class=\"read-more-link\"><a href=\"https:\/\/fobizz.com\/de\/goodnotes-grundlagen-organisation-von-unterrichtsnotizen\/\" class=\"more-link\">Weiterlesen<\/a><\/div><\/div><\/div><span class='hidden'>\n\t\t\t\t<span class='av-structured-data'  itemprop=\"image\" itemscope=\"itemscope\" itemtype=\"https:\/\/schema.org\/ImageObject\" >\n\t\t\t\t\t\t<span itemprop='url'>https:\/\/fobizz.com\/wp-content\/uploads\/2026\/03\/Goodnotes-Grundlagen-Organisation-von-Unterrichtsnotizen.jpg<\/span>\n\t\t\t\t\t\t<span itemprop='height'>500<\/span>\n\t\t\t\t\t\t<span itemprop='width'>800<\/span>\n\t\t\t\t<\/span>\n\t\t\t\t<span class='av-structured-data'  itemprop=\"publisher\" itemtype=\"https:\/\/schema.org\/Organization\" itemscope=\"itemscope\" >\n\t\t\t\t\t\t<span itemprop='name'>Tanja Schneider<\/span>\n\t\t\t\t\t\t<span itemprop='logo' itemscope itemtype='https:\/\/schema.org\/ImageObject'>\n\t\t\t\t\t\t\t<span itemprop='url'>https:\/\/fobizz.com\/wp-content\/uploads\/2024\/01\/fobizz_logo-min-495x244.png<\/span>\n\t\t\t\t\t\t<\/span>\n\t\t\t\t<\/span><span class='av-structured-data'  itemprop=\"author\" itemscope=\"itemscope\" itemtype=\"https:\/\/schema.org\/Person\" ><span itemprop='name'>Tanja Schneider<\/span><\/span><span class='av-structured-data'  itemprop=\"datePublished\" datetime=\"2024-04-04T11:08:25+02:00\" >2026-03-12 11:06:50<\/span><span class='av-structured-data'  itemprop=\"dateModified\" itemtype=\"https:\/\/schema.org\/dateModified\" >2026-03-12 11:35:36<\/span><span class='av-structured-data'  itemprop=\"mainEntityOfPage\" itemtype=\"https:\/\/schema.org\/mainEntityOfPage\" ><span itemprop='name'>Goodnotes Grundlagen: Organisation von Unterrichtsnotizen<\/span><\/span><\/span><\/article><article class='slide-entry flex_column  post-entry post-entry-58357 slide-entry-overview slide-loop-8 slide-parity-even  av_one_third  real-thumbnail posttype-post post-format-standard'  itemscope=\"itemscope\" itemtype=\"https:\/\/schema.org\/BlogPosting\" itemprop=\"blogPost\" ><a href='https:\/\/fobizz.com\/de\/einsatz-von-schulhunden-im-unterrichtsalltag\/' data-rel='slide-1' class='slide-image' title='Einsatz von Schulhunden im Unterrichtsalltag'><img decoding=\"async\" fetchpriority=\"high\" width=\"495\" height=\"400\" src=\"https:\/\/fobizz.com\/wp-content\/uploads\/2026\/02\/Blogbeitrag-Einsatz-von-Schulhunden-im-Unterrichtsalltag-1-495x400.jpg\" class=\"wp-image-58503 avia-img-lazy-loading-not-58503 attachment-portfolio size-portfolio wp-post-image\" alt=\"\" \/><\/a><div class=\"slide-content\"><header class=\"entry-content-header\"><h3 class='slide-entry-title entry-title '  itemprop=\"headline\" ><a href='https:\/\/fobizz.com\/de\/einsatz-von-schulhunden-im-unterrichtsalltag\/' title='Einsatz von Schulhunden im Unterrichtsalltag'>Einsatz von Schulhunden im Unterrichtsalltag<\/a><\/h3><span class=\"blog-categories minor-meta\"><a href=\"https:\/\/fobizz.com\/de\/category\/interview\/\" rel=\"tag\">Interview<\/a>, <a href=\"https:\/\/fobizz.com\/de\/category\/lehrerbildung\/\" rel=\"tag\">Lehrerbildung<\/a>, <a href=\"https:\/\/fobizz.com\/de\/category\/nachhaltige-entwicklung\/\" rel=\"tag\">Nachhaltige Entwicklung<\/a>, <a href=\"https:\/\/fobizz.com\/de\/category\/neue-lernkultur\/\" rel=\"tag\">Neue Lernkultur<\/a> <\/span><span class=\"av-vertical-delimiter\"><\/span><\/header><div class='slide-entry-excerpt entry-content'  itemprop=\"text\" ><div class=\"excerpt-text\">Im Interview mit Judith Bohlmann erf\u00e4hrst du, wie Schulhunde den Unterricht bereichern k\u00f6nnen.<\/div><div class='time-wrap'><time class='slide-meta-time updated'  itemprop=\"datePublished\" datetime=\"2026-02-12T10:00:28+01:00\" >12. Februar 2026<\/time><\/div><div class=\"read-more-link\"><a href=\"https:\/\/fobizz.com\/de\/einsatz-von-schulhunden-im-unterrichtsalltag\/\" class=\"more-link\">Weiterlesen<\/a><\/div><\/div><\/div><span class='hidden'>\n\t\t\t\t<span class='av-structured-data'  itemprop=\"image\" itemscope=\"itemscope\" itemtype=\"https:\/\/schema.org\/ImageObject\" >\n\t\t\t\t\t\t<span itemprop='url'>https:\/\/fobizz.com\/wp-content\/uploads\/2026\/02\/Blogbeitrag-Einsatz-von-Schulhunden-im-Unterrichtsalltag-1.jpg<\/span>\n\t\t\t\t\t\t<span itemprop='height'>1080<\/span>\n\t\t\t\t\t\t<span itemprop='width'>1920<\/span>\n\t\t\t\t<\/span>\n\t\t\t\t<span class='av-structured-data'  itemprop=\"publisher\" itemtype=\"https:\/\/schema.org\/Organization\" itemscope=\"itemscope\" >\n\t\t\t\t\t\t<span itemprop='name'>Tanja Schneider<\/span>\n\t\t\t\t\t\t<span itemprop='logo' itemscope itemtype='https:\/\/schema.org\/ImageObject'>\n\t\t\t\t\t\t\t<span itemprop='url'>https:\/\/fobizz.com\/wp-content\/uploads\/2024\/01\/fobizz_logo-min-495x244.png<\/span>\n\t\t\t\t\t\t<\/span>\n\t\t\t\t<\/span><span class='av-structured-data'  itemprop=\"author\" itemscope=\"itemscope\" itemtype=\"https:\/\/schema.org\/Person\" ><span itemprop='name'>Tanja Schneider<\/span><\/span><span class='av-structured-data'  itemprop=\"datePublished\" datetime=\"2024-04-04T11:08:25+02:00\" >2026-02-12 10:00:28<\/span><span class='av-structured-data'  itemprop=\"dateModified\" itemtype=\"https:\/\/schema.org\/dateModified\" >2026-02-11 14:23:03<\/span><span class='av-structured-data'  itemprop=\"mainEntityOfPage\" itemtype=\"https:\/\/schema.org\/mainEntityOfPage\" ><span itemprop='name'>Einsatz von Schulhunden im Unterrichtsalltag<\/span><\/span><\/span><\/article><article class='slide-entry flex_column  post-entry post-entry-58425 slide-entry-overview slide-loop-9 slide-parity-odd  post-entry-last  av_one_third  real-thumbnail posttype-post post-format-standard'  itemscope=\"itemscope\" itemtype=\"https:\/\/schema.org\/BlogPosting\" itemprop=\"blogPost\" ><a href='https:\/\/fobizz.com\/de\/einsatz-von-ki-im-lateinunterricht\/' data-rel='slide-1' class='slide-image' title='Einsatz von KI im Lateinunterricht'><img decoding=\"async\" fetchpriority=\"high\" width=\"495\" height=\"400\" src=\"https:\/\/fobizz.com\/wp-content\/uploads\/2026\/02\/Einsatz-von-KI-im-Lateinunterricht-1-495x400.jpg\" class=\"wp-image-58369 avia-img-lazy-loading-not-58369 attachment-portfolio size-portfolio wp-post-image\" alt=\"\" \/><\/a><div class=\"slide-content\"><header class=\"entry-content-header\"><h3 class='slide-entry-title entry-title '  itemprop=\"headline\" ><a href='https:\/\/fobizz.com\/de\/einsatz-von-ki-im-lateinunterricht\/' title='Einsatz von KI im Lateinunterricht'>Einsatz von KI im Lateinunterricht<\/a><\/h3><span class=\"blog-categories minor-meta\"><a href=\"https:\/\/fobizz.com\/de\/category\/interview\/\" rel=\"tag\">Interview<\/a>, <a href=\"https:\/\/fobizz.com\/de\/category\/kunstliche-intelligenz\/\" rel=\"tag\">K\u00fcnstliche Intelligenz<\/a>, <a href=\"https:\/\/fobizz.com\/de\/category\/lehrerbildung\/\" rel=\"tag\">Lehrerbildung<\/a>, <a href=\"https:\/\/fobizz.com\/de\/category\/neue-lernkultur\/\" rel=\"tag\">Neue Lernkultur<\/a> <\/span><span class=\"av-vertical-delimiter\"><\/span><\/header><div class='slide-entry-excerpt entry-content'  itemprop=\"text\" ><div class=\"excerpt-text\">Im Interview mit Daniel Conley erf\u00e4hrst du, wie du KI im Lateinunterricht gewinnbringend einsetzen kannst.<\/div><div class='time-wrap'><time class='slide-meta-time updated'  itemprop=\"datePublished\" datetime=\"2026-02-12T10:00:21+01:00\" >12. Februar 2026<\/time><\/div><div class=\"read-more-link\"><a href=\"https:\/\/fobizz.com\/de\/einsatz-von-ki-im-lateinunterricht\/\" class=\"more-link\">Weiterlesen<\/a><\/div><\/div><\/div><span class='hidden'>\n\t\t\t\t<span class='av-structured-data'  itemprop=\"image\" itemscope=\"itemscope\" itemtype=\"https:\/\/schema.org\/ImageObject\" >\n\t\t\t\t\t\t<span itemprop='url'>https:\/\/fobizz.com\/wp-content\/uploads\/2026\/02\/Einsatz-von-KI-im-Lateinunterricht-1.jpg<\/span>\n\t\t\t\t\t\t<span itemprop='height'>1080<\/span>\n\t\t\t\t\t\t<span itemprop='width'>1920<\/span>\n\t\t\t\t<\/span>\n\t\t\t\t<span class='av-structured-data'  itemprop=\"publisher\" itemtype=\"https:\/\/schema.org\/Organization\" itemscope=\"itemscope\" >\n\t\t\t\t\t\t<span itemprop='name'>Tanja Schneider<\/span>\n\t\t\t\t\t\t<span itemprop='logo' itemscope itemtype='https:\/\/schema.org\/ImageObject'>\n\t\t\t\t\t\t\t<span itemprop='url'>https:\/\/fobizz.com\/wp-content\/uploads\/2024\/01\/fobizz_logo-min-495x244.png<\/span>\n\t\t\t\t\t\t<\/span>\n\t\t\t\t<\/span><span class='av-structured-data'  itemprop=\"author\" itemscope=\"itemscope\" itemtype=\"https:\/\/schema.org\/Person\" ><span itemprop='name'>Tanja Schneider<\/span><\/span><span class='av-structured-data'  itemprop=\"datePublished\" datetime=\"2024-04-04T11:08:25+02:00\" >2026-02-12 10:00:21<\/span><span class='av-structured-data'  itemprop=\"dateModified\" itemtype=\"https:\/\/schema.org\/dateModified\" >2026-03-12 12:18:21<\/span><span class='av-structured-data'  itemprop=\"mainEntityOfPage\" itemtype=\"https:\/\/schema.org\/mainEntityOfPage\" ><span itemprop='name'>Einsatz von KI im Lateinunterricht<\/span><\/span><\/span><\/article><\/div><\/div><div class='avia-slideshow-arrows avia-slideshow-controls' ><a href='#prev' class='prev-slide ' data-av_icon='\ue87c' data-av_iconfont='entypo-fontello' aria-hidden=\"true\" title=\"Zur\u00fcck\" desc=\"Zur\u00fcck\" tabindex='-1' ><span class='avia_hidden_link_text'>Zur\u00fcck<\/span><\/a><a href='#next' class='next-slide ' data-av_icon='\ue87d' data-av_iconfont='entypo-fontello' aria-hidden=\"true\" title=\"Weiter\" desc=\"Weiter\" tabindex='-1' ><span class='avia_hidden_link_text'>Weiter<\/span><\/a><\/div><\/div>\n<\/div><\/div><\/div><!-- close content main div --><\/div><\/div><div id='after_section_7'  class='main_color av_default_container_wrap container_wrap sidebar_right'  ><div class='container av-section-cont-open' ><div class='template-page content  av-content-small alpha units'><div class='post-entry post-entry-type-page post-entry-47765'><div class='entry-content-wrapper clearfix'><\/p>\n","protected":false},"excerpt":{"rendered":"<p>Im Interview mit Andreas Terfloth erf\u00e4hrst du mehr \u00fcber Individualisierung im Unterricht, damit deine Sch\u00fcler:innen in ihrem Tempo lernen.<\/p>\n","protected":false},"author":31,"featured_media":47791,"comment_status":"closed","ping_status":"open","sticky":false,"template":"","format":"standard","meta":{"_monsterinsights_skip_tracking":false,"_monsterinsights_sitenote_active":false,"_monsterinsights_sitenote_note":"","_monsterinsights_sitenote_category":0,"_uf_show_specific_survey":0,"_uf_disable_surveys":false,"footnotes":""},"categories":[173,472,560,168],"tags":[125,192,1344,557],"class_list":["post-47765","post","type-post","status-publish","format-standard","has-post-thumbnail","hentry","category-innovative-methoden","category-interview","category-kunstliche-intelligenz","category-lehrerbildung","tag-digitale-medien","tag-digitales-lernen","tag-individualisierung-im-unterricht","tag-kunstliche-intelligenz"],"acf":[],"yoast_head":"<!-- This site is optimized with the Yoast SEO Premium plugin v26.2 (Yoast SEO v27.4) - https:\/\/yoast.com\/product\/yoast-seo-premium-wordpress\/ -->\n<title>Individualisierung im Unterricht: Theorie und Praxis f\u00fcr mehr Lernerfolg - fobizz<\/title>\n<meta name=\"description\" content=\"Im Interview mit Andreas Terfloth erf\u00e4hrst du mehr \u00fcber Individualisierung im Unterricht, damit deine Sch\u00fcler:innen in ihrem Tempo lernen.\" \/>\n<meta name=\"robots\" content=\"index, follow, max-snippet:-1, max-image-preview:large, max-video-preview:-1\" \/>\n<link rel=\"canonical\" href=\"https:\/\/fobizz.com\/de\/individualisierung-im-unterricht-theorie-und-praxis-fuer-mehr-lernerfolg\/\" \/>\n<meta name=\"twitter:card\" content=\"summary_large_image\" \/>\n<meta name=\"twitter:title\" content=\"Individualisierung im Unterricht: Theorie und Praxis f\u00fcr mehr Lernerfolg - fobizz\" \/>\n<meta name=\"twitter:description\" content=\"Im Interview mit Andreas Terfloth erf\u00e4hrst du mehr \u00fcber Individualisierung im Unterricht, damit deine Sch\u00fcler:innen in ihrem Tempo lernen.\" \/>\n<meta name=\"twitter:image\" content=\"https:\/\/fobizz.com\/wp-content\/uploads\/2024\/03\/Individualisierung-im-Unterricht-Theorie-und-Praxis-fuer-mehr-Lernerfolg-1-scaled.jpg\" \/>\n<meta name=\"twitter:creator\" content=\"@fobizz\" \/>\n<meta name=\"twitter:site\" content=\"@fobizz\" \/>\n<meta name=\"twitter:label1\" content=\"Verfasst von\" \/>\n\t<meta name=\"twitter:data1\" content=\"Tanja Schneider\" \/>\n\t<meta name=\"twitter:label2\" content=\"Gesch\u00e4tzte Lesezeit\" \/>\n\t<meta name=\"twitter:data2\" content=\"9\u00a0Minuten\" \/>\n<script type=\"application\/ld+json\" class=\"yoast-schema-graph\">{\"@context\":\"https:\\\/\\\/schema.org\",\"@graph\":[{\"@type\":\"Article\",\"@id\":\"https:\\\/\\\/fobizz.com\\\/de\\\/individualisierung-im-unterricht-theorie-und-praxis-fuer-mehr-lernerfolg\\\/#article\",\"isPartOf\":{\"@id\":\"https:\\\/\\\/fobizz.com\\\/de\\\/individualisierung-im-unterricht-theorie-und-praxis-fuer-mehr-lernerfolg\\\/\"},\"author\":{\"name\":\"Tanja Schneider\",\"@id\":\"https:\\\/\\\/fobizz.com\\\/de\\\/#\\\/schema\\\/person\\\/fcc6b83ede752d8b63c4495337574c94\"},\"headline\":\"Individualisierung im Unterricht: Theorie und Praxis f\u00fcr mehr Lernerfolg\",\"datePublished\":\"2024-04-04T09:08:25+00:00\",\"mainEntityOfPage\":{\"@id\":\"https:\\\/\\\/fobizz.com\\\/de\\\/individualisierung-im-unterricht-theorie-und-praxis-fuer-mehr-lernerfolg\\\/\"},\"wordCount\":7006,\"publisher\":{\"@id\":\"https:\\\/\\\/fobizz.com\\\/de\\\/#organization\"},\"image\":{\"@id\":\"https:\\\/\\\/fobizz.com\\\/de\\\/individualisierung-im-unterricht-theorie-und-praxis-fuer-mehr-lernerfolg\\\/#primaryimage\"},\"thumbnailUrl\":\"https:\\\/\\\/fobizz.com\\\/wp-content\\\/uploads\\\/2024\\\/03\\\/Individualisierung-im-Unterricht-Theorie-und-Praxis-fuer-mehr-Lernerfolg-1-scaled.jpg\",\"keywords\":[\"digitale Medien\",\"Digitales Lernen\",\"Individualisierung im Unterricht\",\"k\u00fcnstliche intelligenz\"],\"articleSection\":[\"Innovative Methoden\",\"Interview\",\"K\u00fcnstliche Intelligenz\",\"Lehrerbildung\"],\"inLanguage\":\"de\"},{\"@type\":\"WebPage\",\"@id\":\"https:\\\/\\\/fobizz.com\\\/de\\\/individualisierung-im-unterricht-theorie-und-praxis-fuer-mehr-lernerfolg\\\/\",\"url\":\"https:\\\/\\\/fobizz.com\\\/de\\\/individualisierung-im-unterricht-theorie-und-praxis-fuer-mehr-lernerfolg\\\/\",\"name\":\"Individualisierung im Unterricht: Theorie und Praxis f\u00fcr mehr Lernerfolg - fobizz\",\"isPartOf\":{\"@id\":\"https:\\\/\\\/fobizz.com\\\/de\\\/#website\"},\"primaryImageOfPage\":{\"@id\":\"https:\\\/\\\/fobizz.com\\\/de\\\/individualisierung-im-unterricht-theorie-und-praxis-fuer-mehr-lernerfolg\\\/#primaryimage\"},\"image\":{\"@id\":\"https:\\\/\\\/fobizz.com\\\/de\\\/individualisierung-im-unterricht-theorie-und-praxis-fuer-mehr-lernerfolg\\\/#primaryimage\"},\"thumbnailUrl\":\"https:\\\/\\\/fobizz.com\\\/wp-content\\\/uploads\\\/2024\\\/03\\\/Individualisierung-im-Unterricht-Theorie-und-Praxis-fuer-mehr-Lernerfolg-1-scaled.jpg\",\"datePublished\":\"2024-04-04T09:08:25+00:00\",\"description\":\"Im Interview mit Andreas Terfloth erf\u00e4hrst du mehr \u00fcber Individualisierung im Unterricht, damit deine Sch\u00fcler:innen in ihrem Tempo lernen.\",\"breadcrumb\":{\"@id\":\"https:\\\/\\\/fobizz.com\\\/de\\\/individualisierung-im-unterricht-theorie-und-praxis-fuer-mehr-lernerfolg\\\/#breadcrumb\"},\"inLanguage\":\"de\",\"potentialAction\":[{\"@type\":\"ReadAction\",\"target\":[\"https:\\\/\\\/fobizz.com\\\/de\\\/individualisierung-im-unterricht-theorie-und-praxis-fuer-mehr-lernerfolg\\\/\"]}]},{\"@type\":\"ImageObject\",\"inLanguage\":\"de\",\"@id\":\"https:\\\/\\\/fobizz.com\\\/de\\\/individualisierung-im-unterricht-theorie-und-praxis-fuer-mehr-lernerfolg\\\/#primaryimage\",\"url\":\"https:\\\/\\\/fobizz.com\\\/wp-content\\\/uploads\\\/2024\\\/03\\\/Individualisierung-im-Unterricht-Theorie-und-Praxis-fuer-mehr-Lernerfolg-1-scaled.jpg\",\"contentUrl\":\"https:\\\/\\\/fobizz.com\\\/wp-content\\\/uploads\\\/2024\\\/03\\\/Individualisierung-im-Unterricht-Theorie-und-Praxis-fuer-mehr-Lernerfolg-1-scaled.jpg\",\"width\":2560,\"height\":1440,\"caption\":\"Individualisierung im Unterricht Theorie und Praxis f\u00fcr mehr Lernerfolg Bild Beitrag und FoBi\"},{\"@type\":\"BreadcrumbList\",\"@id\":\"https:\\\/\\\/fobizz.com\\\/de\\\/individualisierung-im-unterricht-theorie-und-praxis-fuer-mehr-lernerfolg\\\/#breadcrumb\",\"itemListElement\":[{\"@type\":\"ListItem\",\"position\":1,\"name\":\"Startseite\",\"item\":\"https:\\\/\\\/fobizz.com\\\/de\\\/startpage\\\/\"},{\"@type\":\"ListItem\",\"position\":2,\"name\":\"Individualisierung im Unterricht: Theorie und Praxis f\u00fcr mehr Lernerfolg\"}]},{\"@type\":\"WebSite\",\"@id\":\"https:\\\/\\\/fobizz.com\\\/de\\\/#website\",\"url\":\"https:\\\/\\\/fobizz.com\\\/de\\\/\",\"name\":\"fobizz\",\"description\":\"AI &amp; digital Tools for Teachers\",\"publisher\":{\"@id\":\"https:\\\/\\\/fobizz.com\\\/de\\\/#organization\"},\"potentialAction\":[{\"@type\":\"SearchAction\",\"target\":{\"@type\":\"EntryPoint\",\"urlTemplate\":\"https:\\\/\\\/fobizz.com\\\/de\\\/?s={search_term_string}\"},\"query-input\":{\"@type\":\"PropertyValueSpecification\",\"valueRequired\":true,\"valueName\":\"search_term_string\"}}],\"inLanguage\":\"de\"},{\"@type\":\"Organization\",\"@id\":\"https:\\\/\\\/fobizz.com\\\/de\\\/#organization\",\"name\":\"fobizz\",\"url\":\"https:\\\/\\\/fobizz.com\\\/de\\\/\",\"logo\":{\"@type\":\"ImageObject\",\"inLanguage\":\"de\",\"@id\":\"https:\\\/\\\/fobizz.com\\\/de\\\/#\\\/schema\\\/logo\\\/image\\\/\",\"url\":\"https:\\\/\\\/fobizz.com\\\/wp-content\\\/uploads\\\/2023\\\/07\\\/fobi_autor_fobizz.png\",\"contentUrl\":\"https:\\\/\\\/fobizz.com\\\/wp-content\\\/uploads\\\/2023\\\/07\\\/fobi_autor_fobizz.png\",\"width\":200,\"height\":200,\"caption\":\"fobizz\"},\"image\":{\"@id\":\"https:\\\/\\\/fobizz.com\\\/de\\\/#\\\/schema\\\/logo\\\/image\\\/\"},\"sameAs\":[\"https:\\\/\\\/www.facebook.com\\\/fobizz\\\/\",\"https:\\\/\\\/x.com\\\/fobizz\",\"https:\\\/\\\/www.instagram.com\\\/fobizz_com\\\/\",\"https:\\\/\\\/www.youtube.com\\\/@fobizz702\",\"https:\\\/\\\/www.pinterest.de\\\/fobizz_com\"]},{\"@type\":\"Person\",\"@id\":\"https:\\\/\\\/fobizz.com\\\/de\\\/#\\\/schema\\\/person\\\/fcc6b83ede752d8b63c4495337574c94\",\"name\":\"Tanja Schneider\",\"image\":{\"@type\":\"ImageObject\",\"inLanguage\":\"de\",\"@id\":\"https:\\\/\\\/secure.gravatar.com\\\/avatar\\\/ce4e939698f613da9c8bdc4e540f5bd3fccc8187a4edc34f9ec7465dd6543125?s=96&d=mm&r=g\",\"url\":\"https:\\\/\\\/secure.gravatar.com\\\/avatar\\\/ce4e939698f613da9c8bdc4e540f5bd3fccc8187a4edc34f9ec7465dd6543125?s=96&d=mm&r=g\",\"contentUrl\":\"https:\\\/\\\/secure.gravatar.com\\\/avatar\\\/ce4e939698f613da9c8bdc4e540f5bd3fccc8187a4edc34f9ec7465dd6543125?s=96&d=mm&r=g\",\"caption\":\"Tanja Schneider\"},\"url\":\"https:\\\/\\\/fobizz.com\\\/de\\\/author\\\/tanja\\\/\"}]}<\/script>\n<!-- \/ Yoast SEO Premium plugin. -->","yoast_head_json":{"title":"Individualisierung im Unterricht: Theorie und Praxis f\u00fcr mehr Lernerfolg - fobizz","description":"Im Interview mit Andreas Terfloth erf\u00e4hrst du mehr \u00fcber Individualisierung im Unterricht, damit deine Sch\u00fcler:innen in ihrem Tempo lernen.","robots":{"index":"index","follow":"follow","max-snippet":"max-snippet:-1","max-image-preview":"max-image-preview:large","max-video-preview":"max-video-preview:-1"},"canonical":"https:\/\/fobizz.com\/de\/individualisierung-im-unterricht-theorie-und-praxis-fuer-mehr-lernerfolg\/","twitter_card":"summary_large_image","twitter_title":"Individualisierung im Unterricht: Theorie und Praxis f\u00fcr mehr Lernerfolg - fobizz","twitter_description":"Im Interview mit Andreas Terfloth erf\u00e4hrst du mehr \u00fcber Individualisierung im Unterricht, damit deine Sch\u00fcler:innen in ihrem Tempo lernen.","twitter_image":"https:\/\/fobizz.com\/wp-content\/uploads\/2024\/03\/Individualisierung-im-Unterricht-Theorie-und-Praxis-fuer-mehr-Lernerfolg-1-scaled.jpg","twitter_creator":"@fobizz","twitter_site":"@fobizz","twitter_misc":{"Verfasst von":"Tanja Schneider","Gesch\u00e4tzte Lesezeit":"9\u00a0Minuten"},"schema":{"@context":"https:\/\/schema.org","@graph":[{"@type":"Article","@id":"https:\/\/fobizz.com\/de\/individualisierung-im-unterricht-theorie-und-praxis-fuer-mehr-lernerfolg\/#article","isPartOf":{"@id":"https:\/\/fobizz.com\/de\/individualisierung-im-unterricht-theorie-und-praxis-fuer-mehr-lernerfolg\/"},"author":{"name":"Tanja Schneider","@id":"https:\/\/fobizz.com\/de\/#\/schema\/person\/fcc6b83ede752d8b63c4495337574c94"},"headline":"Individualisierung im Unterricht: Theorie und Praxis f\u00fcr mehr Lernerfolg","datePublished":"2024-04-04T09:08:25+00:00","mainEntityOfPage":{"@id":"https:\/\/fobizz.com\/de\/individualisierung-im-unterricht-theorie-und-praxis-fuer-mehr-lernerfolg\/"},"wordCount":7006,"publisher":{"@id":"https:\/\/fobizz.com\/de\/#organization"},"image":{"@id":"https:\/\/fobizz.com\/de\/individualisierung-im-unterricht-theorie-und-praxis-fuer-mehr-lernerfolg\/#primaryimage"},"thumbnailUrl":"https:\/\/fobizz.com\/wp-content\/uploads\/2024\/03\/Individualisierung-im-Unterricht-Theorie-und-Praxis-fuer-mehr-Lernerfolg-1-scaled.jpg","keywords":["digitale Medien","Digitales Lernen","Individualisierung im Unterricht","k\u00fcnstliche intelligenz"],"articleSection":["Innovative Methoden","Interview","K\u00fcnstliche Intelligenz","Lehrerbildung"],"inLanguage":"de"},{"@type":"WebPage","@id":"https:\/\/fobizz.com\/de\/individualisierung-im-unterricht-theorie-und-praxis-fuer-mehr-lernerfolg\/","url":"https:\/\/fobizz.com\/de\/individualisierung-im-unterricht-theorie-und-praxis-fuer-mehr-lernerfolg\/","name":"Individualisierung im Unterricht: Theorie und Praxis f\u00fcr mehr Lernerfolg - fobizz","isPartOf":{"@id":"https:\/\/fobizz.com\/de\/#website"},"primaryImageOfPage":{"@id":"https:\/\/fobizz.com\/de\/individualisierung-im-unterricht-theorie-und-praxis-fuer-mehr-lernerfolg\/#primaryimage"},"image":{"@id":"https:\/\/fobizz.com\/de\/individualisierung-im-unterricht-theorie-und-praxis-fuer-mehr-lernerfolg\/#primaryimage"},"thumbnailUrl":"https:\/\/fobizz.com\/wp-content\/uploads\/2024\/03\/Individualisierung-im-Unterricht-Theorie-und-Praxis-fuer-mehr-Lernerfolg-1-scaled.jpg","datePublished":"2024-04-04T09:08:25+00:00","description":"Im Interview mit Andreas Terfloth erf\u00e4hrst du mehr \u00fcber Individualisierung im Unterricht, damit deine Sch\u00fcler:innen in ihrem Tempo lernen.","breadcrumb":{"@id":"https:\/\/fobizz.com\/de\/individualisierung-im-unterricht-theorie-und-praxis-fuer-mehr-lernerfolg\/#breadcrumb"},"inLanguage":"de","potentialAction":[{"@type":"ReadAction","target":["https:\/\/fobizz.com\/de\/individualisierung-im-unterricht-theorie-und-praxis-fuer-mehr-lernerfolg\/"]}]},{"@type":"ImageObject","inLanguage":"de","@id":"https:\/\/fobizz.com\/de\/individualisierung-im-unterricht-theorie-und-praxis-fuer-mehr-lernerfolg\/#primaryimage","url":"https:\/\/fobizz.com\/wp-content\/uploads\/2024\/03\/Individualisierung-im-Unterricht-Theorie-und-Praxis-fuer-mehr-Lernerfolg-1-scaled.jpg","contentUrl":"https:\/\/fobizz.com\/wp-content\/uploads\/2024\/03\/Individualisierung-im-Unterricht-Theorie-und-Praxis-fuer-mehr-Lernerfolg-1-scaled.jpg","width":2560,"height":1440,"caption":"Individualisierung im Unterricht Theorie und Praxis f\u00fcr mehr Lernerfolg Bild Beitrag und FoBi"},{"@type":"BreadcrumbList","@id":"https:\/\/fobizz.com\/de\/individualisierung-im-unterricht-theorie-und-praxis-fuer-mehr-lernerfolg\/#breadcrumb","itemListElement":[{"@type":"ListItem","position":1,"name":"Startseite","item":"https:\/\/fobizz.com\/de\/startpage\/"},{"@type":"ListItem","position":2,"name":"Individualisierung im Unterricht: Theorie und Praxis f\u00fcr mehr Lernerfolg"}]},{"@type":"WebSite","@id":"https:\/\/fobizz.com\/de\/#website","url":"https:\/\/fobizz.com\/de\/","name":"fobizz","description":"AI &amp; digital Tools for Teachers","publisher":{"@id":"https:\/\/fobizz.com\/de\/#organization"},"potentialAction":[{"@type":"SearchAction","target":{"@type":"EntryPoint","urlTemplate":"https:\/\/fobizz.com\/de\/?s={search_term_string}"},"query-input":{"@type":"PropertyValueSpecification","valueRequired":true,"valueName":"search_term_string"}}],"inLanguage":"de"},{"@type":"Organization","@id":"https:\/\/fobizz.com\/de\/#organization","name":"fobizz","url":"https:\/\/fobizz.com\/de\/","logo":{"@type":"ImageObject","inLanguage":"de","@id":"https:\/\/fobizz.com\/de\/#\/schema\/logo\/image\/","url":"https:\/\/fobizz.com\/wp-content\/uploads\/2023\/07\/fobi_autor_fobizz.png","contentUrl":"https:\/\/fobizz.com\/wp-content\/uploads\/2023\/07\/fobi_autor_fobizz.png","width":200,"height":200,"caption":"fobizz"},"image":{"@id":"https:\/\/fobizz.com\/de\/#\/schema\/logo\/image\/"},"sameAs":["https:\/\/www.facebook.com\/fobizz\/","https:\/\/x.com\/fobizz","https:\/\/www.instagram.com\/fobizz_com\/","https:\/\/www.youtube.com\/@fobizz702","https:\/\/www.pinterest.de\/fobizz_com"]},{"@type":"Person","@id":"https:\/\/fobizz.com\/de\/#\/schema\/person\/fcc6b83ede752d8b63c4495337574c94","name":"Tanja Schneider","image":{"@type":"ImageObject","inLanguage":"de","@id":"https:\/\/secure.gravatar.com\/avatar\/ce4e939698f613da9c8bdc4e540f5bd3fccc8187a4edc34f9ec7465dd6543125?s=96&d=mm&r=g","url":"https:\/\/secure.gravatar.com\/avatar\/ce4e939698f613da9c8bdc4e540f5bd3fccc8187a4edc34f9ec7465dd6543125?s=96&d=mm&r=g","contentUrl":"https:\/\/secure.gravatar.com\/avatar\/ce4e939698f613da9c8bdc4e540f5bd3fccc8187a4edc34f9ec7465dd6543125?s=96&d=mm&r=g","caption":"Tanja Schneider"},"url":"https:\/\/fobizz.com\/de\/author\/tanja\/"}]}},"_links":{"self":[{"href":"https:\/\/fobizz.com\/de\/wp-json\/wp\/v2\/posts\/47765","targetHints":{"allow":["GET"]}}],"collection":[{"href":"https:\/\/fobizz.com\/de\/wp-json\/wp\/v2\/posts"}],"about":[{"href":"https:\/\/fobizz.com\/de\/wp-json\/wp\/v2\/types\/post"}],"author":[{"embeddable":true,"href":"https:\/\/fobizz.com\/de\/wp-json\/wp\/v2\/users\/31"}],"replies":[{"embeddable":true,"href":"https:\/\/fobizz.com\/de\/wp-json\/wp\/v2\/comments?post=47765"}],"version-history":[{"count":0,"href":"https:\/\/fobizz.com\/de\/wp-json\/wp\/v2\/posts\/47765\/revisions"}],"wp:featuredmedia":[{"embeddable":true,"href":"https:\/\/fobizz.com\/de\/wp-json\/wp\/v2\/media\/47791"}],"wp:attachment":[{"href":"https:\/\/fobizz.com\/de\/wp-json\/wp\/v2\/media?parent=47765"}],"wp:term":[{"taxonomy":"category","embeddable":true,"href":"https:\/\/fobizz.com\/de\/wp-json\/wp\/v2\/categories?post=47765"},{"taxonomy":"post_tag","embeddable":true,"href":"https:\/\/fobizz.com\/de\/wp-json\/wp\/v2\/tags?post=47765"}],"curies":[{"name":"wp","href":"https:\/\/api.w.org\/{rel}","templated":true}]}}