{"id":50443,"date":"2024-07-29T14:33:11","date_gmt":"2024-07-29T12:33:11","guid":{"rendered":"https:\/\/fobizz.com\/?p=50443"},"modified":"2024-07-29T14:40:42","modified_gmt":"2024-07-29T12:40:42","slug":"emojis_kommunikation_interview_karla_jean_wissel","status":"publish","type":"post","link":"https:\/\/fobizz.com\/de\/emojis_kommunikation_interview_karla_jean_wissel\/","title":{"rendered":"Wie Emojis unsere Kommunikation ver\u00e4ndern \u2013 ein Interview mit Karla-Jean v. Wissel"},"content":{"rendered":"<div id='av_section_1'  class='avia-section av-eir5bee-f6a443ca123d69dbfb2a029b8e0656d7 main_color avia-section-default avia-no-border-styling  avia-builder-el-0  el_before_av_section  avia-builder-el-first  newdesign_hero-banner avia-bg-style-scroll container_wrap sidebar_right'  ><div class='container av-section-cont-open' ><main  role=\"main\" itemprop=\"mainContentOfPage\"  class='template-page content  av-content-small alpha units'><div class='post-entry post-entry-type-page post-entry-50443'><div class='entry-content-wrapper clearfix'>\n<div  class='flex_column av-e4mvk9i-5dde06b42d139061d333d345db48c3b0 av_three_fifth  avia-builder-el-1  el_before_av_two_fifth  avia-builder-el-first  first flex_column_div  '     ><section  class='av_textblock_section av-dodsw3a-cda541a0ecb986df2b8812bbd03b119f '   itemscope=\"itemscope\" itemtype=\"https:\/\/schema.org\/BlogPosting\" itemprop=\"blogPost\" ><div class='avia_textblock newdesign_h1'  itemprop=\"text\" ><h1><em>Wie Emojis unsere Kommunikation ver\u00e4ndern <\/em> \u2013 ein Interview mit Karla-Jean v. Wissel<\/h1>\n<\/div><\/section><br \/>\n<div  class='av-post-metadata-container av-1bojq9i-807599426f9f8231590709e0b9f8cdb5 av-metadata-container-align-left  avia-builder-el-3  el_after_av_textblock  el_before_av_textblock  av-metadata-container-1'><div class='av-post-metadata-container-inner'><span class=\"av-post-metadata-content av-post-metadata-meta-content\"><span class=\"av-post-metadata-content av-post-metadata-category\"><span class=\"av-post-metadata-category-link\" ><a href=\"https:\/\/fobizz.com\/de\/category\/interview\/\" >Interview<\/a><\/span><\/span><\/span><\/div><\/div><br \/>\n<section  class='av_textblock_section av-c2pdipi-c6c5ceb0d0a557ee5a3f403285b5c098 '   itemscope=\"itemscope\" itemtype=\"https:\/\/schema.org\/BlogPosting\" itemprop=\"blogPost\" ><div class='avia_textblock'  itemprop=\"text\" ><p>Erfahre von <span style=\"font-weight: 400;\">Karla-Jean v. Wissel, wie Emojis unsere Kommunikation beeinflussen, welche kulturellen Unterschiede bei den Emojis bestehen und was japanische Mangas damit zu tun haben. Karla-Jean ist Autorin des Buches\u00a0Face with<a href=\"https:\/\/ankerwechsel.de\/shop\/face-with-tears-of-joy-eine-graphicnovel-ueber-emojis-und-kommunikation\/\" target=\"_blank\" rel=\"noopener\"><strong> Tears of Joy: Eine Graphicnovel \u00fcber Emojis und Kommunikation.<\/strong><\/a><br \/>\n<\/span><\/p>\n<\/div><\/section><br \/>\n<div  class='av-post-metadata-container av-bo3wc6u-ca5d6c8c90e7175044f147904fd0abed av-metadata-container-align-left  avia-builder-el-5  el_after_av_textblock  avia-builder-el-last  av-metadata-container-2'><div class='av-post-metadata-container-inner'><span class=\"av-post-metadata-content av-post-metadata-meta-content\"><span class=\"av-post-metadata-content av-post-metadata-published\"><span class=\"av-post-metadata-published-date\" >29. Juli 2024<\/span><\/span><\/span><\/div><\/div><\/p><\/div><div  class='flex_column av-aw16vna-0f0aaa74146acd04a29ff8a3309454e7 av_two_fifth  avia-builder-el-6  el_after_av_three_fifth  avia-builder-el-last  flex_column_div  '     ><style type=\"text\/css\" data-created_by=\"avia_inline_auto\" id=\"style-css-av-a6ahok6-ca235f48126e5685f04742727bf4e465\">\n.avia-image-container.av-a6ahok6-ca235f48126e5685f04742727bf4e465 img.avia_image{\nbox-shadow:none;\n}\n.avia-image-container.av-a6ahok6-ca235f48126e5685f04742727bf4e465 .av-image-caption-overlay-center{\ncolor:#ffffff;\n}\n<\/style>\n<div  class='avia-image-container av-a6ahok6-ca235f48126e5685f04742727bf4e465 av-styling- avia-align-center  avia-builder-el-7  avia-builder-el-no-sibling '   itemprop=\"image\" itemscope=\"itemscope\" itemtype=\"https:\/\/schema.org\/ImageObject\" ><div class=\"avia-image-container-inner\"><div class=\"avia-image-overlay-wrap\"><img fetchpriority=\"high\" class='wp-image-50448 avia-img-lazy-loading-not-50448 avia_image ' src='https:\/\/fobizz.com\/wp-content\/uploads\/2024\/07\/Vorschau_Face-with-Tears-of-Joy_Karla-Jean-v-Wissel_Ankerwechsel_Graphicnovel_mitschatten_braun-1030x1030.jpg' alt='2 Exemplare eines Buches \u00fcber Emojis und Kommunikation' title='Vorschau_Face with Tears of Joy_Karla-Jean v Wissel_Ankerwechsel_Graphicnovel_mitschatten_braun'  height=\"1030\" width=\"1030\"  itemprop=\"thumbnailUrl\"  \/><\/div><\/div><\/div><\/div>\n\n<\/div><\/div><\/main><!-- close content main element --><\/div><\/div><div id='av_section_2'  class='avia-section av-lki5bpbh-e1fa8b13f9f91fa663cb352f947527b5 main_color avia-section-no-padding avia-no-border-styling  avia-builder-el-8  el_after_av_section  el_before_av_section  avia-bg-style-scroll container_wrap sidebar_right'  ><div class='container av-section-cont-open' ><div class='template-page content  av-content-small alpha units'><div class='post-entry post-entry-type-page post-entry-50443'><div class='entry-content-wrapper clearfix'>\n<div  class='hr av-u7y9rq-cfb56aa357fd8d2b7b9e320c7c57a7b7 hr-default  avia-builder-el-9  avia-builder-el-no-sibling '><span class='hr-inner '><span class=\"hr-inner-style\"><\/span><\/span><\/div>\n\n<\/div><\/div><\/div><!-- close content main div --><\/div><\/div><div id='av_section_3'  class='avia-section av-9rd3txy-ee48d1bd13eb0f10d75e59d5c54ce464 main_color avia-section-default avia-no-border-styling  avia-builder-el-10  el_after_av_section  el_before_av_section  newdesign-post-content avia-bg-style-scroll container_wrap sidebar_right'  ><div class='container av-section-cont-open' ><div class='template-page content  av-content-small alpha units'><div class='post-entry post-entry-type-page post-entry-50443'><div class='entry-content-wrapper clearfix'>\n<div  class='flex_column av-9jhahva-f99c4325d9cff142474261deb35a132a av_one_full  avia-builder-el-11  avia-builder-el-no-sibling  first flex_column_div  '     ><section  class='av_textblock_section av-8s5o9cm-a9c5d03d8f30b5cc3c0b5f422d4a70d5 '   itemscope=\"itemscope\" itemtype=\"https:\/\/schema.org\/BlogPosting\" itemprop=\"blogPost\" ><div class='avia_textblock'  itemprop=\"text\" ><h2><strong>Liebe Karla-Jean, Emojis sind aus unserem Alltag nicht mehr wegzudenken. Wer in seinen Kurznachrichten keine benutzt, gilt schon fast als unfreundlich. Wie bist du auf die Idee gekommen, ein Buch \u00fcber Emojis zu schreiben?<br \/>\n<\/strong><\/h2>\n<p><strong> Karla-Jean v. Wissel: <\/strong>Ich habe mich mit der Darstellung von Gesichtsausdr\u00fccken besch\u00e4ftigt und dabei gemerkt, wie pr\u00e4sent die Auswahl der Smiley-Emojis bei mir ist. Diese Beobachtung hat meine Neugier geweckt: Was beeinflusst mich hier so sehr? Und nicht nur mich; Emojis haben sich weltweit in unsere Kommunikation eingeschlichen, viele Menschen wissen gar nicht, woher sie kommen, wer \u00fcber ihre Gestaltung und Auswahl entscheidet und wie sie unsere Ausdrucksweise ver\u00e4ndern. Dem wollte ich auf den Grund gehen und habe angefangen meine Gedanken zu sammeln und zu recherchieren.<\/p>\n<h2><\/h2>\n<h2><strong>Kannst du uns mehr \u00fcber die Geschichte der Emojis erz\u00e4hlen? Wie sind die Menschen auf die Idee gekommen, lustige Gesichter und andere Zeichen zu verschicken?<br \/>\n<\/strong><\/h2>\n<p><strong> Karla-Jean v. Wissel: <\/strong>Emojis existieren meistens in Kombination mit Text, \u00e4hnlich wie Postkarten, die mit Zeichnungen ausgeschm\u00fcckt wurden. Das Bed\u00fcrfnis, Text mit einer bildlichen Ebene zu erweitern, gibt es schon lange. Vor den Emojis wurden schon Emoticons und Kaomojis daf\u00fcr verwendet, die typografische Zeichen aus verschiedenen Schriftsystemen nutzen, um Gesichter und Figuren darzustellen, wie das klassische L\u00e4cheln: \u201c:-)\u201d oder \u201c(^_^)\u201d. Sie sind n\u00fctzlich, um Ironie und Sarkasmus online auszudr\u00fccken, wo Tonalit\u00e4t, Mimik und Gestik fehlen, aber auch, um verspielte Individualit\u00e4t zeigen zu k\u00f6nnen. Die erste Tastatur mit Emojis wurde in Japan entwickelt. Die Idee wurde von amerikanischen Tech-Unternehmen \u00fcbernommen und St\u00fcck f\u00fcr St\u00fcck weltweit zug\u00e4nglich gemacht. Die Emojis, die uns 2010 zur Verf\u00fcgung standen, waren ein wildes Wirrwarr aus japanischen und amerikanischen Kulturzeichen.<\/p>\n<\/div><\/section><\/div><\/div><\/div><\/div><!-- close content main div --><\/div><\/div>\n<style type=\"text\/css\" data-created_by=\"avia_inline_auto\" id=\"style-css-av-31r2uu-c77e6d6b2f2e697f4f24ddf00a98ee0f\">\n.avia-section.av-31r2uu-c77e6d6b2f2e697f4f24ddf00a98ee0f{\nbackground-color:#d2f0f1;\nbackground-image:unset;\n}\n<\/style>\n<div id='av_section_4'  class='avia-section av-31r2uu-c77e6d6b2f2e697f4f24ddf00a98ee0f main_color avia-section-default avia-no-border-styling  avia-builder-el-13  el_after_av_section  el_before_av_section  newdesign_image_content avia-bg-style-scroll container_wrap sidebar_right'  ><div class='container av-section-cont-open' ><div class='template-page content  av-content-small alpha units'><div class='post-entry post-entry-type-page post-entry-50443'><div class='entry-content-wrapper clearfix'>\n\n<style type=\"text\/css\" data-created_by=\"avia_inline_auto\" id=\"style-css-av-7yelg2e-63fb56a8a1672cd89c5d15f8e85f1c96\">\n.flex_column.av-7yelg2e-63fb56a8a1672cd89c5d15f8e85f1c96{\nborder-radius:0px 0px 0px 0px;\npadding:0px 0px 0px 0px;\n}\n<\/style>\n<div  class='flex_column av-7yelg2e-63fb56a8a1672cd89c5d15f8e85f1c96 av_two_fifth  avia-builder-el-14  el_before_av_three_fifth  avia-builder-el-first  newdesign_image-column first flex_column_div av-zero-column-padding  '     ><style type=\"text\/css\" data-created_by=\"avia_inline_auto\" id=\"style-css-av-7qlra0m-4915d22896136893b657b627637e54f5\">\n.avia-image-container.av-7qlra0m-4915d22896136893b657b627637e54f5 img.avia_image{\nbox-shadow:none;\n}\n.avia-image-container.av-7qlra0m-4915d22896136893b657b627637e54f5 .av-image-caption-overlay-center{\ncolor:#ffffff;\n}\n<\/style>\n<div  class='avia-image-container av-7qlra0m-4915d22896136893b657b627637e54f5 av-styling- avia-align-center  avia-builder-el-15  avia-builder-el-no-sibling '   itemprop=\"image\" itemscope=\"itemscope\" itemtype=\"https:\/\/schema.org\/ImageObject\" ><div class=\"avia-image-container-inner\"><div class=\"avia-image-overlay-wrap\"><img fetchpriority=\"high\" class='wp-image-50446 avia-img-lazy-loading-not-50446 avia_image ' src='https:\/\/fobizz.com\/wp-content\/uploads\/2024\/07\/Karla_Jean_Wissel-1030x687.jpg' alt='Portrait der Autorin Jean Wissel' title='Karla_Jean_Wissel'  height=\"687\" width=\"1030\"  itemprop=\"thumbnailUrl\"  \/><\/div><\/div><\/div><\/div>\n<style type=\"text\/css\" data-created_by=\"avia_inline_auto\" id=\"style-css-av-72weonq-0dae27df0051ac132c56c33197135001\">\n.flex_column.av-72weonq-0dae27df0051ac132c56c33197135001{\nborder-radius:0 0 0 0;\npadding:0px 0px 0px 0px;\n}\n<\/style>\n<div  class='flex_column av-72weonq-0dae27df0051ac132c56c33197135001 av_three_fifth  avia-builder-el-16  el_after_av_two_fifth  avia-builder-el-last  flex_column_div av-zero-column-padding  '     ><section  class='av_textblock_section av-nwgjiu-3e1910331b95b3d268b80daf9c3a5735 '   itemscope=\"itemscope\" itemtype=\"https:\/\/schema.org\/BlogPosting\" itemprop=\"blogPost\" ><div class='avia_textblock newdesign_post_author-info'  itemprop=\"text\" ><p><strong>Karla-Jean v. Wissel<\/strong> ist eine Comic-K\u00fcnstlerin und Illustratorin aus K\u00f6ln. Sie studierte Illustration an der Hochschule f\u00fcr angewandte Wissenschaften in Hamburg und an der LUCA School of Arts in Gent, Belgien. Heute ist sie Fan davon, sich in ein Thema einzuarbeiten und Wissen auf erz\u00e4hlerische Weise leichter zug\u00e4nglich zu machen. Sie lebt in Berlin.<\/p>\n<\/div><\/section><\/div>\n<\/p>\n<\/div><\/div><\/div><!-- close content main div --><\/div><\/div><div id='av_section_5'  class='avia-section av-6aq4mhi-0dd008385e879da7291aa42b767e659d main_color avia-section-default avia-no-border-styling  avia-builder-el-18  el_after_av_section  el_before_av_section  newdesign-post-content avia-bg-style-scroll container_wrap sidebar_right'  ><div class='container av-section-cont-open' ><div class='template-page content  av-content-small alpha units'><div class='post-entry post-entry-type-page post-entry-50443'><div class='entry-content-wrapper clearfix'>\n<div  class='flex_column av-x07sqq-dbe4b246d0c647297f767b603797e5c7 av_one_full  avia-builder-el-19  el_before_av_hr  avia-builder-el-first  first flex_column_div  '     ><p>\n<style type=\"text\/css\" data-created_by=\"avia_inline_auto\" id=\"style-css-av-ltzmounx-d210520722c08e19af085eee62ee7214\">\n#top .hr.hr-invisible.av-ltzmounx-d210520722c08e19af085eee62ee7214{\nheight:30px;\n}\n<\/style>\n<div  class='hr av-ltzmounx-d210520722c08e19af085eee62ee7214 hr-invisible  avia-builder-el-20  el_before_av_textblock  avia-builder-el-first '><span class='hr-inner '><span class=\"hr-inner-style\"><\/span><\/span><\/div><br \/>\n<section  class='av_textblock_section av-ltzg15ff-fa5a80ed6c1215c0e1b22efa0898441c '   itemscope=\"itemscope\" itemtype=\"https:\/\/schema.org\/BlogPosting\" itemprop=\"blogPost\" ><div class='avia_textblock'  itemprop=\"text\" ><h2><strong>Hast du w\u00e4hrend des Schreibprozesses lustige Fakten \u00fcber Emojis herausgefunden? Gibt es zum Beispiel l\u00e4nderspezifische Unterschiede, welche Emojis verschickt werden?<\/strong><\/h2>\n<p><strong><br \/>\nKarla-Jean v. Wissel: <\/strong>Viele Emojis wurzeln im japanischen Manga und werden in westlichen L\u00e4ndern ganz anders interpretiert. Allein ein L\u00e4cheln wird kulturell anders dargestellt, wie man am westlichen Emoticon \u201c:-)\u201d im Vergleich zum japanischen Kaomoji \u201c(^_^)\u201d sehen kann. Auch Handgesten haben oft kulturell sehr unterschiedliche Bedeutungen. Es ist auch interessant, sich die Liste der am wenigsten genutzten Emojis anzusehen. Dort findet sich viel veraltete Technik wieder. Heute braucht zum Beispiel kaum jemand mehr das Disketten-Emoji \ud83d\udcbe.<\/p>\n<h2><strong>Inwiefern haben Emojis unsere Kommunikation ver\u00e4ndert?<\/strong><\/h2>\n<p><strong>Karla-Jean v. Wissel: <\/strong>Emojis haben unserer textlichen Kommunikation eine neue visuelle Ebene hinzugef\u00fcgt, die es erm\u00f6glicht, Stimmungen, Nuancen und Individualit\u00e4t schneller und manchmal pr\u00e4ziser auszudr\u00fccken als mit Text allein. Obwohl sie Gestik und Mimik eines pers\u00f6nlichen Gespr\u00e4chs nicht ersetzen k\u00f6nnen, bieten sie eine wertvolle Erg\u00e4nzung. Sie k\u00f6nnen aber auch Missverst\u00e4ndnisse hervorrufen, sowohl auf individueller als auch auf kultureller Ebene.<\/p>\n<p>Die Besch\u00e4ftigung mit Emojis und ihrem Einfluss auf unsere Kommunikation f\u00f6rdert ein grundlegendes Verst\u00e4ndnis f\u00fcr Informatik und Medienkompetenz. Es ist wichtig, sich der Mechanismen der Online-Kommunikation bewusst zu sein, um verschiedene Perspektiven zu verstehen und kritisch gegen\u00fcber den kapitalistischen Strukturen und Monopolstellungen der Tech-Unternehmen zu bleiben. Dieses Bewusstsein tr\u00e4gt zu einem tieferen Verst\u00e4ndnis unserer digitalen Umwelt bei und st\u00e4rkt die F\u00e4higkeit, sich kompetent und reflektiert in dieser Welt zu bewegen.<\/p>\n<h2><strong>Wenn du den Inhalt deines Buches mit Emojis beschreiben m\u00fcsstest, welche w\u00fcrdest du w\u00e4hlen?<\/strong><\/h2>\n<p><strong> Karla-Jean v. Wissel: <\/strong><\/p>\n<p>\ud83d\ude42\ud83e\udee7\ud83d\udd2c\ud83d\udcad\ud83d\udca1\ud83c\udf31<\/p>\n<p>oder so:<br \/>\n\ud83e\udd13\ud83d\udcd4\ud83e\uded6\ud83d\udecb\ufe0f\ud83d\udd50\ud83d\udd51\ud83d\udd52\ud83d\udd53\ud83d\udd54\ud83d\udd55\ud83d\udd56\ud83d\udd57\ud83d\udd59\ud83d\udd5a\ud83d\udd5b\ud83d\udd5c\ud83d\udd5d\ud83d\udd5e\ud83d\udd5f\ud83d\udd60\ud83d\udd61\ud83d\udd62\ud83d\udd63\ud83d\udd64\ud83d\udd65\ud83d\udd66\ud83d\udd67<\/p>\n<p>Dann habe ich endlich mal eine M\u00f6glichkeit gefunden, ALLE Uhr-Emojis zu nutzen.<\/p>\n<\/div><\/section><\/p><\/div><div  class='hr av-ked2aq-59e3257e75977e9ec902a8bdd3534ed1 hr-default  avia-builder-el-22  el_after_av_one_full  avia-builder-el-last '><span class='hr-inner '><span class=\"hr-inner-style\"><\/span><\/span><\/div>\n\n<\/div><\/div><\/div><!-- close content main div --><\/div><\/div><div id='av_section_6'  class='avia-section av-1hqzo46-ca15d9ca3d7cb81f1898d146f4a869e9 main_color avia-section-default avia-no-border-styling  avia-builder-el-23  el_after_av_section  avia-builder-el-last  newdesign_posts-slider avia-bg-style-scroll container_wrap sidebar_right'  ><div class='container av-section-cont-open' ><div class='template-page content  av-content-small alpha units'><div class='post-entry post-entry-type-page post-entry-50443'><div class='entry-content-wrapper clearfix'>\n\n<style type=\"text\/css\" data-created_by=\"avia_inline_auto\" id=\"style-css-av-1as5qye-37422d65fa94940213daf0748dc1ff8f\">\n#top .av-special-heading.av-1as5qye-37422d65fa94940213daf0748dc1ff8f{\npadding-bottom:10px;\n}\nbody .av-special-heading.av-1as5qye-37422d65fa94940213daf0748dc1ff8f .av-special-heading-tag .heading-char{\nfont-size:25px;\n}\n.av-special-heading.av-1as5qye-37422d65fa94940213daf0748dc1ff8f .av-subheading{\nfont-size:15px;\n}\n<\/style>\n<div  class='av-special-heading av-1as5qye-37422d65fa94940213daf0748dc1ff8f av-special-heading-h2  avia-builder-el-24  el_before_av_postslider  avia-builder-el-first '><h2 class='av-special-heading-tag '  itemprop=\"headline\"  >Weitere Blogartikel<\/h2><div class=\"special-heading-border\"><div class=\"special-heading-inner-border\"><\/div><\/div><\/div>\n<div  data-slideshow-options=\"{&quot;animation&quot;:&quot;fade&quot;,&quot;autoplay&quot;:false,&quot;loop_autoplay&quot;:&quot;once&quot;,&quot;interval&quot;:&quot;5&quot;,&quot;loop_manual&quot;:&quot;manual-endless&quot;,&quot;autoplay_stopper&quot;:false,&quot;noNavigation&quot;:false,&quot;show_slide_delay&quot;:90}\" class='avia-content-slider avia-content-slider-active avia-content-slider1 avia-content-slider-odd  avia-builder-el-25  el_after_av_heading  avia-builder-el-last  av-slideshow-ui av-control-default   av-no-slider-navigation av-slideshow-manual av-loop-once av-loop-manual-endless '  itemscope=\"itemscope\" itemtype=\"https:\/\/schema.org\/Blog\" ><div class=\"avia-content-slider-inner\"><div class=\"slide-entry-wrap\"><article class='slide-entry flex_column  post-entry post-entry-59483 slide-entry-overview slide-loop-1 slide-parity-odd  av_one_third first real-thumbnail posttype-post post-format-standard'  itemscope=\"itemscope\" itemtype=\"https:\/\/schema.org\/BlogPosting\" itemprop=\"blogPost\" ><a href='https:\/\/fobizz.com\/de\/schule_mit_kopf_herz_hand_ki\/' data-rel='slide-1' class='slide-image' title='Schule mit Kopf, Herz, Hand und KI  \u2013 Interview mit Johannes Claassen'><img decoding=\"async\" fetchpriority=\"high\" width=\"495\" height=\"400\" src=\"https:\/\/fobizz.com\/wp-content\/uploads\/2026\/04\/Buch_KI_Herz_Hand-495x400.jpeg\" class=\"wp-image-59488 avia-img-lazy-loading-not-59488 attachment-portfolio size-portfolio wp-post-image\" alt=\"\" \/><\/a><div class=\"slide-content\"><header class=\"entry-content-header\"><h3 class='slide-entry-title entry-title '  itemprop=\"headline\" ><a href='https:\/\/fobizz.com\/de\/schule_mit_kopf_herz_hand_ki\/' title='Schule mit Kopf, Herz, Hand und KI  \u2013 Interview mit Johannes Claassen'>Schule mit Kopf, Herz, Hand und KI  \u2013 Interview mit Johannes Claassen<\/a><\/h3><span class=\"blog-categories minor-meta\"><a href=\"https:\/\/fobizz.com\/de\/category\/digitale-bildung\/\" rel=\"tag\">Digitale Bildung<\/a>, <a href=\"https:\/\/fobizz.com\/de\/category\/interview\/\" rel=\"tag\">Interview<\/a>, <a href=\"https:\/\/fobizz.com\/de\/category\/lehrerbildung\/\" rel=\"tag\">Lehrerbildung<\/a> <\/span><span class=\"av-vertical-delimiter\"><\/span><\/header><div class='slide-entry-excerpt entry-content'  itemprop=\"text\" ><div class=\"excerpt-text\">KI ver\u00e4ndert unser Bildungssystem \u2013 doch wie k\u00f6nnen wir unsere Schule mit zunehmender Technologie noch menschlicher machen?<\/div><div class='time-wrap'><time class='slide-meta-time updated'  itemprop=\"datePublished\" datetime=\"2026-04-10T10:51:03+02:00\" >10. April 2026<\/time><\/div><div class=\"read-more-link\"><a href=\"https:\/\/fobizz.com\/de\/schule_mit_kopf_herz_hand_ki\/\" class=\"more-link\">Weiterlesen<\/a><\/div><\/div><\/div><span class='hidden'>\n\t\t\t\t<span class='av-structured-data'  itemprop=\"image\" itemscope=\"itemscope\" itemtype=\"https:\/\/schema.org\/ImageObject\" >\n\t\t\t\t\t\t<span itemprop='url'>https:\/\/fobizz.com\/wp-content\/uploads\/2026\/04\/Buch_KI_Herz_Hand.jpeg<\/span>\n\t\t\t\t\t\t<span itemprop='height'>481<\/span>\n\t\t\t\t\t\t<span itemprop='width'>587<\/span>\n\t\t\t\t<\/span>\n\t\t\t\t<span class='av-structured-data'  itemprop=\"publisher\" itemtype=\"https:\/\/schema.org\/Organization\" itemscope=\"itemscope\" >\n\t\t\t\t\t\t<span itemprop='name'>Michelle<\/span>\n\t\t\t\t\t\t<span itemprop='logo' itemscope itemtype='https:\/\/schema.org\/ImageObject'>\n\t\t\t\t\t\t\t<span itemprop='url'>https:\/\/fobizz.com\/wp-content\/uploads\/2024\/01\/fobizz_logo-min-495x244.png<\/span>\n\t\t\t\t\t\t<\/span>\n\t\t\t\t<\/span><span class='av-structured-data'  itemprop=\"author\" itemscope=\"itemscope\" itemtype=\"https:\/\/schema.org\/Person\" ><span itemprop='name'>Michelle<\/span><\/span><span class='av-structured-data'  itemprop=\"datePublished\" datetime=\"2024-07-29T14:33:11+02:00\" >2026-04-10 10:51:03<\/span><span class='av-structured-data'  itemprop=\"dateModified\" itemtype=\"https:\/\/schema.org\/dateModified\" >2026-04-10 10:51:03<\/span><span class='av-structured-data'  itemprop=\"mainEntityOfPage\" itemtype=\"https:\/\/schema.org\/mainEntityOfPage\" ><span itemprop='name'>Schule mit Kopf, Herz, Hand und KI  \u2013 Interview mit Johannes Claassen<\/span><\/span><\/span><\/article><article class='slide-entry flex_column  post-entry post-entry-59437 slide-entry-overview slide-loop-2 slide-parity-even  av_one_third  real-thumbnail posttype-post post-format-standard'  itemscope=\"itemscope\" itemtype=\"https:\/\/schema.org\/BlogPosting\" itemprop=\"blogPost\" ><a href='https:\/\/fobizz.com\/de\/kinder-mit-traumaerfahrung-verstehen-und-begleiten\/' data-rel='slide-1' class='slide-image' title='Kinder mit Traumaerfahrung verstehen und begleiten'><img decoding=\"async\" fetchpriority=\"high\" width=\"495\" height=\"400\" src=\"https:\/\/fobizz.com\/wp-content\/uploads\/2026\/04\/Kinder-mit-Traumaerfahrung-verstehen-und-begleiten-495x400.jpg\" class=\"wp-image-59441 avia-img-lazy-loading-not-59441 attachment-portfolio size-portfolio wp-post-image\" alt=\"\" \/><\/a><div class=\"slide-content\"><header class=\"entry-content-header\"><h3 class='slide-entry-title entry-title '  itemprop=\"headline\" ><a href='https:\/\/fobizz.com\/de\/kinder-mit-traumaerfahrung-verstehen-und-begleiten\/' title='Kinder mit Traumaerfahrung verstehen und begleiten'>Kinder mit Traumaerfahrung verstehen und begleiten<\/a><\/h3><span class=\"blog-categories minor-meta\"><a href=\"https:\/\/fobizz.com\/de\/category\/interview\/\" rel=\"tag\">Interview<\/a>, <a href=\"https:\/\/fobizz.com\/de\/category\/lehrerbildung\/\" rel=\"tag\">Lehrerbildung<\/a>, <a href=\"https:\/\/fobizz.com\/de\/category\/nachhaltige-entwicklung\/\" rel=\"tag\">Nachhaltige Entwicklung<\/a> <\/span><span class=\"av-vertical-delimiter\"><\/span><\/header><div class='slide-entry-excerpt entry-content'  itemprop=\"text\" ><div class=\"excerpt-text\">Erfahre im Interview mit Feline Lunge, wie du deinen Unterricht traumasensibel gestalten kannst.<\/div><div class='time-wrap'><time class='slide-meta-time updated'  itemprop=\"datePublished\" datetime=\"2026-04-09T10:47:47+02:00\" >9. April 2026<\/time><\/div><div class=\"read-more-link\"><a href=\"https:\/\/fobizz.com\/de\/kinder-mit-traumaerfahrung-verstehen-und-begleiten\/\" class=\"more-link\">Weiterlesen<\/a><\/div><\/div><\/div><span class='hidden'>\n\t\t\t\t<span class='av-structured-data'  itemprop=\"image\" itemscope=\"itemscope\" itemtype=\"https:\/\/schema.org\/ImageObject\" >\n\t\t\t\t\t\t<span itemprop='url'>https:\/\/fobizz.com\/wp-content\/uploads\/2026\/04\/Kinder-mit-Traumaerfahrung-verstehen-und-begleiten.jpg<\/span>\n\t\t\t\t\t\t<span itemprop='height'>500<\/span>\n\t\t\t\t\t\t<span itemprop='width'>800<\/span>\n\t\t\t\t<\/span>\n\t\t\t\t<span class='av-structured-data'  itemprop=\"publisher\" itemtype=\"https:\/\/schema.org\/Organization\" itemscope=\"itemscope\" >\n\t\t\t\t\t\t<span itemprop='name'>Tanja Schneider<\/span>\n\t\t\t\t\t\t<span itemprop='logo' itemscope itemtype='https:\/\/schema.org\/ImageObject'>\n\t\t\t\t\t\t\t<span itemprop='url'>https:\/\/fobizz.com\/wp-content\/uploads\/2024\/01\/fobizz_logo-min-495x244.png<\/span>\n\t\t\t\t\t\t<\/span>\n\t\t\t\t<\/span><span class='av-structured-data'  itemprop=\"author\" itemscope=\"itemscope\" itemtype=\"https:\/\/schema.org\/Person\" ><span itemprop='name'>Tanja Schneider<\/span><\/span><span class='av-structured-data'  itemprop=\"datePublished\" datetime=\"2024-07-29T14:33:11+02:00\" >2026-04-09 10:47:47<\/span><span class='av-structured-data'  itemprop=\"dateModified\" itemtype=\"https:\/\/schema.org\/dateModified\" >2026-04-09 11:19:32<\/span><span class='av-structured-data'  itemprop=\"mainEntityOfPage\" itemtype=\"https:\/\/schema.org\/mainEntityOfPage\" ><span itemprop='name'>Kinder mit Traumaerfahrung verstehen und begleiten<\/span><\/span><\/span><\/article><article class='slide-entry flex_column  post-entry post-entry-59456 slide-entry-overview slide-loop-3 slide-parity-odd  av_one_third  real-thumbnail posttype-post post-format-standard'  itemscope=\"itemscope\" itemtype=\"https:\/\/schema.org\/BlogPosting\" itemprop=\"blogPost\" ><a href='https:\/\/fobizz.com\/de\/grundschulalltag-diskriminierungskritisch-gestalten\/' data-rel='slide-1' class='slide-image' title='Grundschulalltag diskriminierungskritisch gestalten'><img decoding=\"async\" fetchpriority=\"high\" width=\"495\" height=\"400\" src=\"https:\/\/fobizz.com\/wp-content\/uploads\/2026\/04\/Grundschulalltag-diskriminierungskritisch-gestalten-495x400.jpg\" class=\"wp-image-59457 avia-img-lazy-loading-not-59457 attachment-portfolio size-portfolio wp-post-image\" alt=\"\" \/><\/a><div class=\"slide-content\"><header class=\"entry-content-header\"><h3 class='slide-entry-title entry-title '  itemprop=\"headline\" ><a href='https:\/\/fobizz.com\/de\/grundschulalltag-diskriminierungskritisch-gestalten\/' title='Grundschulalltag diskriminierungskritisch gestalten'>Grundschulalltag diskriminierungskritisch gestalten<\/a><\/h3><span class=\"blog-categories minor-meta\"><a href=\"https:\/\/fobizz.com\/de\/category\/interview\/\" rel=\"tag\">Interview<\/a>, <a href=\"https:\/\/fobizz.com\/de\/category\/lehrerbildung\/\" rel=\"tag\">Lehrerbildung<\/a>, <a href=\"https:\/\/fobizz.com\/de\/category\/nachhaltige-entwicklung\/\" rel=\"tag\">Nachhaltige Entwicklung<\/a> <\/span><span class=\"av-vertical-delimiter\"><\/span><\/header><div class='slide-entry-excerpt entry-content'  itemprop=\"text\" ><div class=\"excerpt-text\">Erfahre im Interview mit Anna Lena Lutz, warum du deinen Schulalltag diskriminierungskritisch gestalten solltest.<\/div><div class='time-wrap'><time class='slide-meta-time updated'  itemprop=\"datePublished\" datetime=\"2026-04-09T10:45:31+02:00\" >9. April 2026<\/time><\/div><div class=\"read-more-link\"><a href=\"https:\/\/fobizz.com\/de\/grundschulalltag-diskriminierungskritisch-gestalten\/\" class=\"more-link\">Weiterlesen<\/a><\/div><\/div><\/div><span class='hidden'>\n\t\t\t\t<span class='av-structured-data'  itemprop=\"image\" itemscope=\"itemscope\" itemtype=\"https:\/\/schema.org\/ImageObject\" >\n\t\t\t\t\t\t<span itemprop='url'>https:\/\/fobizz.com\/wp-content\/uploads\/2026\/04\/Grundschulalltag-diskriminierungskritisch-gestalten.jpg<\/span>\n\t\t\t\t\t\t<span itemprop='height'>500<\/span>\n\t\t\t\t\t\t<span itemprop='width'>800<\/span>\n\t\t\t\t<\/span>\n\t\t\t\t<span class='av-structured-data'  itemprop=\"publisher\" itemtype=\"https:\/\/schema.org\/Organization\" itemscope=\"itemscope\" >\n\t\t\t\t\t\t<span itemprop='name'>Tanja Schneider<\/span>\n\t\t\t\t\t\t<span itemprop='logo' itemscope itemtype='https:\/\/schema.org\/ImageObject'>\n\t\t\t\t\t\t\t<span itemprop='url'>https:\/\/fobizz.com\/wp-content\/uploads\/2024\/01\/fobizz_logo-min-495x244.png<\/span>\n\t\t\t\t\t\t<\/span>\n\t\t\t\t<\/span><span class='av-structured-data'  itemprop=\"author\" itemscope=\"itemscope\" itemtype=\"https:\/\/schema.org\/Person\" ><span itemprop='name'>Tanja Schneider<\/span><\/span><span class='av-structured-data'  itemprop=\"datePublished\" datetime=\"2024-07-29T14:33:11+02:00\" >2026-04-09 10:45:31<\/span><span class='av-structured-data'  itemprop=\"dateModified\" itemtype=\"https:\/\/schema.org\/dateModified\" >2026-04-09 11:18:42<\/span><span class='av-structured-data'  itemprop=\"mainEntityOfPage\" itemtype=\"https:\/\/schema.org\/mainEntityOfPage\" ><span itemprop='name'>Grundschulalltag diskriminierungskritisch gestalten<\/span><\/span><\/span><\/article><\/div><div class=\"slide-entry-wrap\"><article class='slide-entry flex_column  post-entry post-entry-59367 slide-entry-overview slide-loop-4 slide-parity-odd  av_one_third first real-thumbnail posttype-post post-format-standard'  itemscope=\"itemscope\" itemtype=\"https:\/\/schema.org\/BlogPosting\" itemprop=\"blogPost\" ><a href='https:\/\/fobizz.com\/de\/demokratie-lernen-interview-poitzmann-ahl\/' data-rel='slide-1' class='slide-image' title='Demokratie lernen  \u2013 Interview mit Nikola Poitzmann &#038; Kati Ahl'><img decoding=\"async\" fetchpriority=\"high\" width=\"495\" height=\"400\" src=\"https:\/\/fobizz.com\/wp-content\/uploads\/2023\/07\/Schulkalender-23-24-classroom-management-495x400.jpg\" class=\"wp-image-41470 avia-img-lazy-loading-not-41470 attachment-portfolio size-portfolio wp-post-image\" alt=\"Vorschaubild der Fortbildung Classroom Management\" \/><\/a><div class=\"slide-content\"><header class=\"entry-content-header\"><h3 class='slide-entry-title entry-title '  itemprop=\"headline\" ><a href='https:\/\/fobizz.com\/de\/demokratie-lernen-interview-poitzmann-ahl\/' title='Demokratie lernen  \u2013 Interview mit Nikola Poitzmann &#038; Kati Ahl'>Demokratie lernen  \u2013 Interview mit Nikola Poitzmann &#038; Kati Ahl<\/a><\/h3><span class=\"blog-categories minor-meta\"><a href=\"https:\/\/fobizz.com\/de\/category\/digitale-bildung\/\" rel=\"tag\">Digitale Bildung<\/a>, <a href=\"https:\/\/fobizz.com\/de\/category\/interview\/\" rel=\"tag\">Interview<\/a>, <a href=\"https:\/\/fobizz.com\/de\/category\/lehrerbildung\/\" rel=\"tag\">Lehrerbildung<\/a> <\/span><span class=\"av-vertical-delimiter\"><\/span><\/header><div class='slide-entry-excerpt entry-content'  itemprop=\"text\" ><div class=\"excerpt-text\">Trotz wachsender gesellschaftlicher Spannungen bleibt die Schule ein besonderer Ort: Hier treffen Menschen mit unterschiedlichen Hintergr\u00fcnden, Meinungen und Erfahrungen aufeinander. Gerade deshalb bietet Schule gro\u00dfes Potenzial als Raum des Wandels \u2013 ein Ort, an dem Gemeinschaft gelebt und demokratische Werte im Alltag erfahrbar werden.\r\nDoch wie gelingt es, Sch\u00fcler:innen so zu st\u00e4rken, dass sie sich aktiv, selbstbestimmt und kritisch in gesellschaftliche Prozesse einbringen k\u00f6nnen?<\/div><div class='time-wrap'><time class='slide-meta-time updated'  itemprop=\"datePublished\" datetime=\"2026-04-02T06:25:32+02:00\" >2. April 2026<\/time><\/div><div class=\"read-more-link\"><a href=\"https:\/\/fobizz.com\/de\/demokratie-lernen-interview-poitzmann-ahl\/\" class=\"more-link\">Weiterlesen<\/a><\/div><\/div><\/div><span class='hidden'>\n\t\t\t\t<span class='av-structured-data'  itemprop=\"image\" itemscope=\"itemscope\" itemtype=\"https:\/\/schema.org\/ImageObject\" >\n\t\t\t\t\t\t<span itemprop='url'>https:\/\/fobizz.com\/wp-content\/uploads\/2023\/07\/Schulkalender-23-24-classroom-management.jpg<\/span>\n\t\t\t\t\t\t<span itemprop='height'>628<\/span>\n\t\t\t\t\t\t<span itemprop='width'>1200<\/span>\n\t\t\t\t<\/span>\n\t\t\t\t<span class='av-structured-data'  itemprop=\"publisher\" itemtype=\"https:\/\/schema.org\/Organization\" itemscope=\"itemscope\" >\n\t\t\t\t\t\t<span itemprop='name'>Michelle<\/span>\n\t\t\t\t\t\t<span itemprop='logo' itemscope itemtype='https:\/\/schema.org\/ImageObject'>\n\t\t\t\t\t\t\t<span itemprop='url'>https:\/\/fobizz.com\/wp-content\/uploads\/2024\/01\/fobizz_logo-min-495x244.png<\/span>\n\t\t\t\t\t\t<\/span>\n\t\t\t\t<\/span><span class='av-structured-data'  itemprop=\"author\" itemscope=\"itemscope\" itemtype=\"https:\/\/schema.org\/Person\" ><span itemprop='name'>Michelle<\/span><\/span><span class='av-structured-data'  itemprop=\"datePublished\" datetime=\"2024-07-29T14:33:11+02:00\" >2026-04-02 06:25:32<\/span><span class='av-structured-data'  itemprop=\"dateModified\" itemtype=\"https:\/\/schema.org\/dateModified\" >2026-04-13 17:48:54<\/span><span class='av-structured-data'  itemprop=\"mainEntityOfPage\" itemtype=\"https:\/\/schema.org\/mainEntityOfPage\" ><span itemprop='name'>Demokratie lernen  \u2013 Interview mit Nikola Poitzmann &#038; Kati Ahl<\/span><\/span><\/span><\/article><article class='slide-entry flex_column  post-entry post-entry-59354 slide-entry-overview slide-loop-5 slide-parity-even  av_one_third  real-thumbnail posttype-post post-format-standard'  itemscope=\"itemscope\" itemtype=\"https:\/\/schema.org\/BlogPosting\" itemprop=\"blogPost\" ><a href='https:\/\/fobizz.com\/de\/kinder-die-durchs-raster-fallen-interview-mit-corina-elfe\/' data-rel='slide-1' class='slide-image' title='Kinder, die durchs Raster fallen  \u2013 Interview mit Corina Elfe'><img decoding=\"async\" fetchpriority=\"high\" width=\"495\" height=\"400\" src=\"https:\/\/fobizz.com\/wp-content\/uploads\/2026\/04\/Kinder_Neurodivergenz-495x400.jpg\" class=\"wp-image-59361 avia-img-lazy-loading-not-59361 attachment-portfolio size-portfolio wp-post-image\" alt=\"\" \/><\/a><div class=\"slide-content\"><header class=\"entry-content-header\"><h3 class='slide-entry-title entry-title '  itemprop=\"headline\" ><a href='https:\/\/fobizz.com\/de\/kinder-die-durchs-raster-fallen-interview-mit-corina-elfe\/' title='Kinder, die durchs Raster fallen  \u2013 Interview mit Corina Elfe'>Kinder, die durchs Raster fallen  \u2013 Interview mit Corina Elfe<\/a><\/h3><span class=\"blog-categories minor-meta\"><a href=\"https:\/\/fobizz.com\/de\/category\/digitale-bildung\/\" rel=\"tag\">Digitale Bildung<\/a>, <a href=\"https:\/\/fobizz.com\/de\/category\/interview\/\" rel=\"tag\">Interview<\/a>, <a href=\"https:\/\/fobizz.com\/de\/category\/lehrerbildung\/\" rel=\"tag\">Lehrerbildung<\/a> <\/span><span class=\"av-vertical-delimiter\"><\/span><\/header><div class='slide-entry-excerpt entry-content'  itemprop=\"text\" ><div class=\"excerpt-text\">Digitales Arbeiten und Unterrichten \u2013 der Einsatz von K\u00fcnstlicher Intelligenz wird f\u00fcr Lehrkr\u00e4fte immer relevanter. Wie textgenerierende KI-Systeme wie ChatGPT sinnvoll in den Schulalltag integriert werden k\u00f6nnen und welche Potenziale und Grenzen sie haben, zeigen Micha Busch und Christian K\u00f6hler in 33 praxisnahen Ideen f\u00fcr Unterricht und Organisation.<\/div><div class='time-wrap'><time class='slide-meta-time updated'  itemprop=\"datePublished\" datetime=\"2026-04-01T17:20:21+02:00\" >1. April 2026<\/time><\/div><div class=\"read-more-link\"><a href=\"https:\/\/fobizz.com\/de\/kinder-die-durchs-raster-fallen-interview-mit-corina-elfe\/\" class=\"more-link\">Weiterlesen<\/a><\/div><\/div><\/div><span class='hidden'>\n\t\t\t\t<span class='av-structured-data'  itemprop=\"image\" itemscope=\"itemscope\" itemtype=\"https:\/\/schema.org\/ImageObject\" >\n\t\t\t\t\t\t<span itemprop='url'>https:\/\/fobizz.com\/wp-content\/uploads\/2026\/04\/Kinder_Neurodivergenz.jpg<\/span>\n\t\t\t\t\t\t<span itemprop='height'>768<\/span>\n\t\t\t\t\t\t<span itemprop='width'>1408<\/span>\n\t\t\t\t<\/span>\n\t\t\t\t<span class='av-structured-data'  itemprop=\"publisher\" itemtype=\"https:\/\/schema.org\/Organization\" itemscope=\"itemscope\" >\n\t\t\t\t\t\t<span itemprop='name'>Michelle<\/span>\n\t\t\t\t\t\t<span itemprop='logo' itemscope itemtype='https:\/\/schema.org\/ImageObject'>\n\t\t\t\t\t\t\t<span itemprop='url'>https:\/\/fobizz.com\/wp-content\/uploads\/2024\/01\/fobizz_logo-min-495x244.png<\/span>\n\t\t\t\t\t\t<\/span>\n\t\t\t\t<\/span><span class='av-structured-data'  itemprop=\"author\" itemscope=\"itemscope\" itemtype=\"https:\/\/schema.org\/Person\" ><span itemprop='name'>Michelle<\/span><\/span><span class='av-structured-data'  itemprop=\"datePublished\" datetime=\"2024-07-29T14:33:11+02:00\" >2026-04-01 17:20:21<\/span><span class='av-structured-data'  itemprop=\"dateModified\" itemtype=\"https:\/\/schema.org\/dateModified\" >2026-04-13 17:49:10<\/span><span class='av-structured-data'  itemprop=\"mainEntityOfPage\" itemtype=\"https:\/\/schema.org\/mainEntityOfPage\" ><span itemprop='name'>Kinder, die durchs Raster fallen  \u2013 Interview mit Corina Elfe<\/span><\/span><\/span><\/article><article class='slide-entry flex_column  post-entry post-entry-58864 slide-entry-overview slide-loop-6 slide-parity-odd  av_one_third  real-thumbnail posttype-post post-format-standard'  itemscope=\"itemscope\" itemtype=\"https:\/\/schema.org\/BlogPosting\" itemprop=\"blogPost\" ><a href='https:\/\/fobizz.com\/de\/scratch-einstieg-ins-visuelle-programmieren\/' data-rel='slide-1' class='slide-image' title='Scratch: Einstieg ins visuelle Programmieren'><img decoding=\"async\" fetchpriority=\"high\" width=\"495\" height=\"400\" src=\"https:\/\/fobizz.com\/wp-content\/uploads\/2026\/03\/Scratch-Einstieg-ins-visuelle-Programmieren-495x400.jpg\" class=\"wp-image-58867 avia-img-lazy-loading-not-58867 attachment-portfolio size-portfolio wp-post-image\" alt=\"\" \/><\/a><div class=\"slide-content\"><header class=\"entry-content-header\"><h3 class='slide-entry-title entry-title '  itemprop=\"headline\" ><a href='https:\/\/fobizz.com\/de\/scratch-einstieg-ins-visuelle-programmieren\/' title='Scratch: Einstieg ins visuelle Programmieren'>Scratch: Einstieg ins visuelle Programmieren<\/a><\/h3><span class=\"blog-categories minor-meta\"><a href=\"https:\/\/fobizz.com\/de\/category\/digitale-bildung\/\" rel=\"tag\">Digitale Bildung<\/a>, <a href=\"https:\/\/fobizz.com\/de\/category\/digitale-medien\/\" rel=\"tag\">Digitale Medien<\/a>, <a href=\"https:\/\/fobizz.com\/de\/category\/interview\/\" rel=\"tag\">Interview<\/a>, <a href=\"https:\/\/fobizz.com\/de\/category\/lehrerbildung\/\" rel=\"tag\">Lehrerbildung<\/a> <\/span><span class=\"av-vertical-delimiter\"><\/span><\/header><div class='slide-entry-excerpt entry-content'  itemprop=\"text\" ><div class=\"excerpt-text\">Erfahre im Interview mit Tom Wiedemann, wie du Scratch sinnvoll in deinen Unterricht einbringen kannst.<\/div><div class='time-wrap'><time class='slide-meta-time updated'  itemprop=\"datePublished\" datetime=\"2026-03-12T11:07:22+01:00\" >12. M\u00e4rz 2026<\/time><\/div><div class=\"read-more-link\"><a href=\"https:\/\/fobizz.com\/de\/scratch-einstieg-ins-visuelle-programmieren\/\" class=\"more-link\">Weiterlesen<\/a><\/div><\/div><\/div><span class='hidden'>\n\t\t\t\t<span class='av-structured-data'  itemprop=\"image\" itemscope=\"itemscope\" itemtype=\"https:\/\/schema.org\/ImageObject\" >\n\t\t\t\t\t\t<span itemprop='url'>https:\/\/fobizz.com\/wp-content\/uploads\/2026\/03\/Scratch-Einstieg-ins-visuelle-Programmieren.jpg<\/span>\n\t\t\t\t\t\t<span itemprop='height'>500<\/span>\n\t\t\t\t\t\t<span itemprop='width'>800<\/span>\n\t\t\t\t<\/span>\n\t\t\t\t<span class='av-structured-data'  itemprop=\"publisher\" itemtype=\"https:\/\/schema.org\/Organization\" itemscope=\"itemscope\" >\n\t\t\t\t\t\t<span itemprop='name'>Tanja Schneider<\/span>\n\t\t\t\t\t\t<span itemprop='logo' itemscope itemtype='https:\/\/schema.org\/ImageObject'>\n\t\t\t\t\t\t\t<span itemprop='url'>https:\/\/fobizz.com\/wp-content\/uploads\/2024\/01\/fobizz_logo-min-495x244.png<\/span>\n\t\t\t\t\t\t<\/span>\n\t\t\t\t<\/span><span class='av-structured-data'  itemprop=\"author\" itemscope=\"itemscope\" itemtype=\"https:\/\/schema.org\/Person\" ><span itemprop='name'>Tanja Schneider<\/span><\/span><span class='av-structured-data'  itemprop=\"datePublished\" datetime=\"2024-07-29T14:33:11+02:00\" >2026-03-12 11:07:22<\/span><span class='av-structured-data'  itemprop=\"dateModified\" itemtype=\"https:\/\/schema.org\/dateModified\" >2026-03-12 11:34:55<\/span><span class='av-structured-data'  itemprop=\"mainEntityOfPage\" itemtype=\"https:\/\/schema.org\/mainEntityOfPage\" ><span itemprop='name'>Scratch: Einstieg ins visuelle Programmieren<\/span><\/span><\/span><\/article><\/div><div class=\"slide-entry-wrap\"><article class='slide-entry flex_column  post-entry post-entry-58852 slide-entry-overview slide-loop-7 slide-parity-odd  av_one_third first real-thumbnail posttype-post post-format-standard'  itemscope=\"itemscope\" itemtype=\"https:\/\/schema.org\/BlogPosting\" itemprop=\"blogPost\" ><a href='https:\/\/fobizz.com\/de\/goodnotes-grundlagen-organisation-von-unterrichtsnotizen\/' data-rel='slide-1' class='slide-image' title='Goodnotes Grundlagen: Organisation von Unterrichtsnotizen'><img decoding=\"async\" fetchpriority=\"high\" width=\"495\" height=\"400\" src=\"https:\/\/fobizz.com\/wp-content\/uploads\/2026\/03\/Goodnotes-Grundlagen-Organisation-von-Unterrichtsnotizen-495x400.jpg\" class=\"wp-image-58853 avia-img-lazy-loading-not-58853 attachment-portfolio size-portfolio wp-post-image\" alt=\"\" \/><\/a><div class=\"slide-content\"><header class=\"entry-content-header\"><h3 class='slide-entry-title entry-title '  itemprop=\"headline\" ><a href='https:\/\/fobizz.com\/de\/goodnotes-grundlagen-organisation-von-unterrichtsnotizen\/' title='Goodnotes Grundlagen: Organisation von Unterrichtsnotizen'>Goodnotes Grundlagen: Organisation von Unterrichtsnotizen<\/a><\/h3><span class=\"blog-categories minor-meta\"><a href=\"https:\/\/fobizz.com\/de\/category\/digitale-bildung\/\" rel=\"tag\">Digitale Bildung<\/a>, <a href=\"https:\/\/fobizz.com\/de\/category\/digitale-medien\/\" rel=\"tag\">Digitale Medien<\/a>, <a href=\"https:\/\/fobizz.com\/de\/category\/interview\/\" rel=\"tag\">Interview<\/a>, <a href=\"https:\/\/fobizz.com\/de\/category\/lehrerbildung\/\" rel=\"tag\">Lehrerbildung<\/a> <\/span><span class=\"av-vertical-delimiter\"><\/span><\/header><div class='slide-entry-excerpt entry-content'  itemprop=\"text\" ><div class=\"excerpt-text\">Im Interview mit Dr. Ulla Hauptmann erf\u00e4hrst du, wie du mit Goodnotes 7 den Unterricht kreativ gestalten und deine Unterrichtsmaterialien ordnen kannst.<\/div><div class='time-wrap'><time class='slide-meta-time updated'  itemprop=\"datePublished\" datetime=\"2026-03-12T11:06:50+01:00\" >12. M\u00e4rz 2026<\/time><\/div><div class=\"read-more-link\"><a href=\"https:\/\/fobizz.com\/de\/goodnotes-grundlagen-organisation-von-unterrichtsnotizen\/\" class=\"more-link\">Weiterlesen<\/a><\/div><\/div><\/div><span class='hidden'>\n\t\t\t\t<span class='av-structured-data'  itemprop=\"image\" itemscope=\"itemscope\" itemtype=\"https:\/\/schema.org\/ImageObject\" >\n\t\t\t\t\t\t<span itemprop='url'>https:\/\/fobizz.com\/wp-content\/uploads\/2026\/03\/Goodnotes-Grundlagen-Organisation-von-Unterrichtsnotizen.jpg<\/span>\n\t\t\t\t\t\t<span itemprop='height'>500<\/span>\n\t\t\t\t\t\t<span itemprop='width'>800<\/span>\n\t\t\t\t<\/span>\n\t\t\t\t<span class='av-structured-data'  itemprop=\"publisher\" itemtype=\"https:\/\/schema.org\/Organization\" itemscope=\"itemscope\" >\n\t\t\t\t\t\t<span itemprop='name'>Tanja Schneider<\/span>\n\t\t\t\t\t\t<span itemprop='logo' itemscope itemtype='https:\/\/schema.org\/ImageObject'>\n\t\t\t\t\t\t\t<span itemprop='url'>https:\/\/fobizz.com\/wp-content\/uploads\/2024\/01\/fobizz_logo-min-495x244.png<\/span>\n\t\t\t\t\t\t<\/span>\n\t\t\t\t<\/span><span class='av-structured-data'  itemprop=\"author\" itemscope=\"itemscope\" itemtype=\"https:\/\/schema.org\/Person\" ><span itemprop='name'>Tanja Schneider<\/span><\/span><span class='av-structured-data'  itemprop=\"datePublished\" datetime=\"2024-07-29T14:33:11+02:00\" >2026-03-12 11:06:50<\/span><span class='av-structured-data'  itemprop=\"dateModified\" itemtype=\"https:\/\/schema.org\/dateModified\" >2026-03-12 11:35:36<\/span><span class='av-structured-data'  itemprop=\"mainEntityOfPage\" itemtype=\"https:\/\/schema.org\/mainEntityOfPage\" ><span itemprop='name'>Goodnotes Grundlagen: Organisation von Unterrichtsnotizen<\/span><\/span><\/span><\/article><article class='slide-entry flex_column  post-entry post-entry-58357 slide-entry-overview slide-loop-8 slide-parity-even  av_one_third  real-thumbnail posttype-post post-format-standard'  itemscope=\"itemscope\" itemtype=\"https:\/\/schema.org\/BlogPosting\" itemprop=\"blogPost\" ><a href='https:\/\/fobizz.com\/de\/einsatz-von-schulhunden-im-unterrichtsalltag\/' data-rel='slide-1' class='slide-image' title='Einsatz von Schulhunden im Unterrichtsalltag'><img decoding=\"async\" fetchpriority=\"high\" width=\"495\" height=\"400\" src=\"https:\/\/fobizz.com\/wp-content\/uploads\/2026\/02\/Blogbeitrag-Einsatz-von-Schulhunden-im-Unterrichtsalltag-1-495x400.jpg\" class=\"wp-image-58503 avia-img-lazy-loading-not-58503 attachment-portfolio size-portfolio wp-post-image\" alt=\"\" \/><\/a><div class=\"slide-content\"><header class=\"entry-content-header\"><h3 class='slide-entry-title entry-title '  itemprop=\"headline\" ><a href='https:\/\/fobizz.com\/de\/einsatz-von-schulhunden-im-unterrichtsalltag\/' title='Einsatz von Schulhunden im Unterrichtsalltag'>Einsatz von Schulhunden im Unterrichtsalltag<\/a><\/h3><span class=\"blog-categories minor-meta\"><a href=\"https:\/\/fobizz.com\/de\/category\/interview\/\" rel=\"tag\">Interview<\/a>, <a href=\"https:\/\/fobizz.com\/de\/category\/lehrerbildung\/\" rel=\"tag\">Lehrerbildung<\/a>, <a href=\"https:\/\/fobizz.com\/de\/category\/nachhaltige-entwicklung\/\" rel=\"tag\">Nachhaltige Entwicklung<\/a>, <a href=\"https:\/\/fobizz.com\/de\/category\/neue-lernkultur\/\" rel=\"tag\">Neue Lernkultur<\/a> <\/span><span class=\"av-vertical-delimiter\"><\/span><\/header><div class='slide-entry-excerpt entry-content'  itemprop=\"text\" ><div class=\"excerpt-text\">Im Interview mit Judith Bohlmann erf\u00e4hrst du, wie Schulhunde den Unterricht bereichern k\u00f6nnen.<\/div><div class='time-wrap'><time class='slide-meta-time updated'  itemprop=\"datePublished\" datetime=\"2026-02-12T10:00:28+01:00\" >12. Februar 2026<\/time><\/div><div class=\"read-more-link\"><a href=\"https:\/\/fobizz.com\/de\/einsatz-von-schulhunden-im-unterrichtsalltag\/\" class=\"more-link\">Weiterlesen<\/a><\/div><\/div><\/div><span class='hidden'>\n\t\t\t\t<span class='av-structured-data'  itemprop=\"image\" itemscope=\"itemscope\" itemtype=\"https:\/\/schema.org\/ImageObject\" >\n\t\t\t\t\t\t<span itemprop='url'>https:\/\/fobizz.com\/wp-content\/uploads\/2026\/02\/Blogbeitrag-Einsatz-von-Schulhunden-im-Unterrichtsalltag-1.jpg<\/span>\n\t\t\t\t\t\t<span itemprop='height'>1080<\/span>\n\t\t\t\t\t\t<span itemprop='width'>1920<\/span>\n\t\t\t\t<\/span>\n\t\t\t\t<span class='av-structured-data'  itemprop=\"publisher\" itemtype=\"https:\/\/schema.org\/Organization\" itemscope=\"itemscope\" >\n\t\t\t\t\t\t<span itemprop='name'>Tanja Schneider<\/span>\n\t\t\t\t\t\t<span itemprop='logo' itemscope itemtype='https:\/\/schema.org\/ImageObject'>\n\t\t\t\t\t\t\t<span itemprop='url'>https:\/\/fobizz.com\/wp-content\/uploads\/2024\/01\/fobizz_logo-min-495x244.png<\/span>\n\t\t\t\t\t\t<\/span>\n\t\t\t\t<\/span><span class='av-structured-data'  itemprop=\"author\" itemscope=\"itemscope\" itemtype=\"https:\/\/schema.org\/Person\" ><span itemprop='name'>Tanja Schneider<\/span><\/span><span class='av-structured-data'  itemprop=\"datePublished\" datetime=\"2024-07-29T14:33:11+02:00\" >2026-02-12 10:00:28<\/span><span class='av-structured-data'  itemprop=\"dateModified\" itemtype=\"https:\/\/schema.org\/dateModified\" >2026-02-11 14:23:03<\/span><span class='av-structured-data'  itemprop=\"mainEntityOfPage\" itemtype=\"https:\/\/schema.org\/mainEntityOfPage\" ><span itemprop='name'>Einsatz von Schulhunden im Unterrichtsalltag<\/span><\/span><\/span><\/article><article class='slide-entry flex_column  post-entry post-entry-58425 slide-entry-overview slide-loop-9 slide-parity-odd  post-entry-last  av_one_third  real-thumbnail posttype-post post-format-standard'  itemscope=\"itemscope\" itemtype=\"https:\/\/schema.org\/BlogPosting\" itemprop=\"blogPost\" ><a href='https:\/\/fobizz.com\/de\/einsatz-von-ki-im-lateinunterricht\/' data-rel='slide-1' class='slide-image' title='Einsatz von KI im Lateinunterricht'><img decoding=\"async\" fetchpriority=\"high\" width=\"495\" height=\"400\" src=\"https:\/\/fobizz.com\/wp-content\/uploads\/2026\/02\/Einsatz-von-KI-im-Lateinunterricht-1-495x400.jpg\" class=\"wp-image-58369 avia-img-lazy-loading-not-58369 attachment-portfolio size-portfolio wp-post-image\" alt=\"\" \/><\/a><div class=\"slide-content\"><header class=\"entry-content-header\"><h3 class='slide-entry-title entry-title '  itemprop=\"headline\" ><a href='https:\/\/fobizz.com\/de\/einsatz-von-ki-im-lateinunterricht\/' title='Einsatz von KI im Lateinunterricht'>Einsatz von KI im Lateinunterricht<\/a><\/h3><span class=\"blog-categories minor-meta\"><a href=\"https:\/\/fobizz.com\/de\/category\/interview\/\" rel=\"tag\">Interview<\/a>, <a href=\"https:\/\/fobizz.com\/de\/category\/kunstliche-intelligenz\/\" rel=\"tag\">K\u00fcnstliche Intelligenz<\/a>, <a href=\"https:\/\/fobizz.com\/de\/category\/lehrerbildung\/\" rel=\"tag\">Lehrerbildung<\/a>, <a href=\"https:\/\/fobizz.com\/de\/category\/neue-lernkultur\/\" rel=\"tag\">Neue Lernkultur<\/a> <\/span><span class=\"av-vertical-delimiter\"><\/span><\/header><div class='slide-entry-excerpt entry-content'  itemprop=\"text\" ><div class=\"excerpt-text\">Im Interview mit Daniel Conley erf\u00e4hrst du, wie du KI im Lateinunterricht gewinnbringend einsetzen kannst.<\/div><div class='time-wrap'><time class='slide-meta-time updated'  itemprop=\"datePublished\" datetime=\"2026-02-12T10:00:21+01:00\" >12. Februar 2026<\/time><\/div><div class=\"read-more-link\"><a href=\"https:\/\/fobizz.com\/de\/einsatz-von-ki-im-lateinunterricht\/\" class=\"more-link\">Weiterlesen<\/a><\/div><\/div><\/div><span class='hidden'>\n\t\t\t\t<span class='av-structured-data'  itemprop=\"image\" itemscope=\"itemscope\" itemtype=\"https:\/\/schema.org\/ImageObject\" >\n\t\t\t\t\t\t<span itemprop='url'>https:\/\/fobizz.com\/wp-content\/uploads\/2026\/02\/Einsatz-von-KI-im-Lateinunterricht-1.jpg<\/span>\n\t\t\t\t\t\t<span itemprop='height'>1080<\/span>\n\t\t\t\t\t\t<span itemprop='width'>1920<\/span>\n\t\t\t\t<\/span>\n\t\t\t\t<span class='av-structured-data'  itemprop=\"publisher\" itemtype=\"https:\/\/schema.org\/Organization\" itemscope=\"itemscope\" >\n\t\t\t\t\t\t<span itemprop='name'>Tanja Schneider<\/span>\n\t\t\t\t\t\t<span itemprop='logo' itemscope itemtype='https:\/\/schema.org\/ImageObject'>\n\t\t\t\t\t\t\t<span itemprop='url'>https:\/\/fobizz.com\/wp-content\/uploads\/2024\/01\/fobizz_logo-min-495x244.png<\/span>\n\t\t\t\t\t\t<\/span>\n\t\t\t\t<\/span><span class='av-structured-data'  itemprop=\"author\" itemscope=\"itemscope\" itemtype=\"https:\/\/schema.org\/Person\" ><span itemprop='name'>Tanja Schneider<\/span><\/span><span class='av-structured-data'  itemprop=\"datePublished\" datetime=\"2024-07-29T14:33:11+02:00\" >2026-02-12 10:00:21<\/span><span class='av-structured-data'  itemprop=\"dateModified\" itemtype=\"https:\/\/schema.org\/dateModified\" >2026-03-12 12:18:21<\/span><span class='av-structured-data'  itemprop=\"mainEntityOfPage\" itemtype=\"https:\/\/schema.org\/mainEntityOfPage\" ><span itemprop='name'>Einsatz von KI im Lateinunterricht<\/span><\/span><\/span><\/article><\/div><\/div><div class='avia-slideshow-arrows avia-slideshow-controls' ><a href='#prev' class='prev-slide ' data-av_icon='\ue87c' data-av_iconfont='entypo-fontello' aria-hidden=\"true\" title=\"Zur\u00fcck\" desc=\"Zur\u00fcck\" tabindex='-1' ><span class='avia_hidden_link_text'>Zur\u00fcck<\/span><\/a><a href='#next' class='next-slide ' data-av_icon='\ue87d' data-av_iconfont='entypo-fontello' aria-hidden=\"true\" title=\"Weiter\" desc=\"Weiter\" tabindex='-1' ><span class='avia_hidden_link_text'>Weiter<\/span><\/a><\/div><\/div>\n<\/div><\/div><\/div><!-- close content main div --><\/div><\/div><div id='after_section_6'  class='main_color av_default_container_wrap container_wrap sidebar_right'  ><div class='container av-section-cont-open' ><div class='template-page content  av-content-small alpha units'><div class='post-entry post-entry-type-page post-entry-50443'><div class='entry-content-wrapper clearfix'>\n","protected":false},"excerpt":{"rendered":"<p>Erfahre von Karla-Jean v. Wissel, wie Emojis unsere Kommunikation beeinflussen, welche kulturellen Unterschiede bei den Emojis bestehen und was japanische Mangas damit zu tun haben. Karla-Jean ist Autorin des Buches\u00a0Face with Tears of Joy: Eine Graphicnovel \u00fcber Emojis und Kommunikation.<\/p>\n","protected":false},"author":16,"featured_media":50448,"comment_status":"closed","ping_status":"open","sticky":false,"template":"","format":"standard","meta":{"_monsterinsights_skip_tracking":false,"_monsterinsights_sitenote_active":false,"_monsterinsights_sitenote_note":"","_monsterinsights_sitenote_category":0,"_uf_show_specific_survey":0,"_uf_disable_surveys":false,"footnotes":""},"categories":[472],"tags":[839,1082],"class_list":["post-50443","post","type-post","status-publish","format-standard","has-post-thumbnail","hentry","category-interview","tag-interview","tag-kommunikation"],"acf":[],"yoast_head":"<!-- This site is optimized with the Yoast SEO Premium plugin v26.2 (Yoast SEO v27.5) - https:\/\/yoast.com\/product\/yoast-seo-premium-wordpress\/ -->\n<title>Wie Emojis unsere Kommunikation ver\u00e4ndern \u2013 Interview<\/title>\n<meta name=\"description\" content=\"Erfahre von Karla-Jean v. Wissel, wie Emojis unsere Kommunikation ver\u00e4ndern. Jetzt im Interview Nachlesen!\" \/>\n<meta name=\"robots\" content=\"index, follow, max-snippet:-1, max-image-preview:large, max-video-preview:-1\" \/>\n<link rel=\"canonical\" href=\"https:\/\/fobizz.com\/de\/emojis_kommunikation_interview_karla_jean_wissel\/\" \/>\n<meta name=\"twitter:card\" content=\"summary_large_image\" \/>\n<meta name=\"twitter:title\" content=\"Wie Emojis unsere Kommunikation ver\u00e4ndern \u2013 Interview\" \/>\n<meta name=\"twitter:description\" content=\"Erfahre von Karla-Jean v. Wissel, wie Emojis unsere Kommunikation ver\u00e4ndern. Jetzt im Interview Nachlesen!\" \/>\n<meta name=\"twitter:image\" content=\"https:\/\/fobizz.com\/wp-content\/uploads\/2024\/07\/Vorschau_Face-with-Tears-of-Joy_Karla-Jean-v-Wissel_Ankerwechsel_Graphicnovel_mitschatten_braun.jpg\" \/>\n<meta name=\"twitter:creator\" content=\"@fobizz\" \/>\n<meta name=\"twitter:site\" content=\"@fobizz\" \/>\n<meta name=\"twitter:label1\" content=\"Verfasst von\" \/>\n\t<meta name=\"twitter:data1\" content=\"Michelle\" \/>\n\t<meta name=\"twitter:label2\" content=\"Gesch\u00e4tzte Lesezeit\" \/>\n\t<meta name=\"twitter:data2\" content=\"10\u00a0Minuten\" \/>\n<script type=\"application\/ld+json\" class=\"yoast-schema-graph\">{\"@context\":\"https:\\\/\\\/schema.org\",\"@graph\":[{\"@type\":\"Article\",\"@id\":\"https:\\\/\\\/fobizz.com\\\/de\\\/emojis_kommunikation_interview_karla_jean_wissel\\\/#article\",\"isPartOf\":{\"@id\":\"https:\\\/\\\/fobizz.com\\\/de\\\/emojis_kommunikation_interview_karla_jean_wissel\\\/\"},\"author\":{\"name\":\"Michelle\",\"@id\":\"https:\\\/\\\/fobizz.com\\\/de\\\/#\\\/schema\\\/person\\\/f400eeba4d469a7edad821c7f455c853\"},\"headline\":\"Wie Emojis unsere Kommunikation ver\u00e4ndern \u2013 ein Interview mit Karla-Jean v. Wissel\",\"datePublished\":\"2024-07-29T12:33:11+00:00\",\"dateModified\":\"2024-07-29T12:40:42+00:00\",\"mainEntityOfPage\":{\"@id\":\"https:\\\/\\\/fobizz.com\\\/de\\\/emojis_kommunikation_interview_karla_jean_wissel\\\/\"},\"wordCount\":5613,\"publisher\":{\"@id\":\"https:\\\/\\\/fobizz.com\\\/de\\\/#organization\"},\"image\":{\"@id\":\"https:\\\/\\\/fobizz.com\\\/de\\\/emojis_kommunikation_interview_karla_jean_wissel\\\/#primaryimage\"},\"thumbnailUrl\":\"https:\\\/\\\/fobizz.com\\\/wp-content\\\/uploads\\\/2024\\\/07\\\/Vorschau_Face-with-Tears-of-Joy_Karla-Jean-v-Wissel_Ankerwechsel_Graphicnovel_mitschatten_braun.jpg\",\"keywords\":[\"Interview\",\"Kommunikation\"],\"articleSection\":[\"Interview\"],\"inLanguage\":\"de\"},{\"@type\":\"WebPage\",\"@id\":\"https:\\\/\\\/fobizz.com\\\/de\\\/emojis_kommunikation_interview_karla_jean_wissel\\\/\",\"url\":\"https:\\\/\\\/fobizz.com\\\/de\\\/emojis_kommunikation_interview_karla_jean_wissel\\\/\",\"name\":\"Wie Emojis unsere Kommunikation ver\u00e4ndern \u2013 Interview\",\"isPartOf\":{\"@id\":\"https:\\\/\\\/fobizz.com\\\/de\\\/#website\"},\"primaryImageOfPage\":{\"@id\":\"https:\\\/\\\/fobizz.com\\\/de\\\/emojis_kommunikation_interview_karla_jean_wissel\\\/#primaryimage\"},\"image\":{\"@id\":\"https:\\\/\\\/fobizz.com\\\/de\\\/emojis_kommunikation_interview_karla_jean_wissel\\\/#primaryimage\"},\"thumbnailUrl\":\"https:\\\/\\\/fobizz.com\\\/wp-content\\\/uploads\\\/2024\\\/07\\\/Vorschau_Face-with-Tears-of-Joy_Karla-Jean-v-Wissel_Ankerwechsel_Graphicnovel_mitschatten_braun.jpg\",\"datePublished\":\"2024-07-29T12:33:11+00:00\",\"dateModified\":\"2024-07-29T12:40:42+00:00\",\"description\":\"Erfahre von Karla-Jean v. Wissel, wie Emojis unsere Kommunikation ver\u00e4ndern. Jetzt im Interview Nachlesen!\",\"breadcrumb\":{\"@id\":\"https:\\\/\\\/fobizz.com\\\/de\\\/emojis_kommunikation_interview_karla_jean_wissel\\\/#breadcrumb\"},\"inLanguage\":\"de\",\"potentialAction\":[{\"@type\":\"ReadAction\",\"target\":[\"https:\\\/\\\/fobizz.com\\\/de\\\/emojis_kommunikation_interview_karla_jean_wissel\\\/\"]}]},{\"@type\":\"ImageObject\",\"inLanguage\":\"de\",\"@id\":\"https:\\\/\\\/fobizz.com\\\/de\\\/emojis_kommunikation_interview_karla_jean_wissel\\\/#primaryimage\",\"url\":\"https:\\\/\\\/fobizz.com\\\/wp-content\\\/uploads\\\/2024\\\/07\\\/Vorschau_Face-with-Tears-of-Joy_Karla-Jean-v-Wissel_Ankerwechsel_Graphicnovel_mitschatten_braun.jpg\",\"contentUrl\":\"https:\\\/\\\/fobizz.com\\\/wp-content\\\/uploads\\\/2024\\\/07\\\/Vorschau_Face-with-Tears-of-Joy_Karla-Jean-v-Wissel_Ankerwechsel_Graphicnovel_mitschatten_braun.jpg\",\"width\":1147,\"height\":1147,\"caption\":\"2 Exemplare eines Buches \u00fcber Emojis und Kommunikation\"},{\"@type\":\"BreadcrumbList\",\"@id\":\"https:\\\/\\\/fobizz.com\\\/de\\\/emojis_kommunikation_interview_karla_jean_wissel\\\/#breadcrumb\",\"itemListElement\":[{\"@type\":\"ListItem\",\"position\":1,\"name\":\"Startseite\",\"item\":\"https:\\\/\\\/fobizz.com\\\/de\\\/startpage\\\/\"},{\"@type\":\"ListItem\",\"position\":2,\"name\":\"Wie Emojis unsere Kommunikation ver\u00e4ndern \u2013 ein Interview mit Karla-Jean v. Wissel\"}]},{\"@type\":\"WebSite\",\"@id\":\"https:\\\/\\\/fobizz.com\\\/de\\\/#website\",\"url\":\"https:\\\/\\\/fobizz.com\\\/de\\\/\",\"name\":\"fobizz\",\"description\":\"AI &amp; digital Tools for Teachers\",\"publisher\":{\"@id\":\"https:\\\/\\\/fobizz.com\\\/de\\\/#organization\"},\"potentialAction\":[{\"@type\":\"SearchAction\",\"target\":{\"@type\":\"EntryPoint\",\"urlTemplate\":\"https:\\\/\\\/fobizz.com\\\/de\\\/?s={search_term_string}\"},\"query-input\":{\"@type\":\"PropertyValueSpecification\",\"valueRequired\":true,\"valueName\":\"search_term_string\"}}],\"inLanguage\":\"de\"},{\"@type\":\"Organization\",\"@id\":\"https:\\\/\\\/fobizz.com\\\/de\\\/#organization\",\"name\":\"fobizz\",\"url\":\"https:\\\/\\\/fobizz.com\\\/de\\\/\",\"logo\":{\"@type\":\"ImageObject\",\"inLanguage\":\"de\",\"@id\":\"https:\\\/\\\/fobizz.com\\\/de\\\/#\\\/schema\\\/logo\\\/image\\\/\",\"url\":\"https:\\\/\\\/fobizz.com\\\/wp-content\\\/uploads\\\/2023\\\/07\\\/fobi_autor_fobizz.png\",\"contentUrl\":\"https:\\\/\\\/fobizz.com\\\/wp-content\\\/uploads\\\/2023\\\/07\\\/fobi_autor_fobizz.png\",\"width\":200,\"height\":200,\"caption\":\"fobizz\"},\"image\":{\"@id\":\"https:\\\/\\\/fobizz.com\\\/de\\\/#\\\/schema\\\/logo\\\/image\\\/\"},\"sameAs\":[\"https:\\\/\\\/www.facebook.com\\\/fobizz\\\/\",\"https:\\\/\\\/x.com\\\/fobizz\",\"https:\\\/\\\/www.instagram.com\\\/fobizz_com\\\/\",\"https:\\\/\\\/www.youtube.com\\\/@fobizz702\",\"https:\\\/\\\/www.pinterest.de\\\/fobizz_com\"]},{\"@type\":\"Person\",\"@id\":\"https:\\\/\\\/fobizz.com\\\/de\\\/#\\\/schema\\\/person\\\/f400eeba4d469a7edad821c7f455c853\",\"name\":\"Michelle\",\"image\":{\"@type\":\"ImageObject\",\"inLanguage\":\"de\",\"@id\":\"https:\\\/\\\/secure.gravatar.com\\\/avatar\\\/7aaaac468c9eca874b4ebc81aa8bc1b1c23912318a2d136f6f17892f60098c1d?s=96&d=mm&r=g\",\"url\":\"https:\\\/\\\/secure.gravatar.com\\\/avatar\\\/7aaaac468c9eca874b4ebc81aa8bc1b1c23912318a2d136f6f17892f60098c1d?s=96&d=mm&r=g\",\"contentUrl\":\"https:\\\/\\\/secure.gravatar.com\\\/avatar\\\/7aaaac468c9eca874b4ebc81aa8bc1b1c23912318a2d136f6f17892f60098c1d?s=96&d=mm&r=g\",\"caption\":\"Michelle\"},\"url\":\"https:\\\/\\\/fobizz.com\\\/de\\\/author\\\/michelle\\\/\"}]}<\/script>\n<!-- \/ Yoast SEO Premium plugin. -->","yoast_head_json":{"title":"Wie Emojis unsere Kommunikation ver\u00e4ndern \u2013 Interview","description":"Erfahre von Karla-Jean v. Wissel, wie Emojis unsere Kommunikation ver\u00e4ndern. Jetzt im Interview Nachlesen!","robots":{"index":"index","follow":"follow","max-snippet":"max-snippet:-1","max-image-preview":"max-image-preview:large","max-video-preview":"max-video-preview:-1"},"canonical":"https:\/\/fobizz.com\/de\/emojis_kommunikation_interview_karla_jean_wissel\/","twitter_card":"summary_large_image","twitter_title":"Wie Emojis unsere Kommunikation ver\u00e4ndern \u2013 Interview","twitter_description":"Erfahre von Karla-Jean v. Wissel, wie Emojis unsere Kommunikation ver\u00e4ndern. Jetzt im Interview Nachlesen!","twitter_image":"https:\/\/fobizz.com\/wp-content\/uploads\/2024\/07\/Vorschau_Face-with-Tears-of-Joy_Karla-Jean-v-Wissel_Ankerwechsel_Graphicnovel_mitschatten_braun.jpg","twitter_creator":"@fobizz","twitter_site":"@fobizz","twitter_misc":{"Verfasst von":"Michelle","Gesch\u00e4tzte Lesezeit":"10\u00a0Minuten"},"schema":{"@context":"https:\/\/schema.org","@graph":[{"@type":"Article","@id":"https:\/\/fobizz.com\/de\/emojis_kommunikation_interview_karla_jean_wissel\/#article","isPartOf":{"@id":"https:\/\/fobizz.com\/de\/emojis_kommunikation_interview_karla_jean_wissel\/"},"author":{"name":"Michelle","@id":"https:\/\/fobizz.com\/de\/#\/schema\/person\/f400eeba4d469a7edad821c7f455c853"},"headline":"Wie Emojis unsere Kommunikation ver\u00e4ndern \u2013 ein Interview mit Karla-Jean v. Wissel","datePublished":"2024-07-29T12:33:11+00:00","dateModified":"2024-07-29T12:40:42+00:00","mainEntityOfPage":{"@id":"https:\/\/fobizz.com\/de\/emojis_kommunikation_interview_karla_jean_wissel\/"},"wordCount":5613,"publisher":{"@id":"https:\/\/fobizz.com\/de\/#organization"},"image":{"@id":"https:\/\/fobizz.com\/de\/emojis_kommunikation_interview_karla_jean_wissel\/#primaryimage"},"thumbnailUrl":"https:\/\/fobizz.com\/wp-content\/uploads\/2024\/07\/Vorschau_Face-with-Tears-of-Joy_Karla-Jean-v-Wissel_Ankerwechsel_Graphicnovel_mitschatten_braun.jpg","keywords":["Interview","Kommunikation"],"articleSection":["Interview"],"inLanguage":"de"},{"@type":"WebPage","@id":"https:\/\/fobizz.com\/de\/emojis_kommunikation_interview_karla_jean_wissel\/","url":"https:\/\/fobizz.com\/de\/emojis_kommunikation_interview_karla_jean_wissel\/","name":"Wie Emojis unsere Kommunikation ver\u00e4ndern \u2013 Interview","isPartOf":{"@id":"https:\/\/fobizz.com\/de\/#website"},"primaryImageOfPage":{"@id":"https:\/\/fobizz.com\/de\/emojis_kommunikation_interview_karla_jean_wissel\/#primaryimage"},"image":{"@id":"https:\/\/fobizz.com\/de\/emojis_kommunikation_interview_karla_jean_wissel\/#primaryimage"},"thumbnailUrl":"https:\/\/fobizz.com\/wp-content\/uploads\/2024\/07\/Vorschau_Face-with-Tears-of-Joy_Karla-Jean-v-Wissel_Ankerwechsel_Graphicnovel_mitschatten_braun.jpg","datePublished":"2024-07-29T12:33:11+00:00","dateModified":"2024-07-29T12:40:42+00:00","description":"Erfahre von Karla-Jean v. Wissel, wie Emojis unsere Kommunikation ver\u00e4ndern. Jetzt im Interview Nachlesen!","breadcrumb":{"@id":"https:\/\/fobizz.com\/de\/emojis_kommunikation_interview_karla_jean_wissel\/#breadcrumb"},"inLanguage":"de","potentialAction":[{"@type":"ReadAction","target":["https:\/\/fobizz.com\/de\/emojis_kommunikation_interview_karla_jean_wissel\/"]}]},{"@type":"ImageObject","inLanguage":"de","@id":"https:\/\/fobizz.com\/de\/emojis_kommunikation_interview_karla_jean_wissel\/#primaryimage","url":"https:\/\/fobizz.com\/wp-content\/uploads\/2024\/07\/Vorschau_Face-with-Tears-of-Joy_Karla-Jean-v-Wissel_Ankerwechsel_Graphicnovel_mitschatten_braun.jpg","contentUrl":"https:\/\/fobizz.com\/wp-content\/uploads\/2024\/07\/Vorschau_Face-with-Tears-of-Joy_Karla-Jean-v-Wissel_Ankerwechsel_Graphicnovel_mitschatten_braun.jpg","width":1147,"height":1147,"caption":"2 Exemplare eines Buches \u00fcber Emojis und Kommunikation"},{"@type":"BreadcrumbList","@id":"https:\/\/fobizz.com\/de\/emojis_kommunikation_interview_karla_jean_wissel\/#breadcrumb","itemListElement":[{"@type":"ListItem","position":1,"name":"Startseite","item":"https:\/\/fobizz.com\/de\/startpage\/"},{"@type":"ListItem","position":2,"name":"Wie Emojis unsere Kommunikation ver\u00e4ndern \u2013 ein Interview mit Karla-Jean v. Wissel"}]},{"@type":"WebSite","@id":"https:\/\/fobizz.com\/de\/#website","url":"https:\/\/fobizz.com\/de\/","name":"fobizz","description":"AI &amp; digital Tools for Teachers","publisher":{"@id":"https:\/\/fobizz.com\/de\/#organization"},"potentialAction":[{"@type":"SearchAction","target":{"@type":"EntryPoint","urlTemplate":"https:\/\/fobizz.com\/de\/?s={search_term_string}"},"query-input":{"@type":"PropertyValueSpecification","valueRequired":true,"valueName":"search_term_string"}}],"inLanguage":"de"},{"@type":"Organization","@id":"https:\/\/fobizz.com\/de\/#organization","name":"fobizz","url":"https:\/\/fobizz.com\/de\/","logo":{"@type":"ImageObject","inLanguage":"de","@id":"https:\/\/fobizz.com\/de\/#\/schema\/logo\/image\/","url":"https:\/\/fobizz.com\/wp-content\/uploads\/2023\/07\/fobi_autor_fobizz.png","contentUrl":"https:\/\/fobizz.com\/wp-content\/uploads\/2023\/07\/fobi_autor_fobizz.png","width":200,"height":200,"caption":"fobizz"},"image":{"@id":"https:\/\/fobizz.com\/de\/#\/schema\/logo\/image\/"},"sameAs":["https:\/\/www.facebook.com\/fobizz\/","https:\/\/x.com\/fobizz","https:\/\/www.instagram.com\/fobizz_com\/","https:\/\/www.youtube.com\/@fobizz702","https:\/\/www.pinterest.de\/fobizz_com"]},{"@type":"Person","@id":"https:\/\/fobizz.com\/de\/#\/schema\/person\/f400eeba4d469a7edad821c7f455c853","name":"Michelle","image":{"@type":"ImageObject","inLanguage":"de","@id":"https:\/\/secure.gravatar.com\/avatar\/7aaaac468c9eca874b4ebc81aa8bc1b1c23912318a2d136f6f17892f60098c1d?s=96&d=mm&r=g","url":"https:\/\/secure.gravatar.com\/avatar\/7aaaac468c9eca874b4ebc81aa8bc1b1c23912318a2d136f6f17892f60098c1d?s=96&d=mm&r=g","contentUrl":"https:\/\/secure.gravatar.com\/avatar\/7aaaac468c9eca874b4ebc81aa8bc1b1c23912318a2d136f6f17892f60098c1d?s=96&d=mm&r=g","caption":"Michelle"},"url":"https:\/\/fobizz.com\/de\/author\/michelle\/"}]}},"_links":{"self":[{"href":"https:\/\/fobizz.com\/de\/wp-json\/wp\/v2\/posts\/50443","targetHints":{"allow":["GET"]}}],"collection":[{"href":"https:\/\/fobizz.com\/de\/wp-json\/wp\/v2\/posts"}],"about":[{"href":"https:\/\/fobizz.com\/de\/wp-json\/wp\/v2\/types\/post"}],"author":[{"embeddable":true,"href":"https:\/\/fobizz.com\/de\/wp-json\/wp\/v2\/users\/16"}],"replies":[{"embeddable":true,"href":"https:\/\/fobizz.com\/de\/wp-json\/wp\/v2\/comments?post=50443"}],"version-history":[{"count":0,"href":"https:\/\/fobizz.com\/de\/wp-json\/wp\/v2\/posts\/50443\/revisions"}],"wp:featuredmedia":[{"embeddable":true,"href":"https:\/\/fobizz.com\/de\/wp-json\/wp\/v2\/media\/50448"}],"wp:attachment":[{"href":"https:\/\/fobizz.com\/de\/wp-json\/wp\/v2\/media?parent=50443"}],"wp:term":[{"taxonomy":"category","embeddable":true,"href":"https:\/\/fobizz.com\/de\/wp-json\/wp\/v2\/categories?post=50443"},{"taxonomy":"post_tag","embeddable":true,"href":"https:\/\/fobizz.com\/de\/wp-json\/wp\/v2\/tags?post=50443"}],"curies":[{"name":"wp","href":"https:\/\/api.w.org\/{rel}","templated":true}]}}