{"id":6832,"date":"2018-06-27T18:40:32","date_gmt":"2018-06-27T16:40:32","guid":{"rendered":"https:\/\/fobizz.com\/?p=6832"},"modified":"2022-12-15T12:48:31","modified_gmt":"2022-12-15T11:48:31","slug":"blended-learning-mit-lehramtsstudierenden-der-tu-berlin","status":"publish","type":"post","link":"https:\/\/fobizz.com\/de\/blended-learning-mit-lehramtsstudierenden-der-tu-berlin\/","title":{"rendered":"Blended Learning mit Lehramtsstudierenden der TU Berlin"},"content":{"rendered":"\n<style type=\"text\/css\" data-created_by=\"avia_inline_auto\" id=\"style-css-av-21rp7og-3aff87f5ddb0f41b0874478ab7dda5c0\">\n.avia-section.av-21rp7og-3aff87f5ddb0f41b0874478ab7dda5c0{\nbackground-color:#ffffff;\nbackground-image:unset;\n}\n<\/style>\n<div id='av_section_1'  class='avia-section av-21rp7og-3aff87f5ddb0f41b0874478ab7dda5c0 main_color avia-section-default avia-no-border-styling  avia-builder-el-0  el_before_av_section  avia-builder-el-first  avia-bg-style-scroll container_wrap sidebar_right'  ><div class='container av-section-cont-open' ><main  role=\"main\" itemprop=\"mainContentOfPage\"  class='template-page content  av-content-small alpha units'><div class='post-entry post-entry-type-page post-entry-6832'><div class='entry-content-wrapper clearfix'>\n\n<style type=\"text\/css\" data-created_by=\"avia_inline_auto\" id=\"style-css-av-205wvpc-757385960f314e4e25fd1a674a7a2ff6\">\n#top .av-special-heading.av-205wvpc-757385960f314e4e25fd1a674a7a2ff6{\npadding-bottom:0;\ncolor:#22b5b7;\nfont-size:32px;\n}\nbody .av-special-heading.av-205wvpc-757385960f314e4e25fd1a674a7a2ff6 .av-special-heading-tag .heading-char{\nfont-size:25px;\n}\n#top #wrap_all .av-special-heading.av-205wvpc-757385960f314e4e25fd1a674a7a2ff6 .av-special-heading-tag{\nfont-size:32px;\n}\n.av-special-heading.av-205wvpc-757385960f314e4e25fd1a674a7a2ff6 .special-heading-inner-border{\nborder-color:#22b5b7;\n}\n.av-special-heading.av-205wvpc-757385960f314e4e25fd1a674a7a2ff6 .av-subheading{\nfont-size:18px;\n}\n\n@media only screen and (min-width: 480px) and (max-width: 767px){ \n#top #wrap_all .av-special-heading.av-205wvpc-757385960f314e4e25fd1a674a7a2ff6 .av-special-heading-tag{\nfont-size:0.8em;\n}\n}\n\n@media only screen and (max-width: 479px){ \n#top #wrap_all .av-special-heading.av-205wvpc-757385960f314e4e25fd1a674a7a2ff6 .av-special-heading-tag{\nfont-size:0.8em;\n}\n}\n<\/style>\n<div  class='av-special-heading av-205wvpc-757385960f314e4e25fd1a674a7a2ff6 av-special-heading-h3 custom-color-heading blockquote modern-quote  avia-builder-el-1  el_before_av_heading  avia-builder-el-first  av-thin-font av-inherit-size'><h3 class='av-special-heading-tag '  itemprop=\"headline\"  ><strong>Blended Learning mit Lehramtsstudierenden der TU Berlin<\/strong><\/h3><div class=\"special-heading-border\"><div class=\"special-heading-inner-border\"><\/div><\/div><\/div>\n\n<style type=\"text\/css\" data-created_by=\"avia_inline_auto\" id=\"style-css-av-1ypvt5c-0cbb7d9e6a419740069246f659c9a35d\">\n#top .av-special-heading.av-1ypvt5c-0cbb7d9e6a419740069246f659c9a35d{\npadding-bottom:10px;\ncolor:#22b5b7;\n}\nbody .av-special-heading.av-1ypvt5c-0cbb7d9e6a419740069246f659c9a35d .av-special-heading-tag .heading-char{\nfont-size:25px;\n}\n.av-special-heading.av-1ypvt5c-0cbb7d9e6a419740069246f659c9a35d .special-heading-inner-border{\nborder-color:#22b5b7;\n}\n.av-special-heading.av-1ypvt5c-0cbb7d9e6a419740069246f659c9a35d .av-subheading{\nfont-size:15px;\n}\n<\/style>\n<div  class='av-special-heading av-1ypvt5c-0cbb7d9e6a419740069246f659c9a35d av-special-heading-h3 custom-color-heading blockquote modern-quote  avia-builder-el-2  el_after_av_heading  el_before_av_hr '><h3 class='av-special-heading-tag '  itemprop=\"headline\"  >Im Sommersemester 2018 fand an der TU Berlin ein Blended Lernmodell (Kombination von Pr\u00e4senzterminen und Online-Lernphasen) mit Lehramtsstudierenden zum Thema <span class='special_amp'>&#8222;<\/span>digitale Kompetenzen<span class='special_amp'>&#8220;<\/span> statt. Es war ein gro\u00dfartiges Seminar mit tollen Teilnehmenden und spannenden Ergebnissen.<\/p>\n<p>Hier erfahrt ihr mehr dar\u00fcber:<\/h3><div class=\"special-heading-border\"><div class=\"special-heading-inner-border\"><\/div><\/div><\/div>\n\n<style type=\"text\/css\" data-created_by=\"avia_inline_auto\" id=\"style-css-av-1wnvudc-b52df85e5036a4b2e9bdbdf41555f66a\">\n#top .hr.hr-invisible.av-1wnvudc-b52df85e5036a4b2e9bdbdf41555f66a{\nheight:35px;\n}\n<\/style>\n<div  class='hr av-1wnvudc-b52df85e5036a4b2e9bdbdf41555f66a hr-invisible  avia-builder-el-3  el_after_av_heading  el_before_av_two_third '><span class='hr-inner '><span class=\"hr-inner-style\"><\/span><\/span><\/div>\n\n<style type=\"text\/css\" data-created_by=\"avia_inline_auto\" id=\"style-css-av-1v43b9s-e81c978a0a75c408cb40f226432b16e6\">\n.flex_column.av-1v43b9s-e81c978a0a75c408cb40f226432b16e6{\nborder-radius:0px 0px 0px 0px;\npadding:0px 0px 0px 0px;\n}\n<\/style>\n<div  class='flex_column av-1v43b9s-e81c978a0a75c408cb40f226432b16e6 av_two_third  avia-builder-el-4  el_after_av_hr  el_before_av_one_third  first flex_column_div av-zero-column-padding  '     ><style type=\"text\/css\" data-created_by=\"avia_inline_auto\" id=\"style-css-av-1tyw47k-b1d22827718ae8f2593616891761d33a\">\n#top .avia-icon-list-container.av-1tyw47k-b1d22827718ae8f2593616891761d33a .iconlist_icon{\nbackground-color:#22b5b7;\n}\n<\/style>\n<div  class='avia-icon-list-container av-1tyw47k-b1d22827718ae8f2593616891761d33a  avia-builder-el-5  avia-builder-el-no-sibling '><ul class='avia-icon-list avia_animate_when_almost_visible avia-icon-list-left av-iconlist-big av-1tyw47k-b1d22827718ae8f2593616891761d33a avia-iconlist-animate'>\n<li><div class='iconlist_icon av-1rhiqlc-e048234c076ba7f99463f386dcfbc5af avia-font-entypo-fontello avia-iconfont avia-font-entypo-fontello'><span class='av-icon-char' data-av_icon='\ue80b' data-av_iconfont='entypo-fontello' aria-hidden=\"true\"><\/span><\/div><article class=\"article-icon-entry \"  itemscope=\"itemscope\" itemtype=\"https:\/\/schema.org\/BlogPosting\" itemprop=\"blogPost\" ><div class=\"iconlist_content_wrap\"><header class=\"entry-content-header\" aria-label=\"Icon: Phase 1\"><h4 class='av_iconlist_title iconlist_title  '  itemprop=\"headline\" >Phase 1<\/h4><\/header><div class='iconlist_content '  itemprop=\"text\" ><p>Gestartet sind wir mit einer Pr\u00e4senzveranstaltung zum Thema Bildung und Digitalisierung. Bisherige Erfahrungen der Lehramtsstudierenden wurden diskutiert und W\u00fcnsche f\u00fcr den (zuk\u00fcnftigen) Lehreralltag besprochen. Es wurden verschiedene Online-Fortbildungen vorgestellt und die Teilnehmer\/innen durften sich je zwei Online-Fortbildungen aussuchen. Besonders beliebt waren die Themen Erkl\u00e4rfilme und Scratch im Unterricht. Aber auch App Entwicklung, Twitter im Unterricht, Design Thinking und Calliope mini wurden als Fortbildungsthemen gew\u00e4hlt.<\/p>\n<\/div><\/div><footer class=\"entry-footer\"><\/footer><\/article><div class=\"iconlist-timeline\"><\/div><\/li>\n<li><div class='iconlist_icon av-1q2eglc-ae1c84736a0641e33d042d6e959ae7a7 avia-font-entypo-fontello avia-iconfont avia-font-entypo-fontello'><span class='av-icon-char' data-av_icon='\ue8aa' data-av_iconfont='entypo-fontello' aria-hidden=\"true\"><\/span><\/div><article class=\"article-icon-entry \"  itemscope=\"itemscope\" itemtype=\"https:\/\/schema.org\/BlogPosting\" itemprop=\"blogPost\" ><div class=\"iconlist_content_wrap\"><header class=\"entry-content-header\" aria-label=\"Icon: Phase 2\"><h4 class='av_iconlist_title iconlist_title  '  itemprop=\"headline\" >Phase 2<\/h4><\/header><div class='iconlist_content '  itemprop=\"text\" ><p>Danach ging es in die Selbstlernphase: Die Studierenden haben \u00fcber einen Zeitraum von acht Wochen die Online-Fortbildungen bearbeitet\u00a0und sich mit vielen praktischen \u00dcbungen in die jeweilige Thematik eingearbeitet. Innerhalb dieser Zeit konnten die Studierenden ihr Lerntempo selbst bestimmen und jederzeit auf alle digitalen Lernunterlagen und Videos zugreifen. Dabei sollten auch die kennengelernten Werkzeuge oder Methoden beurteilt und jeweils ein Ergebnis der Fortbildung herausgearbeitet werden. Wie lassen sich die digitale Technologien sinnvoll im Unterricht einsetzen? Welchen Mehrwert schaffen sie und wie sehen konkrete Unterrichtsszenerien aus? Bei Fragen konnten sich die Teilnehmenden jederzeit an die Seminarleitung wenden.<\/p>\n<\/div><\/div><footer class=\"entry-footer\"><\/footer><\/article><div class=\"iconlist-timeline\"><\/div><\/li>\n<li><div class='iconlist_icon av-1nudsw0-d31add5c22c656e6b421e63655ede6d0 avia-font-entypo-fontello avia-iconfont avia-font-entypo-fontello'><span class='av-icon-char' data-av_icon='\ue80b' data-av_iconfont='entypo-fontello' aria-hidden=\"true\"><\/span><\/div><article class=\"article-icon-entry \"  itemscope=\"itemscope\" itemtype=\"https:\/\/schema.org\/BlogPosting\" itemprop=\"blogPost\" ><div class=\"iconlist_content_wrap\"><header class=\"entry-content-header\" aria-label=\"Icon: Phase 3\"><h4 class='av_iconlist_title iconlist_title  '  itemprop=\"headline\" >Phase 3<\/h4><\/header><div class='iconlist_content '  itemprop=\"text\" ><p>Zum Abschluss gab es wieder eine Pr\u00e4senzveranstaltung: Jede\/r Seminarteilnehmer\/in hat\u00a0 seine Fortbildungsthemen vorgestellt und ein ausgew\u00e4hltes Ergebnis pr\u00e4sentiert. Zum Beispiel einen selbst erstellen Erkl\u00e4rfilm, eine App, eine Kurzgeschichte auf Twitter oder eine mit Scratch programmierte Anwendung.<\/p>\n<\/div><\/div><footer class=\"entry-footer\"><\/footer><\/article><div class=\"iconlist-timeline\"><\/div><\/li>\n<\/ul><\/div><\/div>\n<style type=\"text\/css\" data-created_by=\"avia_inline_auto\" id=\"style-css-av-1miuro0-e5f9345b796beaf20a3692c13fd1576c\">\n.flex_column.av-1miuro0-e5f9345b796beaf20a3692c13fd1576c{\nborder-radius:0px 0px 0px 0px;\npadding:0px 0px 0px 0px;\nbackground-color:#ffffff;\n}\n<\/style>\n<div  class='flex_column av-1miuro0-e5f9345b796beaf20a3692c13fd1576c av_one_third  avia-builder-el-6  el_after_av_two_third  el_before_av_heading  flex_column_div av-zero-column-padding  '     ><section  class='av_textblock_section av-1ls0rfk-2fed2344439c15f4e05961340d004bef '   itemscope=\"itemscope\" itemtype=\"https:\/\/schema.org\/BlogPosting\" itemprop=\"blogPost\" ><div class='avia_textblock'  itemprop=\"text\" ><p><img loading=\"lazy\" decoding=\"async\" class=\" wp-image-6885 alignnone\" src=\"https:\/\/fobizz.com\/wp-content\/uploads\/2018\/06\/IMG_6591.jpg\" alt=\"Blenden Learning Lehramt Schule\" width=\"423\" height=\"320\" \/><\/p>\n<p>Lehramtsstudierende der TU Berlin beim Blended Learning Seminar zum Thema &#8222;digitale Kompetenzen&#8220;<\/p>\n<\/div><\/section><\/div>\n<style type=\"text\/css\" data-created_by=\"avia_inline_auto\" id=\"style-css-av-1jmfrlc-93444abf0b0c94abf48e448ae04273b7\">\n#top .av-special-heading.av-1jmfrlc-93444abf0b0c94abf48e448ae04273b7{\npadding-bottom:10px;\ncolor:#22b5b7;\n}\nbody .av-special-heading.av-1jmfrlc-93444abf0b0c94abf48e448ae04273b7 .av-special-heading-tag .heading-char{\nfont-size:25px;\n}\n.av-special-heading.av-1jmfrlc-93444abf0b0c94abf48e448ae04273b7 .special-heading-inner-border{\nborder-color:#22b5b7;\n}\n.av-special-heading.av-1jmfrlc-93444abf0b0c94abf48e448ae04273b7 .av-subheading{\nfont-size:15px;\n}\n<\/style>\n<div  class='av-special-heading av-1jmfrlc-93444abf0b0c94abf48e448ae04273b7 av-special-heading-h3 custom-color-heading blockquote modern-quote  avia-builder-el-8  el_after_av_one_third  avia-builder-el-last '><h3 class='av-special-heading-tag '  itemprop=\"headline\"  >Nicht nur wir, auch die Seminarteilnehmer\/innen waren zufrieden und stolz auf die vielen tollen Ergebnisse und entwickelten digitalen Anwendungen. Zwei Seminarteilnehmerinnen, Lydia und Anne-Kathrin, haben drei kurze Fragen zu unserem Blended-Lernmodell beantwortet:<\/h3><div class=\"special-heading-border\"><div class=\"special-heading-inner-border\"><\/div><\/div><\/div>\n\n<\/div><\/div><\/main><!-- close content main element --><\/div><\/div><div id='av_section_2'  class='avia-section av-1h6zejk-76073236707972069cdd644e306acadd main_color avia-section-default avia-no-border-styling  avia-builder-el-9  el_after_av_section  el_before_av_button_big  avia-bg-style-scroll container_wrap sidebar_right'  ><div class='container av-section-cont-open' ><div class='template-page content  av-content-small alpha units'><div class='post-entry post-entry-type-page post-entry-6832'><div class='entry-content-wrapper clearfix'>\n\n<style type=\"text\/css\" data-created_by=\"avia_inline_auto\" id=\"style-css-av-1g7byu8-9581ccca58d9eb0d5f33524b84a89be2\">\n.flex_column.av-1g7byu8-9581ccca58d9eb0d5f33524b84a89be2{\nborder-radius:0px 0px 0px 0px;\npadding:0px 0px 0px 0px;\n}\n<\/style>\n<div  class='flex_column av-1g7byu8-9581ccca58d9eb0d5f33524b84a89be2 av_three_fourth  avia-builder-el-10  el_before_av_one_fourth  avia-builder-el-first  first flex_column_div av-zero-column-padding  '     ><p>\n<style type=\"text\/css\" data-created_by=\"avia_inline_auto\" id=\"style-css-av-1ed1kcg-557e7c24f74b7c6b6074e53a14d86a3c\">\n#top .av-special-heading.av-1ed1kcg-557e7c24f74b7c6b6074e53a14d86a3c{\npadding-bottom:10px;\nfont-size:25px;\n}\nbody .av-special-heading.av-1ed1kcg-557e7c24f74b7c6b6074e53a14d86a3c .av-special-heading-tag .heading-char{\nfont-size:25px;\n}\n#top #wrap_all .av-special-heading.av-1ed1kcg-557e7c24f74b7c6b6074e53a14d86a3c .av-special-heading-tag{\nfont-size:25px;\n}\n.av-special-heading.av-1ed1kcg-557e7c24f74b7c6b6074e53a14d86a3c .av-subheading{\nfont-size:15px;\n}\n\n@media only screen and (min-width: 480px) and (max-width: 767px){ \n#top #wrap_all .av-special-heading.av-1ed1kcg-557e7c24f74b7c6b6074e53a14d86a3c .av-special-heading-tag{\nfont-size:0.8em;\n}\n}\n\n@media only screen and (max-width: 479px){ \n#top #wrap_all .av-special-heading.av-1ed1kcg-557e7c24f74b7c6b6074e53a14d86a3c .av-special-heading-tag{\nfont-size:0.8em;\n}\n}\n<\/style>\n<div  class='av-special-heading av-1ed1kcg-557e7c24f74b7c6b6074e53a14d86a3c av-special-heading-h3 custom-color-heading blockquote modern-quote  avia-builder-el-11  el_before_av_textblock  avia-builder-el-first  av-inherit-size'><h3 class='av-special-heading-tag '  itemprop=\"headline\"  ><b>Welche Themen (Online-Fortbildungen) hast du dir ausgesucht und warum? <\/b><\/h3><div class=\"special-heading-border\"><div class=\"special-heading-inner-border\"><\/div><\/div><\/div><br \/>\n<section  class='av_textblock_section av-1c9ydj4-c10e8e4f3bc2a0c23072742eb993cf04 '   itemscope=\"itemscope\" itemtype=\"https:\/\/schema.org\/BlogPosting\" itemprop=\"blogPost\" ><div class='avia_textblock'  itemprop=\"text\" ><p><strong>Lydia<\/strong>: Ich habe mich f\u00fcr die <a href=\"https:\/\/fobizz.com\/fortbildung-calliope-mini-im-unterricht\/\" target=\"_blank\" rel=\"noopener\">Fortbildung zu Calliope mini <\/a>entschieden. Die Wahl fiel auf diese Fortbildung, weil ich \u00fcberhaupt keine Ahnung hatte was man mit diesem Ger\u00e4t machen kann. Die kleine Vorabinfo bei unserem ersten Termin hat mich dann neugierig auf den Calliope mini gemacht. Erkl\u00e4rvideos war meine zweite Fortbildung. Ich hatte gehofft ein praktikables, leicht verst\u00e4ndliches Tool f\u00fcr die zuk\u00fcnftige Lehrt\u00e4tigkeit zu erhalten. Zudem schaue ich gerne <a href=\"https:\/\/fobizz.com\/fortbildung-erklaerfilme-im-unterricht\/\" target=\"_blank\" rel=\"noopener\">Erkl\u00e4rvideos<\/a> an. Die Aussicht selbst ein Erkl\u00e4rvideo drehen zu k\u00f6nnen, war zus\u00e4tzlich entscheidend diese Online-Fortbildung zu w\u00e4hlen.<\/p>\n<p><strong>Anne-Kathrin:<\/strong>\u00a0Ich habe mich mit <a href=\"https:\/\/fobizz.com\/fortbildung-twitter-im-unterricht\/\" target=\"_blank\" rel=\"noopener\">Twitter<\/a> und <a href=\"https:\/\/fobizz.com\/fortbildung-design-thinking-in-der-schule\/\" target=\"_blank\" rel=\"noopener\">Design Thinking <\/a>auseinandergesetzt und dabei f\u00fcr mich viel mitgenommen.\u00a0Twitter kannte ich bis dato nur vom H\u00f6ren-Sagen und war neugierig diese Gelegenheit zu ergreifen und dies zu erkunden. Design Thinking versprach ein gro\u00dfes Potential der allgemeinen Umsetzung und der universellen Durchf\u00fchrbarkeit. Ich wurde nicht entt\u00e4uscht und konnte dadurch Ans\u00e4tze f\u00fcr die Zukunft mitnehmen!<\/p>\n<\/div><\/section><\/p><\/div>\n<style type=\"text\/css\" data-created_by=\"avia_inline_auto\" id=\"style-css-av-4r3hds-b6e855ddda467788a87c73229834f445\">\n.flex_column.av-4r3hds-b6e855ddda467788a87c73229834f445{\nborder-radius:0px 0px 0px 0px;\npadding:0px 0px 0px 0px;\n}\n<\/style>\n<div  class='flex_column av-4r3hds-b6e855ddda467788a87c73229834f445 av_one_fourth  avia-builder-el-13  el_after_av_three_fourth  el_before_av_heading  flex_column_div av-zero-column-padding  '     ><p><section  class='av_textblock_section av-1a7o4ds-e3e982b2e489cd2e19de182154ca3484 '   itemscope=\"itemscope\" itemtype=\"https:\/\/schema.org\/BlogPosting\" itemprop=\"blogPost\" ><div class='avia_textblock'  itemprop=\"text\" ><p><img loading=\"lazy\" decoding=\"async\" class=\"size-full wp-image-6886 aligncenter\" src=\"https:\/\/fobizz.com\/wp-content\/uploads\/2018\/06\/IMG_7832.jpg\" alt=\"Blenden Learning Lehramt Schule\" width=\"3000\" height=\"4000\" \/><\/p>\n<p>Einsatz digitaler Medien und Tools im Unterricht &#8211; Vorstellung der Seminarergebnisse<\/p>\n<\/div><\/section><br \/>\n\n<style type=\"text\/css\" data-created_by=\"avia_inline_auto\" id=\"style-css-av-4evvrk-e7f2d491960b667440f402114ecfa424\">\n#top .hr.hr-invisible.av-4evvrk-e7f2d491960b667440f402114ecfa424{\nheight:50px;\n}\n<\/style>\n<div  class='hr av-4evvrk-e7f2d491960b667440f402114ecfa424 hr-invisible  avia-builder-el-15  el_after_av_textblock  avia-builder-el-last '><span class='hr-inner '><span class=\"hr-inner-style\"><\/span><\/span><\/div><\/p><\/div>\n<style type=\"text\/css\" data-created_by=\"avia_inline_auto\" id=\"style-css-av-15llom8-9f63ff151712676b5f79f94129e63d0c\">\n#top .av-special-heading.av-15llom8-9f63ff151712676b5f79f94129e63d0c{\npadding-bottom:10px;\nfont-size:25px;\n}\nbody .av-special-heading.av-15llom8-9f63ff151712676b5f79f94129e63d0c .av-special-heading-tag .heading-char{\nfont-size:25px;\n}\n#top #wrap_all .av-special-heading.av-15llom8-9f63ff151712676b5f79f94129e63d0c .av-special-heading-tag{\nfont-size:25px;\n}\n.av-special-heading.av-15llom8-9f63ff151712676b5f79f94129e63d0c .av-subheading{\nfont-size:15px;\n}\n\n@media only screen and (min-width: 480px) and (max-width: 767px){ \n#top #wrap_all .av-special-heading.av-15llom8-9f63ff151712676b5f79f94129e63d0c .av-special-heading-tag{\nfont-size:0.8em;\n}\n}\n\n@media only screen and (max-width: 479px){ \n#top #wrap_all .av-special-heading.av-15llom8-9f63ff151712676b5f79f94129e63d0c .av-special-heading-tag{\nfont-size:0.8em;\n}\n}\n<\/style>\n<div  class='av-special-heading av-15llom8-9f63ff151712676b5f79f94129e63d0c av-special-heading-h3 custom-color-heading blockquote modern-quote  avia-builder-el-16  el_after_av_one_fourth  el_before_av_textblock  av-inherit-size'><h3 class='av-special-heading-tag '  itemprop=\"headline\"  ><b>Wie gut bist du mit den Online-Fortbildungen zurechtgekommen?<\/b><\/h3><div class=\"special-heading-border\"><div class=\"special-heading-inner-border\"><\/div><\/div><\/div>\n<section  class='av_textblock_section av-149ysi8-8a239b160cd66d8572e8b8b3b72681f4 '   itemscope=\"itemscope\" itemtype=\"https:\/\/schema.org\/BlogPosting\" itemprop=\"blogPost\" ><div class='avia_textblock'  itemprop=\"text\" ><p><strong>Lydia<\/strong>: Die Online-Fortbildungen sind logisch und strukturiert aufgebaut (daher sehr gut verst\u00e4ndlich, auch ohne Programmierkenntnisse bzw. Kenntnisse \u00fcber Filmdreh\/Schnitt). Theoretischer Hintergrund und praktische Umsetzung bauen optimal aufeinander auf. Ich konnte sie chronologisch durcharbeiten. Es war aber auch m\u00f6glich die einzelnen Module bei Bedarf erneut anzuschauen. Die weiterf\u00fchrenden Links oder Vorlagen (z.B. Arbeitsanweisungen f\u00fcr SuS) bieten zus\u00e4tzliche Erkl\u00e4rungen\/Unterst\u00fctzung.<\/p>\n<p><strong>Anne-Kathrin:<\/strong>\u00a0Die Durchf\u00fchrung der einzelnen Fortbildungen waren kinderleicht und man f\u00fchlte sich gut angeleitet. Vor allem war man motiviert die Methoden und Tools selbst einmal auszuprobieren.<\/p>\n<\/div><\/section>\n\n<style type=\"text\/css\" data-created_by=\"avia_inline_auto\" id=\"style-css-av-12dd86o-91cc63bc80b2428e21e13ddb6c6d44b2\">\n.flex_column.av-12dd86o-91cc63bc80b2428e21e13ddb6c6d44b2{\nborder-radius:0px 0px 0px 0px;\npadding:0px 0px 0px 0px;\n}\n<\/style>\n<div  class='flex_column av-12dd86o-91cc63bc80b2428e21e13ddb6c6d44b2 av_one_full  avia-builder-el-18  el_after_av_textblock  el_before_av_two_third  first flex_column_div av-zero-column-padding  column-top-margin'     ><\/div>\n<style type=\"text\/css\" data-created_by=\"avia_inline_auto\" id=\"style-css-av-10lak28-9ef80056e189c81559689c0bcdc67d0e\">\n.flex_column.av-10lak28-9ef80056e189c81559689c0bcdc67d0e{\nborder-radius:0px 0px 0px 0px;\npadding:0px 0px 0px 0px;\n}\n<\/style>\n<div  class='flex_column av-10lak28-9ef80056e189c81559689c0bcdc67d0e av_two_third  avia-builder-el-19  el_after_av_one_full  el_before_av_one_third  first flex_column_div av-zero-column-padding  column-top-margin'     ><p>\n<style type=\"text\/css\" data-created_by=\"avia_inline_auto\" id=\"style-css-av-104f4s0-391dc0ff88c98c653102aad3a9836785\">\n#top .av-special-heading.av-104f4s0-391dc0ff88c98c653102aad3a9836785{\npadding-bottom:10px;\nfont-size:25px;\n}\nbody .av-special-heading.av-104f4s0-391dc0ff88c98c653102aad3a9836785 .av-special-heading-tag .heading-char{\nfont-size:25px;\n}\n#top #wrap_all .av-special-heading.av-104f4s0-391dc0ff88c98c653102aad3a9836785 .av-special-heading-tag{\nfont-size:25px;\n}\n.av-special-heading.av-104f4s0-391dc0ff88c98c653102aad3a9836785 .av-subheading{\nfont-size:15px;\n}\n\n@media only screen and (min-width: 480px) and (max-width: 767px){ \n#top #wrap_all .av-special-heading.av-104f4s0-391dc0ff88c98c653102aad3a9836785 .av-special-heading-tag{\nfont-size:0.8em;\n}\n}\n\n@media only screen and (max-width: 479px){ \n#top #wrap_all .av-special-heading.av-104f4s0-391dc0ff88c98c653102aad3a9836785 .av-special-heading-tag{\nfont-size:0.8em;\n}\n}\n<\/style>\n<div  class='av-special-heading av-104f4s0-391dc0ff88c98c653102aad3a9836785 av-special-heading-h3 custom-color-heading blockquote modern-quote  avia-builder-el-20  el_before_av_textblock  avia-builder-el-first  av-inherit-size'><h3 class='av-special-heading-tag '  itemprop=\"headline\"  ><b>Was hat dir am Seminar gut gefallen? <\/b><\/h3><div class=\"special-heading-border\"><div class=\"special-heading-inner-border\"><\/div><\/div><\/div><br \/>\n<section  class='av_textblock_section av-yfrho0-7b3ab36720f40fb016f9ca90a5171a49 '   itemscope=\"itemscope\" itemtype=\"https:\/\/schema.org\/BlogPosting\" itemprop=\"blogPost\" ><div class='avia_textblock'  itemprop=\"text\" ><p><strong>Lydia<\/strong>: Besonders gut hat mir am Seminar gefallen, dass\u2026<\/p>\n<ul>\n<li>ich mir die Themen selber aussuchen konnte.<\/li>\n<li>ich mir meine Zeit frei einteilen konnte.<\/li>\n<li>ich meine digitalen Kompetenzen erweitern konnte.<\/li>\n<li>ich die erlernte Theorie der Fortbildung wirklich im sp\u00e4teren Alltag anwenden kann und damit den Unterricht interessanter gestalten kann.<\/li>\n<li>mir das Seminar die Angst vor dem \u201eProgrammieren\u201c genommen hat.<\/li>\n<li>ich durch die Vortr\u00e4ge der anderen Seminarteilnehmer einen Einblick in weitere Online-Fortbildungen erhalten konnte.<\/li>\n<li>das Seminar von einer sehr netten und kompetenten Dozentin geleitet wurde.<\/li>\n<\/ul>\n<p><strong>Anne-Kathrin<\/strong>: Besonders gefallen hat mir die die freie Einteilung der beiden Themen zuhause, die mir eine gute Studienorganisation erm\u00f6glichte. Dazu trug auch die Seminarstruktur bei.<\/p>\n<\/div><\/section><\/p><\/div>\n<style type=\"text\/css\" data-created_by=\"avia_inline_auto\" id=\"style-css-av-vxw3wg-158c86bb7d457bc2e062a0b0eacbf986\">\n.flex_column.av-vxw3wg-158c86bb7d457bc2e062a0b0eacbf986{\nborder-radius:0px 0px 0px 0px;\npadding:0px 0px 0px 0px;\n}\n<\/style>\n<div  class='flex_column av-vxw3wg-158c86bb7d457bc2e062a0b0eacbf986 av_one_third  avia-builder-el-22  el_after_av_two_third  el_before_av_one_full  flex_column_div av-zero-column-padding  column-top-margin'     ><section  class='av_textblock_section av-v31fc0-40fc8353f9fb3a62574289acf89e8996 '   itemscope=\"itemscope\" itemtype=\"https:\/\/schema.org\/BlogPosting\" itemprop=\"blogPost\" ><div class='avia_textblock'  itemprop=\"text\" ><p><img loading=\"lazy\" decoding=\"async\" class=\" wp-image-6885 alignnone\" src=\"https:\/\/fobizz.com\/wp-content\/uploads\/2018\/06\/IMG_6591.jpg\" alt=\"Blenden Learning Lehramt Schule\" width=\"423\" height=\"320\" \/><\/p>\n<p>Lehramtsstudierende der TU Berlin beim Blended Learning Seminar zum Thema &#8222;digitale Kompetenzen&#8220;<\/p>\n<\/div><\/section><\/div>\n<style type=\"text\/css\" data-created_by=\"avia_inline_auto\" id=\"style-css-av-sbj1a8-edcb13c042b870ae518499be7d70794b\">\n.flex_column.av-sbj1a8-edcb13c042b870ae518499be7d70794b{\nborder-radius:0px 0px 0px 0px;\npadding:0px 0px 0px 0px;\n}\n<\/style>\n<div  class='flex_column av-sbj1a8-edcb13c042b870ae518499be7d70794b av_one_full  avia-builder-el-24  el_after_av_one_third  avia-builder-el-last  first flex_column_div av-zero-column-padding  column-top-margin'     ><p>\n<style type=\"text\/css\" data-created_by=\"avia_inline_auto\" id=\"style-css-av-2o9an4-d0ed7f5369443c70aa04c07106c39ae2\">\n#top .av-special-heading.av-2o9an4-d0ed7f5369443c70aa04c07106c39ae2{\npadding-bottom:10px;\nfont-size:25px;\n}\nbody .av-special-heading.av-2o9an4-d0ed7f5369443c70aa04c07106c39ae2 .av-special-heading-tag .heading-char{\nfont-size:25px;\n}\n#top #wrap_all .av-special-heading.av-2o9an4-d0ed7f5369443c70aa04c07106c39ae2 .av-special-heading-tag{\nfont-size:25px;\n}\n.av-special-heading.av-2o9an4-d0ed7f5369443c70aa04c07106c39ae2 .av-subheading{\nfont-size:15px;\n}\n\n@media only screen and (min-width: 480px) and (max-width: 767px){ \n#top #wrap_all .av-special-heading.av-2o9an4-d0ed7f5369443c70aa04c07106c39ae2 .av-special-heading-tag{\nfont-size:0.8em;\n}\n}\n\n@media only screen and (max-width: 479px){ \n#top #wrap_all .av-special-heading.av-2o9an4-d0ed7f5369443c70aa04c07106c39ae2 .av-special-heading-tag{\nfont-size:0.8em;\n}\n}\n<\/style>\n<div  class='av-special-heading av-2o9an4-d0ed7f5369443c70aa04c07106c39ae2 av-special-heading-h3 custom-color-heading blockquote modern-quote  avia-builder-el-25  el_before_av_textblock  avia-builder-el-first  av-inherit-size'><h3 class='av-special-heading-tag '  itemprop=\"headline\"  ><b>Vielen Dank, Lydia und Anne-Kathin, f\u00fcr eure Antworten und eure Teilnahme am Seminar. <\/b><\/h3><div class=\"special-heading-border\"><div class=\"special-heading-inner-border\"><\/div><\/div><\/div><br \/>\n<section  class='av_textblock_section av-2lqf1c-971ea27fdf2b46bd8823d8ad2179aa0c '   itemscope=\"itemscope\" itemtype=\"https:\/\/schema.org\/BlogPosting\" itemprop=\"blogPost\" ><div class='avia_textblock'  itemprop=\"text\" ><p>Wir hatten viel Spa\u00df und freuen uns sehr, \u00fcber das Feedback, die tollen Pr\u00e4sentationen und nat\u00fcrlich die Ergebnisse.<\/p>\n<p>\u00c4hnliche <a href=\"https:\/\/fobizz.com\/blendedlearning\/\" target=\"_blank\" rel=\"noopener\">Blended Seminar- oder Fortbildungsangebote<\/a> sind auch f\u00fcr andere Hochschulen, f\u00fcr Schulen (z.B. im Rahmen von Schulentwicklungstagen) oder f\u00fcr Fortbildungsinstitute m\u00f6glich. Bei Interesse k\u00f6nnt ihr euch gerne an uns wenden:\u00a0<a href=\"mailto:mail@fobizz.com\">mail@fobizz.com<\/a>.<\/p>\n<\/div><\/section><\/p><\/div><div  class='avia-button-wrap avia-button-center  avia-builder-el-27  el_after_av_section  el_before_av_section '>\n<style type=\"text\/css\" data-created_by=\"avia_inline_auto\" id=\"style-css-av-nk4jxs-ad2564e4d77a3181ba67e6e0b763febe\">\n#top #wrap_all .avia-button.av-nk4jxs-ad2564e4d77a3181ba67e6e0b763febe{\nbackground-color:#22b5b7;\nborder-color:#22b5b7;\ncolor:#ffffff;\ntransition:all 0.4s ease-in-out;\n}\n#top #wrap_all .avia-button.av-nk4jxs-ad2564e4d77a3181ba67e6e0b763febe:hover{\nbackground-color:#22b5b7;\ncolor:#ffffff;\ntransition:all 0.4s ease-in-out;\n}\n#top #wrap_all .avia-button.av-nk4jxs-ad2564e4d77a3181ba67e6e0b763febe .avia-svg-icon svg:first-child{\nfill:#ffffff;\nstroke:#ffffff;\n}\n#top #wrap_all .avia-button.av-nk4jxs-ad2564e4d77a3181ba67e6e0b763febe:hover .avia-svg-icon svg:first-child{\nfill:#ffffff;\nstroke:#ffffff;\n}\n<\/style>\n<a href='' class='avia-button avia-button-fullwidth av-nk4jxs-ad2564e4d77a3181ba67e6e0b763febe avia-icon_select-yes-left-icon avia-color-custom'   aria-label=\"Jetzt alle Fortbildungen ansehen \"><span class='avia_button_icon avia_button_icon_left avia-iconfont avia-font-entypo-fontello' data-av_icon='\ue881' data-av_iconfont='entypo-fontello' ><\/span><span class='avia_iconbox_title' >Jetzt alle Fortbildungen ansehen <\/span><\/a><\/div><\/p>\n\n<style type=\"text\/css\" data-created_by=\"avia_inline_auto\" id=\"style-css-av-lr8y5c-3b73437902078ed9fa4d2712c1003937\">\n.avia-section.av-lr8y5c-3b73437902078ed9fa4d2712c1003937{\nbackground-color:#ffffff;\nbackground-image:unset;\n}\n<\/style>\n<div id='av_section_3'  class='avia-section av-lr8y5c-3b73437902078ed9fa4d2712c1003937 main_color avia-section-small avia-no-border-styling  avia-builder-el-28  el_after_av_button_big  avia-builder-el-last  avia-bg-style-scroll container_wrap sidebar_right'  ><div class='container av-section-cont-open' ><div class='template-page content  av-content-small alpha units'><div class='post-entry post-entry-type-page post-entry-6832'><div class='entry-content-wrapper clearfix'>\n\n<style type=\"text\/css\" data-created_by=\"avia_inline_auto\" id=\"style-css-av-kg19vk-b98866a18638759600e5b4c6277e0014\">\n.flex_column.av-kg19vk-b98866a18638759600e5b4c6277e0014{\nborder-radius:0px 0px 0px 0px;\npadding:0px 0px 0px 0px;\n}\n<\/style>\n<div  class='flex_column av-kg19vk-b98866a18638759600e5b4c6277e0014 av_one_fifth  avia-builder-el-29  el_before_av_four_fifth  avia-builder-el-first  first flex_column_div av-zero-column-padding  '     ><p>\n<style type=\"text\/css\" data-created_by=\"avia_inline_auto\" id=\"style-css-av-isafbk-4b18e0387d5d504dd1d92babb00114b5\">\n#top .hr.hr-invisible.av-isafbk-4b18e0387d5d504dd1d92babb00114b5{\nheight:10px;\n}\n<\/style>\n<div  class='hr av-isafbk-4b18e0387d5d504dd1d92babb00114b5 hr-invisible  avia-builder-el-30  el_before_av_heading  avia-builder-el-first '><span class='hr-inner '><span class=\"hr-inner-style\"><\/span><\/span><\/div><br \/>\n\n<style type=\"text\/css\" data-created_by=\"avia_inline_auto\" id=\"style-css-av-hwwo0w-e9dde4fde646e83144f7360a6a94775b\">\n#top .av-special-heading.av-hwwo0w-e9dde4fde646e83144f7360a6a94775b{\npadding-bottom:1px;\n}\nbody .av-special-heading.av-hwwo0w-e9dde4fde646e83144f7360a6a94775b .av-special-heading-tag .heading-char{\nfont-size:25px;\n}\n.av-special-heading.av-hwwo0w-e9dde4fde646e83144f7360a6a94775b .av-subheading{\nfont-size:15px;\n}\n<\/style>\n<div  class='av-special-heading av-hwwo0w-e9dde4fde646e83144f7360a6a94775b av-special-heading-h2 blockquote modern-quote  avia-builder-el-31  el_after_av_hr  el_before_av_hr '><h2 class='av-special-heading-tag '  itemprop=\"headline\"  >Das sagen Lehrkr\u00e4fte&#8230;<\/h2><div class=\"special-heading-border\"><div class=\"special-heading-inner-border\"><\/div><\/div><\/div><br \/>\n\n<style type=\"text\/css\" data-created_by=\"avia_inline_auto\" id=\"style-css-av-fwdn40-f834d94469b7eafd815e17a67bb235bc\">\n#top .hr.av-fwdn40-f834d94469b7eafd815e17a67bb235bc{\nmargin-top:2px;\nmargin-bottom:15px;\n}\n.hr.av-fwdn40-f834d94469b7eafd815e17a67bb235bc .hr-inner{\nwidth:200px;\nborder-color:#2997ab;\n}\n<\/style>\n<div  class='hr av-fwdn40-f834d94469b7eafd815e17a67bb235bc hr-custom  avia-builder-el-32  el_after_av_heading  avia-builder-el-last  hr-left hr-icon-no'><span class='hr-inner inner-border-av-border-thin'><span class=\"hr-inner-style\"><\/span><\/span><\/div><\/p><\/div>\n<style type=\"text\/css\" data-created_by=\"avia_inline_auto\" id=\"style-css-av-dlq8ww-6cc4da3cbfef1dc5f2ce1ae5c670d97f\">\n.flex_column.av-dlq8ww-6cc4da3cbfef1dc5f2ce1ae5c670d97f{\nborder-radius:0px 0px 0px 0px;\npadding:0px 0px 0px 0px;\n}\n<\/style>\n<div  class='flex_column av-dlq8ww-6cc4da3cbfef1dc5f2ce1ae5c670d97f av_four_fifth  avia-builder-el-33  el_after_av_one_fifth  avia-builder-el-last  flex_column_div av-zero-column-padding  '     ><style type=\"text\/css\" data-created_by=\"avia_inline_auto\" id=\"style-css-av-171klc-990a5f19864fb7a18f21d2504afd4941\">\n#top .avia-testimonial-wrapper.av-171klc-990a5f19864fb7a18f21d2504afd4941 .avia-testimonial-content{\ncolor:#22b5b7;\n}\n.avia-testimonial-wrapper.av-171klc-990a5f19864fb7a18f21d2504afd4941 .avia-slideshow-controls{\ncolor:#22b5b7;\n}\n<\/style>\n<div  class='avia-testimonial-wrapper av-171klc-990a5f19864fb7a18f21d2504afd4941 avia-grid-testimonials avia-grid-3-testimonials avia_animate_when_almost_visible av-minimal-grid-style av-boxed-grid-style' >\n<section class=\"avia-testimonial-row\"><div class='avia-testimonial av-ahttrk-44d2f898ff573578305d1b26e6016332 avia-testimonial-row-1 avia-first-testimonial flex_column no_margin av_one_third'><div class='avia-testimonial_inner'  itemscope=\"itemscope\" itemtype=\"https:\/\/schema.org\/BlogPosting\" itemprop=\"blogPost\" ><div class='avia-testimonial-content av_inherit_color'><div class='avia-testimonial-markup-entry-content'  itemprop=\"text\" ><p><span style=\"font-weight: 400;\">&#8222;Eine <\/span><span style=\"font-weight: 400;\">prima Sache f\u00fcr alle die einsteigen wollen: praxisorientiert, leicht verst\u00e4ndlich, mit vielen \u00dcbungen und weiterf\u00fchrenden Links zu Materialien!&#8220;<\/span><\/p>\n<\/div><\/div><div class=\"avia-testimonial-meta\"><div class=\"avia-testimonial-arrow-wrap\"><div class=\"avia-arrow\"><\/div><\/div><div class='avia-testimonial-meta-mini'  itemprop=\"author\" itemscope=\"itemscope\" itemtype=\"https:\/\/schema.org\/Person\" ><strong  class='avia-testimonial-name'  itemprop=\"name\" > Monika Gierenstein, Rektorin Grundschule aus Rheinland-Pfalz<\/strong><\/div><\/div><\/div><\/div>\n<div class='avia-testimonial av-8j03n4-d2b4d1146862913ed4aa544cd9ddac18 avia-testimonial-row-1 flex_column no_margin av_one_third'><div class='avia-testimonial_inner'  itemscope=\"itemscope\" itemtype=\"https:\/\/schema.org\/BlogPosting\" itemprop=\"blogPost\" ><div class='avia-testimonial-content av_inherit_color'><div class='avia-testimonial-markup-entry-content'  itemprop=\"text\" ><p><span style=\"font-weight: 400;\">&#8222;Die Fortbildungen waren super aufgebaut und haben mir privat und f\u00fcr meinen Unterricht in Informatischer Bildung und im AG-Bereich sehr viel gebracht.&#8220;<\/span><\/p>\n<\/div><\/div><div class=\"avia-testimonial-meta\"><div class=\"avia-testimonial-arrow-wrap\"><div class=\"avia-arrow\"><\/div><\/div><div class='avia-testimonial-meta-mini'  itemprop=\"author\" itemscope=\"itemscope\" itemtype=\"https:\/\/schema.org\/Person\" ><strong  class='avia-testimonial-name'  itemprop=\"name\" >Lehrer an einer Haupt-\/Real-\/Gesamtschule<\/strong><\/div><\/div><\/div><\/div>\n<div class='avia-testimonial av-7fo7f4-e35c47d9c86fe068f5c84a0982ac2a4f avia-testimonial-row-1 avia-last-testimonial flex_column no_margin av_one_third'><div class='avia-testimonial_inner'  itemscope=\"itemscope\" itemtype=\"https:\/\/schema.org\/BlogPosting\" itemprop=\"blogPost\" ><div class='avia-testimonial-content av_inherit_color'><div class='avia-testimonial-markup-entry-content'  itemprop=\"text\" ><p><em>\u201eEuer Angebot ist toll! Und 1:1 im Unterricht anwendbar. Das begeistert mich.\u201c<\/em><\/p>\n<\/div><\/div><div class=\"avia-testimonial-meta\"><div class=\"avia-testimonial-arrow-wrap\"><div class=\"avia-arrow\"><\/div><\/div><div class='avia-testimonial-meta-mini'  itemprop=\"author\" itemscope=\"itemscope\" itemtype=\"https:\/\/schema.org\/Person\" ><strong  class='avia-testimonial-name'  itemprop=\"name\" >Berufsschullehrer, Hessen<\/strong><\/div><\/div><\/div><\/div><\/section>\n<section class=\"avia-testimonial-row\"><div class='avia-testimonial av-kb100-ef0725d524aea8658ea9703d2b6e9783 avia-testimonial-row-2 avia-first-testimonial flex_column no_margin av_one_third'><div class='avia-testimonial_inner'  itemscope=\"itemscope\" itemtype=\"https:\/\/schema.org\/BlogPosting\" itemprop=\"blogPost\" ><div class='avia-testimonial-content av_inherit_color'><div class='avia-testimonial-markup-entry-content'  itemprop=\"text\" ><p><span style=\"font-weight: 400;\">&#8222;Ich fin<\/span><span style=\"font-weight: 400;\">de die Inhalte eurer Fortbildungen sehr gut gew\u00e4hlt, der zeitliche Aufwand ist machbar und das Material sehr relevant. Werde sicher wieder eine Fortbildung bei euch buchen!&#8220;\u00a0<\/span><\/p>\n<\/div><\/div><div class=\"avia-testimonial-meta\"><div class=\"avia-testimonial-arrow-wrap\"><div class=\"avia-arrow\"><\/div><\/div><div class='avia-testimonial-meta-mini'  itemprop=\"author\" itemscope=\"itemscope\" itemtype=\"https:\/\/schema.org\/Person\" ><strong  class='avia-testimonial-name'  itemprop=\"name\" >Birgit M., Lehrerin aus NRW<\/strong><\/div><\/div><\/div><\/div>\n<div class='avia-testimonial av-4fg8sg-c375d4a52cd81733c8a9a16aee52e828 avia-testimonial-row-2 flex_column no_margin av_one_third'><div class='avia-testimonial_inner'  itemscope=\"itemscope\" itemtype=\"https:\/\/schema.org\/BlogPosting\" itemprop=\"blogPost\" ><div class='avia-testimonial-content av_inherit_color'><div class='avia-testimonial-markup-entry-content'  itemprop=\"text\" ><p><span style=\"font-weight: 400;\">&#8222;Besonders hat mir die sehr \u00fcbersichtlic<\/span><span style=\"font-weight: 400;\">he Struktur und der klare und verst\u00e4ndlicher Aufbau der Fortbildung gefallen. Die Mischung aus Videos, Lernmaterialien und weiterf\u00fchrenden Links war super.&#8220;<\/span><\/p>\n<\/div><\/div><div class=\"avia-testimonial-meta\"><div class=\"avia-testimonial-arrow-wrap\"><div class=\"avia-arrow\"><\/div><\/div><div class='avia-testimonial-meta-mini'  itemprop=\"author\" itemscope=\"itemscope\" itemtype=\"https:\/\/schema.org\/Person\" ><strong  class='avia-testimonial-name'  itemprop=\"name\" > Gymnasiallehrerin, Baden-W\u00fcrttemberg<\/strong><\/div><\/div><\/div><\/div>\n<div class='avia-testimonial av-1xvsjk-1d9797e198a8e01a9a519daa03c142d0 avia-testimonial-row-2 avia-last-testimonial flex_column no_margin av_one_third'><div class='avia-testimonial_inner'  itemscope=\"itemscope\" itemtype=\"https:\/\/schema.org\/BlogPosting\" itemprop=\"blogPost\" ><div class='avia-testimonial-content av_inherit_color'><div class='avia-testimonial-markup-entry-content'  itemprop=\"text\" ><p><span style=\"font-weight: 400;\">&#8222;Mir hat besond<\/span><span style=\"font-weight: 400;\">ers gefallen, dass ich die Fortbildung in kleinen St\u00fccken machen konnte. So muss man sich nicht erst Freiraum schaffen, sondern informiert sich nebenbei&#8220;<\/span><\/p>\n<\/div><\/div><div class=\"avia-testimonial-meta\"><div class=\"avia-testimonial-arrow-wrap\"><div class=\"avia-arrow\"><\/div><\/div><div class='avia-testimonial-meta-mini'  itemprop=\"author\" itemscope=\"itemscope\" itemtype=\"https:\/\/schema.org\/Person\" ><strong  class='avia-testimonial-name'  itemprop=\"name\" >Gymnasiallehrer, Hamburg<\/strong><\/div><\/div><\/div><\/div><\/section>\n<\/div><\/div>\n<\/div><\/div><\/div><!-- close content main div --><\/div><\/div><div id='after_section_3'  class='main_color av_default_container_wrap container_wrap sidebar_right'  ><div class='container av-section-cont-open' ><div class='template-page content  av-content-small alpha units'><div class='post-entry post-entry-type-page post-entry-6832'><div class='entry-content-wrapper clearfix'>\n","protected":false},"excerpt":{"rendered":"<p>Im Sommersemester 2018 fand an der TU Berlin ein Blended Lernmodell (Kombination von Pr\u00e4senzterminen und Online-Lernphasen) mit 16 Lehramtsstudierenden zum Thema &#8222;digitale Kompetenzen&#8220; statt.<\/p>\n","protected":false},"author":1,"featured_media":6885,"comment_status":"closed","ping_status":"open","sticky":false,"template":"","format":"standard","meta":{"_monsterinsights_skip_tracking":false,"_monsterinsights_sitenote_active":false,"_monsterinsights_sitenote_note":"","_monsterinsights_sitenote_category":0,"_uf_show_specific_survey":0,"_uf_disable_surveys":false,"footnotes":""},"categories":[167,168],"tags":[155,125,123,154,122],"class_list":["post-6832","post","type-post","status-publish","format-standard","has-post-thumbnail","hentry","category-blended-learning","category-lehrerbildung","tag-blenden-learning","tag-digitale-medien","tag-informatik","tag-lehramt","tag-programmieren"],"acf":[],"yoast_head":"<!-- This site is optimized with the Yoast SEO Premium plugin v26.2 (Yoast SEO v27.4) - https:\/\/yoast.com\/product\/yoast-seo-premium-wordpress\/ -->\n<title>Blended Learning f\u00fcr Lehrkr\u00e4fte<\/title>\n<meta name=\"description\" content=\"Im Sommersemester 2018 fand an der TU Berlin ein Blended Lernmodell (Kombination von Pr\u00e4senzterminen und Online-Lernphasen) mit 16 Lehramtsstudierenden zum Thema &quot;Einsatz digitaler Medien im Unterricht&quot; statt.\" \/>\n<meta name=\"robots\" content=\"index, follow, max-snippet:-1, max-image-preview:large, max-video-preview:-1\" \/>\n<link rel=\"canonical\" href=\"https:\/\/fobizz.com\/de\/blended-learning-mit-lehramtsstudierenden-der-tu-berlin\/\" \/>\n<meta name=\"twitter:card\" content=\"summary_large_image\" \/>\n<meta name=\"twitter:title\" content=\"Blended Learning f\u00fcr Lehrkr\u00e4fte\" \/>\n<meta name=\"twitter:description\" content=\"Im Sommersemester 2018 fand an der TU Berlin ein Blended Lernmodell (Kombination von Pr\u00e4senzterminen und Online-Lernphasen) mit 16 Lehramtsstudierenden zum Thema &quot;Einsatz digitaler Medien im Unterricht&quot; statt.\" \/>\n<meta name=\"twitter:image\" content=\"https:\/\/fobizz.com\/wp-content\/uploads\/2018\/06\/IMG_6591.jpg\" \/>\n<meta name=\"twitter:creator\" content=\"@fobizz\" \/>\n<meta name=\"twitter:site\" content=\"@fobizz\" \/>\n<meta name=\"twitter:label1\" content=\"Verfasst von\" \/>\n\t<meta name=\"twitter:data1\" content=\"fbz_admin\" \/>\n\t<meta name=\"twitter:label2\" content=\"Gesch\u00e4tzte Lesezeit\" \/>\n\t<meta name=\"twitter:data2\" content=\"10\u00a0Minuten\" \/>\n<script type=\"application\/ld+json\" class=\"yoast-schema-graph\">{\"@context\":\"https:\\\/\\\/schema.org\",\"@graph\":[{\"@type\":\"Article\",\"@id\":\"https:\\\/\\\/fobizz.com\\\/de\\\/blended-learning-mit-lehramtsstudierenden-der-tu-berlin\\\/#article\",\"isPartOf\":{\"@id\":\"https:\\\/\\\/fobizz.com\\\/de\\\/blended-learning-mit-lehramtsstudierenden-der-tu-berlin\\\/\"},\"author\":{\"name\":\"fbz_admin\",\"@id\":\"https:\\\/\\\/fobizz.com\\\/de\\\/#\\\/schema\\\/person\\\/340b990135fc3488757ef67719abba47\"},\"headline\":\"Blended Learning mit Lehramtsstudierenden der TU Berlin\",\"datePublished\":\"2018-06-27T16:40:32+00:00\",\"dateModified\":\"2022-12-15T11:48:31+00:00\",\"mainEntityOfPage\":{\"@id\":\"https:\\\/\\\/fobizz.com\\\/de\\\/blended-learning-mit-lehramtsstudierenden-der-tu-berlin\\\/\"},\"wordCount\":2412,\"publisher\":{\"@id\":\"https:\\\/\\\/fobizz.com\\\/de\\\/#organization\"},\"image\":{\"@id\":\"https:\\\/\\\/fobizz.com\\\/de\\\/blended-learning-mit-lehramtsstudierenden-der-tu-berlin\\\/#primaryimage\"},\"thumbnailUrl\":\"https:\\\/\\\/fobizz.com\\\/wp-content\\\/uploads\\\/2018\\\/06\\\/IMG_6591.jpg\",\"keywords\":[\"Blenden Learning\",\"digitale Medien\",\"informatik\",\"Lehramt\",\"programmieren\"],\"articleSection\":[\"Blended Learning\",\"Lehrerbildung\"],\"inLanguage\":\"de\"},{\"@type\":\"WebPage\",\"@id\":\"https:\\\/\\\/fobizz.com\\\/de\\\/blended-learning-mit-lehramtsstudierenden-der-tu-berlin\\\/\",\"url\":\"https:\\\/\\\/fobizz.com\\\/de\\\/blended-learning-mit-lehramtsstudierenden-der-tu-berlin\\\/\",\"name\":\"Blended Learning f\u00fcr Lehrkr\u00e4fte\",\"isPartOf\":{\"@id\":\"https:\\\/\\\/fobizz.com\\\/de\\\/#website\"},\"primaryImageOfPage\":{\"@id\":\"https:\\\/\\\/fobizz.com\\\/de\\\/blended-learning-mit-lehramtsstudierenden-der-tu-berlin\\\/#primaryimage\"},\"image\":{\"@id\":\"https:\\\/\\\/fobizz.com\\\/de\\\/blended-learning-mit-lehramtsstudierenden-der-tu-berlin\\\/#primaryimage\"},\"thumbnailUrl\":\"https:\\\/\\\/fobizz.com\\\/wp-content\\\/uploads\\\/2018\\\/06\\\/IMG_6591.jpg\",\"datePublished\":\"2018-06-27T16:40:32+00:00\",\"dateModified\":\"2022-12-15T11:48:31+00:00\",\"description\":\"Im Sommersemester 2018 fand an der TU Berlin ein Blended Lernmodell (Kombination von Pr\u00e4senzterminen und Online-Lernphasen) mit 16 Lehramtsstudierenden zum Thema \\\"Einsatz digitaler Medien im Unterricht\\\" statt.\",\"breadcrumb\":{\"@id\":\"https:\\\/\\\/fobizz.com\\\/de\\\/blended-learning-mit-lehramtsstudierenden-der-tu-berlin\\\/#breadcrumb\"},\"inLanguage\":\"de\",\"potentialAction\":[{\"@type\":\"ReadAction\",\"target\":[\"https:\\\/\\\/fobizz.com\\\/de\\\/blended-learning-mit-lehramtsstudierenden-der-tu-berlin\\\/\"]}]},{\"@type\":\"ImageObject\",\"inLanguage\":\"de\",\"@id\":\"https:\\\/\\\/fobizz.com\\\/de\\\/blended-learning-mit-lehramtsstudierenden-der-tu-berlin\\\/#primaryimage\",\"url\":\"https:\\\/\\\/fobizz.com\\\/wp-content\\\/uploads\\\/2018\\\/06\\\/IMG_6591.jpg\",\"contentUrl\":\"https:\\\/\\\/fobizz.com\\\/wp-content\\\/uploads\\\/2018\\\/06\\\/IMG_6591.jpg\",\"width\":3200,\"height\":2420,\"caption\":\"Blenden Learning Lehramt Schule\"},{\"@type\":\"BreadcrumbList\",\"@id\":\"https:\\\/\\\/fobizz.com\\\/de\\\/blended-learning-mit-lehramtsstudierenden-der-tu-berlin\\\/#breadcrumb\",\"itemListElement\":[{\"@type\":\"ListItem\",\"position\":1,\"name\":\"Startseite\",\"item\":\"https:\\\/\\\/fobizz.com\\\/de\\\/startpage\\\/\"},{\"@type\":\"ListItem\",\"position\":2,\"name\":\"Blended Learning mit Lehramtsstudierenden der TU Berlin\"}]},{\"@type\":\"WebSite\",\"@id\":\"https:\\\/\\\/fobizz.com\\\/de\\\/#website\",\"url\":\"https:\\\/\\\/fobizz.com\\\/de\\\/\",\"name\":\"fobizz\",\"description\":\"AI &amp; digital Tools for Teachers\",\"publisher\":{\"@id\":\"https:\\\/\\\/fobizz.com\\\/de\\\/#organization\"},\"potentialAction\":[{\"@type\":\"SearchAction\",\"target\":{\"@type\":\"EntryPoint\",\"urlTemplate\":\"https:\\\/\\\/fobizz.com\\\/de\\\/?s={search_term_string}\"},\"query-input\":{\"@type\":\"PropertyValueSpecification\",\"valueRequired\":true,\"valueName\":\"search_term_string\"}}],\"inLanguage\":\"de\"},{\"@type\":\"Organization\",\"@id\":\"https:\\\/\\\/fobizz.com\\\/de\\\/#organization\",\"name\":\"fobizz\",\"url\":\"https:\\\/\\\/fobizz.com\\\/de\\\/\",\"logo\":{\"@type\":\"ImageObject\",\"inLanguage\":\"de\",\"@id\":\"https:\\\/\\\/fobizz.com\\\/de\\\/#\\\/schema\\\/logo\\\/image\\\/\",\"url\":\"https:\\\/\\\/fobizz.com\\\/wp-content\\\/uploads\\\/2023\\\/07\\\/fobi_autor_fobizz.png\",\"contentUrl\":\"https:\\\/\\\/fobizz.com\\\/wp-content\\\/uploads\\\/2023\\\/07\\\/fobi_autor_fobizz.png\",\"width\":200,\"height\":200,\"caption\":\"fobizz\"},\"image\":{\"@id\":\"https:\\\/\\\/fobizz.com\\\/de\\\/#\\\/schema\\\/logo\\\/image\\\/\"},\"sameAs\":[\"https:\\\/\\\/www.facebook.com\\\/fobizz\\\/\",\"https:\\\/\\\/x.com\\\/fobizz\",\"https:\\\/\\\/www.instagram.com\\\/fobizz_com\\\/\",\"https:\\\/\\\/www.youtube.com\\\/@fobizz702\",\"https:\\\/\\\/www.pinterest.de\\\/fobizz_com\"]},{\"@type\":\"Person\",\"@id\":\"https:\\\/\\\/fobizz.com\\\/de\\\/#\\\/schema\\\/person\\\/340b990135fc3488757ef67719abba47\",\"name\":\"fbz_admin\",\"image\":{\"@type\":\"ImageObject\",\"inLanguage\":\"de\",\"@id\":\"https:\\\/\\\/secure.gravatar.com\\\/avatar\\\/20857ca64dd31ac1e81d8ce145dd4a2cdf16df4197fd8d1b48b45d8d64a130d8?s=96&d=mm&r=g\",\"url\":\"https:\\\/\\\/secure.gravatar.com\\\/avatar\\\/20857ca64dd31ac1e81d8ce145dd4a2cdf16df4197fd8d1b48b45d8d64a130d8?s=96&d=mm&r=g\",\"contentUrl\":\"https:\\\/\\\/secure.gravatar.com\\\/avatar\\\/20857ca64dd31ac1e81d8ce145dd4a2cdf16df4197fd8d1b48b45d8d64a130d8?s=96&d=mm&r=g\",\"caption\":\"fbz_admin\"},\"url\":\"https:\\\/\\\/fobizz.com\\\/de\\\/author\\\/fbz_admin\\\/\"}]}<\/script>\n<!-- \/ Yoast SEO Premium plugin. -->","yoast_head_json":{"title":"Blended Learning f\u00fcr Lehrkr\u00e4fte","description":"Im Sommersemester 2018 fand an der TU Berlin ein Blended Lernmodell (Kombination von Pr\u00e4senzterminen und Online-Lernphasen) mit 16 Lehramtsstudierenden zum Thema \"Einsatz digitaler Medien im Unterricht\" statt.","robots":{"index":"index","follow":"follow","max-snippet":"max-snippet:-1","max-image-preview":"max-image-preview:large","max-video-preview":"max-video-preview:-1"},"canonical":"https:\/\/fobizz.com\/de\/blended-learning-mit-lehramtsstudierenden-der-tu-berlin\/","twitter_card":"summary_large_image","twitter_title":"Blended Learning f\u00fcr Lehrkr\u00e4fte","twitter_description":"Im Sommersemester 2018 fand an der TU Berlin ein Blended Lernmodell (Kombination von Pr\u00e4senzterminen und Online-Lernphasen) mit 16 Lehramtsstudierenden zum Thema \"Einsatz digitaler Medien im Unterricht\" statt.","twitter_image":"https:\/\/fobizz.com\/wp-content\/uploads\/2018\/06\/IMG_6591.jpg","twitter_creator":"@fobizz","twitter_site":"@fobizz","twitter_misc":{"Verfasst von":"fbz_admin","Gesch\u00e4tzte Lesezeit":"10\u00a0Minuten"},"schema":{"@context":"https:\/\/schema.org","@graph":[{"@type":"Article","@id":"https:\/\/fobizz.com\/de\/blended-learning-mit-lehramtsstudierenden-der-tu-berlin\/#article","isPartOf":{"@id":"https:\/\/fobizz.com\/de\/blended-learning-mit-lehramtsstudierenden-der-tu-berlin\/"},"author":{"name":"fbz_admin","@id":"https:\/\/fobizz.com\/de\/#\/schema\/person\/340b990135fc3488757ef67719abba47"},"headline":"Blended Learning mit Lehramtsstudierenden der TU Berlin","datePublished":"2018-06-27T16:40:32+00:00","dateModified":"2022-12-15T11:48:31+00:00","mainEntityOfPage":{"@id":"https:\/\/fobizz.com\/de\/blended-learning-mit-lehramtsstudierenden-der-tu-berlin\/"},"wordCount":2412,"publisher":{"@id":"https:\/\/fobizz.com\/de\/#organization"},"image":{"@id":"https:\/\/fobizz.com\/de\/blended-learning-mit-lehramtsstudierenden-der-tu-berlin\/#primaryimage"},"thumbnailUrl":"https:\/\/fobizz.com\/wp-content\/uploads\/2018\/06\/IMG_6591.jpg","keywords":["Blenden Learning","digitale Medien","informatik","Lehramt","programmieren"],"articleSection":["Blended Learning","Lehrerbildung"],"inLanguage":"de"},{"@type":"WebPage","@id":"https:\/\/fobizz.com\/de\/blended-learning-mit-lehramtsstudierenden-der-tu-berlin\/","url":"https:\/\/fobizz.com\/de\/blended-learning-mit-lehramtsstudierenden-der-tu-berlin\/","name":"Blended Learning f\u00fcr Lehrkr\u00e4fte","isPartOf":{"@id":"https:\/\/fobizz.com\/de\/#website"},"primaryImageOfPage":{"@id":"https:\/\/fobizz.com\/de\/blended-learning-mit-lehramtsstudierenden-der-tu-berlin\/#primaryimage"},"image":{"@id":"https:\/\/fobizz.com\/de\/blended-learning-mit-lehramtsstudierenden-der-tu-berlin\/#primaryimage"},"thumbnailUrl":"https:\/\/fobizz.com\/wp-content\/uploads\/2018\/06\/IMG_6591.jpg","datePublished":"2018-06-27T16:40:32+00:00","dateModified":"2022-12-15T11:48:31+00:00","description":"Im Sommersemester 2018 fand an der TU Berlin ein Blended Lernmodell (Kombination von Pr\u00e4senzterminen und Online-Lernphasen) mit 16 Lehramtsstudierenden zum Thema \"Einsatz digitaler Medien im Unterricht\" statt.","breadcrumb":{"@id":"https:\/\/fobizz.com\/de\/blended-learning-mit-lehramtsstudierenden-der-tu-berlin\/#breadcrumb"},"inLanguage":"de","potentialAction":[{"@type":"ReadAction","target":["https:\/\/fobizz.com\/de\/blended-learning-mit-lehramtsstudierenden-der-tu-berlin\/"]}]},{"@type":"ImageObject","inLanguage":"de","@id":"https:\/\/fobizz.com\/de\/blended-learning-mit-lehramtsstudierenden-der-tu-berlin\/#primaryimage","url":"https:\/\/fobizz.com\/wp-content\/uploads\/2018\/06\/IMG_6591.jpg","contentUrl":"https:\/\/fobizz.com\/wp-content\/uploads\/2018\/06\/IMG_6591.jpg","width":3200,"height":2420,"caption":"Blenden Learning Lehramt Schule"},{"@type":"BreadcrumbList","@id":"https:\/\/fobizz.com\/de\/blended-learning-mit-lehramtsstudierenden-der-tu-berlin\/#breadcrumb","itemListElement":[{"@type":"ListItem","position":1,"name":"Startseite","item":"https:\/\/fobizz.com\/de\/startpage\/"},{"@type":"ListItem","position":2,"name":"Blended Learning mit Lehramtsstudierenden der TU Berlin"}]},{"@type":"WebSite","@id":"https:\/\/fobizz.com\/de\/#website","url":"https:\/\/fobizz.com\/de\/","name":"fobizz","description":"AI &amp; digital Tools for Teachers","publisher":{"@id":"https:\/\/fobizz.com\/de\/#organization"},"potentialAction":[{"@type":"SearchAction","target":{"@type":"EntryPoint","urlTemplate":"https:\/\/fobizz.com\/de\/?s={search_term_string}"},"query-input":{"@type":"PropertyValueSpecification","valueRequired":true,"valueName":"search_term_string"}}],"inLanguage":"de"},{"@type":"Organization","@id":"https:\/\/fobizz.com\/de\/#organization","name":"fobizz","url":"https:\/\/fobizz.com\/de\/","logo":{"@type":"ImageObject","inLanguage":"de","@id":"https:\/\/fobizz.com\/de\/#\/schema\/logo\/image\/","url":"https:\/\/fobizz.com\/wp-content\/uploads\/2023\/07\/fobi_autor_fobizz.png","contentUrl":"https:\/\/fobizz.com\/wp-content\/uploads\/2023\/07\/fobi_autor_fobizz.png","width":200,"height":200,"caption":"fobizz"},"image":{"@id":"https:\/\/fobizz.com\/de\/#\/schema\/logo\/image\/"},"sameAs":["https:\/\/www.facebook.com\/fobizz\/","https:\/\/x.com\/fobizz","https:\/\/www.instagram.com\/fobizz_com\/","https:\/\/www.youtube.com\/@fobizz702","https:\/\/www.pinterest.de\/fobizz_com"]},{"@type":"Person","@id":"https:\/\/fobizz.com\/de\/#\/schema\/person\/340b990135fc3488757ef67719abba47","name":"fbz_admin","image":{"@type":"ImageObject","inLanguage":"de","@id":"https:\/\/secure.gravatar.com\/avatar\/20857ca64dd31ac1e81d8ce145dd4a2cdf16df4197fd8d1b48b45d8d64a130d8?s=96&d=mm&r=g","url":"https:\/\/secure.gravatar.com\/avatar\/20857ca64dd31ac1e81d8ce145dd4a2cdf16df4197fd8d1b48b45d8d64a130d8?s=96&d=mm&r=g","contentUrl":"https:\/\/secure.gravatar.com\/avatar\/20857ca64dd31ac1e81d8ce145dd4a2cdf16df4197fd8d1b48b45d8d64a130d8?s=96&d=mm&r=g","caption":"fbz_admin"},"url":"https:\/\/fobizz.com\/de\/author\/fbz_admin\/"}]}},"_links":{"self":[{"href":"https:\/\/fobizz.com\/de\/wp-json\/wp\/v2\/posts\/6832","targetHints":{"allow":["GET"]}}],"collection":[{"href":"https:\/\/fobizz.com\/de\/wp-json\/wp\/v2\/posts"}],"about":[{"href":"https:\/\/fobizz.com\/de\/wp-json\/wp\/v2\/types\/post"}],"author":[{"embeddable":true,"href":"https:\/\/fobizz.com\/de\/wp-json\/wp\/v2\/users\/1"}],"replies":[{"embeddable":true,"href":"https:\/\/fobizz.com\/de\/wp-json\/wp\/v2\/comments?post=6832"}],"version-history":[{"count":0,"href":"https:\/\/fobizz.com\/de\/wp-json\/wp\/v2\/posts\/6832\/revisions"}],"wp:featuredmedia":[{"embeddable":true,"href":"https:\/\/fobizz.com\/de\/wp-json\/wp\/v2\/media\/6885"}],"wp:attachment":[{"href":"https:\/\/fobizz.com\/de\/wp-json\/wp\/v2\/media?parent=6832"}],"wp:term":[{"taxonomy":"category","embeddable":true,"href":"https:\/\/fobizz.com\/de\/wp-json\/wp\/v2\/categories?post=6832"},{"taxonomy":"post_tag","embeddable":true,"href":"https:\/\/fobizz.com\/de\/wp-json\/wp\/v2\/tags?post=6832"}],"curies":[{"name":"wp","href":"https:\/\/api.w.org\/{rel}","templated":true}]}}