{"id":7173,"date":"2018-08-01T21:38:09","date_gmt":"2018-08-01T19:38:09","guid":{"rendered":"https:\/\/fobizz.com\/?p=7173"},"modified":"2021-07-21T11:55:50","modified_gmt":"2021-07-21T09:55:50","slug":"wissen-teilen-und-gemeinsam-bildung-gestalten","status":"publish","type":"post","link":"https:\/\/fobizz.com\/de\/wissen-teilen-und-gemeinsam-bildung-gestalten\/","title":{"rendered":"Wissen teilen und gemeinsam Bildung gestalten"},"content":{"rendered":"\n<style type=\"text\/css\" data-created_by=\"avia_inline_auto\" id=\"style-css-av-18luanp-e06e8accd146d034e003a0b070ce1ee9\">\n.avia-section.av-18luanp-e06e8accd146d034e003a0b070ce1ee9{\nbackground-color:#ffffff;\nbackground-image:unset;\n}\n<\/style>\n<div id='av_section_1'  class='avia-section av-18luanp-e06e8accd146d034e003a0b070ce1ee9 main_color avia-section-default avia-no-border-styling  avia-builder-el-0  el_before_av_section  avia-builder-el-first  avia-bg-style-scroll container_wrap sidebar_right'  ><div class='container av-section-cont-open' ><main  role=\"main\" itemprop=\"mainContentOfPage\"  class='template-page content  av-content-small alpha units'><div class='post-entry post-entry-type-page post-entry-7173'><div class='entry-content-wrapper clearfix'>\n\n<style type=\"text\/css\" data-created_by=\"avia_inline_auto\" id=\"style-css-av-16onq5x-c84fd0f30ac8d6d1cbdbff358990b5c2\">\n.flex_column.av-16onq5x-c84fd0f30ac8d6d1cbdbff358990b5c2{\nborder-radius:0px 0px 0px 0px;\npadding:0px 0px 0px 0px;\n}\n<\/style>\n<div  class='flex_column av-16onq5x-c84fd0f30ac8d6d1cbdbff358990b5c2 av_one_full  avia-builder-el-1  el_before_av_heading  avia-builder-el-first  first flex_column_div av-zero-column-padding  '     ><p>\n<style type=\"text\/css\" data-created_by=\"avia_inline_auto\" id=\"style-css-av-ba0x8l-bf8e170bde968bdda5f9511c50dd12bf\">\n#top .av-special-heading.av-ba0x8l-bf8e170bde968bdda5f9511c50dd12bf{\npadding-bottom:0;\ncolor:#22b5b7;\nfont-size:40px;\n}\nbody .av-special-heading.av-ba0x8l-bf8e170bde968bdda5f9511c50dd12bf .av-special-heading-tag .heading-char{\nfont-size:25px;\n}\n#top #wrap_all .av-special-heading.av-ba0x8l-bf8e170bde968bdda5f9511c50dd12bf .av-special-heading-tag{\nfont-size:40px;\n}\n.av-special-heading.av-ba0x8l-bf8e170bde968bdda5f9511c50dd12bf .special-heading-inner-border{\nborder-color:#22b5b7;\n}\n.av-special-heading.av-ba0x8l-bf8e170bde968bdda5f9511c50dd12bf .av-subheading{\nfont-size:18px;\n}\n\n@media only screen and (min-width: 480px) and (max-width: 767px){ \n#top #wrap_all .av-special-heading.av-ba0x8l-bf8e170bde968bdda5f9511c50dd12bf .av-special-heading-tag{\nfont-size:0.8em;\n}\n}\n\n@media only screen and (max-width: 479px){ \n#top #wrap_all .av-special-heading.av-ba0x8l-bf8e170bde968bdda5f9511c50dd12bf .av-special-heading-tag{\nfont-size:0.8em;\n}\n}\n<\/style>\n<div  class='av-special-heading av-ba0x8l-bf8e170bde968bdda5f9511c50dd12bf av-special-heading-h3 custom-color-heading blockquote modern-quote  avia-builder-el-2  el_before_av_textblock  avia-builder-el-first  av-thin-font av-inherit-size'><h3 class='av-special-heading-tag '  itemprop=\"headline\"  ><strong>Wissen teilen und gemeinsam Bildung gestalten <\/strong><\/h3><div class=\"special-heading-border\"><div class=\"special-heading-inner-border\"><\/div><\/div><\/div><br \/>\n<section  class='av_textblock_section av-12yqws5-12a08d89d5a4c936f24a010a26e8a52c '   itemscope=\"itemscope\" itemtype=\"https:\/\/schema.org\/BlogPosting\" itemprop=\"blogPost\" ><div class='avia_textblock'  itemprop=\"text\" ><p>Durch die Digitalisierung \u00e4ndert sich das Lernen und damit die Rolle der Lehrkraft. Was bedeutet das? Wir m\u00fcssen eine Lernkultur schaffen, in der Wandel als Chance begriffen wird. Das Teilen von Wissen sollte selbstverst\u00e4ndlich sein und spielerisches Ausprobieren sollte gef\u00f6rdert werden. Und Fehler? Die sollten ausdr\u00fccklich erlaubt sein. Wer hat welche Erfahrungen beim Einsatz digitaler Medien gesammelt? Welche Best Practices k\u00f6nnen mit Kollegen und Kolleginnen geteilt werden? Aber auch: Was hat \u00fcberhaupt nicht geklappt? Was hat nur in bestimmten Kontexten funktioniert? Daf\u00fcr braucht es Offenheit und Mut, sein Wissen und seine Erfahrungen als Lehrkraft zu teilen: in schulinternen Lehrerfortbildungen, auf Konferenzen und Barcamps, \u00fcber Social Media Kan\u00e4len wie z. B. Twitter, aber auch in Online-Fortbildungen und Webinaren, um m\u00f6glichst viele Lehrkr\u00e4fte zu erreichen.<\/p>\n<\/div><\/section><\/p><\/div>\n<style type=\"text\/css\" data-created_by=\"avia_inline_auto\" id=\"style-css-av-8l04hx-830a2e0a8391bc3a679197f4f73ff60d\">\n#top .av-special-heading.av-8l04hx-830a2e0a8391bc3a679197f4f73ff60d{\npadding-bottom:10px;\ncolor:#22b5b7;\n}\nbody .av-special-heading.av-8l04hx-830a2e0a8391bc3a679197f4f73ff60d .av-special-heading-tag .heading-char{\nfont-size:25px;\n}\n.av-special-heading.av-8l04hx-830a2e0a8391bc3a679197f4f73ff60d .special-heading-inner-border{\nborder-color:#22b5b7;\n}\n.av-special-heading.av-8l04hx-830a2e0a8391bc3a679197f4f73ff60d .av-subheading{\nfont-size:15px;\n}\n<\/style>\n<div  class='av-special-heading av-8l04hx-830a2e0a8391bc3a679197f4f73ff60d av-special-heading-h2 custom-color-heading blockquote modern-quote  avia-builder-el-4  el_after_av_one_full  el_before_av_two_third  av-thin-font'><h2 class='av-special-heading-tag '  itemprop=\"headline\"  ><strong>Wir m\u00f6chten mit Fobizz eine Kultur des <span class='special_amp'>\u201c<\/span>Wissen-Teiles<span class='special_amp'>\u201d<\/span> f\u00f6rdern und Lehrkr\u00e4fte ermutigen ihr Wissen und ihre Best Practices im Bereich digitale Bildung und Medien aktiv zu teilen. <\/strong><\/h2><div class=\"special-heading-border\"><div class=\"special-heading-inner-border\"><\/div><\/div><\/div>\n\n<style type=\"text\/css\" data-created_by=\"avia_inline_auto\" id=\"style-css-av-yavyhh-de9dca4a7b2895b5b3e777ca875d07e0\">\n.flex_column.av-yavyhh-de9dca4a7b2895b5b3e777ca875d07e0{\nborder-radius:0px 0px 0px 0px;\npadding:0px 0px 0px 0px;\n}\n<\/style>\n<div  class='flex_column av-yavyhh-de9dca4a7b2895b5b3e777ca875d07e0 av_two_third  avia-builder-el-5  el_after_av_heading  el_before_av_one_third  first flex_column_div av-zero-column-padding  '     ><section  class='av_textblock_section av-w6teit-48f9d355d1d46f6a57a65f983f1f1fdb '   itemscope=\"itemscope\" itemtype=\"https:\/\/schema.org\/BlogPosting\" itemprop=\"blogPost\" ><div class='avia_textblock'  itemprop=\"text\" ><p>Digitale Technologien er\u00f6ffnen eine gro\u00dfe Chance f\u00fcr informelles und kooperatives Lernen. \u00a0Das zeigt sich zum Beispiel an dem stark wachsenden Interesse an OER Materialien oder Barcamps, die sich als neues Fortbildungsformat etablieren. \u00a0Wir sind begeistert von diesen Entwicklungen. Genau diesen Netzwerkgedanken verfolgen wir auch mit unserer Weiterbildungsplattform Fobizz. Auf Fobizz teilen Lehrkr\u00e4fte, Trainer und Medienp\u00e4dagogen ihr Wissen und ihre Erfahrungen zum Einsatz digitaler Medien.\u00a0Aus unserem langj\u00e4hrigen Engagement in verschiedenen Bildungsprojekten wissen wir, dass es viele tolle, engagierte Lehrkr\u00e4fte und Medienp\u00e4dagogen gibt. Viele \u201cLeuchtturm\u201d-Projekte h\u00e4ngen von solchen motivierten Personen ab, die sich an ihrer Schule im Bereich Medien und Technik engagieren. Wenn man diese Lehrkr\u00e4fte treffen m\u00f6chte, muss man auf Konferenzen und Barcamps gehen. Dort teilen sie in Vortr\u00e4gen und Workshops ihre Erfahrungen mit anderen Lehrkr\u00e4ften. So erreichen sie 20 Personen in einem Workshop, manchmal ein paar hundert bei Vortr\u00e4gen auf gr\u00f6\u00dferen Konferenzen.<\/p>\n<\/div><\/section><\/div>\n<style type=\"text\/css\" data-created_by=\"avia_inline_auto\" id=\"style-css-av-30w4d1-3e2346a6f6e71667a51986e93e894799\">\n.flex_column.av-30w4d1-3e2346a6f6e71667a51986e93e894799{\nborder-radius:0px 0px 0px 0px;\npadding:0px 0px 0px 0px;\n}\n<\/style>\n<div  class='flex_column av-30w4d1-3e2346a6f6e71667a51986e93e894799 av_one_third  avia-builder-el-7  el_after_av_two_third  el_before_av_textblock  flex_column_div av-zero-column-padding  '     ><p>\n<style type=\"text\/css\" data-created_by=\"avia_inline_auto\" id=\"style-css-av-k4zrjnw1-731c5ce276703d9105e2cc7f112096c6\">\n#top .hr.hr-invisible.av-k4zrjnw1-731c5ce276703d9105e2cc7f112096c6{\nheight:35px;\n}\n<\/style>\n<div  class='hr av-k4zrjnw1-731c5ce276703d9105e2cc7f112096c6 hr-invisible  avia-builder-el-8  el_before_av_image  avia-builder-el-first '><span class='hr-inner '><span class=\"hr-inner-style\"><\/span><\/span><\/div><br \/>\n\n<style type=\"text\/css\" data-created_by=\"avia_inline_auto\" id=\"style-css-av-tg9y6t-ac04c5cf14816dca2a723b4e78f82f91\">\n.avia-image-container.av-tg9y6t-ac04c5cf14816dca2a723b4e78f82f91 img.avia_image{\nbox-shadow:none;\n}\n.avia-image-container.av-tg9y6t-ac04c5cf14816dca2a723b4e78f82f91 .av-image-caption-overlay-center{\ncolor:#ffffff;\n}\n<\/style>\n<div  class='avia-image-container av-tg9y6t-ac04c5cf14816dca2a723b4e78f82f91 av-styling- avia-align-center  avia-builder-el-9  el_after_av_hr  avia-builder-el-last '   itemprop=\"image\" itemscope=\"itemscope\" itemtype=\"https:\/\/schema.org\/ImageObject\" ><div class=\"avia-image-container-inner\"><div class=\"avia-image-overlay-wrap\"><img fetchpriority=\"high\" class='wp-image-6057 avia-img-lazy-loading-not-6057 avia_image ' src='https:\/\/fobizz.com\/wp-content\/uploads\/2018\/03\/Fortbildung_Design_Thinking_Schule.jpg' alt='' title='Lehrerfortbildung Design Thinking in der Schule'  height=\"366\" width=\"600\"  itemprop=\"thumbnailUrl\"  \/><\/div><\/div><\/div><\/p><\/div><section  class='av_textblock_section av-qsyvo5-a4cf5fc09e399c7d3a710c98898a3d46 '   itemscope=\"itemscope\" itemtype=\"https:\/\/schema.org\/BlogPosting\" itemprop=\"blogPost\" ><div class='avia_textblock'  itemprop=\"text\" ><p>W\u00e4re es nicht toll, wenn diese Menschen ihr Wissen und ihre Erfahrungen jederzeit an tausende von Lehrern und Lehrerinnen weitergeben k\u00f6nnten? Ohne dass sie dadurch selbst in ihrem Lehreralltag zeitlich eingeschr\u00e4nkt werden? Die Digitalisierung und Online-Fortbildungen machen dies m\u00f6glich: Sie erm\u00f6glichen, dass das Wissen von anderen Lehrkr\u00e4ften zeit- und ortsunabh\u00e4ngig jederzeit online abgerufen werden kann.<\/p>\n<\/div><\/section>\n\n<style type=\"text\/css\" data-created_by=\"avia_inline_auto\" id=\"style-css-av-7rzvwl-9ab58a13bfa67cc9df03923d1f3261a3\">\n#top .av-special-heading.av-7rzvwl-9ab58a13bfa67cc9df03923d1f3261a3{\npadding-bottom:10px;\ncolor:#22b5b7;\n}\nbody .av-special-heading.av-7rzvwl-9ab58a13bfa67cc9df03923d1f3261a3 .av-special-heading-tag .heading-char{\nfont-size:25px;\n}\n.av-special-heading.av-7rzvwl-9ab58a13bfa67cc9df03923d1f3261a3 .special-heading-inner-border{\nborder-color:#22b5b7;\n}\n.av-special-heading.av-7rzvwl-9ab58a13bfa67cc9df03923d1f3261a3 .av-subheading{\nfont-size:15px;\n}\n<\/style>\n<div  class='av-special-heading av-7rzvwl-9ab58a13bfa67cc9df03923d1f3261a3 av-special-heading-h2 custom-color-heading blockquote modern-quote  avia-builder-el-11  el_after_av_textblock  el_before_av_three_fifth  av-thin-font'><h2 class='av-special-heading-tag '  itemprop=\"headline\"  ><strong>Wir m\u00f6chten engagierten Lehrkr\u00e4ften und Vorreitern im Bereich digitale Bildung das Netzwerk und die Plattform geben, um ihr Wissen und ihre Erfahrungen zu teilen. <\/strong><\/h2><div class=\"special-heading-border\"><div class=\"special-heading-inner-border\"><\/div><\/div><\/div>\n\n<style type=\"text\/css\" data-created_by=\"avia_inline_auto\" id=\"style-css-av-np8w05-3ba16d122b84f2a63c56d7e7042575bb\">\n.flex_column.av-np8w05-3ba16d122b84f2a63c56d7e7042575bb{\nborder-radius:0px 0px 0px 0px;\npadding:0px 0px 0px 0px;\n}\n<\/style>\n<div  class='flex_column av-np8w05-3ba16d122b84f2a63c56d7e7042575bb av_three_fifth  avia-builder-el-12  el_after_av_heading  el_before_av_two_fifth  first flex_column_div av-zero-column-padding  '     ><section  class='av_textblock_section av-mg8qdx-97ee1dfdd0f3e09df581c81381460d7e '   itemscope=\"itemscope\" itemtype=\"https:\/\/schema.org\/BlogPosting\" itemprop=\"blogPost\" ><div class='avia_textblock'  itemprop=\"text\" ><p>Diesen Vorreitern im Bereich digitale Bildung wollen wir Werkzeuge geben, um ihr Wissen mit noch mehr Menschen zu teilen. Unsere Weiterbildungsplattform ist offen f\u00fcr alle Lehrkr\u00e4fte, Trainer und Medienp\u00e4dagogen, die ihr Wissen im Bereich Medienkompetenz und digitale Medien teilen m\u00f6chten. Fobizz ist eine Plattform f\u00fcr die Personen, die bereits erfolgreich digitale Technologien im Unterricht einsetzen und ihr Wissen weitergeben m\u00f6chten. Aber auch Experten aus der Digitalbranche k\u00f6nnen ihr Wissen f\u00fcr Lehrkr\u00e4fte weitergeben. Denn Schule braucht Inspiration und Know-How von au\u00dfen und auch diesen Austausch m\u00f6chten wir f\u00f6rdern.<\/p>\n<p>Auf unserer Online-Plattform gibt es kostenfreie und kostenpflichtige Online-Fortbildungen. Dabei entscheiden alle Autor*innen und Trainer selbst ob sie ihre Online-Fortbildung kostenfrei oder kostenpflichtig mit anderen teilen m\u00f6chten. Wenn die Online-Fortbildung etwas kostet, teilen wir die Einnahmen fair auf. Au\u00dferdem unterst\u00fctzen wir nat\u00fcrlich bei der Erstellung der Online-Fortbildung, von der Idee bis zum fertigen Kurs.<\/p>\n<\/div><\/section><\/div>\n<style type=\"text\/css\" data-created_by=\"avia_inline_auto\" id=\"style-css-av-k3iypx-954ebe48ae9f8c2ee31fa4614bf1bc5b\">\n.flex_column.av-k3iypx-954ebe48ae9f8c2ee31fa4614bf1bc5b{\nborder-radius:0px 0px 0px 0px;\npadding:0px 0px 0px 0px;\n}\n<\/style>\n<div  class='flex_column av-k3iypx-954ebe48ae9f8c2ee31fa4614bf1bc5b av_two_fifth  avia-builder-el-14  el_after_av_three_fifth  el_before_av_heading  flex_column_div av-zero-column-padding  '     ><p>\n<style type=\"text\/css\" data-created_by=\"avia_inline_auto\" id=\"style-css-av-k4zrjnw1-731c5ce276703d9105e2cc7f112096c6\">\n#top .hr.hr-invisible.av-k4zrjnw1-731c5ce276703d9105e2cc7f112096c6{\nheight:35px;\n}\n<\/style>\n<div  class='hr av-k4zrjnw1-731c5ce276703d9105e2cc7f112096c6 hr-invisible  avia-builder-el-15  el_before_av_image  avia-builder-el-first '><span class='hr-inner '><span class=\"hr-inner-style\"><\/span><\/span><\/div><br \/>\n\n<style type=\"text\/css\" data-created_by=\"avia_inline_auto\" id=\"style-css-av-jebool-19e7581b40705ee2855f3cc551d6ac0a\">\n.avia-image-container.av-jebool-19e7581b40705ee2855f3cc551d6ac0a img.avia_image{\nbox-shadow:none;\n}\n.avia-image-container.av-jebool-19e7581b40705ee2855f3cc551d6ac0a .av-image-caption-overlay-center{\ncolor:#ffffff;\n}\n<\/style>\n<div  class='avia-image-container av-jebool-19e7581b40705ee2855f3cc551d6ac0a av-styling- avia-align-center  avia-builder-el-16  el_after_av_hr  avia-builder-el-last '   itemprop=\"image\" itemscope=\"itemscope\" itemtype=\"https:\/\/schema.org\/ImageObject\" ><div class=\"avia-image-container-inner\"><div class=\"avia-image-overlay-wrap\"><img fetchpriority=\"high\" class='wp-image-527 avia-img-lazy-loading-not-527 avia_image ' src='https:\/\/fobizz.com\/wp-content\/uploads\/2015\/02\/desk5.jpg' alt='' title='Online Lehrerfortbildungen zu IT, Medien und Digitalisierung'  height=\"2667\" width=\"4000\"  itemprop=\"thumbnailUrl\"  \/><\/div><\/div><\/div><\/p><\/div>\n<style type=\"text\/css\" data-created_by=\"avia_inline_auto\" id=\"style-css-av-6hhi4l-80697b9cd568989e862b1ea33354dae5\">\n#top .av-special-heading.av-6hhi4l-80697b9cd568989e862b1ea33354dae5{\npadding-bottom:10px;\ncolor:#22b5b7;\n}\nbody .av-special-heading.av-6hhi4l-80697b9cd568989e862b1ea33354dae5 .av-special-heading-tag .heading-char{\nfont-size:25px;\n}\n.av-special-heading.av-6hhi4l-80697b9cd568989e862b1ea33354dae5 .special-heading-inner-border{\nborder-color:#22b5b7;\n}\n.av-special-heading.av-6hhi4l-80697b9cd568989e862b1ea33354dae5 .av-subheading{\nfont-size:15px;\n}\n<\/style>\n<div  class='av-special-heading av-6hhi4l-80697b9cd568989e862b1ea33354dae5 av-special-heading-h2 custom-color-heading blockquote modern-quote  avia-builder-el-17  el_after_av_two_fifth  el_before_av_one_full  av-thin-font'><h2 class='av-special-heading-tag '  itemprop=\"headline\"  ><strong>Deine Erfahrung hilft anderen Lehrkr\u00e4ften. Wir helfen dir dein Wissen zu teilen. <\/strong><\/h2><div class=\"special-heading-border\"><div class=\"special-heading-inner-border\"><\/div><\/div><\/div>\n\n<style type=\"text\/css\" data-created_by=\"avia_inline_auto\" id=\"style-css-av-fd6ujp-17f94ea6f89bf5023eb81e08e3fe116d\">\n.flex_column.av-fd6ujp-17f94ea6f89bf5023eb81e08e3fe116d{\nborder-radius:0px 0px 0px 0px;\npadding:0px 0px 0px 0px;\n}\n<\/style>\n<div  class='flex_column av-fd6ujp-17f94ea6f89bf5023eb81e08e3fe116d av_one_full  avia-builder-el-18  el_after_av_heading  el_before_av_heading  first flex_column_div av-zero-column-padding  '     ><section  class='av_textblock_section av-dlljf9-389da4f97bb7dcda62a8848c2ff526a6 '   itemscope=\"itemscope\" itemtype=\"https:\/\/schema.org\/BlogPosting\" itemprop=\"blogPost\" ><div class='avia_textblock'  itemprop=\"text\" ><p>\u00dcber die Fobizz Plattform kannst du deine Erfahrungen mit vielen Kolleginnen und Kollegen aus Deutschland, \u00d6sterreich und der Schweiz teilen. Wenn du Interesse hast, dein Wissen in Form einer Online-Fortbildung anderen zur Verf\u00fcgung zu stellen oder Kolleginnen und Kollegen kennst, die Lust haben k\u00f6nnten &#8211; dann <a href=\"https:\/\/fobizz.com\/dozent-werden\/\">informiere dich hier <\/a>oder melde dich direkt bei uns: <a href=\"mailto:mail@fobizz.com\">mail@fobizz.com<\/a><\/p>\n<\/div><\/section><\/div>\n<style type=\"text\/css\" data-created_by=\"avia_inline_auto\" id=\"style-css-av-4t4sj9-4a12ca828fd7d9e5807e52a2516d8a51\">\n#top .av-special-heading.av-4t4sj9-4a12ca828fd7d9e5807e52a2516d8a51{\npadding-bottom:10px;\ncolor:#22b5b7;\n}\nbody .av-special-heading.av-4t4sj9-4a12ca828fd7d9e5807e52a2516d8a51 .av-special-heading-tag .heading-char{\nfont-size:25px;\n}\n.av-special-heading.av-4t4sj9-4a12ca828fd7d9e5807e52a2516d8a51 .special-heading-inner-border{\nborder-color:#22b5b7;\n}\n.av-special-heading.av-4t4sj9-4a12ca828fd7d9e5807e52a2516d8a51 .av-subheading{\nfont-size:15px;\n}\n<\/style>\n<div  class='av-special-heading av-4t4sj9-4a12ca828fd7d9e5807e52a2516d8a51 av-special-heading-h2 custom-color-heading blockquote modern-quote  avia-builder-el-20  el_after_av_one_full  el_before_av_three_fifth  av-thin-font'><h2 class='av-special-heading-tag '  itemprop=\"headline\"  ><strong>Gemeinsam zeitgem\u00e4\u00dfe, digitale Bildung gestalten<\/strong><\/h2><div class=\"special-heading-border\"><div class=\"special-heading-inner-border\"><\/div><\/div><\/div>\n\n<style type=\"text\/css\" data-created_by=\"avia_inline_auto\" id=\"style-css-av-b60w1x-2bcc111417f1ee52609485de60c78035\">\n.flex_column.av-b60w1x-2bcc111417f1ee52609485de60c78035{\nborder-radius:0px 0px 0px 0px;\npadding:0px 0px 0px 0px;\n}\n<\/style>\n<div  class='flex_column av-b60w1x-2bcc111417f1ee52609485de60c78035 av_three_fifth  avia-builder-el-21  el_after_av_heading  el_before_av_two_fifth  first flex_column_div av-zero-column-padding  '     ><section  class='av_textblock_section av-9r0gxx-4ceb1cb107c40ed830aabe2d0811a94d '   itemscope=\"itemscope\" itemtype=\"https:\/\/schema.org\/BlogPosting\" itemprop=\"blogPost\" ><div class='avia_textblock'  itemprop=\"text\" ><p>Auch wenn wir Online-Fortbildungen toll finden: auch in Zukunft wird es Pr\u00e4senz-Schulungen und Vortr\u00e4ge geben. Und das ist auch wichtig. In unserem bundesweiten <a href=\"https:\/\/fobizz.com\/experten-datenbank-lehrerfortbildungen\/\">Experten &amp; Trainer Verzeichnis<\/a> verweisen wir deshalb auf Lehrkr\u00e4fte, Trainer und Fachleute aus unterschiedlichen Bereichen, die Pr\u00e4senz-Fortbildungen anbieten.<\/p>\n<p>Wir haben uns selbst eine solche &#8211; bundesland\u00fcbergreifende &#8211; Liste lange gew\u00fcnscht, weil wir in der Vergangenheit viele Anfragen f\u00fcr Workshops und Vortr\u00e4ge erhalten haben. Da wir viele Themen aber selbst gar nicht anbieten k\u00f6nnen, haben wir ein kuratiertes Experten &amp; Trainer Verzeichnis aufgebaut. Egal ob du digitale Medien im Unterricht einsetzen m\u00f6chtest, neue Technologien und Trends als Unterrichtsthema thematisieren willst oder Grundlagen der Programmierung und Informatik unterrichten willst \u2013 hier findest du ausgew\u00e4hlte Lehrkr\u00e4fte, Trainer und Experten die Du f\u00fcr Vortr\u00e4ge, Workshops an deiner Schule anfragen kannst.<\/p>\n<p>Und wenn du selbst Workshops und Vortr\u00e4ge im Bereich Medienkompetenz, Informatik und Digitalisierung gibst: f\u00fclle einfach <a href=\"https:\/\/fobizz.com\/trainer-datenbank-aufnahme\/\">dieses Formular <\/a>aus oder mache deine Kolleg*innen darauf aufmerksam.<\/p>\n<\/div><\/section><\/div>\n<style type=\"text\/css\" data-created_by=\"avia_inline_auto\" id=\"style-css-av-6vwmed-1b11b6945980f225ce3a0555128c398d\">\n.flex_column.av-6vwmed-1b11b6945980f225ce3a0555128c398d{\nborder-radius:0px 0px 0px 0px;\npadding:0px 0px 0px 0px;\n}\n<\/style>\n<div  class='flex_column av-6vwmed-1b11b6945980f225ce3a0555128c398d av_two_fifth  avia-builder-el-23  el_after_av_three_fifth  el_before_av_heading  flex_column_div av-zero-column-padding  '     ><p>\n<style type=\"text\/css\" data-created_by=\"avia_inline_auto\" id=\"style-css-av-k4zrjnw1-731c5ce276703d9105e2cc7f112096c6\">\n#top .hr.hr-invisible.av-k4zrjnw1-731c5ce276703d9105e2cc7f112096c6{\nheight:35px;\n}\n<\/style>\n<div  class='hr av-k4zrjnw1-731c5ce276703d9105e2cc7f112096c6 hr-invisible  avia-builder-el-24  el_before_av_image  avia-builder-el-first '><span class='hr-inner '><span class=\"hr-inner-style\"><\/span><\/span><\/div><br \/>\n\n<style type=\"text\/css\" data-created_by=\"avia_inline_auto\" id=\"style-css-av-6l3e1x-7b510907d26c2397d416255367645166\">\n.avia-image-container.av-6l3e1x-7b510907d26c2397d416255367645166 img.avia_image{\nbox-shadow:none;\n}\n.avia-image-container.av-6l3e1x-7b510907d26c2397d416255367645166 .av-image-caption-overlay-center{\ncolor:#ffffff;\n}\n<\/style>\n<div  class='avia-image-container av-6l3e1x-7b510907d26c2397d416255367645166 av-styling- av-img-linked avia-align-center  avia-builder-el-25  el_after_av_hr  avia-builder-el-last '   itemprop=\"image\" itemscope=\"itemscope\" itemtype=\"https:\/\/schema.org\/ImageObject\" ><div class=\"avia-image-container-inner\"><div class=\"avia-image-overlay-wrap\"><a href=\"https:\/\/fobizz.com\/de\/dozenten-datenbank-lehrerfortbildungen\/\" class='avia_image '  target=\"_blank\"  rel=\"noopener noreferrer\" aria-label='Bildschirmfoto 2018-08-03 um 09.42.53'><img fetchpriority=\"high\" class='wp-image-7243 avia-img-lazy-loading-not-7243 avia_image ' src='https:\/\/fobizz.com\/wp-content\/uploads\/2018\/08\/Bildschirmfoto-2018-08-03-um-09.42.53.jpg' alt='' title='Bildschirmfoto 2018-08-03 um 09.42.53'  height=\"351\" width=\"441\"  itemprop=\"thumbnailUrl\"  \/><\/a><\/div><\/div><\/div><\/p><\/div>\n<style type=\"text\/css\" data-created_by=\"avia_inline_auto\" id=\"style-css-av-2q03ph-9a8c6301f31c24f809938ec64627cfd4\">\n#top .av-special-heading.av-2q03ph-9a8c6301f31c24f809938ec64627cfd4{\npadding-bottom:10px;\ncolor:#22b5b7;\n}\nbody .av-special-heading.av-2q03ph-9a8c6301f31c24f809938ec64627cfd4 .av-special-heading-tag .heading-char{\nfont-size:25px;\n}\n.av-special-heading.av-2q03ph-9a8c6301f31c24f809938ec64627cfd4 .special-heading-inner-border{\nborder-color:#22b5b7;\n}\n.av-special-heading.av-2q03ph-9a8c6301f31c24f809938ec64627cfd4 .av-subheading{\nfont-size:15px;\n}\n<\/style>\n<div  class='av-special-heading av-2q03ph-9a8c6301f31c24f809938ec64627cfd4 av-special-heading-h2 custom-color-heading blockquote modern-quote  avia-builder-el-26  el_after_av_two_fifth  el_before_av_textblock  av-thin-font'><h2 class='av-special-heading-tag '  itemprop=\"headline\"  ><strong>Warum wir das alles machen?<\/strong><\/h2><div class=\"special-heading-border\"><div class=\"special-heading-inner-border\"><\/div><\/div><\/div>\n<section  class='av_textblock_section av-212wbp-e2f3b0f42c8dc18effeb38975749bdd3 '   itemscope=\"itemscope\" itemtype=\"https:\/\/schema.org\/BlogPosting\" itemprop=\"blogPost\" ><div class='avia_textblock'  itemprop=\"text\" ><p>Wir glauben, dass Lehrerfortbildungen der Schl\u00fcssel f\u00fcr eine zeitgem\u00e4\u00dfe, digitale Bildung sind. So k\u00f6nnen wir den digitalen Wandel in der Schule gemeinsam gestalten.<\/p>\n<\/div><\/section>\n\n<\/div><\/div><\/main><!-- close content main element --><\/div><\/div><div id='av_section_2'  class='avia-section av-ju11gpo3-440f5ae2309dab6e57beb2d1623f2b35 alternate_color avia-section-default avia-no-border-styling  avia-builder-el-28  el_after_av_section  avia-builder-el-last  avia-bg-style-scroll container_wrap sidebar_right'  ><div class='container av-section-cont-open' ><div class='template-page content  av-content-small alpha units'><div class='post-entry post-entry-type-page post-entry-7173'><div class='entry-content-wrapper clearfix'>\n\n<style type=\"text\/css\" data-created_by=\"avia_inline_auto\" id=\"style-css-av-ju11ha2p-15c8dfd0812db5b4b8b60f7a8559db15\">\n#top .av-special-heading.av-ju11ha2p-15c8dfd0812db5b4b8b60f7a8559db15{\npadding-bottom:20px;\n}\nbody .av-special-heading.av-ju11ha2p-15c8dfd0812db5b4b8b60f7a8559db15 .av-special-heading-tag .heading-char{\nfont-size:25px;\n}\n#top #wrap_all .av-special-heading.av-ju11ha2p-15c8dfd0812db5b4b8b60f7a8559db15 .av-special-heading-tag{\nfont-size:25px;\n}\n.av-special-heading.av-ju11ha2p-15c8dfd0812db5b4b8b60f7a8559db15 .av-subheading{\nfont-size:15px;\n}\n<\/style>\n<div  class='av-special-heading av-ju11ha2p-15c8dfd0812db5b4b8b60f7a8559db15 av-special-heading-h2 custom-color-heading  avia-builder-el-29  el_before_av_postslider  avia-builder-el-first '><h2 class='av-special-heading-tag '  itemprop=\"headline\"  >Weitere Blogartikel<\/h2><div class=\"special-heading-border\"><div class=\"special-heading-inner-border\"><\/div><\/div><\/div>\n<div  data-slideshow-options=\"{&quot;animation&quot;:&quot;fade&quot;,&quot;autoplay&quot;:false,&quot;loop_autoplay&quot;:&quot;once&quot;,&quot;interval&quot;:&quot;5&quot;,&quot;loop_manual&quot;:&quot;manual-endless&quot;,&quot;autoplay_stopper&quot;:false,&quot;noNavigation&quot;:false,&quot;show_slide_delay&quot;:90}\" class='avia-content-slider avia-content-slider-active avia-content-slider1 avia-content-slider-odd  avia-builder-el-30  el_after_av_heading  avia-builder-el-last  av-slideshow-ui av-control-default   av-no-slider-navigation av-slideshow-manual av-loop-once av-loop-manual-endless '  itemscope=\"itemscope\" itemtype=\"https:\/\/schema.org\/Blog\" ><div class=\"avia-content-slider-inner\"><div class=\"slide-entry-wrap\"><article class='slide-entry flex_column  post-entry post-entry-59437 slide-entry-overview slide-loop-1 slide-parity-odd  av_one_third first real-thumbnail posttype-post post-format-standard'  itemscope=\"itemscope\" itemtype=\"https:\/\/schema.org\/BlogPosting\" itemprop=\"blogPost\" ><a href='https:\/\/fobizz.com\/de\/kinder-mit-traumaerfahrung-verstehen-und-begleiten\/' data-rel='slide-1' class='slide-image' title='Kinder mit Traumaerfahrung verstehen und begleiten'><img decoding=\"async\" fetchpriority=\"high\" width=\"495\" height=\"400\" src=\"https:\/\/fobizz.com\/wp-content\/uploads\/2026\/04\/Kinder-mit-Traumaerfahrung-verstehen-und-begleiten-495x400.jpg\" class=\"wp-image-59441 avia-img-lazy-loading-not-59441 attachment-portfolio size-portfolio wp-post-image\" alt=\"\" \/><\/a><div class=\"slide-content\"><header class=\"entry-content-header\"><h3 class='slide-entry-title entry-title '  itemprop=\"headline\" ><a href='https:\/\/fobizz.com\/de\/kinder-mit-traumaerfahrung-verstehen-und-begleiten\/' title='Kinder mit Traumaerfahrung verstehen und begleiten'>Kinder mit Traumaerfahrung verstehen und begleiten<\/a><\/h3><span class=\"blog-categories minor-meta\"><a href=\"https:\/\/fobizz.com\/de\/category\/interview\/\" rel=\"tag\">Interview<\/a>, <a href=\"https:\/\/fobizz.com\/de\/category\/lehrerbildung\/\" rel=\"tag\">Lehrerbildung<\/a>, <a href=\"https:\/\/fobizz.com\/de\/category\/nachhaltige-entwicklung\/\" rel=\"tag\">Nachhaltige Entwicklung<\/a> <\/span><span class=\"av-vertical-delimiter\"><\/span><\/header><div class='slide-entry-excerpt entry-content'  itemprop=\"text\" ><div class=\"excerpt-text\">Erfahre im Interview mit Feline Lunge, wie du deinen Unterricht traumasensibel gestalten kannst.<\/div><\/div><\/div><span class='hidden'>\n\t\t\t\t<span class='av-structured-data'  itemprop=\"image\" itemscope=\"itemscope\" itemtype=\"https:\/\/schema.org\/ImageObject\" >\n\t\t\t\t\t\t<span itemprop='url'>https:\/\/fobizz.com\/wp-content\/uploads\/2026\/04\/Kinder-mit-Traumaerfahrung-verstehen-und-begleiten.jpg<\/span>\n\t\t\t\t\t\t<span itemprop='height'>500<\/span>\n\t\t\t\t\t\t<span itemprop='width'>800<\/span>\n\t\t\t\t<\/span>\n\t\t\t\t<span class='av-structured-data'  itemprop=\"publisher\" itemtype=\"https:\/\/schema.org\/Organization\" itemscope=\"itemscope\" >\n\t\t\t\t\t\t<span itemprop='name'>Tanja Schneider<\/span>\n\t\t\t\t\t\t<span itemprop='logo' itemscope itemtype='https:\/\/schema.org\/ImageObject'>\n\t\t\t\t\t\t\t<span itemprop='url'>https:\/\/fobizz.com\/wp-content\/uploads\/2024\/01\/fobizz_logo-min-495x244.png<\/span>\n\t\t\t\t\t\t<\/span>\n\t\t\t\t<\/span><span class='av-structured-data'  itemprop=\"author\" itemscope=\"itemscope\" itemtype=\"https:\/\/schema.org\/Person\" ><span itemprop='name'>Tanja Schneider<\/span><\/span><span class='av-structured-data'  itemprop=\"datePublished\" datetime=\"2018-08-01T21:38:09+02:00\" >2026-04-09 10:47:47<\/span><span class='av-structured-data'  itemprop=\"dateModified\" itemtype=\"https:\/\/schema.org\/dateModified\" >2026-04-09 11:19:32<\/span><span class='av-structured-data'  itemprop=\"mainEntityOfPage\" itemtype=\"https:\/\/schema.org\/mainEntityOfPage\" ><span itemprop='name'>Kinder mit Traumaerfahrung verstehen und begleiten<\/span><\/span><\/span><\/article><article class='slide-entry flex_column  post-entry post-entry-59456 slide-entry-overview slide-loop-2 slide-parity-even  av_one_third  real-thumbnail posttype-post post-format-standard'  itemscope=\"itemscope\" itemtype=\"https:\/\/schema.org\/BlogPosting\" itemprop=\"blogPost\" ><a href='https:\/\/fobizz.com\/de\/grundschulalltag-diskriminierungskritisch-gestalten\/' data-rel='slide-1' class='slide-image' title='Grundschulalltag diskriminierungskritisch gestalten'><img decoding=\"async\" fetchpriority=\"high\" width=\"495\" height=\"400\" src=\"https:\/\/fobizz.com\/wp-content\/uploads\/2026\/04\/Grundschulalltag-diskriminierungskritisch-gestalten-495x400.jpg\" class=\"wp-image-59457 avia-img-lazy-loading-not-59457 attachment-portfolio size-portfolio wp-post-image\" alt=\"\" \/><\/a><div class=\"slide-content\"><header class=\"entry-content-header\"><h3 class='slide-entry-title entry-title '  itemprop=\"headline\" ><a href='https:\/\/fobizz.com\/de\/grundschulalltag-diskriminierungskritisch-gestalten\/' title='Grundschulalltag diskriminierungskritisch gestalten'>Grundschulalltag diskriminierungskritisch gestalten<\/a><\/h3><span class=\"blog-categories minor-meta\"><a href=\"https:\/\/fobizz.com\/de\/category\/interview\/\" rel=\"tag\">Interview<\/a>, <a href=\"https:\/\/fobizz.com\/de\/category\/lehrerbildung\/\" rel=\"tag\">Lehrerbildung<\/a>, <a href=\"https:\/\/fobizz.com\/de\/category\/nachhaltige-entwicklung\/\" rel=\"tag\">Nachhaltige Entwicklung<\/a> <\/span><span class=\"av-vertical-delimiter\"><\/span><\/header><div class='slide-entry-excerpt entry-content'  itemprop=\"text\" ><div class=\"excerpt-text\">Erfahre im Interview mit Anna Lena Lutz, warum du deinen Schulalltag diskriminierungskritisch gestalten solltest.<\/div><\/div><\/div><span class='hidden'>\n\t\t\t\t<span class='av-structured-data'  itemprop=\"image\" itemscope=\"itemscope\" itemtype=\"https:\/\/schema.org\/ImageObject\" >\n\t\t\t\t\t\t<span itemprop='url'>https:\/\/fobizz.com\/wp-content\/uploads\/2026\/04\/Grundschulalltag-diskriminierungskritisch-gestalten.jpg<\/span>\n\t\t\t\t\t\t<span itemprop='height'>500<\/span>\n\t\t\t\t\t\t<span itemprop='width'>800<\/span>\n\t\t\t\t<\/span>\n\t\t\t\t<span class='av-structured-data'  itemprop=\"publisher\" itemtype=\"https:\/\/schema.org\/Organization\" itemscope=\"itemscope\" >\n\t\t\t\t\t\t<span itemprop='name'>Tanja Schneider<\/span>\n\t\t\t\t\t\t<span itemprop='logo' itemscope itemtype='https:\/\/schema.org\/ImageObject'>\n\t\t\t\t\t\t\t<span itemprop='url'>https:\/\/fobizz.com\/wp-content\/uploads\/2024\/01\/fobizz_logo-min-495x244.png<\/span>\n\t\t\t\t\t\t<\/span>\n\t\t\t\t<\/span><span class='av-structured-data'  itemprop=\"author\" itemscope=\"itemscope\" itemtype=\"https:\/\/schema.org\/Person\" ><span itemprop='name'>Tanja Schneider<\/span><\/span><span class='av-structured-data'  itemprop=\"datePublished\" datetime=\"2018-08-01T21:38:09+02:00\" >2026-04-09 10:45:31<\/span><span class='av-structured-data'  itemprop=\"dateModified\" itemtype=\"https:\/\/schema.org\/dateModified\" >2026-04-09 11:18:42<\/span><span class='av-structured-data'  itemprop=\"mainEntityOfPage\" itemtype=\"https:\/\/schema.org\/mainEntityOfPage\" ><span itemprop='name'>Grundschulalltag diskriminierungskritisch gestalten<\/span><\/span><\/span><\/article><article class='slide-entry flex_column  post-entry post-entry-59367 slide-entry-overview slide-loop-3 slide-parity-odd  av_one_third  real-thumbnail posttype-post post-format-standard'  itemscope=\"itemscope\" itemtype=\"https:\/\/schema.org\/BlogPosting\" itemprop=\"blogPost\" ><a href='https:\/\/fobizz.com\/de\/demokratie-lernen-interview-poitzmann-ahl\/' data-rel='slide-1' class='slide-image' title='Demokratie lernen  \u2013 Interview mit Nikola Poitzmann &#038; Kati Ahl'><img decoding=\"async\" fetchpriority=\"high\" width=\"495\" height=\"400\" src=\"https:\/\/fobizz.com\/wp-content\/uploads\/2023\/07\/Schulkalender-23-24-classroom-management-495x400.jpg\" class=\"wp-image-41470 avia-img-lazy-loading-not-41470 attachment-portfolio size-portfolio wp-post-image\" alt=\"Vorschaubild der Fortbildung Classroom Management\" \/><\/a><div class=\"slide-content\"><header class=\"entry-content-header\"><h3 class='slide-entry-title entry-title '  itemprop=\"headline\" ><a href='https:\/\/fobizz.com\/de\/demokratie-lernen-interview-poitzmann-ahl\/' title='Demokratie lernen  \u2013 Interview mit Nikola Poitzmann &#038; Kati Ahl'>Demokratie lernen  \u2013 Interview mit Nikola Poitzmann &#038; Kati Ahl<\/a><\/h3><span class=\"blog-categories minor-meta\"><a href=\"https:\/\/fobizz.com\/de\/category\/digitale-bildung\/\" rel=\"tag\">Digitale Bildung<\/a>, <a href=\"https:\/\/fobizz.com\/de\/category\/interview\/\" rel=\"tag\">Interview<\/a>, <a href=\"https:\/\/fobizz.com\/de\/category\/lehrerbildung\/\" rel=\"tag\">Lehrerbildung<\/a> <\/span><span class=\"av-vertical-delimiter\"><\/span><\/header><div class='slide-entry-excerpt entry-content'  itemprop=\"text\" ><div class=\"excerpt-text\">Trotz wachsender gesellschaftlicher Spannungen bleibt die Schule ein besonderer Ort: Hier treffen Menschen mit unterschiedlichen Hintergr\u00fcnden, Meinungen und Erfahrungen aufeinander. Gerade deshalb bietet Schule gro\u00dfes Potenzial als Raum des Wandels \u2013 ein Ort, an dem Gemeinschaft gelebt und demokratische Werte im Alltag erfahrbar werden.\r\nDoch wie gelingt es, Sch\u00fcler:innen so zu st\u00e4rken, dass sie sich aktiv, selbstbestimmt und kritisch in gesellschaftliche Prozesse einbringen k\u00f6nnen?<\/div><\/div><\/div><span class='hidden'>\n\t\t\t\t<span class='av-structured-data'  itemprop=\"image\" itemscope=\"itemscope\" itemtype=\"https:\/\/schema.org\/ImageObject\" >\n\t\t\t\t\t\t<span itemprop='url'>https:\/\/fobizz.com\/wp-content\/uploads\/2023\/07\/Schulkalender-23-24-classroom-management.jpg<\/span>\n\t\t\t\t\t\t<span itemprop='height'>628<\/span>\n\t\t\t\t\t\t<span itemprop='width'>1200<\/span>\n\t\t\t\t<\/span>\n\t\t\t\t<span class='av-structured-data'  itemprop=\"publisher\" itemtype=\"https:\/\/schema.org\/Organization\" itemscope=\"itemscope\" >\n\t\t\t\t\t\t<span itemprop='name'>Michelle<\/span>\n\t\t\t\t\t\t<span itemprop='logo' itemscope itemtype='https:\/\/schema.org\/ImageObject'>\n\t\t\t\t\t\t\t<span itemprop='url'>https:\/\/fobizz.com\/wp-content\/uploads\/2024\/01\/fobizz_logo-min-495x244.png<\/span>\n\t\t\t\t\t\t<\/span>\n\t\t\t\t<\/span><span class='av-structured-data'  itemprop=\"author\" itemscope=\"itemscope\" itemtype=\"https:\/\/schema.org\/Person\" ><span itemprop='name'>Michelle<\/span><\/span><span class='av-structured-data'  itemprop=\"datePublished\" datetime=\"2018-08-01T21:38:09+02:00\" >2026-04-02 06:25:32<\/span><span class='av-structured-data'  itemprop=\"dateModified\" itemtype=\"https:\/\/schema.org\/dateModified\" >2026-04-13 17:48:54<\/span><span class='av-structured-data'  itemprop=\"mainEntityOfPage\" itemtype=\"https:\/\/schema.org\/mainEntityOfPage\" ><span itemprop='name'>Demokratie lernen  \u2013 Interview mit Nikola Poitzmann &#038; Kati Ahl<\/span><\/span><\/span><\/article><\/div><div class=\"slide-entry-wrap\"><article class='slide-entry flex_column  post-entry post-entry-59354 slide-entry-overview slide-loop-4 slide-parity-odd  av_one_third first real-thumbnail posttype-post post-format-standard'  itemscope=\"itemscope\" itemtype=\"https:\/\/schema.org\/BlogPosting\" itemprop=\"blogPost\" ><a href='https:\/\/fobizz.com\/de\/kinder-die-durchs-raster-fallen-interview-mit-corina-elfe\/' data-rel='slide-1' class='slide-image' title='Kinder, die durchs Raster fallen  \u2013 Interview mit Corina Elfe'><img decoding=\"async\" fetchpriority=\"high\" width=\"495\" height=\"400\" src=\"https:\/\/fobizz.com\/wp-content\/uploads\/2026\/04\/Kinder_Neurodivergenz-495x400.jpg\" class=\"wp-image-59361 avia-img-lazy-loading-not-59361 attachment-portfolio size-portfolio wp-post-image\" alt=\"\" \/><\/a><div class=\"slide-content\"><header class=\"entry-content-header\"><h3 class='slide-entry-title entry-title '  itemprop=\"headline\" ><a href='https:\/\/fobizz.com\/de\/kinder-die-durchs-raster-fallen-interview-mit-corina-elfe\/' title='Kinder, die durchs Raster fallen  \u2013 Interview mit Corina Elfe'>Kinder, die durchs Raster fallen  \u2013 Interview mit Corina Elfe<\/a><\/h3><span class=\"blog-categories minor-meta\"><a href=\"https:\/\/fobizz.com\/de\/category\/digitale-bildung\/\" rel=\"tag\">Digitale Bildung<\/a>, <a href=\"https:\/\/fobizz.com\/de\/category\/interview\/\" rel=\"tag\">Interview<\/a>, <a href=\"https:\/\/fobizz.com\/de\/category\/lehrerbildung\/\" rel=\"tag\">Lehrerbildung<\/a> <\/span><span class=\"av-vertical-delimiter\"><\/span><\/header><div class='slide-entry-excerpt entry-content'  itemprop=\"text\" ><div class=\"excerpt-text\">Digitales Arbeiten und Unterrichten \u2013 der Einsatz von K\u00fcnstlicher Intelligenz wird f\u00fcr Lehrkr\u00e4fte immer relevanter. Wie textgenerierende KI-Systeme wie ChatGPT sinnvoll in den Schulalltag integriert werden k\u00f6nnen und welche Potenziale und Grenzen sie haben, zeigen Micha Busch und Christian K\u00f6hler in 33 praxisnahen Ideen f\u00fcr Unterricht und Organisation.<\/div><\/div><\/div><span class='hidden'>\n\t\t\t\t<span class='av-structured-data'  itemprop=\"image\" itemscope=\"itemscope\" itemtype=\"https:\/\/schema.org\/ImageObject\" >\n\t\t\t\t\t\t<span itemprop='url'>https:\/\/fobizz.com\/wp-content\/uploads\/2026\/04\/Kinder_Neurodivergenz.jpg<\/span>\n\t\t\t\t\t\t<span itemprop='height'>768<\/span>\n\t\t\t\t\t\t<span itemprop='width'>1408<\/span>\n\t\t\t\t<\/span>\n\t\t\t\t<span class='av-structured-data'  itemprop=\"publisher\" itemtype=\"https:\/\/schema.org\/Organization\" itemscope=\"itemscope\" >\n\t\t\t\t\t\t<span itemprop='name'>Michelle<\/span>\n\t\t\t\t\t\t<span itemprop='logo' itemscope itemtype='https:\/\/schema.org\/ImageObject'>\n\t\t\t\t\t\t\t<span itemprop='url'>https:\/\/fobizz.com\/wp-content\/uploads\/2024\/01\/fobizz_logo-min-495x244.png<\/span>\n\t\t\t\t\t\t<\/span>\n\t\t\t\t<\/span><span class='av-structured-data'  itemprop=\"author\" itemscope=\"itemscope\" itemtype=\"https:\/\/schema.org\/Person\" ><span itemprop='name'>Michelle<\/span><\/span><span class='av-structured-data'  itemprop=\"datePublished\" datetime=\"2018-08-01T21:38:09+02:00\" >2026-04-01 17:20:21<\/span><span class='av-structured-data'  itemprop=\"dateModified\" itemtype=\"https:\/\/schema.org\/dateModified\" >2026-04-13 17:49:10<\/span><span class='av-structured-data'  itemprop=\"mainEntityOfPage\" itemtype=\"https:\/\/schema.org\/mainEntityOfPage\" ><span itemprop='name'>Kinder, die durchs Raster fallen  \u2013 Interview mit Corina Elfe<\/span><\/span><\/span><\/article><article class='slide-entry flex_column  post-entry post-entry-58864 slide-entry-overview slide-loop-5 slide-parity-even  av_one_third  real-thumbnail posttype-post post-format-standard'  itemscope=\"itemscope\" itemtype=\"https:\/\/schema.org\/BlogPosting\" itemprop=\"blogPost\" ><a href='https:\/\/fobizz.com\/de\/scratch-einstieg-ins-visuelle-programmieren\/' data-rel='slide-1' class='slide-image' title='Scratch: Einstieg ins visuelle Programmieren'><img decoding=\"async\" fetchpriority=\"high\" width=\"495\" height=\"400\" src=\"https:\/\/fobizz.com\/wp-content\/uploads\/2026\/03\/Scratch-Einstieg-ins-visuelle-Programmieren-495x400.jpg\" class=\"wp-image-58867 avia-img-lazy-loading-not-58867 attachment-portfolio size-portfolio wp-post-image\" alt=\"\" \/><\/a><div class=\"slide-content\"><header class=\"entry-content-header\"><h3 class='slide-entry-title entry-title '  itemprop=\"headline\" ><a href='https:\/\/fobizz.com\/de\/scratch-einstieg-ins-visuelle-programmieren\/' title='Scratch: Einstieg ins visuelle Programmieren'>Scratch: Einstieg ins visuelle Programmieren<\/a><\/h3><span class=\"blog-categories minor-meta\"><a href=\"https:\/\/fobizz.com\/de\/category\/digitale-bildung\/\" rel=\"tag\">Digitale Bildung<\/a>, <a href=\"https:\/\/fobizz.com\/de\/category\/digitale-medien\/\" rel=\"tag\">Digitale Medien<\/a>, <a href=\"https:\/\/fobizz.com\/de\/category\/interview\/\" rel=\"tag\">Interview<\/a>, <a href=\"https:\/\/fobizz.com\/de\/category\/lehrerbildung\/\" rel=\"tag\">Lehrerbildung<\/a> <\/span><span class=\"av-vertical-delimiter\"><\/span><\/header><div class='slide-entry-excerpt entry-content'  itemprop=\"text\" ><div class=\"excerpt-text\">Erfahre im Interview mit Tom Wiedemann, wie du Scratch sinnvoll in deinen Unterricht einbringen kannst.<\/div><\/div><\/div><span class='hidden'>\n\t\t\t\t<span class='av-structured-data'  itemprop=\"image\" itemscope=\"itemscope\" itemtype=\"https:\/\/schema.org\/ImageObject\" >\n\t\t\t\t\t\t<span itemprop='url'>https:\/\/fobizz.com\/wp-content\/uploads\/2026\/03\/Scratch-Einstieg-ins-visuelle-Programmieren.jpg<\/span>\n\t\t\t\t\t\t<span itemprop='height'>500<\/span>\n\t\t\t\t\t\t<span itemprop='width'>800<\/span>\n\t\t\t\t<\/span>\n\t\t\t\t<span class='av-structured-data'  itemprop=\"publisher\" itemtype=\"https:\/\/schema.org\/Organization\" itemscope=\"itemscope\" >\n\t\t\t\t\t\t<span itemprop='name'>Tanja Schneider<\/span>\n\t\t\t\t\t\t<span itemprop='logo' itemscope itemtype='https:\/\/schema.org\/ImageObject'>\n\t\t\t\t\t\t\t<span itemprop='url'>https:\/\/fobizz.com\/wp-content\/uploads\/2024\/01\/fobizz_logo-min-495x244.png<\/span>\n\t\t\t\t\t\t<\/span>\n\t\t\t\t<\/span><span class='av-structured-data'  itemprop=\"author\" itemscope=\"itemscope\" itemtype=\"https:\/\/schema.org\/Person\" ><span itemprop='name'>Tanja Schneider<\/span><\/span><span class='av-structured-data'  itemprop=\"datePublished\" datetime=\"2018-08-01T21:38:09+02:00\" >2026-03-12 11:07:22<\/span><span class='av-structured-data'  itemprop=\"dateModified\" itemtype=\"https:\/\/schema.org\/dateModified\" >2026-03-12 11:34:55<\/span><span class='av-structured-data'  itemprop=\"mainEntityOfPage\" itemtype=\"https:\/\/schema.org\/mainEntityOfPage\" ><span itemprop='name'>Scratch: Einstieg ins visuelle Programmieren<\/span><\/span><\/span><\/article><article class='slide-entry flex_column  post-entry post-entry-58852 slide-entry-overview slide-loop-6 slide-parity-odd  av_one_third  real-thumbnail posttype-post post-format-standard'  itemscope=\"itemscope\" itemtype=\"https:\/\/schema.org\/BlogPosting\" itemprop=\"blogPost\" ><a href='https:\/\/fobizz.com\/de\/goodnotes-grundlagen-organisation-von-unterrichtsnotizen\/' data-rel='slide-1' class='slide-image' title='Goodnotes Grundlagen: Organisation von Unterrichtsnotizen'><img decoding=\"async\" fetchpriority=\"high\" width=\"495\" height=\"400\" src=\"https:\/\/fobizz.com\/wp-content\/uploads\/2026\/03\/Goodnotes-Grundlagen-Organisation-von-Unterrichtsnotizen-495x400.jpg\" class=\"wp-image-58853 avia-img-lazy-loading-not-58853 attachment-portfolio size-portfolio wp-post-image\" alt=\"\" \/><\/a><div class=\"slide-content\"><header class=\"entry-content-header\"><h3 class='slide-entry-title entry-title '  itemprop=\"headline\" ><a href='https:\/\/fobizz.com\/de\/goodnotes-grundlagen-organisation-von-unterrichtsnotizen\/' title='Goodnotes Grundlagen: Organisation von Unterrichtsnotizen'>Goodnotes Grundlagen: Organisation von Unterrichtsnotizen<\/a><\/h3><span class=\"blog-categories minor-meta\"><a href=\"https:\/\/fobizz.com\/de\/category\/digitale-bildung\/\" rel=\"tag\">Digitale Bildung<\/a>, <a href=\"https:\/\/fobizz.com\/de\/category\/digitale-medien\/\" rel=\"tag\">Digitale Medien<\/a>, <a href=\"https:\/\/fobizz.com\/de\/category\/interview\/\" rel=\"tag\">Interview<\/a>, <a href=\"https:\/\/fobizz.com\/de\/category\/lehrerbildung\/\" rel=\"tag\">Lehrerbildung<\/a> <\/span><span class=\"av-vertical-delimiter\"><\/span><\/header><div class='slide-entry-excerpt entry-content'  itemprop=\"text\" ><div class=\"excerpt-text\">Im Interview mit Dr. Ulla Hauptmann erf\u00e4hrst du, wie du mit Goodnotes 7 den Unterricht kreativ gestalten und deine Unterrichtsmaterialien ordnen kannst.<\/div><\/div><\/div><span class='hidden'>\n\t\t\t\t<span class='av-structured-data'  itemprop=\"image\" itemscope=\"itemscope\" itemtype=\"https:\/\/schema.org\/ImageObject\" >\n\t\t\t\t\t\t<span itemprop='url'>https:\/\/fobizz.com\/wp-content\/uploads\/2026\/03\/Goodnotes-Grundlagen-Organisation-von-Unterrichtsnotizen.jpg<\/span>\n\t\t\t\t\t\t<span itemprop='height'>500<\/span>\n\t\t\t\t\t\t<span itemprop='width'>800<\/span>\n\t\t\t\t<\/span>\n\t\t\t\t<span class='av-structured-data'  itemprop=\"publisher\" itemtype=\"https:\/\/schema.org\/Organization\" itemscope=\"itemscope\" >\n\t\t\t\t\t\t<span itemprop='name'>Tanja Schneider<\/span>\n\t\t\t\t\t\t<span itemprop='logo' itemscope itemtype='https:\/\/schema.org\/ImageObject'>\n\t\t\t\t\t\t\t<span itemprop='url'>https:\/\/fobizz.com\/wp-content\/uploads\/2024\/01\/fobizz_logo-min-495x244.png<\/span>\n\t\t\t\t\t\t<\/span>\n\t\t\t\t<\/span><span class='av-structured-data'  itemprop=\"author\" itemscope=\"itemscope\" itemtype=\"https:\/\/schema.org\/Person\" ><span itemprop='name'>Tanja Schneider<\/span><\/span><span class='av-structured-data'  itemprop=\"datePublished\" datetime=\"2018-08-01T21:38:09+02:00\" >2026-03-12 11:06:50<\/span><span class='av-structured-data'  itemprop=\"dateModified\" itemtype=\"https:\/\/schema.org\/dateModified\" >2026-03-12 11:35:36<\/span><span class='av-structured-data'  itemprop=\"mainEntityOfPage\" itemtype=\"https:\/\/schema.org\/mainEntityOfPage\" ><span itemprop='name'>Goodnotes Grundlagen: Organisation von Unterrichtsnotizen<\/span><\/span><\/span><\/article><\/div><div class=\"slide-entry-wrap\"><article class='slide-entry flex_column  post-entry post-entry-58357 slide-entry-overview slide-loop-7 slide-parity-odd  av_one_third first real-thumbnail posttype-post post-format-standard'  itemscope=\"itemscope\" itemtype=\"https:\/\/schema.org\/BlogPosting\" itemprop=\"blogPost\" ><a href='https:\/\/fobizz.com\/de\/einsatz-von-schulhunden-im-unterrichtsalltag\/' data-rel='slide-1' class='slide-image' title='Einsatz von Schulhunden im Unterrichtsalltag'><img decoding=\"async\" fetchpriority=\"high\" width=\"495\" height=\"400\" src=\"https:\/\/fobizz.com\/wp-content\/uploads\/2026\/02\/Blogbeitrag-Einsatz-von-Schulhunden-im-Unterrichtsalltag-1-495x400.jpg\" class=\"wp-image-58503 avia-img-lazy-loading-not-58503 attachment-portfolio size-portfolio wp-post-image\" alt=\"\" \/><\/a><div class=\"slide-content\"><header class=\"entry-content-header\"><h3 class='slide-entry-title entry-title '  itemprop=\"headline\" ><a href='https:\/\/fobizz.com\/de\/einsatz-von-schulhunden-im-unterrichtsalltag\/' title='Einsatz von Schulhunden im Unterrichtsalltag'>Einsatz von Schulhunden im Unterrichtsalltag<\/a><\/h3><span class=\"blog-categories minor-meta\"><a href=\"https:\/\/fobizz.com\/de\/category\/interview\/\" rel=\"tag\">Interview<\/a>, <a href=\"https:\/\/fobizz.com\/de\/category\/lehrerbildung\/\" rel=\"tag\">Lehrerbildung<\/a>, <a href=\"https:\/\/fobizz.com\/de\/category\/nachhaltige-entwicklung\/\" rel=\"tag\">Nachhaltige Entwicklung<\/a>, <a href=\"https:\/\/fobizz.com\/de\/category\/neue-lernkultur\/\" rel=\"tag\">Neue Lernkultur<\/a> <\/span><span class=\"av-vertical-delimiter\"><\/span><\/header><div class='slide-entry-excerpt entry-content'  itemprop=\"text\" ><div class=\"excerpt-text\">Im Interview mit Judith Bohlmann erf\u00e4hrst du, wie Schulhunde den Unterricht bereichern k\u00f6nnen.<\/div><\/div><\/div><span class='hidden'>\n\t\t\t\t<span class='av-structured-data'  itemprop=\"image\" itemscope=\"itemscope\" itemtype=\"https:\/\/schema.org\/ImageObject\" >\n\t\t\t\t\t\t<span itemprop='url'>https:\/\/fobizz.com\/wp-content\/uploads\/2026\/02\/Blogbeitrag-Einsatz-von-Schulhunden-im-Unterrichtsalltag-1.jpg<\/span>\n\t\t\t\t\t\t<span itemprop='height'>1080<\/span>\n\t\t\t\t\t\t<span itemprop='width'>1920<\/span>\n\t\t\t\t<\/span>\n\t\t\t\t<span class='av-structured-data'  itemprop=\"publisher\" itemtype=\"https:\/\/schema.org\/Organization\" itemscope=\"itemscope\" >\n\t\t\t\t\t\t<span itemprop='name'>Tanja Schneider<\/span>\n\t\t\t\t\t\t<span itemprop='logo' itemscope itemtype='https:\/\/schema.org\/ImageObject'>\n\t\t\t\t\t\t\t<span itemprop='url'>https:\/\/fobizz.com\/wp-content\/uploads\/2024\/01\/fobizz_logo-min-495x244.png<\/span>\n\t\t\t\t\t\t<\/span>\n\t\t\t\t<\/span><span class='av-structured-data'  itemprop=\"author\" itemscope=\"itemscope\" itemtype=\"https:\/\/schema.org\/Person\" ><span itemprop='name'>Tanja Schneider<\/span><\/span><span class='av-structured-data'  itemprop=\"datePublished\" datetime=\"2018-08-01T21:38:09+02:00\" >2026-02-12 10:00:28<\/span><span class='av-structured-data'  itemprop=\"dateModified\" itemtype=\"https:\/\/schema.org\/dateModified\" >2026-02-11 14:23:03<\/span><span class='av-structured-data'  itemprop=\"mainEntityOfPage\" itemtype=\"https:\/\/schema.org\/mainEntityOfPage\" ><span itemprop='name'>Einsatz von Schulhunden im Unterrichtsalltag<\/span><\/span><\/span><\/article><article class='slide-entry flex_column  post-entry post-entry-58425 slide-entry-overview slide-loop-8 slide-parity-even  av_one_third  real-thumbnail posttype-post post-format-standard'  itemscope=\"itemscope\" itemtype=\"https:\/\/schema.org\/BlogPosting\" itemprop=\"blogPost\" ><a href='https:\/\/fobizz.com\/de\/einsatz-von-ki-im-lateinunterricht\/' data-rel='slide-1' class='slide-image' title='Einsatz von KI im Lateinunterricht'><img decoding=\"async\" fetchpriority=\"high\" width=\"495\" height=\"400\" src=\"https:\/\/fobizz.com\/wp-content\/uploads\/2026\/02\/Einsatz-von-KI-im-Lateinunterricht-1-495x400.jpg\" class=\"wp-image-58369 avia-img-lazy-loading-not-58369 attachment-portfolio size-portfolio wp-post-image\" alt=\"\" \/><\/a><div class=\"slide-content\"><header class=\"entry-content-header\"><h3 class='slide-entry-title entry-title '  itemprop=\"headline\" ><a href='https:\/\/fobizz.com\/de\/einsatz-von-ki-im-lateinunterricht\/' title='Einsatz von KI im Lateinunterricht'>Einsatz von KI im Lateinunterricht<\/a><\/h3><span class=\"blog-categories minor-meta\"><a href=\"https:\/\/fobizz.com\/de\/category\/interview\/\" rel=\"tag\">Interview<\/a>, <a href=\"https:\/\/fobizz.com\/de\/category\/kunstliche-intelligenz\/\" rel=\"tag\">K\u00fcnstliche Intelligenz<\/a>, <a href=\"https:\/\/fobizz.com\/de\/category\/lehrerbildung\/\" rel=\"tag\">Lehrerbildung<\/a>, <a href=\"https:\/\/fobizz.com\/de\/category\/neue-lernkultur\/\" rel=\"tag\">Neue Lernkultur<\/a> <\/span><span class=\"av-vertical-delimiter\"><\/span><\/header><div class='slide-entry-excerpt entry-content'  itemprop=\"text\" ><div class=\"excerpt-text\">Im Interview mit Daniel Conley erf\u00e4hrst du, wie du KI im Lateinunterricht gewinnbringend einsetzen kannst.<\/div><\/div><\/div><span class='hidden'>\n\t\t\t\t<span class='av-structured-data'  itemprop=\"image\" itemscope=\"itemscope\" itemtype=\"https:\/\/schema.org\/ImageObject\" >\n\t\t\t\t\t\t<span itemprop='url'>https:\/\/fobizz.com\/wp-content\/uploads\/2026\/02\/Einsatz-von-KI-im-Lateinunterricht-1.jpg<\/span>\n\t\t\t\t\t\t<span itemprop='height'>1080<\/span>\n\t\t\t\t\t\t<span itemprop='width'>1920<\/span>\n\t\t\t\t<\/span>\n\t\t\t\t<span class='av-structured-data'  itemprop=\"publisher\" itemtype=\"https:\/\/schema.org\/Organization\" itemscope=\"itemscope\" >\n\t\t\t\t\t\t<span itemprop='name'>Tanja Schneider<\/span>\n\t\t\t\t\t\t<span itemprop='logo' itemscope itemtype='https:\/\/schema.org\/ImageObject'>\n\t\t\t\t\t\t\t<span itemprop='url'>https:\/\/fobizz.com\/wp-content\/uploads\/2024\/01\/fobizz_logo-min-495x244.png<\/span>\n\t\t\t\t\t\t<\/span>\n\t\t\t\t<\/span><span class='av-structured-data'  itemprop=\"author\" itemscope=\"itemscope\" itemtype=\"https:\/\/schema.org\/Person\" ><span itemprop='name'>Tanja Schneider<\/span><\/span><span class='av-structured-data'  itemprop=\"datePublished\" datetime=\"2018-08-01T21:38:09+02:00\" >2026-02-12 10:00:21<\/span><span class='av-structured-data'  itemprop=\"dateModified\" itemtype=\"https:\/\/schema.org\/dateModified\" >2026-03-12 12:18:21<\/span><span class='av-structured-data'  itemprop=\"mainEntityOfPage\" itemtype=\"https:\/\/schema.org\/mainEntityOfPage\" ><span itemprop='name'>Einsatz von KI im Lateinunterricht<\/span><\/span><\/span><\/article><article class='slide-entry flex_column  post-entry post-entry-58055 slide-entry-overview slide-loop-9 slide-parity-odd  post-entry-last  av_one_third  real-thumbnail posttype-post post-format-standard'  itemscope=\"itemscope\" itemtype=\"https:\/\/schema.org\/BlogPosting\" itemprop=\"blogPost\" ><a href='https:\/\/fobizz.com\/de\/der-prozess-hat-uns-als-schule-richtig-gutgetan\/' data-rel='slide-1' class='slide-image' title='\u201eDer Prozess hat uns als Schule richtig gutgetan\u201c'><img decoding=\"async\" fetchpriority=\"high\" width=\"495\" height=\"283\" src=\"https:\/\/fobizz.com\/wp-content\/uploads\/2026\/01\/Ansicht-von-Quartiersplatz-495x283.jpg\" class=\"wp-image-58057 avia-img-lazy-loading-not-58057 attachment-portfolio size-portfolio wp-post-image\" alt=\"\" \/><\/a><div class=\"slide-content\"><header class=\"entry-content-header\"><h3 class='slide-entry-title entry-title '  itemprop=\"headline\" ><a href='https:\/\/fobizz.com\/de\/der-prozess-hat-uns-als-schule-richtig-gutgetan\/' title='\u201eDer Prozess hat uns als Schule richtig gutgetan\u201c'>\u201eDer Prozess hat uns als Schule richtig gutgetan\u201c<\/a><\/h3><span class=\"blog-categories minor-meta\"><a href=\"https:\/\/fobizz.com\/de\/category\/interview\/\" rel=\"tag\">Interview<\/a>, <a href=\"https:\/\/fobizz.com\/de\/category\/lehrerbildung\/\" rel=\"tag\">Lehrerbildung<\/a> <\/span><span class=\"av-vertical-delimiter\"><\/span><\/header><div class='slide-entry-excerpt entry-content'  itemprop=\"text\" ><div class=\"excerpt-text\">Lerncoaches statt Frontalunterricht, Cluster statt Klassenzimmer: Die Gemeinschaftsschule Gebhard aus Konstanz stand im Finale des Deutschen Schulpreises. Schulleiterin Charlotte Dre\u00dfen erkl\u00e4rt das innovative Konzept.<\/div><\/div><\/div><span class='hidden'>\n\t\t\t\t<span class='av-structured-data'  itemprop=\"image\" itemscope=\"itemscope\" itemtype=\"https:\/\/schema.org\/ImageObject\" >\n\t\t\t\t\t\t<span itemprop='url'>https:\/\/fobizz.com\/wp-content\/uploads\/2026\/01\/Ansicht-von-Quartiersplatz.jpg<\/span>\n\t\t\t\t\t\t<span itemprop='height'>283<\/span>\n\t\t\t\t\t\t<span itemprop='width'>614<\/span>\n\t\t\t\t<\/span>\n\t\t\t\t<span class='av-structured-data'  itemprop=\"publisher\" itemtype=\"https:\/\/schema.org\/Organization\" itemscope=\"itemscope\" >\n\t\t\t\t\t\t<span itemprop='name'>Michelle<\/span>\n\t\t\t\t\t\t<span itemprop='logo' itemscope itemtype='https:\/\/schema.org\/ImageObject'>\n\t\t\t\t\t\t\t<span itemprop='url'>https:\/\/fobizz.com\/wp-content\/uploads\/2024\/01\/fobizz_logo-min-495x244.png<\/span>\n\t\t\t\t\t\t<\/span>\n\t\t\t\t<\/span><span class='av-structured-data'  itemprop=\"author\" itemscope=\"itemscope\" itemtype=\"https:\/\/schema.org\/Person\" ><span itemprop='name'>Michelle<\/span><\/span><span class='av-structured-data'  itemprop=\"datePublished\" datetime=\"2018-08-01T21:38:09+02:00\" >2026-01-08 11:25:34<\/span><span class='av-structured-data'  itemprop=\"dateModified\" itemtype=\"https:\/\/schema.org\/dateModified\" >2026-01-08 11:28:11<\/span><span class='av-structured-data'  itemprop=\"mainEntityOfPage\" itemtype=\"https:\/\/schema.org\/mainEntityOfPage\" ><span itemprop='name'>\u201eDer Prozess hat uns als Schule richtig gutgetan\u201c<\/span><\/span><\/span><\/article><\/div><\/div><div class='avia-slideshow-arrows avia-slideshow-controls' ><a href='#prev' class='prev-slide ' data-av_icon='\ue87c' data-av_iconfont='entypo-fontello' aria-hidden=\"true\" title=\"Zur\u00fcck\" desc=\"Zur\u00fcck\" tabindex='-1' ><span class='avia_hidden_link_text'>Zur\u00fcck<\/span><\/a><a href='#next' class='next-slide ' data-av_icon='\ue87d' data-av_iconfont='entypo-fontello' aria-hidden=\"true\" title=\"Weiter\" desc=\"Weiter\" tabindex='-1' ><span class='avia_hidden_link_text'>Weiter<\/span><\/a><\/div><\/div>\n<\/div><\/div><\/div><!-- close content main div --><\/div><\/div><div id='after_section_2'  class='main_color av_default_container_wrap container_wrap sidebar_right'  ><div class='container av-section-cont-open' ><div class='template-page content  av-content-small alpha units'><div class='post-entry post-entry-type-page post-entry-7173'><div class='entry-content-wrapper clearfix'>\n","protected":false},"excerpt":{"rendered":"<p>Wir m\u00f6chten mit Fobizz eine Kultur des \u201cWissen-Teiles\u201d f\u00f6rdern und Lehrkr\u00e4fte ermutigen ihr Wissen und ihre Best Practices im Bereich digitale Bildung und Medien aktiv zu teilen.<\/p>\n","protected":false},"author":1,"featured_media":6075,"comment_status":"closed","ping_status":"open","sticky":false,"template":"","format":"standard","meta":{"_monsterinsights_skip_tracking":false,"_monsterinsights_sitenote_active":false,"_monsterinsights_sitenote_note":"","_monsterinsights_sitenote_category":0,"_uf_show_specific_survey":0,"_uf_disable_surveys":false,"footnotes":""},"categories":[166,165],"tags":[155,125,123,154,122],"class_list":["post-7173","post","type-post","status-publish","format-standard","has-post-thumbnail","hentry","category-digitale-bildung","category-neue-lernkultur","tag-blenden-learning","tag-digitale-medien","tag-informatik","tag-lehramt","tag-programmieren"],"acf":[],"yoast_head":"<!-- This site is optimized with the Yoast SEO Premium plugin v26.2 (Yoast SEO v27.4) - https:\/\/yoast.com\/product\/yoast-seo-premium-wordpress\/ -->\n<title>Wissen teilen und gemeinsam Bildung gestalten<\/title>\n<meta name=\"description\" content=\"Wir m\u00f6chten Lehrkr\u00e4fte ermutigen ihr Wissen und ihre Best Practices im Bereich digitale Bildung und Medien aktiv zu teilen.\" \/>\n<meta name=\"robots\" content=\"index, follow, max-snippet:-1, max-image-preview:large, max-video-preview:-1\" \/>\n<link rel=\"canonical\" href=\"https:\/\/fobizz.com\/de\/wissen-teilen-und-gemeinsam-bildung-gestalten\/\" \/>\n<meta name=\"twitter:card\" content=\"summary_large_image\" \/>\n<meta name=\"twitter:title\" content=\"Wissen teilen und gemeinsam Bildung gestalten\" \/>\n<meta name=\"twitter:description\" content=\"Wir m\u00f6chten Lehrkr\u00e4fte ermutigen ihr Wissen und ihre Best Practices im Bereich digitale Bildung und Medien aktiv zu teilen.\" \/>\n<meta name=\"twitter:image\" content=\"https:\/\/fobizz.com\/wp-content\/uploads\/2018\/03\/Fortbildung_Urheberrecht_OER.jpg\" \/>\n<meta name=\"twitter:creator\" content=\"@fobizz\" \/>\n<meta name=\"twitter:site\" content=\"@fobizz\" \/>\n<meta name=\"twitter:label1\" content=\"Verfasst von\" \/>\n\t<meta name=\"twitter:data1\" content=\"fbz_admin\" \/>\n\t<meta name=\"twitter:label2\" content=\"Gesch\u00e4tzte Lesezeit\" \/>\n\t<meta name=\"twitter:data2\" content=\"13\u00a0Minuten\" \/>\n<script type=\"application\/ld+json\" class=\"yoast-schema-graph\">{\"@context\":\"https:\\\/\\\/schema.org\",\"@graph\":[{\"@type\":\"Article\",\"@id\":\"https:\\\/\\\/fobizz.com\\\/de\\\/wissen-teilen-und-gemeinsam-bildung-gestalten\\\/#article\",\"isPartOf\":{\"@id\":\"https:\\\/\\\/fobizz.com\\\/de\\\/wissen-teilen-und-gemeinsam-bildung-gestalten\\\/\"},\"author\":{\"name\":\"fbz_admin\",\"@id\":\"https:\\\/\\\/fobizz.com\\\/de\\\/#\\\/schema\\\/person\\\/340b990135fc3488757ef67719abba47\"},\"headline\":\"Wissen teilen und gemeinsam Bildung gestalten\",\"datePublished\":\"2018-08-01T19:38:09+00:00\",\"dateModified\":\"2021-07-21T09:55:50+00:00\",\"mainEntityOfPage\":{\"@id\":\"https:\\\/\\\/fobizz.com\\\/de\\\/wissen-teilen-und-gemeinsam-bildung-gestalten\\\/\"},\"wordCount\":2124,\"publisher\":{\"@id\":\"https:\\\/\\\/fobizz.com\\\/de\\\/#organization\"},\"image\":{\"@id\":\"https:\\\/\\\/fobizz.com\\\/de\\\/wissen-teilen-und-gemeinsam-bildung-gestalten\\\/#primaryimage\"},\"thumbnailUrl\":\"https:\\\/\\\/fobizz.com\\\/wp-content\\\/uploads\\\/2018\\\/03\\\/Fortbildung_Urheberrecht_OER.jpg\",\"keywords\":[\"Blenden Learning\",\"digitale Medien\",\"informatik\",\"Lehramt\",\"programmieren\"],\"articleSection\":[\"Digitale Bildung\",\"Neue Lernkultur\"],\"inLanguage\":\"de\"},{\"@type\":\"WebPage\",\"@id\":\"https:\\\/\\\/fobizz.com\\\/de\\\/wissen-teilen-und-gemeinsam-bildung-gestalten\\\/\",\"url\":\"https:\\\/\\\/fobizz.com\\\/de\\\/wissen-teilen-und-gemeinsam-bildung-gestalten\\\/\",\"name\":\"Wissen teilen und gemeinsam Bildung gestalten\",\"isPartOf\":{\"@id\":\"https:\\\/\\\/fobizz.com\\\/de\\\/#website\"},\"primaryImageOfPage\":{\"@id\":\"https:\\\/\\\/fobizz.com\\\/de\\\/wissen-teilen-und-gemeinsam-bildung-gestalten\\\/#primaryimage\"},\"image\":{\"@id\":\"https:\\\/\\\/fobizz.com\\\/de\\\/wissen-teilen-und-gemeinsam-bildung-gestalten\\\/#primaryimage\"},\"thumbnailUrl\":\"https:\\\/\\\/fobizz.com\\\/wp-content\\\/uploads\\\/2018\\\/03\\\/Fortbildung_Urheberrecht_OER.jpg\",\"datePublished\":\"2018-08-01T19:38:09+00:00\",\"dateModified\":\"2021-07-21T09:55:50+00:00\",\"description\":\"Wir m\u00f6chten Lehrkr\u00e4fte ermutigen ihr Wissen und ihre Best Practices im Bereich digitale Bildung und Medien aktiv zu teilen.\",\"breadcrumb\":{\"@id\":\"https:\\\/\\\/fobizz.com\\\/de\\\/wissen-teilen-und-gemeinsam-bildung-gestalten\\\/#breadcrumb\"},\"inLanguage\":\"de\",\"potentialAction\":[{\"@type\":\"ReadAction\",\"target\":[\"https:\\\/\\\/fobizz.com\\\/de\\\/wissen-teilen-und-gemeinsam-bildung-gestalten\\\/\"]}]},{\"@type\":\"ImageObject\",\"inLanguage\":\"de\",\"@id\":\"https:\\\/\\\/fobizz.com\\\/de\\\/wissen-teilen-und-gemeinsam-bildung-gestalten\\\/#primaryimage\",\"url\":\"https:\\\/\\\/fobizz.com\\\/wp-content\\\/uploads\\\/2018\\\/03\\\/Fortbildung_Urheberrecht_OER.jpg\",\"contentUrl\":\"https:\\\/\\\/fobizz.com\\\/wp-content\\\/uploads\\\/2018\\\/03\\\/Fortbildung_Urheberrecht_OER.jpg\",\"width\":600,\"height\":366},{\"@type\":\"BreadcrumbList\",\"@id\":\"https:\\\/\\\/fobizz.com\\\/de\\\/wissen-teilen-und-gemeinsam-bildung-gestalten\\\/#breadcrumb\",\"itemListElement\":[{\"@type\":\"ListItem\",\"position\":1,\"name\":\"Startseite\",\"item\":\"https:\\\/\\\/fobizz.com\\\/de\\\/startpage\\\/\"},{\"@type\":\"ListItem\",\"position\":2,\"name\":\"Wissen teilen und gemeinsam Bildung gestalten\"}]},{\"@type\":\"WebSite\",\"@id\":\"https:\\\/\\\/fobizz.com\\\/de\\\/#website\",\"url\":\"https:\\\/\\\/fobizz.com\\\/de\\\/\",\"name\":\"fobizz\",\"description\":\"AI &amp; digital Tools for Teachers\",\"publisher\":{\"@id\":\"https:\\\/\\\/fobizz.com\\\/de\\\/#organization\"},\"potentialAction\":[{\"@type\":\"SearchAction\",\"target\":{\"@type\":\"EntryPoint\",\"urlTemplate\":\"https:\\\/\\\/fobizz.com\\\/de\\\/?s={search_term_string}\"},\"query-input\":{\"@type\":\"PropertyValueSpecification\",\"valueRequired\":true,\"valueName\":\"search_term_string\"}}],\"inLanguage\":\"de\"},{\"@type\":\"Organization\",\"@id\":\"https:\\\/\\\/fobizz.com\\\/de\\\/#organization\",\"name\":\"fobizz\",\"url\":\"https:\\\/\\\/fobizz.com\\\/de\\\/\",\"logo\":{\"@type\":\"ImageObject\",\"inLanguage\":\"de\",\"@id\":\"https:\\\/\\\/fobizz.com\\\/de\\\/#\\\/schema\\\/logo\\\/image\\\/\",\"url\":\"https:\\\/\\\/fobizz.com\\\/wp-content\\\/uploads\\\/2023\\\/07\\\/fobi_autor_fobizz.png\",\"contentUrl\":\"https:\\\/\\\/fobizz.com\\\/wp-content\\\/uploads\\\/2023\\\/07\\\/fobi_autor_fobizz.png\",\"width\":200,\"height\":200,\"caption\":\"fobizz\"},\"image\":{\"@id\":\"https:\\\/\\\/fobizz.com\\\/de\\\/#\\\/schema\\\/logo\\\/image\\\/\"},\"sameAs\":[\"https:\\\/\\\/www.facebook.com\\\/fobizz\\\/\",\"https:\\\/\\\/x.com\\\/fobizz\",\"https:\\\/\\\/www.instagram.com\\\/fobizz_com\\\/\",\"https:\\\/\\\/www.youtube.com\\\/@fobizz702\",\"https:\\\/\\\/www.pinterest.de\\\/fobizz_com\"]},{\"@type\":\"Person\",\"@id\":\"https:\\\/\\\/fobizz.com\\\/de\\\/#\\\/schema\\\/person\\\/340b990135fc3488757ef67719abba47\",\"name\":\"fbz_admin\",\"image\":{\"@type\":\"ImageObject\",\"inLanguage\":\"de\",\"@id\":\"https:\\\/\\\/secure.gravatar.com\\\/avatar\\\/20857ca64dd31ac1e81d8ce145dd4a2cdf16df4197fd8d1b48b45d8d64a130d8?s=96&d=mm&r=g\",\"url\":\"https:\\\/\\\/secure.gravatar.com\\\/avatar\\\/20857ca64dd31ac1e81d8ce145dd4a2cdf16df4197fd8d1b48b45d8d64a130d8?s=96&d=mm&r=g\",\"contentUrl\":\"https:\\\/\\\/secure.gravatar.com\\\/avatar\\\/20857ca64dd31ac1e81d8ce145dd4a2cdf16df4197fd8d1b48b45d8d64a130d8?s=96&d=mm&r=g\",\"caption\":\"fbz_admin\"},\"url\":\"https:\\\/\\\/fobizz.com\\\/de\\\/author\\\/fbz_admin\\\/\"}]}<\/script>\n<!-- \/ Yoast SEO Premium plugin. -->","yoast_head_json":{"title":"Wissen teilen und gemeinsam Bildung gestalten","description":"Wir m\u00f6chten Lehrkr\u00e4fte ermutigen ihr Wissen und ihre Best Practices im Bereich digitale Bildung und Medien aktiv zu teilen.","robots":{"index":"index","follow":"follow","max-snippet":"max-snippet:-1","max-image-preview":"max-image-preview:large","max-video-preview":"max-video-preview:-1"},"canonical":"https:\/\/fobizz.com\/de\/wissen-teilen-und-gemeinsam-bildung-gestalten\/","twitter_card":"summary_large_image","twitter_title":"Wissen teilen und gemeinsam Bildung gestalten","twitter_description":"Wir m\u00f6chten Lehrkr\u00e4fte ermutigen ihr Wissen und ihre Best Practices im Bereich digitale Bildung und Medien aktiv zu teilen.","twitter_image":"https:\/\/fobizz.com\/wp-content\/uploads\/2018\/03\/Fortbildung_Urheberrecht_OER.jpg","twitter_creator":"@fobizz","twitter_site":"@fobizz","twitter_misc":{"Verfasst von":"fbz_admin","Gesch\u00e4tzte Lesezeit":"13\u00a0Minuten"},"schema":{"@context":"https:\/\/schema.org","@graph":[{"@type":"Article","@id":"https:\/\/fobizz.com\/de\/wissen-teilen-und-gemeinsam-bildung-gestalten\/#article","isPartOf":{"@id":"https:\/\/fobizz.com\/de\/wissen-teilen-und-gemeinsam-bildung-gestalten\/"},"author":{"name":"fbz_admin","@id":"https:\/\/fobizz.com\/de\/#\/schema\/person\/340b990135fc3488757ef67719abba47"},"headline":"Wissen teilen und gemeinsam Bildung gestalten","datePublished":"2018-08-01T19:38:09+00:00","dateModified":"2021-07-21T09:55:50+00:00","mainEntityOfPage":{"@id":"https:\/\/fobizz.com\/de\/wissen-teilen-und-gemeinsam-bildung-gestalten\/"},"wordCount":2124,"publisher":{"@id":"https:\/\/fobizz.com\/de\/#organization"},"image":{"@id":"https:\/\/fobizz.com\/de\/wissen-teilen-und-gemeinsam-bildung-gestalten\/#primaryimage"},"thumbnailUrl":"https:\/\/fobizz.com\/wp-content\/uploads\/2018\/03\/Fortbildung_Urheberrecht_OER.jpg","keywords":["Blenden Learning","digitale Medien","informatik","Lehramt","programmieren"],"articleSection":["Digitale Bildung","Neue Lernkultur"],"inLanguage":"de"},{"@type":"WebPage","@id":"https:\/\/fobizz.com\/de\/wissen-teilen-und-gemeinsam-bildung-gestalten\/","url":"https:\/\/fobizz.com\/de\/wissen-teilen-und-gemeinsam-bildung-gestalten\/","name":"Wissen teilen und gemeinsam Bildung gestalten","isPartOf":{"@id":"https:\/\/fobizz.com\/de\/#website"},"primaryImageOfPage":{"@id":"https:\/\/fobizz.com\/de\/wissen-teilen-und-gemeinsam-bildung-gestalten\/#primaryimage"},"image":{"@id":"https:\/\/fobizz.com\/de\/wissen-teilen-und-gemeinsam-bildung-gestalten\/#primaryimage"},"thumbnailUrl":"https:\/\/fobizz.com\/wp-content\/uploads\/2018\/03\/Fortbildung_Urheberrecht_OER.jpg","datePublished":"2018-08-01T19:38:09+00:00","dateModified":"2021-07-21T09:55:50+00:00","description":"Wir m\u00f6chten Lehrkr\u00e4fte ermutigen ihr Wissen und ihre Best Practices im Bereich digitale Bildung und Medien aktiv zu teilen.","breadcrumb":{"@id":"https:\/\/fobizz.com\/de\/wissen-teilen-und-gemeinsam-bildung-gestalten\/#breadcrumb"},"inLanguage":"de","potentialAction":[{"@type":"ReadAction","target":["https:\/\/fobizz.com\/de\/wissen-teilen-und-gemeinsam-bildung-gestalten\/"]}]},{"@type":"ImageObject","inLanguage":"de","@id":"https:\/\/fobizz.com\/de\/wissen-teilen-und-gemeinsam-bildung-gestalten\/#primaryimage","url":"https:\/\/fobizz.com\/wp-content\/uploads\/2018\/03\/Fortbildung_Urheberrecht_OER.jpg","contentUrl":"https:\/\/fobizz.com\/wp-content\/uploads\/2018\/03\/Fortbildung_Urheberrecht_OER.jpg","width":600,"height":366},{"@type":"BreadcrumbList","@id":"https:\/\/fobizz.com\/de\/wissen-teilen-und-gemeinsam-bildung-gestalten\/#breadcrumb","itemListElement":[{"@type":"ListItem","position":1,"name":"Startseite","item":"https:\/\/fobizz.com\/de\/startpage\/"},{"@type":"ListItem","position":2,"name":"Wissen teilen und gemeinsam Bildung gestalten"}]},{"@type":"WebSite","@id":"https:\/\/fobizz.com\/de\/#website","url":"https:\/\/fobizz.com\/de\/","name":"fobizz","description":"AI &amp; digital Tools for Teachers","publisher":{"@id":"https:\/\/fobizz.com\/de\/#organization"},"potentialAction":[{"@type":"SearchAction","target":{"@type":"EntryPoint","urlTemplate":"https:\/\/fobizz.com\/de\/?s={search_term_string}"},"query-input":{"@type":"PropertyValueSpecification","valueRequired":true,"valueName":"search_term_string"}}],"inLanguage":"de"},{"@type":"Organization","@id":"https:\/\/fobizz.com\/de\/#organization","name":"fobizz","url":"https:\/\/fobizz.com\/de\/","logo":{"@type":"ImageObject","inLanguage":"de","@id":"https:\/\/fobizz.com\/de\/#\/schema\/logo\/image\/","url":"https:\/\/fobizz.com\/wp-content\/uploads\/2023\/07\/fobi_autor_fobizz.png","contentUrl":"https:\/\/fobizz.com\/wp-content\/uploads\/2023\/07\/fobi_autor_fobizz.png","width":200,"height":200,"caption":"fobizz"},"image":{"@id":"https:\/\/fobizz.com\/de\/#\/schema\/logo\/image\/"},"sameAs":["https:\/\/www.facebook.com\/fobizz\/","https:\/\/x.com\/fobizz","https:\/\/www.instagram.com\/fobizz_com\/","https:\/\/www.youtube.com\/@fobizz702","https:\/\/www.pinterest.de\/fobizz_com"]},{"@type":"Person","@id":"https:\/\/fobizz.com\/de\/#\/schema\/person\/340b990135fc3488757ef67719abba47","name":"fbz_admin","image":{"@type":"ImageObject","inLanguage":"de","@id":"https:\/\/secure.gravatar.com\/avatar\/20857ca64dd31ac1e81d8ce145dd4a2cdf16df4197fd8d1b48b45d8d64a130d8?s=96&d=mm&r=g","url":"https:\/\/secure.gravatar.com\/avatar\/20857ca64dd31ac1e81d8ce145dd4a2cdf16df4197fd8d1b48b45d8d64a130d8?s=96&d=mm&r=g","contentUrl":"https:\/\/secure.gravatar.com\/avatar\/20857ca64dd31ac1e81d8ce145dd4a2cdf16df4197fd8d1b48b45d8d64a130d8?s=96&d=mm&r=g","caption":"fbz_admin"},"url":"https:\/\/fobizz.com\/de\/author\/fbz_admin\/"}]}},"_links":{"self":[{"href":"https:\/\/fobizz.com\/de\/wp-json\/wp\/v2\/posts\/7173","targetHints":{"allow":["GET"]}}],"collection":[{"href":"https:\/\/fobizz.com\/de\/wp-json\/wp\/v2\/posts"}],"about":[{"href":"https:\/\/fobizz.com\/de\/wp-json\/wp\/v2\/types\/post"}],"author":[{"embeddable":true,"href":"https:\/\/fobizz.com\/de\/wp-json\/wp\/v2\/users\/1"}],"replies":[{"embeddable":true,"href":"https:\/\/fobizz.com\/de\/wp-json\/wp\/v2\/comments?post=7173"}],"version-history":[{"count":0,"href":"https:\/\/fobizz.com\/de\/wp-json\/wp\/v2\/posts\/7173\/revisions"}],"wp:featuredmedia":[{"embeddable":true,"href":"https:\/\/fobizz.com\/de\/wp-json\/wp\/v2\/media\/6075"}],"wp:attachment":[{"href":"https:\/\/fobizz.com\/de\/wp-json\/wp\/v2\/media?parent=7173"}],"wp:term":[{"taxonomy":"category","embeddable":true,"href":"https:\/\/fobizz.com\/de\/wp-json\/wp\/v2\/categories?post=7173"},{"taxonomy":"post_tag","embeddable":true,"href":"https:\/\/fobizz.com\/de\/wp-json\/wp\/v2\/tags?post=7173"}],"curies":[{"name":"wp","href":"https:\/\/api.w.org\/{rel}","templated":true}]}}